{"id":103796,"date":"2023-08-09T17:07:21","date_gmt":"2023-08-09T23:07:21","guid":{"rendered":"https:\/\/canal7slp.tv\/2023\/?p=103796"},"modified":"2023-08-09T17:07:21","modified_gmt":"2023-08-09T23:07:21","slug":"arrancan-fiscalizacion-de-gasto-federalizado-en-slp","status":"publish","type":"post","link":"https:\/\/canal7slp.tv\/2023\/arrancan-fiscalizacion-de-gasto-federalizado-en-slp\/","title":{"rendered":"Arrancan fiscalizaci\u00f3n de gasto federalizado en SLP"},"content":{"rendered":"<p style=\"text-align: justify;\"><span style=\"font-size: 1.21429rem;\">SLP.- Autoridades estatales y federales encabezaron el inicio de las auditor\u00edas colmena y la fiscalizaci\u00f3n superior de los municipios de San Luis Potos\u00ed, as\u00ed como tambi\u00e9n de una serie de capacitaciones a los funcionarios del Gobierno del Estado.<\/span><\/p>\n<p style=\"text-align: justify;\">Fue el auditor superior de la federaci\u00f3n, David Colmenares P\u00e1ramo, qui\u00e9n habl\u00f3 sobre el trabajo que de manera coordinada se realiza con el estado para la revisi\u00f3n de cuentas.<\/p>\n<p style=\"text-align: justify;\">\u00abLa auditor\u00eda superior, ustedes saben, es el \u00f3rgano fundamental que de acuerdo con la constituci\u00f3n, tenemos facultades para revisar los recursos del gasto federalizado, de todo el gasto p\u00fablico federal&#8230; Ha sido muy \u00fatil la colaboraci\u00f3n con los contralores y los secretarios de finanzas,eso es porque estamos m\u00e1s o menos en el mismo carril y en el caso de San Luis Potos\u00ed ha sido muy positiva la comunicaci\u00f3n\u00bb, apunt\u00f3.<\/p>\n<p style=\"text-align: justify;\">Por su parte, el auditor especial de gasto federalizado de la auditor\u00eda superior de la Federaci\u00f3n, Emilio Barriga Delgado, detall\u00f3 los avances que han tenido de manera general en el pa\u00eds.<\/p>\n<p style=\"text-align: justify;\">\u00abEstamos haciendo un esfuerzo in\u00e9dito en la Auditor\u00eda Superior de la Federaci\u00f3n para incrementar nuestra cobertura con los municipios de nuestro pa\u00eds, pasamos en tan solo en dos a\u00f1os de auditar 164 municipios en todos los estados (esto nos da una cobertura del 7% de los municipios), a estar auditando este a\u00f1o 719, lo cual se traduce en tener una cobertura del 30%\u00bb, agreg\u00f3.<\/p>\n<p style=\"text-align: justify;\">En ese sentido, coment\u00f3 cifras que ata\u00f1en al territorio potosino en cuanto a la revisi\u00f3n de los recursos aplicados.<\/p>\n<p style=\"text-align: justify;\">\u00abEl estado de San Luis Potos\u00ed no es la excepci\u00f3n, tambi\u00e9n pasamos de auditar \u00fanicamente dos municipios a estar trabajando este a\u00f1o con 16, lo cual nos da tambi\u00e9n una cobertura del 30% de estos municipios, esperemos que en el corto plazo estemos ya trabajando con los 58 municipios\u00bb, coment\u00f3.<\/p>\n<p style=\"text-align: justify;\">Paralelo a ello, desde la federaci\u00f3n tambi\u00e9n se traslad\u00f3 un m\u00f3dulo itinerante para enrolar a los funcionarios municipales y del gobierno del estado y as\u00ed obtengan su firma electr\u00f3nica.<\/p>\n<p style=\"text-align: justify;\">\u00abEstamos estrenando esta herramienta, hace un par de semanas emitimos la primer firma electr\u00f3nica al auditor superior de la federaci\u00f3n y a partir de ese momento iniciamos de manera masiva los enrolamientos; &#8230; Es importante que aprovechemos este evento y nos llevemos nuestra firma electr\u00f3nica porque en breve muchos procesos de la auditor\u00eda los vamos a iniciar a trav\u00e9s de la firma digital\u00bb, sentenci\u00f3.<\/p>\n<p style=\"text-align: justify;\">Barriga Delgado destac\u00f3 por otro lado las capacitaciones que se impartir\u00e1n al funcionariado del estado.<\/p>\n<p style=\"text-align: justify;\">\u00abNos dio mucho gusto porque la instrucci\u00f3n que tenemos del auditor superior de la federaci\u00f3n es acompa\u00f1arlos en una pol\u00edtica preventiva m\u00e1s que en una pol\u00edtica sancionatoria&#8230;. Justamente este tipo de pl\u00e1ticas y talleres tienen como finalidad que ustedes tengan conocimiento de c\u00f3mo est\u00e1 trabajando la auditor\u00eda superior de la federaci\u00f3n, c\u00f3mo mejorar nuestra relaci\u00f3n con la auditor\u00eda superior de la federaci\u00f3n y c\u00f3mo mejorar nuestros resultados\u00bb, termin\u00f3.<\/p>\n<p>Por: Jos\u00e9 Luis V\u00e1zquez<\/p>\n","protected":false},"excerpt":{"rendered":"<p>SLP.- Autoridades estatales y federales encabezaron el inicio de las auditor\u00edas colmena y la fiscalizaci\u00f3n superior de los municipios de San Luis Potos\u00ed, as\u00ed como tambi\u00e9n de una serie de capacitaciones a los funcionarios del Gobierno del Estado. Fue el auditor superior de la federaci\u00f3n, David Colmenares P\u00e1ramo, qui\u00e9n habl\u00f3 sobre el trabajo que de manera coordinada se realiza con el estado para la revisi\u00f3n de cuentas. \u00abLa auditor\u00eda superior, ustedes saben, es el \u00f3rgano fundamental que de acuerdo con la constituci\u00f3n, tenemos facultades para revisar los recursos del gasto federalizado, de todo el gasto p\u00fablico federal&#8230; Ha sido muy [&hellip;]<\/p>\n","protected":false},"author":2,"featured_media":103838,"comment_status":"closed","ping_status":"closed","sticky":false,"template":"","format":"video","meta":{"footnotes":""},"categories":[5,45],"tags":[],"class_list":["post-103796","post","type-post","status-publish","format-video","has-post-thumbnail","hentry","category-destacadas","category-localesyregionales","post_format-post-format-video","post--single"],"yoast_head":"<!-- This site is optimized with the Yoast SEO plugin v27.4 - https:\/\/yoast.com\/product\/yoast-seo-wordpress\/ -->\n<title>Arrancan fiscalizaci\u00f3n de gasto federalizado en SLP - Canal 7 SLP - 2023<\/title>\n<meta name=\"robots\" content=\"index, follow, max-snippet:-1, max-image-preview:large, max-video-preview:-1\" \/>\n<link rel=\"canonical\" href=\"https:\/\/canal7slp.tv\/2023\/arrancan-fiscalizacion-de-gasto-federalizado-en-slp\/\" \/>\n<meta property=\"og:locale\" content=\"es_ES\" \/>\n<meta property=\"og:type\" content=\"article\" \/>\n<meta property=\"og:title\" content=\"Arrancan fiscalizaci\u00f3n de gasto federalizado en SLP - Canal 7 SLP - 2023\" \/>\n<meta property=\"og:description\" content=\"SLP.- Autoridades estatales y federales encabezaron el inicio de las auditor\u00edas colmena y la fiscalizaci\u00f3n superior de los municipios de San Luis Potos\u00ed, as\u00ed como tambi\u00e9n de una serie de capacitaciones a los funcionarios del Gobierno del Estado. Fue el auditor superior de la federaci\u00f3n, David Colmenares P\u00e1ramo, qui\u00e9n habl\u00f3 sobre el trabajo que de manera coordinada se realiza con el estado para la revisi\u00f3n de cuentas. \u00abLa auditor\u00eda superior, ustedes saben, es el \u00f3rgano fundamental que de acuerdo con la constituci\u00f3n, tenemos facultades para revisar los recursos del gasto federalizado, de todo el gasto p\u00fablico federal&#8230; Ha sido muy [&hellip;]\" \/>\n<meta property=\"og:url\" content=\"https:\/\/canal7slp.tv\/2023\/arrancan-fiscalizacion-de-gasto-federalizado-en-slp\/\" \/>\n<meta property=\"og:site_name\" content=\"Canal 7 SLP - 2023\" \/>\n<meta property=\"article:publisher\" content=\"https:\/\/www.facebook.com\/noticieroscanalsiete\" \/>\n<meta property=\"article:published_time\" content=\"2023-08-09T23:07:21+00:00\" \/>\n<meta property=\"og:image\" content=\"https:\/\/canal7slp.tv\/2023\/wp-content\/uploads\/2023\/08\/Vazquez03Auditoria.jpg\" \/>\n\t<meta property=\"og:image:width\" content=\"1280\" \/>\n\t<meta property=\"og:image:height\" content=\"720\" \/>\n\t<meta property=\"og:image:type\" content=\"image\/jpeg\" \/>\n<meta name=\"author\" content=\"Edici\u00f3n Web\" \/>\n<meta name=\"twitter:card\" content=\"summary_large_image\" \/>\n<meta name=\"twitter:creator\" content=\"@NOTICIEROS7\" \/>\n<meta name=\"twitter:site\" content=\"@NOTICIEROS7\" \/>\n<meta name=\"twitter:label1\" content=\"Escrito por\" \/>\n\t<meta name=\"twitter:data1\" content=\"Edici\u00f3n Web\" \/>\n\t<meta name=\"twitter:label2\" content=\"Tiempo de lectura\" \/>\n\t<meta name=\"twitter:data2\" content=\"3 minutos\" \/>\n<script type=\"application\/ld+json\" class=\"yoast-schema-graph\">{\"@context\":\"https:\\\/\\\/schema.org\",\"@graph\":[{\"@type\":\"Article\",\"@id\":\"https:\\\/\\\/canal7slp.tv\\\/2023\\\/arrancan-fiscalizacion-de-gasto-federalizado-en-slp\\\/#article\",\"isPartOf\":{\"@id\":\"https:\\\/\\\/canal7slp.tv\\\/2023\\\/arrancan-fiscalizacion-de-gasto-federalizado-en-slp\\\/\"},\"author\":{\"name\":\"Edici\u00f3n Web\",\"@id\":\"https:\\\/\\\/canal7slp.tv\\\/2023\\\/#\\\/schema\\\/person\\\/639c424e3584069003b11ae813915da6\"},\"headline\":\"Arrancan fiscalizaci\u00f3n de gasto federalizado en SLP\",\"datePublished\":\"2023-08-09T23:07:21+00:00\",\"mainEntityOfPage\":{\"@id\":\"https:\\\/\\\/canal7slp.tv\\\/2023\\\/arrancan-fiscalizacion-de-gasto-federalizado-en-slp\\\/\"},\"wordCount\":536,\"publisher\":{\"@id\":\"https:\\\/\\\/canal7slp.tv\\\/2023\\\/#organization\"},\"image\":{\"@id\":\"https:\\\/\\\/canal7slp.tv\\\/2023\\\/arrancan-fiscalizacion-de-gasto-federalizado-en-slp\\\/#primaryimage\"},\"thumbnailUrl\":\"https:\\\/\\\/canal7slp.tv\\\/2023\\\/wp-content\\\/uploads\\\/2023\\\/08\\\/Vazquez03Auditoria.jpg\",\"articleSection\":[\"DESTACADAS\",\"LOCALES Y REGIONALES\"],\"inLanguage\":\"es\"},{\"@type\":\"WebPage\",\"@id\":\"https:\\\/\\\/canal7slp.tv\\\/2023\\\/arrancan-fiscalizacion-de-gasto-federalizado-en-slp\\\/\",\"url\":\"https:\\\/\\\/canal7slp.tv\\\/2023\\\/arrancan-fiscalizacion-de-gasto-federalizado-en-slp\\\/\",\"name\":\"Arrancan fiscalizaci\u00f3n de gasto federalizado en SLP - Canal 7 SLP - 2023\",\"isPartOf\":{\"@id\":\"https:\\\/\\\/canal7slp.tv\\\/2023\\\/#website\"},\"primaryImageOfPage\":{\"@id\":\"https:\\\/\\\/canal7slp.tv\\\/2023\\\/arrancan-fiscalizacion-de-gasto-federalizado-en-slp\\\/#primaryimage\"},\"image\":{\"@id\":\"https:\\\/\\\/canal7slp.tv\\\/2023\\\/arrancan-fiscalizacion-de-gasto-federalizado-en-slp\\\/#primaryimage\"},\"thumbnailUrl\":\"https:\\\/\\\/canal7slp.tv\\\/2023\\\/wp-content\\\/uploads\\\/2023\\\/08\\\/Vazquez03Auditoria.jpg\",\"datePublished\":\"2023-08-09T23:07:21+00:00\",\"breadcrumb\":{\"@id\":\"https:\\\/\\\/canal7slp.tv\\\/2023\\\/arrancan-fiscalizacion-de-gasto-federalizado-en-slp\\\/#breadcrumb\"},\"inLanguage\":\"es\",\"potentialAction\":[{\"@type\":\"ReadAction\",\"target\":[\"https:\\\/\\\/canal7slp.tv\\\/2023\\\/arrancan-fiscalizacion-de-gasto-federalizado-en-slp\\\/\"]}]},{\"@type\":\"ImageObject\",\"inLanguage\":\"es\",\"@id\":\"https:\\\/\\\/canal7slp.tv\\\/2023\\\/arrancan-fiscalizacion-de-gasto-federalizado-en-slp\\\/#primaryimage\",\"url\":\"https:\\\/\\\/canal7slp.tv\\\/2023\\\/wp-content\\\/uploads\\\/2023\\\/08\\\/Vazquez03Auditoria.jpg\",\"contentUrl\":\"https:\\\/\\\/canal7slp.tv\\\/2023\\\/wp-content\\\/uploads\\\/2023\\\/08\\\/Vazquez03Auditoria.jpg\",\"width\":1280,\"height\":720},{\"@type\":\"BreadcrumbList\",\"@id\":\"https:\\\/\\\/canal7slp.tv\\\/2023\\\/arrancan-fiscalizacion-de-gasto-federalizado-en-slp\\\/#breadcrumb\",\"itemListElement\":[{\"@type\":\"ListItem\",\"position\":1,\"name\":\"Portada\",\"item\":\"https:\\\/\\\/canal7slp.tv\\\/2023\\\/\"},{\"@type\":\"ListItem\",\"position\":2,\"name\":\"Arrancan fiscalizaci\u00f3n de gasto federalizado en SLP\"}]},{\"@type\":\"WebSite\",\"@id\":\"https:\\\/\\\/canal7slp.tv\\\/2023\\\/#website\",\"url\":\"https:\\\/\\\/canal7slp.tv\\\/2023\\\/\",\"name\":\"N7 - Noticieros Canal 7\",\"description\":\"Somos Televisi\u00f3n\",\"publisher\":{\"@id\":\"https:\\\/\\\/canal7slp.tv\\\/2023\\\/#organization\"},\"potentialAction\":[{\"@type\":\"SearchAction\",\"target\":{\"@type\":\"EntryPoint\",\"urlTemplate\":\"https:\\\/\\\/canal7slp.tv\\\/2023\\\/?s={search_term_string}\"},\"query-input\":{\"@type\":\"PropertyValueSpecification\",\"valueRequired\":true,\"valueName\":\"search_term_string\"}}],\"inLanguage\":\"es\"},{\"@type\":\"Organization\",\"@id\":\"https:\\\/\\\/canal7slp.tv\\\/2023\\\/#organization\",\"name\":\"Noticieros Canal 7\",\"url\":\"https:\\\/\\\/canal7slp.tv\\\/2023\\\/\",\"logo\":{\"@type\":\"ImageObject\",\"inLanguage\":\"es\",\"@id\":\"https:\\\/\\\/canal7slp.tv\\\/2023\\\/#\\\/schema\\\/logo\\\/image\\\/\",\"url\":\"https:\\\/\\\/canal7slp.tv\\\/2023\\\/wp-content\\\/uploads\\\/2021\\\/01\\\/logo-noticieros@2x.png\",\"contentUrl\":\"https:\\\/\\\/canal7slp.tv\\\/2023\\\/wp-content\\\/uploads\\\/2021\\\/01\\\/logo-noticieros@2x.png\",\"width\":1017,\"height\":268,\"caption\":\"Noticieros Canal 7\"},\"image\":{\"@id\":\"https:\\\/\\\/canal7slp.tv\\\/2023\\\/#\\\/schema\\\/logo\\\/image\\\/\"},\"sameAs\":[\"https:\\\/\\\/www.facebook.com\\\/noticieroscanalsiete\",\"https:\\\/\\\/x.com\\\/NOTICIEROS7\",\"https:\\\/\\\/www.instagram.com\\\/canal7_slp\",\"https:\\\/\\\/www.youtube.com\\\/channel\\\/UCliiYs-gP3JfJeqdPrNdd5A\"]},{\"@type\":\"Person\",\"@id\":\"https:\\\/\\\/canal7slp.tv\\\/2023\\\/#\\\/schema\\\/person\\\/639c424e3584069003b11ae813915da6\",\"name\":\"Edici\u00f3n Web\",\"image\":{\"@type\":\"ImageObject\",\"inLanguage\":\"es\",\"@id\":\"https:\\\/\\\/secure.gravatar.com\\\/avatar\\\/eee448fc3f7164808013b816ba91ac7e43bbe82a70bebac296f8bc6f0addaa1a?s=96&d=mm&r=g\",\"url\":\"https:\\\/\\\/secure.gravatar.com\\\/avatar\\\/eee448fc3f7164808013b816ba91ac7e43bbe82a70bebac296f8bc6f0addaa1a?s=96&d=mm&r=g\",\"contentUrl\":\"https:\\\/\\\/secure.gravatar.com\\\/avatar\\\/eee448fc3f7164808013b816ba91ac7e43bbe82a70bebac296f8bc6f0addaa1a?s=96&d=mm&r=g\",\"caption\":\"Edici\u00f3n Web\"},\"url\":\"https:\\\/\\\/canal7slp.tv\\\/2023\\\/author\\\/edicionweb\\\/\"}]}<\/script>\n<!-- \/ Yoast SEO plugin. -->","yoast_head_json":{"title":"Arrancan fiscalizaci\u00f3n de gasto federalizado en SLP - Canal 7 SLP - 2023","robots":{"index":"index","follow":"follow","max-snippet":"max-snippet:-1","max-image-preview":"max-image-preview:large","max-video-preview":"max-video-preview:-1"},"canonical":"https:\/\/canal7slp.tv\/2023\/arrancan-fiscalizacion-de-gasto-federalizado-en-slp\/","og_locale":"es_ES","og_type":"article","og_title":"Arrancan fiscalizaci\u00f3n de gasto federalizado en SLP - Canal 7 SLP - 2023","og_description":"SLP.- Autoridades estatales y federales encabezaron el inicio de las auditor\u00edas colmena y la fiscalizaci\u00f3n superior de los municipios de San Luis Potos\u00ed, as\u00ed como tambi\u00e9n de una serie de capacitaciones a los funcionarios del Gobierno del Estado. Fue el auditor superior de la federaci\u00f3n, David Colmenares P\u00e1ramo, qui\u00e9n habl\u00f3 sobre el trabajo que de manera coordinada se realiza con el estado para la revisi\u00f3n de cuentas. \u00abLa auditor\u00eda superior, ustedes saben, es el \u00f3rgano fundamental que de acuerdo con la constituci\u00f3n, tenemos facultades para revisar los recursos del gasto federalizado, de todo el gasto p\u00fablico federal&#8230; Ha sido muy [&hellip;]","og_url":"https:\/\/canal7slp.tv\/2023\/arrancan-fiscalizacion-de-gasto-federalizado-en-slp\/","og_site_name":"Canal 7 SLP - 2023","article_publisher":"https:\/\/www.facebook.com\/noticieroscanalsiete","article_published_time":"2023-08-09T23:07:21+00:00","og_image":[{"width":1280,"height":720,"url":"https:\/\/canal7slp.tv\/2023\/wp-content\/uploads\/2023\/08\/Vazquez03Auditoria.jpg","type":"image\/jpeg"}],"author":"Edici\u00f3n Web","twitter_card":"summary_large_image","twitter_creator":"@NOTICIEROS7","twitter_site":"@NOTICIEROS7","twitter_misc":{"Escrito por":"Edici\u00f3n Web","Tiempo de lectura":"3 minutos"},"schema":{"@context":"https:\/\/schema.org","@graph":[{"@type":"Article","@id":"https:\/\/canal7slp.tv\/2023\/arrancan-fiscalizacion-de-gasto-federalizado-en-slp\/#article","isPartOf":{"@id":"https:\/\/canal7slp.tv\/2023\/arrancan-fiscalizacion-de-gasto-federalizado-en-slp\/"},"author":{"name":"Edici\u00f3n Web","@id":"https:\/\/canal7slp.tv\/2023\/#\/schema\/person\/639c424e3584069003b11ae813915da6"},"headline":"Arrancan fiscalizaci\u00f3n de gasto federalizado en SLP","datePublished":"2023-08-09T23:07:21+00:00","mainEntityOfPage":{"@id":"https:\/\/canal7slp.tv\/2023\/arrancan-fiscalizacion-de-gasto-federalizado-en-slp\/"},"wordCount":536,"publisher":{"@id":"https:\/\/canal7slp.tv\/2023\/#organization"},"image":{"@id":"https:\/\/canal7slp.tv\/2023\/arrancan-fiscalizacion-de-gasto-federalizado-en-slp\/#primaryimage"},"thumbnailUrl":"https:\/\/canal7slp.tv\/2023\/wp-content\/uploads\/2023\/08\/Vazquez03Auditoria.jpg","articleSection":["DESTACADAS","LOCALES Y REGIONALES"],"inLanguage":"es"},{"@type":"WebPage","@id":"https:\/\/canal7slp.tv\/2023\/arrancan-fiscalizacion-de-gasto-federalizado-en-slp\/","url":"https:\/\/canal7slp.tv\/2023\/arrancan-fiscalizacion-de-gasto-federalizado-en-slp\/","name":"Arrancan fiscalizaci\u00f3n de gasto federalizado en SLP - Canal 7 SLP - 2023","isPartOf":{"@id":"https:\/\/canal7slp.tv\/2023\/#website"},"primaryImageOfPage":{"@id":"https:\/\/canal7slp.tv\/2023\/arrancan-fiscalizacion-de-gasto-federalizado-en-slp\/#primaryimage"},"image":{"@id":"https:\/\/canal7slp.tv\/2023\/arrancan-fiscalizacion-de-gasto-federalizado-en-slp\/#primaryimage"},"thumbnailUrl":"https:\/\/canal7slp.tv\/2023\/wp-content\/uploads\/2023\/08\/Vazquez03Auditoria.jpg","datePublished":"2023-08-09T23:07:21+00:00","breadcrumb":{"@id":"https:\/\/canal7slp.tv\/2023\/arrancan-fiscalizacion-de-gasto-federalizado-en-slp\/#breadcrumb"},"inLanguage":"es","potentialAction":[{"@type":"ReadAction","target":["https:\/\/canal7slp.tv\/2023\/arrancan-fiscalizacion-de-gasto-federalizado-en-slp\/"]}]},{"@type":"ImageObject","inLanguage":"es","@id":"https:\/\/canal7slp.tv\/2023\/arrancan-fiscalizacion-de-gasto-federalizado-en-slp\/#primaryimage","url":"https:\/\/canal7slp.tv\/2023\/wp-content\/uploads\/2023\/08\/Vazquez03Auditoria.jpg","contentUrl":"https:\/\/canal7slp.tv\/2023\/wp-content\/uploads\/2023\/08\/Vazquez03Auditoria.jpg","width":1280,"height":720},{"@type":"BreadcrumbList","@id":"https:\/\/canal7slp.tv\/2023\/arrancan-fiscalizacion-de-gasto-federalizado-en-slp\/#breadcrumb","itemListElement":[{"@type":"ListItem","position":1,"name":"Portada","item":"https:\/\/canal7slp.tv\/2023\/"},{"@type":"ListItem","position":2,"name":"Arrancan fiscalizaci\u00f3n de gasto federalizado en SLP"}]},{"@type":"WebSite","@id":"https:\/\/canal7slp.tv\/2023\/#website","url":"https:\/\/canal7slp.tv\/2023\/","name":"N7 - Noticieros Canal 7","description":"Somos Televisi\u00f3n","publisher":{"@id":"https:\/\/canal7slp.tv\/2023\/#organization"},"potentialAction":[{"@type":"SearchAction","target":{"@type":"EntryPoint","urlTemplate":"https:\/\/canal7slp.tv\/2023\/?s={search_term_string}"},"query-input":{"@type":"PropertyValueSpecification","valueRequired":true,"valueName":"search_term_string"}}],"inLanguage":"es"},{"@type":"Organization","@id":"https:\/\/canal7slp.tv\/2023\/#organization","name":"Noticieros Canal 7","url":"https:\/\/canal7slp.tv\/2023\/","logo":{"@type":"ImageObject","inLanguage":"es","@id":"https:\/\/canal7slp.tv\/2023\/#\/schema\/logo\/image\/","url":"https:\/\/canal7slp.tv\/2023\/wp-content\/uploads\/2021\/01\/logo-noticieros@2x.png","contentUrl":"https:\/\/canal7slp.tv\/2023\/wp-content\/uploads\/2021\/01\/logo-noticieros@2x.png","width":1017,"height":268,"caption":"Noticieros Canal 7"},"image":{"@id":"https:\/\/canal7slp.tv\/2023\/#\/schema\/logo\/image\/"},"sameAs":["https:\/\/www.facebook.com\/noticieroscanalsiete","https:\/\/x.com\/NOTICIEROS7","https:\/\/www.instagram.com\/canal7_slp","https:\/\/www.youtube.com\/channel\/UCliiYs-gP3JfJeqdPrNdd5A"]},{"@type":"Person","@id":"https:\/\/canal7slp.tv\/2023\/#\/schema\/person\/639c424e3584069003b11ae813915da6","name":"Edici\u00f3n Web","image":{"@type":"ImageObject","inLanguage":"es","@id":"https:\/\/secure.gravatar.com\/avatar\/eee448fc3f7164808013b816ba91ac7e43bbe82a70bebac296f8bc6f0addaa1a?s=96&d=mm&r=g","url":"https:\/\/secure.gravatar.com\/avatar\/eee448fc3f7164808013b816ba91ac7e43bbe82a70bebac296f8bc6f0addaa1a?s=96&d=mm&r=g","contentUrl":"https:\/\/secure.gravatar.com\/avatar\/eee448fc3f7164808013b816ba91ac7e43bbe82a70bebac296f8bc6f0addaa1a?s=96&d=mm&r=g","caption":"Edici\u00f3n Web"},"url":"https:\/\/canal7slp.tv\/2023\/author\/edicionweb\/"}]}},"_links":{"self":[{"href":"https:\/\/canal7slp.tv\/2023\/wp-json\/wp\/v2\/posts\/103796","targetHints":{"allow":["GET"]}}],"collection":[{"href":"https:\/\/canal7slp.tv\/2023\/wp-json\/wp\/v2\/posts"}],"about":[{"href":"https:\/\/canal7slp.tv\/2023\/wp-json\/wp\/v2\/types\/post"}],"author":[{"embeddable":true,"href":"https:\/\/canal7slp.tv\/2023\/wp-json\/wp\/v2\/users\/2"}],"replies":[{"embeddable":true,"href":"https:\/\/canal7slp.tv\/2023\/wp-json\/wp\/v2\/comments?post=103796"}],"version-history":[{"count":2,"href":"https:\/\/canal7slp.tv\/2023\/wp-json\/wp\/v2\/posts\/103796\/revisions"}],"predecessor-version":[{"id":103839,"href":"https:\/\/canal7slp.tv\/2023\/wp-json\/wp\/v2\/posts\/103796\/revisions\/103839"}],"wp:featuredmedia":[{"embeddable":true,"href":"https:\/\/canal7slp.tv\/2023\/wp-json\/wp\/v2\/media\/103838"}],"wp:attachment":[{"href":"https:\/\/canal7slp.tv\/2023\/wp-json\/wp\/v2\/media?parent=103796"}],"wp:term":[{"taxonomy":"category","embeddable":true,"href":"https:\/\/canal7slp.tv\/2023\/wp-json\/wp\/v2\/categories?post=103796"},{"taxonomy":"post_tag","embeddable":true,"href":"https:\/\/canal7slp.tv\/2023\/wp-json\/wp\/v2\/tags?post=103796"}],"curies":[{"name":"wp","href":"https:\/\/api.w.org\/{rel}","templated":true}]}}