{"id":103771,"date":"2023-08-09T18:16:59","date_gmt":"2023-08-10T00:16:59","guid":{"rendered":"https:\/\/canal7slp.tv\/2023\/?p=103771"},"modified":"2023-08-09T18:16:59","modified_gmt":"2023-08-10T00:16:59","slug":"detencion-de-uriel-carmona-fue-atropello-e-invasion-de-autoridades-ombudsperson","status":"publish","type":"post","link":"https:\/\/canal7slp.tv\/2023\/detencion-de-uriel-carmona-fue-atropello-e-invasion-de-autoridades-ombudsperson\/","title":{"rendered":"Detenci\u00f3n de Uriel Carmona, fue atropello e invasi\u00f3n de autoridades: Ombudsperson"},"content":{"rendered":"<p style=\"text-align: justify;\">M\u00e9xico.- El comisionado de Derechos Humanos de Morelos, Ra\u00fal Israel Hern\u00e1ndez consider\u00f3 que la detenci\u00f3n del fiscal general de Morelos, Uriel Carmona, representa una invasi\u00f3n a la autonom\u00eda estatal por parte de las autoridades de la Ciudad de M\u00e9xico y el Gobierno de M\u00e9xico.<\/p>\n<p style=\"text-align: justify;\">El ombudsman explic\u00f3 que aunque las leyes de una entidad s\u00f3lo pueden surtir efectos en su propio territorio, en el \u00e1mbito penal cuando un acto tiene que ejecutarse en otro territorio, un juez tiene que despacharlo v\u00eda exhorto para que otro juez, hom\u00f3logo de esa entidad, pueda verificar los delitos.<\/p>\n<p style=\"text-align: justify;\">Asimismo, se\u00f1al\u00f3 que Uriel Carmona es un servidor p\u00fablico de Morelos y que se deben revisar cuestiones de inmunidad procesal a nivel federal o local.<\/p>\n<p style=\"text-align: justify;\">Adem\u00e1s, afirm\u00f3 que la CDH Morelos est\u00e1 llevando a cabo el seguimiento del caso del fiscal y de su familia.<\/p>\n","protected":false},"excerpt":{"rendered":"<p>M\u00e9xico.- El comisionado de Derechos Humanos de Morelos, Ra\u00fal Israel Hern\u00e1ndez consider\u00f3 que la detenci\u00f3n del fiscal general de Morelos, Uriel Carmona, representa una invasi\u00f3n a la autonom\u00eda estatal por parte de las autoridades de la Ciudad de M\u00e9xico y el Gobierno de M\u00e9xico. El ombudsman explic\u00f3 que aunque las leyes de una entidad s\u00f3lo pueden surtir efectos en su propio territorio, en el \u00e1mbito penal cuando un acto tiene que ejecutarse en otro territorio, un juez tiene que despacharlo v\u00eda exhorto para que otro juez, hom\u00f3logo de esa entidad, pueda verificar los delitos. Asimismo, se\u00f1al\u00f3 que Uriel Carmona es [&hellip;]<\/p>\n","protected":false},"author":2,"featured_media":103784,"comment_status":"closed","ping_status":"closed","sticky":false,"template":"","format":"standard","meta":{"footnotes":""},"categories":[46],"tags":[],"class_list":["post-103771","post","type-post","status-publish","format-standard","has-post-thumbnail","hentry","category-nacional","post--single"],"yoast_head":"<!-- This site is optimized with the Yoast SEO plugin v27.4 - https:\/\/yoast.com\/product\/yoast-seo-wordpress\/ -->\n<title>Detenci\u00f3n de Uriel Carmona, fue atropello e invasi\u00f3n de autoridades: Ombudsperson - Canal 7 SLP - 2023<\/title>\n<meta name=\"robots\" content=\"index, follow, max-snippet:-1, max-image-preview:large, max-video-preview:-1\" \/>\n<link rel=\"canonical\" href=\"https:\/\/canal7slp.tv\/2023\/detencion-de-uriel-carmona-fue-atropello-e-invasion-de-autoridades-ombudsperson\/\" \/>\n<meta property=\"og:locale\" content=\"es_ES\" \/>\n<meta property=\"og:type\" content=\"article\" \/>\n<meta property=\"og:title\" content=\"Detenci\u00f3n de Uriel Carmona, fue atropello e invasi\u00f3n de autoridades: Ombudsperson - Canal 7 SLP - 2023\" \/>\n<meta property=\"og:description\" content=\"M\u00e9xico.- El comisionado de Derechos Humanos de Morelos, Ra\u00fal Israel Hern\u00e1ndez consider\u00f3 que la detenci\u00f3n del fiscal general de Morelos, Uriel Carmona, representa una invasi\u00f3n a la autonom\u00eda estatal por parte de las autoridades de la Ciudad de M\u00e9xico y el Gobierno de M\u00e9xico. El ombudsman explic\u00f3 que aunque las leyes de una entidad s\u00f3lo pueden surtir efectos en su propio territorio, en el \u00e1mbito penal cuando un acto tiene que ejecutarse en otro territorio, un juez tiene que despacharlo v\u00eda exhorto para que otro juez, hom\u00f3logo de esa entidad, pueda verificar los delitos. Asimismo, se\u00f1al\u00f3 que Uriel Carmona es [&hellip;]\" \/>\n<meta property=\"og:url\" content=\"https:\/\/canal7slp.tv\/2023\/detencion-de-uriel-carmona-fue-atropello-e-invasion-de-autoridades-ombudsperson\/\" \/>\n<meta property=\"og:site_name\" content=\"Canal 7 SLP - 2023\" \/>\n<meta property=\"article:publisher\" content=\"https:\/\/www.facebook.com\/noticieroscanalsiete\" \/>\n<meta property=\"article:published_time\" content=\"2023-08-10T00:16:59+00:00\" \/>\n<meta property=\"og:image\" content=\"https:\/\/canal7slp.tv\/2023\/wp-content\/uploads\/2023\/08\/06-7.jpg\" \/>\n\t<meta property=\"og:image:width\" content=\"1200\" \/>\n\t<meta property=\"og:image:height\" content=\"750\" \/>\n\t<meta property=\"og:image:type\" content=\"image\/jpeg\" \/>\n<meta name=\"author\" content=\"Edici\u00f3n Web\" \/>\n<meta name=\"twitter:card\" content=\"summary_large_image\" \/>\n<meta name=\"twitter:creator\" content=\"@NOTICIEROS7\" \/>\n<meta name=\"twitter:site\" content=\"@NOTICIEROS7\" \/>\n<meta name=\"twitter:label1\" content=\"Escrito por\" \/>\n\t<meta name=\"twitter:data1\" content=\"Edici\u00f3n Web\" \/>\n\t<meta name=\"twitter:label2\" content=\"Tiempo de lectura\" \/>\n\t<meta name=\"twitter:data2\" content=\"1 minuto\" \/>\n<script type=\"application\/ld+json\" class=\"yoast-schema-graph\">{\"@context\":\"https:\\\/\\\/schema.org\",\"@graph\":[{\"@type\":\"Article\",\"@id\":\"https:\\\/\\\/canal7slp.tv\\\/2023\\\/detencion-de-uriel-carmona-fue-atropello-e-invasion-de-autoridades-ombudsperson\\\/#article\",\"isPartOf\":{\"@id\":\"https:\\\/\\\/canal7slp.tv\\\/2023\\\/detencion-de-uriel-carmona-fue-atropello-e-invasion-de-autoridades-ombudsperson\\\/\"},\"author\":{\"name\":\"Edici\u00f3n Web\",\"@id\":\"https:\\\/\\\/canal7slp.tv\\\/2023\\\/#\\\/schema\\\/person\\\/639c424e3584069003b11ae813915da6\"},\"headline\":\"Detenci\u00f3n de Uriel Carmona, fue atropello e invasi\u00f3n de autoridades: Ombudsperson\",\"datePublished\":\"2023-08-10T00:16:59+00:00\",\"mainEntityOfPage\":{\"@id\":\"https:\\\/\\\/canal7slp.tv\\\/2023\\\/detencion-de-uriel-carmona-fue-atropello-e-invasion-de-autoridades-ombudsperson\\\/\"},\"wordCount\":167,\"publisher\":{\"@id\":\"https:\\\/\\\/canal7slp.tv\\\/2023\\\/#organization\"},\"image\":{\"@id\":\"https:\\\/\\\/canal7slp.tv\\\/2023\\\/detencion-de-uriel-carmona-fue-atropello-e-invasion-de-autoridades-ombudsperson\\\/#primaryimage\"},\"thumbnailUrl\":\"https:\\\/\\\/canal7slp.tv\\\/2023\\\/wp-content\\\/uploads\\\/2023\\\/08\\\/06-7.jpg\",\"articleSection\":[\"NACIONALES\"],\"inLanguage\":\"es\"},{\"@type\":\"WebPage\",\"@id\":\"https:\\\/\\\/canal7slp.tv\\\/2023\\\/detencion-de-uriel-carmona-fue-atropello-e-invasion-de-autoridades-ombudsperson\\\/\",\"url\":\"https:\\\/\\\/canal7slp.tv\\\/2023\\\/detencion-de-uriel-carmona-fue-atropello-e-invasion-de-autoridades-ombudsperson\\\/\",\"name\":\"Detenci\u00f3n de Uriel Carmona, fue atropello e invasi\u00f3n de autoridades: Ombudsperson - Canal 7 SLP - 2023\",\"isPartOf\":{\"@id\":\"https:\\\/\\\/canal7slp.tv\\\/2023\\\/#website\"},\"primaryImageOfPage\":{\"@id\":\"https:\\\/\\\/canal7slp.tv\\\/2023\\\/detencion-de-uriel-carmona-fue-atropello-e-invasion-de-autoridades-ombudsperson\\\/#primaryimage\"},\"image\":{\"@id\":\"https:\\\/\\\/canal7slp.tv\\\/2023\\\/detencion-de-uriel-carmona-fue-atropello-e-invasion-de-autoridades-ombudsperson\\\/#primaryimage\"},\"thumbnailUrl\":\"https:\\\/\\\/canal7slp.tv\\\/2023\\\/wp-content\\\/uploads\\\/2023\\\/08\\\/06-7.jpg\",\"datePublished\":\"2023-08-10T00:16:59+00:00\",\"breadcrumb\":{\"@id\":\"https:\\\/\\\/canal7slp.tv\\\/2023\\\/detencion-de-uriel-carmona-fue-atropello-e-invasion-de-autoridades-ombudsperson\\\/#breadcrumb\"},\"inLanguage\":\"es\",\"potentialAction\":[{\"@type\":\"ReadAction\",\"target\":[\"https:\\\/\\\/canal7slp.tv\\\/2023\\\/detencion-de-uriel-carmona-fue-atropello-e-invasion-de-autoridades-ombudsperson\\\/\"]}]},{\"@type\":\"ImageObject\",\"inLanguage\":\"es\",\"@id\":\"https:\\\/\\\/canal7slp.tv\\\/2023\\\/detencion-de-uriel-carmona-fue-atropello-e-invasion-de-autoridades-ombudsperson\\\/#primaryimage\",\"url\":\"https:\\\/\\\/canal7slp.tv\\\/2023\\\/wp-content\\\/uploads\\\/2023\\\/08\\\/06-7.jpg\",\"contentUrl\":\"https:\\\/\\\/canal7slp.tv\\\/2023\\\/wp-content\\\/uploads\\\/2023\\\/08\\\/06-7.jpg\",\"width\":1200,\"height\":750},{\"@type\":\"BreadcrumbList\",\"@id\":\"https:\\\/\\\/canal7slp.tv\\\/2023\\\/detencion-de-uriel-carmona-fue-atropello-e-invasion-de-autoridades-ombudsperson\\\/#breadcrumb\",\"itemListElement\":[{\"@type\":\"ListItem\",\"position\":1,\"name\":\"Portada\",\"item\":\"https:\\\/\\\/canal7slp.tv\\\/2023\\\/\"},{\"@type\":\"ListItem\",\"position\":2,\"name\":\"Detenci\u00f3n de Uriel Carmona, fue atropello e invasi\u00f3n de autoridades: Ombudsperson\"}]},{\"@type\":\"WebSite\",\"@id\":\"https:\\\/\\\/canal7slp.tv\\\/2023\\\/#website\",\"url\":\"https:\\\/\\\/canal7slp.tv\\\/2023\\\/\",\"name\":\"N7 - Noticieros Canal 7\",\"description\":\"Somos Televisi\u00f3n\",\"publisher\":{\"@id\":\"https:\\\/\\\/canal7slp.tv\\\/2023\\\/#organization\"},\"potentialAction\":[{\"@type\":\"SearchAction\",\"target\":{\"@type\":\"EntryPoint\",\"urlTemplate\":\"https:\\\/\\\/canal7slp.tv\\\/2023\\\/?s={search_term_string}\"},\"query-input\":{\"@type\":\"PropertyValueSpecification\",\"valueRequired\":true,\"valueName\":\"search_term_string\"}}],\"inLanguage\":\"es\"},{\"@type\":\"Organization\",\"@id\":\"https:\\\/\\\/canal7slp.tv\\\/2023\\\/#organization\",\"name\":\"Noticieros Canal 7\",\"url\":\"https:\\\/\\\/canal7slp.tv\\\/2023\\\/\",\"logo\":{\"@type\":\"ImageObject\",\"inLanguage\":\"es\",\"@id\":\"https:\\\/\\\/canal7slp.tv\\\/2023\\\/#\\\/schema\\\/logo\\\/image\\\/\",\"url\":\"https:\\\/\\\/canal7slp.tv\\\/2023\\\/wp-content\\\/uploads\\\/2021\\\/01\\\/logo-noticieros@2x.png\",\"contentUrl\":\"https:\\\/\\\/canal7slp.tv\\\/2023\\\/wp-content\\\/uploads\\\/2021\\\/01\\\/logo-noticieros@2x.png\",\"width\":1017,\"height\":268,\"caption\":\"Noticieros Canal 7\"},\"image\":{\"@id\":\"https:\\\/\\\/canal7slp.tv\\\/2023\\\/#\\\/schema\\\/logo\\\/image\\\/\"},\"sameAs\":[\"https:\\\/\\\/www.facebook.com\\\/noticieroscanalsiete\",\"https:\\\/\\\/x.com\\\/NOTICIEROS7\",\"https:\\\/\\\/www.instagram.com\\\/canal7_slp\",\"https:\\\/\\\/www.youtube.com\\\/channel\\\/UCliiYs-gP3JfJeqdPrNdd5A\"]},{\"@type\":\"Person\",\"@id\":\"https:\\\/\\\/canal7slp.tv\\\/2023\\\/#\\\/schema\\\/person\\\/639c424e3584069003b11ae813915da6\",\"name\":\"Edici\u00f3n Web\",\"image\":{\"@type\":\"ImageObject\",\"inLanguage\":\"es\",\"@id\":\"https:\\\/\\\/secure.gravatar.com\\\/avatar\\\/eee448fc3f7164808013b816ba91ac7e43bbe82a70bebac296f8bc6f0addaa1a?s=96&d=mm&r=g\",\"url\":\"https:\\\/\\\/secure.gravatar.com\\\/avatar\\\/eee448fc3f7164808013b816ba91ac7e43bbe82a70bebac296f8bc6f0addaa1a?s=96&d=mm&r=g\",\"contentUrl\":\"https:\\\/\\\/secure.gravatar.com\\\/avatar\\\/eee448fc3f7164808013b816ba91ac7e43bbe82a70bebac296f8bc6f0addaa1a?s=96&d=mm&r=g\",\"caption\":\"Edici\u00f3n Web\"},\"url\":\"https:\\\/\\\/canal7slp.tv\\\/2023\\\/author\\\/edicionweb\\\/\"}]}<\/script>\n<!-- \/ Yoast SEO plugin. -->","yoast_head_json":{"title":"Detenci\u00f3n de Uriel Carmona, fue atropello e invasi\u00f3n de autoridades: Ombudsperson - Canal 7 SLP - 2023","robots":{"index":"index","follow":"follow","max-snippet":"max-snippet:-1","max-image-preview":"max-image-preview:large","max-video-preview":"max-video-preview:-1"},"canonical":"https:\/\/canal7slp.tv\/2023\/detencion-de-uriel-carmona-fue-atropello-e-invasion-de-autoridades-ombudsperson\/","og_locale":"es_ES","og_type":"article","og_title":"Detenci\u00f3n de Uriel Carmona, fue atropello e invasi\u00f3n de autoridades: Ombudsperson - Canal 7 SLP - 2023","og_description":"M\u00e9xico.- El comisionado de Derechos Humanos de Morelos, Ra\u00fal Israel Hern\u00e1ndez consider\u00f3 que la detenci\u00f3n del fiscal general de Morelos, Uriel Carmona, representa una invasi\u00f3n a la autonom\u00eda estatal por parte de las autoridades de la Ciudad de M\u00e9xico y el Gobierno de M\u00e9xico. El ombudsman explic\u00f3 que aunque las leyes de una entidad s\u00f3lo pueden surtir efectos en su propio territorio, en el \u00e1mbito penal cuando un acto tiene que ejecutarse en otro territorio, un juez tiene que despacharlo v\u00eda exhorto para que otro juez, hom\u00f3logo de esa entidad, pueda verificar los delitos. Asimismo, se\u00f1al\u00f3 que Uriel Carmona es [&hellip;]","og_url":"https:\/\/canal7slp.tv\/2023\/detencion-de-uriel-carmona-fue-atropello-e-invasion-de-autoridades-ombudsperson\/","og_site_name":"Canal 7 SLP - 2023","article_publisher":"https:\/\/www.facebook.com\/noticieroscanalsiete","article_published_time":"2023-08-10T00:16:59+00:00","og_image":[{"width":1200,"height":750,"url":"https:\/\/canal7slp.tv\/2023\/wp-content\/uploads\/2023\/08\/06-7.jpg","type":"image\/jpeg"}],"author":"Edici\u00f3n Web","twitter_card":"summary_large_image","twitter_creator":"@NOTICIEROS7","twitter_site":"@NOTICIEROS7","twitter_misc":{"Escrito por":"Edici\u00f3n Web","Tiempo de lectura":"1 minuto"},"schema":{"@context":"https:\/\/schema.org","@graph":[{"@type":"Article","@id":"https:\/\/canal7slp.tv\/2023\/detencion-de-uriel-carmona-fue-atropello-e-invasion-de-autoridades-ombudsperson\/#article","isPartOf":{"@id":"https:\/\/canal7slp.tv\/2023\/detencion-de-uriel-carmona-fue-atropello-e-invasion-de-autoridades-ombudsperson\/"},"author":{"name":"Edici\u00f3n Web","@id":"https:\/\/canal7slp.tv\/2023\/#\/schema\/person\/639c424e3584069003b11ae813915da6"},"headline":"Detenci\u00f3n de Uriel Carmona, fue atropello e invasi\u00f3n de autoridades: Ombudsperson","datePublished":"2023-08-10T00:16:59+00:00","mainEntityOfPage":{"@id":"https:\/\/canal7slp.tv\/2023\/detencion-de-uriel-carmona-fue-atropello-e-invasion-de-autoridades-ombudsperson\/"},"wordCount":167,"publisher":{"@id":"https:\/\/canal7slp.tv\/2023\/#organization"},"image":{"@id":"https:\/\/canal7slp.tv\/2023\/detencion-de-uriel-carmona-fue-atropello-e-invasion-de-autoridades-ombudsperson\/#primaryimage"},"thumbnailUrl":"https:\/\/canal7slp.tv\/2023\/wp-content\/uploads\/2023\/08\/06-7.jpg","articleSection":["NACIONALES"],"inLanguage":"es"},{"@type":"WebPage","@id":"https:\/\/canal7slp.tv\/2023\/detencion-de-uriel-carmona-fue-atropello-e-invasion-de-autoridades-ombudsperson\/","url":"https:\/\/canal7slp.tv\/2023\/detencion-de-uriel-carmona-fue-atropello-e-invasion-de-autoridades-ombudsperson\/","name":"Detenci\u00f3n de Uriel Carmona, fue atropello e invasi\u00f3n de autoridades: Ombudsperson - Canal 7 SLP - 2023","isPartOf":{"@id":"https:\/\/canal7slp.tv\/2023\/#website"},"primaryImageOfPage":{"@id":"https:\/\/canal7slp.tv\/2023\/detencion-de-uriel-carmona-fue-atropello-e-invasion-de-autoridades-ombudsperson\/#primaryimage"},"image":{"@id":"https:\/\/canal7slp.tv\/2023\/detencion-de-uriel-carmona-fue-atropello-e-invasion-de-autoridades-ombudsperson\/#primaryimage"},"thumbnailUrl":"https:\/\/canal7slp.tv\/2023\/wp-content\/uploads\/2023\/08\/06-7.jpg","datePublished":"2023-08-10T00:16:59+00:00","breadcrumb":{"@id":"https:\/\/canal7slp.tv\/2023\/detencion-de-uriel-carmona-fue-atropello-e-invasion-de-autoridades-ombudsperson\/#breadcrumb"},"inLanguage":"es","potentialAction":[{"@type":"ReadAction","target":["https:\/\/canal7slp.tv\/2023\/detencion-de-uriel-carmona-fue-atropello-e-invasion-de-autoridades-ombudsperson\/"]}]},{"@type":"ImageObject","inLanguage":"es","@id":"https:\/\/canal7slp.tv\/2023\/detencion-de-uriel-carmona-fue-atropello-e-invasion-de-autoridades-ombudsperson\/#primaryimage","url":"https:\/\/canal7slp.tv\/2023\/wp-content\/uploads\/2023\/08\/06-7.jpg","contentUrl":"https:\/\/canal7slp.tv\/2023\/wp-content\/uploads\/2023\/08\/06-7.jpg","width":1200,"height":750},{"@type":"BreadcrumbList","@id":"https:\/\/canal7slp.tv\/2023\/detencion-de-uriel-carmona-fue-atropello-e-invasion-de-autoridades-ombudsperson\/#breadcrumb","itemListElement":[{"@type":"ListItem","position":1,"name":"Portada","item":"https:\/\/canal7slp.tv\/2023\/"},{"@type":"ListItem","position":2,"name":"Detenci\u00f3n de Uriel Carmona, fue atropello e invasi\u00f3n de autoridades: Ombudsperson"}]},{"@type":"WebSite","@id":"https:\/\/canal7slp.tv\/2023\/#website","url":"https:\/\/canal7slp.tv\/2023\/","name":"N7 - Noticieros Canal 7","description":"Somos Televisi\u00f3n","publisher":{"@id":"https:\/\/canal7slp.tv\/2023\/#organization"},"potentialAction":[{"@type":"SearchAction","target":{"@type":"EntryPoint","urlTemplate":"https:\/\/canal7slp.tv\/2023\/?s={search_term_string}"},"query-input":{"@type":"PropertyValueSpecification","valueRequired":true,"valueName":"search_term_string"}}],"inLanguage":"es"},{"@type":"Organization","@id":"https:\/\/canal7slp.tv\/2023\/#organization","name":"Noticieros Canal 7","url":"https:\/\/canal7slp.tv\/2023\/","logo":{"@type":"ImageObject","inLanguage":"es","@id":"https:\/\/canal7slp.tv\/2023\/#\/schema\/logo\/image\/","url":"https:\/\/canal7slp.tv\/2023\/wp-content\/uploads\/2021\/01\/logo-noticieros@2x.png","contentUrl":"https:\/\/canal7slp.tv\/2023\/wp-content\/uploads\/2021\/01\/logo-noticieros@2x.png","width":1017,"height":268,"caption":"Noticieros Canal 7"},"image":{"@id":"https:\/\/canal7slp.tv\/2023\/#\/schema\/logo\/image\/"},"sameAs":["https:\/\/www.facebook.com\/noticieroscanalsiete","https:\/\/x.com\/NOTICIEROS7","https:\/\/www.instagram.com\/canal7_slp","https:\/\/www.youtube.com\/channel\/UCliiYs-gP3JfJeqdPrNdd5A"]},{"@type":"Person","@id":"https:\/\/canal7slp.tv\/2023\/#\/schema\/person\/639c424e3584069003b11ae813915da6","name":"Edici\u00f3n Web","image":{"@type":"ImageObject","inLanguage":"es","@id":"https:\/\/secure.gravatar.com\/avatar\/eee448fc3f7164808013b816ba91ac7e43bbe82a70bebac296f8bc6f0addaa1a?s=96&d=mm&r=g","url":"https:\/\/secure.gravatar.com\/avatar\/eee448fc3f7164808013b816ba91ac7e43bbe82a70bebac296f8bc6f0addaa1a?s=96&d=mm&r=g","contentUrl":"https:\/\/secure.gravatar.com\/avatar\/eee448fc3f7164808013b816ba91ac7e43bbe82a70bebac296f8bc6f0addaa1a?s=96&d=mm&r=g","caption":"Edici\u00f3n Web"},"url":"https:\/\/canal7slp.tv\/2023\/author\/edicionweb\/"}]}},"_links":{"self":[{"href":"https:\/\/canal7slp.tv\/2023\/wp-json\/wp\/v2\/posts\/103771","targetHints":{"allow":["GET"]}}],"collection":[{"href":"https:\/\/canal7slp.tv\/2023\/wp-json\/wp\/v2\/posts"}],"about":[{"href":"https:\/\/canal7slp.tv\/2023\/wp-json\/wp\/v2\/types\/post"}],"author":[{"embeddable":true,"href":"https:\/\/canal7slp.tv\/2023\/wp-json\/wp\/v2\/users\/2"}],"replies":[{"embeddable":true,"href":"https:\/\/canal7slp.tv\/2023\/wp-json\/wp\/v2\/comments?post=103771"}],"version-history":[{"count":3,"href":"https:\/\/canal7slp.tv\/2023\/wp-json\/wp\/v2\/posts\/103771\/revisions"}],"predecessor-version":[{"id":103827,"href":"https:\/\/canal7slp.tv\/2023\/wp-json\/wp\/v2\/posts\/103771\/revisions\/103827"}],"wp:featuredmedia":[{"embeddable":true,"href":"https:\/\/canal7slp.tv\/2023\/wp-json\/wp\/v2\/media\/103784"}],"wp:attachment":[{"href":"https:\/\/canal7slp.tv\/2023\/wp-json\/wp\/v2\/media?parent=103771"}],"wp:term":[{"taxonomy":"category","embeddable":true,"href":"https:\/\/canal7slp.tv\/2023\/wp-json\/wp\/v2\/categories?post=103771"},{"taxonomy":"post_tag","embeddable":true,"href":"https:\/\/canal7slp.tv\/2023\/wp-json\/wp\/v2\/tags?post=103771"}],"curies":[{"name":"wp","href":"https:\/\/api.w.org\/{rel}","templated":true}]}}