{"id":103767,"date":"2023-08-09T18:12:07","date_gmt":"2023-08-10T00:12:07","guid":{"rendered":"https:\/\/canal7slp.tv\/2023\/?p=103767"},"modified":"2023-08-09T18:12:07","modified_gmt":"2023-08-10T00:12:07","slug":"sitios-sagrados-de-pueblos-indigenas-quedaran-protegidos-amlo","status":"publish","type":"post","link":"https:\/\/canal7slp.tv\/2023\/sitios-sagrados-de-pueblos-indigenas-quedaran-protegidos-amlo\/","title":{"rendered":"Sitios sagrados de pueblos ind\u00edgenas quedar\u00e1n protegidos: AMLO"},"content":{"rendered":"<p style=\"text-align: justify;\">M\u00e9xico.- El Presidente Andr\u00e9s Manuel L\u00f3pez Obrador firm\u00f3 un decreto en el D\u00eda de los Pueblos Ind\u00edgenas para reconocer, proteger y salvaguardar los lugares sagrados y rutas de peregrinaci\u00f3n de pueblos huichol, Cora, Tepehuano, Mexicanero de Jalisco, Nayarit, Durango y San Luis Potos\u00ed.<\/p>\n<p style=\"text-align: justify;\">Este decreto tiene como objetivo proteger los lugares sagrados ubicados en:<\/p>\n<ul style=\"text-align: justify;\">\n<li>La Isla del Rey, en San Blas, Nayarit<\/li>\n<li>La Isla de Alacr\u00e1n, en Chapala, Jalisco<\/li>\n<li>Cerro Gordo San Bernardino de Milpilla, en Durango<\/li>\n<li>Wirikuta, en Real de 14 en San Luis Potos\u00ed<\/li>\n<li>Santa Catarina, en Jalisco<\/li>\n<\/ul>\n<p style=\"text-align: justify;\">Debido a esto, se instruy\u00f3 a todas las dependencias y funcionarios del gobierno para que atiendan este decreto y pongan un alto a todas las agresiones e invasiones de tierras de lugares sagrados.<\/p>\n<p style=\"text-align: justify;\">El mandatario mencion\u00f3 que este compromiso fue hecho en 2022 con autoridades tradicionales de los pueblos originarios para proteger sus lugares sagrados que son el coraz\u00f3n del M\u00e9xico profundo y la verdad m\u00e1s \u00edntima de nuestra patria.<\/p>\n","protected":false},"excerpt":{"rendered":"<p>M\u00e9xico.- El Presidente Andr\u00e9s Manuel L\u00f3pez Obrador firm\u00f3 un decreto en el D\u00eda de los Pueblos Ind\u00edgenas para reconocer, proteger y salvaguardar los lugares sagrados y rutas de peregrinaci\u00f3n de pueblos huichol, Cora, Tepehuano, Mexicanero de Jalisco, Nayarit, Durango y San Luis Potos\u00ed. Este decreto tiene como objetivo proteger los lugares sagrados ubicados en: La Isla del Rey, en San Blas, Nayarit La Isla de Alacr\u00e1n, en Chapala, Jalisco Cerro Gordo San Bernardino de Milpilla, en Durango Wirikuta, en Real de 14 en San Luis Potos\u00ed Santa Catarina, en Jalisco Debido a esto, se instruy\u00f3 a todas las dependencias y [&hellip;]<\/p>\n","protected":false},"author":2,"featured_media":103781,"comment_status":"closed","ping_status":"closed","sticky":false,"template":"","format":"standard","meta":{"footnotes":""},"categories":[46],"tags":[],"class_list":["post-103767","post","type-post","status-publish","format-standard","has-post-thumbnail","hentry","category-nacional","post--single"],"yoast_head":"<!-- This site is optimized with the Yoast SEO plugin v27.4 - https:\/\/yoast.com\/product\/yoast-seo-wordpress\/ -->\n<title>Sitios sagrados de pueblos ind\u00edgenas quedar\u00e1n protegidos: AMLO - Canal 7 SLP - 2023<\/title>\n<meta name=\"robots\" content=\"index, follow, max-snippet:-1, max-image-preview:large, max-video-preview:-1\" \/>\n<link rel=\"canonical\" href=\"https:\/\/canal7slp.tv\/2023\/sitios-sagrados-de-pueblos-indigenas-quedaran-protegidos-amlo\/\" \/>\n<meta property=\"og:locale\" content=\"es_ES\" \/>\n<meta property=\"og:type\" content=\"article\" \/>\n<meta property=\"og:title\" content=\"Sitios sagrados de pueblos ind\u00edgenas quedar\u00e1n protegidos: AMLO - Canal 7 SLP - 2023\" \/>\n<meta property=\"og:description\" content=\"M\u00e9xico.- El Presidente Andr\u00e9s Manuel L\u00f3pez Obrador firm\u00f3 un decreto en el D\u00eda de los Pueblos Ind\u00edgenas para reconocer, proteger y salvaguardar los lugares sagrados y rutas de peregrinaci\u00f3n de pueblos huichol, Cora, Tepehuano, Mexicanero de Jalisco, Nayarit, Durango y San Luis Potos\u00ed. Este decreto tiene como objetivo proteger los lugares sagrados ubicados en: La Isla del Rey, en San Blas, Nayarit La Isla de Alacr\u00e1n, en Chapala, Jalisco Cerro Gordo San Bernardino de Milpilla, en Durango Wirikuta, en Real de 14 en San Luis Potos\u00ed Santa Catarina, en Jalisco Debido a esto, se instruy\u00f3 a todas las dependencias y [&hellip;]\" \/>\n<meta property=\"og:url\" content=\"https:\/\/canal7slp.tv\/2023\/sitios-sagrados-de-pueblos-indigenas-quedaran-protegidos-amlo\/\" \/>\n<meta property=\"og:site_name\" content=\"Canal 7 SLP - 2023\" \/>\n<meta property=\"article:publisher\" content=\"https:\/\/www.facebook.com\/noticieroscanalsiete\" \/>\n<meta property=\"article:published_time\" content=\"2023-08-10T00:12:07+00:00\" \/>\n<meta property=\"og:image\" content=\"https:\/\/canal7slp.tv\/2023\/wp-content\/uploads\/2023\/08\/02-7.jpg\" \/>\n\t<meta property=\"og:image:width\" content=\"550\" \/>\n\t<meta property=\"og:image:height\" content=\"360\" \/>\n\t<meta property=\"og:image:type\" content=\"image\/jpeg\" \/>\n<meta name=\"author\" content=\"Edici\u00f3n Web\" \/>\n<meta name=\"twitter:card\" content=\"summary_large_image\" \/>\n<meta name=\"twitter:creator\" content=\"@NOTICIEROS7\" \/>\n<meta name=\"twitter:site\" content=\"@NOTICIEROS7\" \/>\n<meta name=\"twitter:label1\" content=\"Escrito por\" \/>\n\t<meta name=\"twitter:data1\" content=\"Edici\u00f3n Web\" \/>\n\t<meta name=\"twitter:label2\" content=\"Tiempo de lectura\" \/>\n\t<meta name=\"twitter:data2\" content=\"1 minuto\" \/>\n<script type=\"application\/ld+json\" class=\"yoast-schema-graph\">{\"@context\":\"https:\\\/\\\/schema.org\",\"@graph\":[{\"@type\":\"Article\",\"@id\":\"https:\\\/\\\/canal7slp.tv\\\/2023\\\/sitios-sagrados-de-pueblos-indigenas-quedaran-protegidos-amlo\\\/#article\",\"isPartOf\":{\"@id\":\"https:\\\/\\\/canal7slp.tv\\\/2023\\\/sitios-sagrados-de-pueblos-indigenas-quedaran-protegidos-amlo\\\/\"},\"author\":{\"name\":\"Edici\u00f3n Web\",\"@id\":\"https:\\\/\\\/canal7slp.tv\\\/2023\\\/#\\\/schema\\\/person\\\/639c424e3584069003b11ae813915da6\"},\"headline\":\"Sitios sagrados de pueblos ind\u00edgenas quedar\u00e1n protegidos: AMLO\",\"datePublished\":\"2023-08-10T00:12:07+00:00\",\"mainEntityOfPage\":{\"@id\":\"https:\\\/\\\/canal7slp.tv\\\/2023\\\/sitios-sagrados-de-pueblos-indigenas-quedaran-protegidos-amlo\\\/\"},\"wordCount\":179,\"publisher\":{\"@id\":\"https:\\\/\\\/canal7slp.tv\\\/2023\\\/#organization\"},\"image\":{\"@id\":\"https:\\\/\\\/canal7slp.tv\\\/2023\\\/sitios-sagrados-de-pueblos-indigenas-quedaran-protegidos-amlo\\\/#primaryimage\"},\"thumbnailUrl\":\"https:\\\/\\\/canal7slp.tv\\\/2023\\\/wp-content\\\/uploads\\\/2023\\\/08\\\/02-7.jpg\",\"articleSection\":[\"NACIONALES\"],\"inLanguage\":\"es\"},{\"@type\":\"WebPage\",\"@id\":\"https:\\\/\\\/canal7slp.tv\\\/2023\\\/sitios-sagrados-de-pueblos-indigenas-quedaran-protegidos-amlo\\\/\",\"url\":\"https:\\\/\\\/canal7slp.tv\\\/2023\\\/sitios-sagrados-de-pueblos-indigenas-quedaran-protegidos-amlo\\\/\",\"name\":\"Sitios sagrados de pueblos ind\u00edgenas quedar\u00e1n protegidos: AMLO - Canal 7 SLP - 2023\",\"isPartOf\":{\"@id\":\"https:\\\/\\\/canal7slp.tv\\\/2023\\\/#website\"},\"primaryImageOfPage\":{\"@id\":\"https:\\\/\\\/canal7slp.tv\\\/2023\\\/sitios-sagrados-de-pueblos-indigenas-quedaran-protegidos-amlo\\\/#primaryimage\"},\"image\":{\"@id\":\"https:\\\/\\\/canal7slp.tv\\\/2023\\\/sitios-sagrados-de-pueblos-indigenas-quedaran-protegidos-amlo\\\/#primaryimage\"},\"thumbnailUrl\":\"https:\\\/\\\/canal7slp.tv\\\/2023\\\/wp-content\\\/uploads\\\/2023\\\/08\\\/02-7.jpg\",\"datePublished\":\"2023-08-10T00:12:07+00:00\",\"breadcrumb\":{\"@id\":\"https:\\\/\\\/canal7slp.tv\\\/2023\\\/sitios-sagrados-de-pueblos-indigenas-quedaran-protegidos-amlo\\\/#breadcrumb\"},\"inLanguage\":\"es\",\"potentialAction\":[{\"@type\":\"ReadAction\",\"target\":[\"https:\\\/\\\/canal7slp.tv\\\/2023\\\/sitios-sagrados-de-pueblos-indigenas-quedaran-protegidos-amlo\\\/\"]}]},{\"@type\":\"ImageObject\",\"inLanguage\":\"es\",\"@id\":\"https:\\\/\\\/canal7slp.tv\\\/2023\\\/sitios-sagrados-de-pueblos-indigenas-quedaran-protegidos-amlo\\\/#primaryimage\",\"url\":\"https:\\\/\\\/canal7slp.tv\\\/2023\\\/wp-content\\\/uploads\\\/2023\\\/08\\\/02-7.jpg\",\"contentUrl\":\"https:\\\/\\\/canal7slp.tv\\\/2023\\\/wp-content\\\/uploads\\\/2023\\\/08\\\/02-7.jpg\",\"width\":550,\"height\":360},{\"@type\":\"BreadcrumbList\",\"@id\":\"https:\\\/\\\/canal7slp.tv\\\/2023\\\/sitios-sagrados-de-pueblos-indigenas-quedaran-protegidos-amlo\\\/#breadcrumb\",\"itemListElement\":[{\"@type\":\"ListItem\",\"position\":1,\"name\":\"Portada\",\"item\":\"https:\\\/\\\/canal7slp.tv\\\/2023\\\/\"},{\"@type\":\"ListItem\",\"position\":2,\"name\":\"Sitios sagrados de pueblos ind\u00edgenas quedar\u00e1n protegidos: AMLO\"}]},{\"@type\":\"WebSite\",\"@id\":\"https:\\\/\\\/canal7slp.tv\\\/2023\\\/#website\",\"url\":\"https:\\\/\\\/canal7slp.tv\\\/2023\\\/\",\"name\":\"N7 - Noticieros Canal 7\",\"description\":\"Somos Televisi\u00f3n\",\"publisher\":{\"@id\":\"https:\\\/\\\/canal7slp.tv\\\/2023\\\/#organization\"},\"potentialAction\":[{\"@type\":\"SearchAction\",\"target\":{\"@type\":\"EntryPoint\",\"urlTemplate\":\"https:\\\/\\\/canal7slp.tv\\\/2023\\\/?s={search_term_string}\"},\"query-input\":{\"@type\":\"PropertyValueSpecification\",\"valueRequired\":true,\"valueName\":\"search_term_string\"}}],\"inLanguage\":\"es\"},{\"@type\":\"Organization\",\"@id\":\"https:\\\/\\\/canal7slp.tv\\\/2023\\\/#organization\",\"name\":\"Noticieros Canal 7\",\"url\":\"https:\\\/\\\/canal7slp.tv\\\/2023\\\/\",\"logo\":{\"@type\":\"ImageObject\",\"inLanguage\":\"es\",\"@id\":\"https:\\\/\\\/canal7slp.tv\\\/2023\\\/#\\\/schema\\\/logo\\\/image\\\/\",\"url\":\"https:\\\/\\\/canal7slp.tv\\\/2023\\\/wp-content\\\/uploads\\\/2021\\\/01\\\/logo-noticieros@2x.png\",\"contentUrl\":\"https:\\\/\\\/canal7slp.tv\\\/2023\\\/wp-content\\\/uploads\\\/2021\\\/01\\\/logo-noticieros@2x.png\",\"width\":1017,\"height\":268,\"caption\":\"Noticieros Canal 7\"},\"image\":{\"@id\":\"https:\\\/\\\/canal7slp.tv\\\/2023\\\/#\\\/schema\\\/logo\\\/image\\\/\"},\"sameAs\":[\"https:\\\/\\\/www.facebook.com\\\/noticieroscanalsiete\",\"https:\\\/\\\/x.com\\\/NOTICIEROS7\",\"https:\\\/\\\/www.instagram.com\\\/canal7_slp\",\"https:\\\/\\\/www.youtube.com\\\/channel\\\/UCliiYs-gP3JfJeqdPrNdd5A\"]},{\"@type\":\"Person\",\"@id\":\"https:\\\/\\\/canal7slp.tv\\\/2023\\\/#\\\/schema\\\/person\\\/639c424e3584069003b11ae813915da6\",\"name\":\"Edici\u00f3n Web\",\"image\":{\"@type\":\"ImageObject\",\"inLanguage\":\"es\",\"@id\":\"https:\\\/\\\/secure.gravatar.com\\\/avatar\\\/eee448fc3f7164808013b816ba91ac7e43bbe82a70bebac296f8bc6f0addaa1a?s=96&d=mm&r=g\",\"url\":\"https:\\\/\\\/secure.gravatar.com\\\/avatar\\\/eee448fc3f7164808013b816ba91ac7e43bbe82a70bebac296f8bc6f0addaa1a?s=96&d=mm&r=g\",\"contentUrl\":\"https:\\\/\\\/secure.gravatar.com\\\/avatar\\\/eee448fc3f7164808013b816ba91ac7e43bbe82a70bebac296f8bc6f0addaa1a?s=96&d=mm&r=g\",\"caption\":\"Edici\u00f3n Web\"},\"url\":\"https:\\\/\\\/canal7slp.tv\\\/2023\\\/author\\\/edicionweb\\\/\"}]}<\/script>\n<!-- \/ Yoast SEO plugin. -->","yoast_head_json":{"title":"Sitios sagrados de pueblos ind\u00edgenas quedar\u00e1n protegidos: AMLO - Canal 7 SLP - 2023","robots":{"index":"index","follow":"follow","max-snippet":"max-snippet:-1","max-image-preview":"max-image-preview:large","max-video-preview":"max-video-preview:-1"},"canonical":"https:\/\/canal7slp.tv\/2023\/sitios-sagrados-de-pueblos-indigenas-quedaran-protegidos-amlo\/","og_locale":"es_ES","og_type":"article","og_title":"Sitios sagrados de pueblos ind\u00edgenas quedar\u00e1n protegidos: AMLO - Canal 7 SLP - 2023","og_description":"M\u00e9xico.- El Presidente Andr\u00e9s Manuel L\u00f3pez Obrador firm\u00f3 un decreto en el D\u00eda de los Pueblos Ind\u00edgenas para reconocer, proteger y salvaguardar los lugares sagrados y rutas de peregrinaci\u00f3n de pueblos huichol, Cora, Tepehuano, Mexicanero de Jalisco, Nayarit, Durango y San Luis Potos\u00ed. Este decreto tiene como objetivo proteger los lugares sagrados ubicados en: La Isla del Rey, en San Blas, Nayarit La Isla de Alacr\u00e1n, en Chapala, Jalisco Cerro Gordo San Bernardino de Milpilla, en Durango Wirikuta, en Real de 14 en San Luis Potos\u00ed Santa Catarina, en Jalisco Debido a esto, se instruy\u00f3 a todas las dependencias y [&hellip;]","og_url":"https:\/\/canal7slp.tv\/2023\/sitios-sagrados-de-pueblos-indigenas-quedaran-protegidos-amlo\/","og_site_name":"Canal 7 SLP - 2023","article_publisher":"https:\/\/www.facebook.com\/noticieroscanalsiete","article_published_time":"2023-08-10T00:12:07+00:00","og_image":[{"width":550,"height":360,"url":"https:\/\/canal7slp.tv\/2023\/wp-content\/uploads\/2023\/08\/02-7.jpg","type":"image\/jpeg"}],"author":"Edici\u00f3n Web","twitter_card":"summary_large_image","twitter_creator":"@NOTICIEROS7","twitter_site":"@NOTICIEROS7","twitter_misc":{"Escrito por":"Edici\u00f3n Web","Tiempo de lectura":"1 minuto"},"schema":{"@context":"https:\/\/schema.org","@graph":[{"@type":"Article","@id":"https:\/\/canal7slp.tv\/2023\/sitios-sagrados-de-pueblos-indigenas-quedaran-protegidos-amlo\/#article","isPartOf":{"@id":"https:\/\/canal7slp.tv\/2023\/sitios-sagrados-de-pueblos-indigenas-quedaran-protegidos-amlo\/"},"author":{"name":"Edici\u00f3n Web","@id":"https:\/\/canal7slp.tv\/2023\/#\/schema\/person\/639c424e3584069003b11ae813915da6"},"headline":"Sitios sagrados de pueblos ind\u00edgenas quedar\u00e1n protegidos: AMLO","datePublished":"2023-08-10T00:12:07+00:00","mainEntityOfPage":{"@id":"https:\/\/canal7slp.tv\/2023\/sitios-sagrados-de-pueblos-indigenas-quedaran-protegidos-amlo\/"},"wordCount":179,"publisher":{"@id":"https:\/\/canal7slp.tv\/2023\/#organization"},"image":{"@id":"https:\/\/canal7slp.tv\/2023\/sitios-sagrados-de-pueblos-indigenas-quedaran-protegidos-amlo\/#primaryimage"},"thumbnailUrl":"https:\/\/canal7slp.tv\/2023\/wp-content\/uploads\/2023\/08\/02-7.jpg","articleSection":["NACIONALES"],"inLanguage":"es"},{"@type":"WebPage","@id":"https:\/\/canal7slp.tv\/2023\/sitios-sagrados-de-pueblos-indigenas-quedaran-protegidos-amlo\/","url":"https:\/\/canal7slp.tv\/2023\/sitios-sagrados-de-pueblos-indigenas-quedaran-protegidos-amlo\/","name":"Sitios sagrados de pueblos ind\u00edgenas quedar\u00e1n protegidos: AMLO - Canal 7 SLP - 2023","isPartOf":{"@id":"https:\/\/canal7slp.tv\/2023\/#website"},"primaryImageOfPage":{"@id":"https:\/\/canal7slp.tv\/2023\/sitios-sagrados-de-pueblos-indigenas-quedaran-protegidos-amlo\/#primaryimage"},"image":{"@id":"https:\/\/canal7slp.tv\/2023\/sitios-sagrados-de-pueblos-indigenas-quedaran-protegidos-amlo\/#primaryimage"},"thumbnailUrl":"https:\/\/canal7slp.tv\/2023\/wp-content\/uploads\/2023\/08\/02-7.jpg","datePublished":"2023-08-10T00:12:07+00:00","breadcrumb":{"@id":"https:\/\/canal7slp.tv\/2023\/sitios-sagrados-de-pueblos-indigenas-quedaran-protegidos-amlo\/#breadcrumb"},"inLanguage":"es","potentialAction":[{"@type":"ReadAction","target":["https:\/\/canal7slp.tv\/2023\/sitios-sagrados-de-pueblos-indigenas-quedaran-protegidos-amlo\/"]}]},{"@type":"ImageObject","inLanguage":"es","@id":"https:\/\/canal7slp.tv\/2023\/sitios-sagrados-de-pueblos-indigenas-quedaran-protegidos-amlo\/#primaryimage","url":"https:\/\/canal7slp.tv\/2023\/wp-content\/uploads\/2023\/08\/02-7.jpg","contentUrl":"https:\/\/canal7slp.tv\/2023\/wp-content\/uploads\/2023\/08\/02-7.jpg","width":550,"height":360},{"@type":"BreadcrumbList","@id":"https:\/\/canal7slp.tv\/2023\/sitios-sagrados-de-pueblos-indigenas-quedaran-protegidos-amlo\/#breadcrumb","itemListElement":[{"@type":"ListItem","position":1,"name":"Portada","item":"https:\/\/canal7slp.tv\/2023\/"},{"@type":"ListItem","position":2,"name":"Sitios sagrados de pueblos ind\u00edgenas quedar\u00e1n protegidos: AMLO"}]},{"@type":"WebSite","@id":"https:\/\/canal7slp.tv\/2023\/#website","url":"https:\/\/canal7slp.tv\/2023\/","name":"N7 - Noticieros Canal 7","description":"Somos Televisi\u00f3n","publisher":{"@id":"https:\/\/canal7slp.tv\/2023\/#organization"},"potentialAction":[{"@type":"SearchAction","target":{"@type":"EntryPoint","urlTemplate":"https:\/\/canal7slp.tv\/2023\/?s={search_term_string}"},"query-input":{"@type":"PropertyValueSpecification","valueRequired":true,"valueName":"search_term_string"}}],"inLanguage":"es"},{"@type":"Organization","@id":"https:\/\/canal7slp.tv\/2023\/#organization","name":"Noticieros Canal 7","url":"https:\/\/canal7slp.tv\/2023\/","logo":{"@type":"ImageObject","inLanguage":"es","@id":"https:\/\/canal7slp.tv\/2023\/#\/schema\/logo\/image\/","url":"https:\/\/canal7slp.tv\/2023\/wp-content\/uploads\/2021\/01\/logo-noticieros@2x.png","contentUrl":"https:\/\/canal7slp.tv\/2023\/wp-content\/uploads\/2021\/01\/logo-noticieros@2x.png","width":1017,"height":268,"caption":"Noticieros Canal 7"},"image":{"@id":"https:\/\/canal7slp.tv\/2023\/#\/schema\/logo\/image\/"},"sameAs":["https:\/\/www.facebook.com\/noticieroscanalsiete","https:\/\/x.com\/NOTICIEROS7","https:\/\/www.instagram.com\/canal7_slp","https:\/\/www.youtube.com\/channel\/UCliiYs-gP3JfJeqdPrNdd5A"]},{"@type":"Person","@id":"https:\/\/canal7slp.tv\/2023\/#\/schema\/person\/639c424e3584069003b11ae813915da6","name":"Edici\u00f3n Web","image":{"@type":"ImageObject","inLanguage":"es","@id":"https:\/\/secure.gravatar.com\/avatar\/eee448fc3f7164808013b816ba91ac7e43bbe82a70bebac296f8bc6f0addaa1a?s=96&d=mm&r=g","url":"https:\/\/secure.gravatar.com\/avatar\/eee448fc3f7164808013b816ba91ac7e43bbe82a70bebac296f8bc6f0addaa1a?s=96&d=mm&r=g","contentUrl":"https:\/\/secure.gravatar.com\/avatar\/eee448fc3f7164808013b816ba91ac7e43bbe82a70bebac296f8bc6f0addaa1a?s=96&d=mm&r=g","caption":"Edici\u00f3n Web"},"url":"https:\/\/canal7slp.tv\/2023\/author\/edicionweb\/"}]}},"_links":{"self":[{"href":"https:\/\/canal7slp.tv\/2023\/wp-json\/wp\/v2\/posts\/103767","targetHints":{"allow":["GET"]}}],"collection":[{"href":"https:\/\/canal7slp.tv\/2023\/wp-json\/wp\/v2\/posts"}],"about":[{"href":"https:\/\/canal7slp.tv\/2023\/wp-json\/wp\/v2\/types\/post"}],"author":[{"embeddable":true,"href":"https:\/\/canal7slp.tv\/2023\/wp-json\/wp\/v2\/users\/2"}],"replies":[{"embeddable":true,"href":"https:\/\/canal7slp.tv\/2023\/wp-json\/wp\/v2\/comments?post=103767"}],"version-history":[{"count":3,"href":"https:\/\/canal7slp.tv\/2023\/wp-json\/wp\/v2\/posts\/103767\/revisions"}],"predecessor-version":[{"id":103822,"href":"https:\/\/canal7slp.tv\/2023\/wp-json\/wp\/v2\/posts\/103767\/revisions\/103822"}],"wp:featuredmedia":[{"embeddable":true,"href":"https:\/\/canal7slp.tv\/2023\/wp-json\/wp\/v2\/media\/103781"}],"wp:attachment":[{"href":"https:\/\/canal7slp.tv\/2023\/wp-json\/wp\/v2\/media?parent=103767"}],"wp:term":[{"taxonomy":"category","embeddable":true,"href":"https:\/\/canal7slp.tv\/2023\/wp-json\/wp\/v2\/categories?post=103767"},{"taxonomy":"post_tag","embeddable":true,"href":"https:\/\/canal7slp.tv\/2023\/wp-json\/wp\/v2\/tags?post=103767"}],"curies":[{"name":"wp","href":"https:\/\/api.w.org\/{rel}","templated":true}]}}