{"id":103747,"date":"2023-08-09T12:58:32","date_gmt":"2023-08-09T18:58:32","guid":{"rendered":"https:\/\/canal7slp.tv\/2023\/?p=103747"},"modified":"2023-08-09T21:34:37","modified_gmt":"2023-08-10T03:34:37","slug":"confirman-15-contagios-nuevos-de-coronavirus-en-slp","status":"publish","type":"post","link":"https:\/\/canal7slp.tv\/2023\/confirman-15-contagios-nuevos-de-coronavirus-en-slp\/","title":{"rendered":"Confirman 15 contagios nuevos de coronavirus en SLP"},"content":{"rendered":"<p style=\"text-align: justify;\">SLP.-\u00a0El Comit\u00e9 Estatal para la Seguridad en la Salud registr\u00f3 15 casos nuevos de COVID-19.<\/p>\n<p style=\"text-align: justify;\">El \u00edndice de letalidad asciende a 3.07 por ciento.<\/p>\n<p style=\"text-align: justify;\">Desde que inici\u00f3 la contingencia sanitaria, se han reportado 250 mil 819 contagios y siete mil 726 decesos.<\/p>\n<p style=\"text-align: justify;\">De los nuevos casos confirmados, 11 se dieron en la capital potosina, uno en Soledad de Graciano S\u00e1nchez, uno en Villa de Arriaga, uno en Ciudad Fern\u00e1ndez y uno en Ray\u00f3n.<\/p>\n<p style=\"text-align: justify;\">En este sentido, 11 correspondieron a mujeres y cuatro a hombres; con un rango de edad de 23 a 77 a\u00f1os.<\/p>\n<p style=\"text-align: justify;\">El personal de salud pide no caer en exceso de confianza.<\/p>\n<p>Por: Paulina Rodr\u00edguez<\/p>\n","protected":false},"excerpt":{"rendered":"<p>SLP.-\u00a0El Comit\u00e9 Estatal para la Seguridad en la Salud registr\u00f3 15 casos nuevos de COVID-19. El \u00edndice de letalidad asciende a 3.07 por ciento. Desde que inici\u00f3 la contingencia sanitaria, se han reportado 250 mil 819 contagios y siete mil 726 decesos. De los nuevos casos confirmados, 11 se dieron en la capital potosina, uno en Soledad de Graciano S\u00e1nchez, uno en Villa de Arriaga, uno en Ciudad Fern\u00e1ndez y uno en Ray\u00f3n. En este sentido, 11 correspondieron a mujeres y cuatro a hombres; con un rango de edad de 23 a 77 a\u00f1os. El personal de salud pide no [&hellip;]<\/p>\n","protected":false},"author":2,"featured_media":103851,"comment_status":"closed","ping_status":"closed","sticky":false,"template":"","format":"standard","meta":{"footnotes":""},"categories":[4,5,45],"tags":[],"class_list":["post-103747","post","type-post","status-publish","format-standard","has-post-thumbnail","hentry","category-covid-19","category-destacadas","category-localesyregionales","post--single"],"yoast_head":"<!-- This site is optimized with the Yoast SEO plugin v27.4 - https:\/\/yoast.com\/product\/yoast-seo-wordpress\/ -->\n<title>Confirman 15 contagios nuevos de coronavirus en SLP - Canal 7 SLP - 2023<\/title>\n<meta name=\"robots\" content=\"index, follow, max-snippet:-1, max-image-preview:large, max-video-preview:-1\" \/>\n<link rel=\"canonical\" href=\"https:\/\/canal7slp.tv\/2023\/confirman-15-contagios-nuevos-de-coronavirus-en-slp\/\" \/>\n<meta property=\"og:locale\" content=\"es_ES\" \/>\n<meta property=\"og:type\" content=\"article\" \/>\n<meta property=\"og:title\" content=\"Confirman 15 contagios nuevos de coronavirus en SLP - Canal 7 SLP - 2023\" \/>\n<meta property=\"og:description\" content=\"SLP.-\u00a0El Comit\u00e9 Estatal para la Seguridad en la Salud registr\u00f3 15 casos nuevos de COVID-19. El \u00edndice de letalidad asciende a 3.07 por ciento. Desde que inici\u00f3 la contingencia sanitaria, se han reportado 250 mil 819 contagios y siete mil 726 decesos. De los nuevos casos confirmados, 11 se dieron en la capital potosina, uno en Soledad de Graciano S\u00e1nchez, uno en Villa de Arriaga, uno en Ciudad Fern\u00e1ndez y uno en Ray\u00f3n. En este sentido, 11 correspondieron a mujeres y cuatro a hombres; con un rango de edad de 23 a 77 a\u00f1os. El personal de salud pide no [&hellip;]\" \/>\n<meta property=\"og:url\" content=\"https:\/\/canal7slp.tv\/2023\/confirman-15-contagios-nuevos-de-coronavirus-en-slp\/\" \/>\n<meta property=\"og:site_name\" content=\"Canal 7 SLP - 2023\" \/>\n<meta property=\"article:publisher\" content=\"https:\/\/www.facebook.com\/noticieroscanalsiete\" \/>\n<meta property=\"article:published_time\" content=\"2023-08-09T18:58:32+00:00\" \/>\n<meta property=\"article:modified_time\" content=\"2023-08-10T03:34:37+00:00\" \/>\n<meta property=\"og:image\" content=\"https:\/\/canal7slp.tv\/2023\/wp-content\/uploads\/2023\/08\/Pau01Covid-3.jpg\" \/>\n\t<meta property=\"og:image:width\" content=\"1280\" \/>\n\t<meta property=\"og:image:height\" content=\"720\" \/>\n\t<meta property=\"og:image:type\" content=\"image\/jpeg\" \/>\n<meta name=\"author\" content=\"Edici\u00f3n Web\" \/>\n<meta name=\"twitter:card\" content=\"summary_large_image\" \/>\n<meta name=\"twitter:creator\" content=\"@NOTICIEROS7\" \/>\n<meta name=\"twitter:site\" content=\"@NOTICIEROS7\" \/>\n<meta name=\"twitter:label1\" content=\"Escrito por\" \/>\n\t<meta name=\"twitter:data1\" content=\"Edici\u00f3n Web\" \/>\n\t<meta name=\"twitter:label2\" content=\"Tiempo de lectura\" \/>\n\t<meta name=\"twitter:data2\" content=\"1 minuto\" \/>\n<script type=\"application\/ld+json\" class=\"yoast-schema-graph\">{\"@context\":\"https:\\\/\\\/schema.org\",\"@graph\":[{\"@type\":\"Article\",\"@id\":\"https:\\\/\\\/canal7slp.tv\\\/2023\\\/confirman-15-contagios-nuevos-de-coronavirus-en-slp\\\/#article\",\"isPartOf\":{\"@id\":\"https:\\\/\\\/canal7slp.tv\\\/2023\\\/confirman-15-contagios-nuevos-de-coronavirus-en-slp\\\/\"},\"author\":{\"name\":\"Edici\u00f3n Web\",\"@id\":\"https:\\\/\\\/canal7slp.tv\\\/2023\\\/#\\\/schema\\\/person\\\/639c424e3584069003b11ae813915da6\"},\"headline\":\"Confirman 15 contagios nuevos de coronavirus en SLP\",\"datePublished\":\"2023-08-09T18:58:32+00:00\",\"dateModified\":\"2023-08-10T03:34:37+00:00\",\"mainEntityOfPage\":{\"@id\":\"https:\\\/\\\/canal7slp.tv\\\/2023\\\/confirman-15-contagios-nuevos-de-coronavirus-en-slp\\\/\"},\"wordCount\":113,\"publisher\":{\"@id\":\"https:\\\/\\\/canal7slp.tv\\\/2023\\\/#organization\"},\"image\":{\"@id\":\"https:\\\/\\\/canal7slp.tv\\\/2023\\\/confirman-15-contagios-nuevos-de-coronavirus-en-slp\\\/#primaryimage\"},\"thumbnailUrl\":\"https:\\\/\\\/canal7slp.tv\\\/2023\\\/wp-content\\\/uploads\\\/2023\\\/08\\\/Pau01Covid-3.jpg\",\"articleSection\":[\"COVID-19\",\"DESTACADAS\",\"LOCALES Y REGIONALES\"],\"inLanguage\":\"es\"},{\"@type\":\"WebPage\",\"@id\":\"https:\\\/\\\/canal7slp.tv\\\/2023\\\/confirman-15-contagios-nuevos-de-coronavirus-en-slp\\\/\",\"url\":\"https:\\\/\\\/canal7slp.tv\\\/2023\\\/confirman-15-contagios-nuevos-de-coronavirus-en-slp\\\/\",\"name\":\"Confirman 15 contagios nuevos de coronavirus en SLP - Canal 7 SLP - 2023\",\"isPartOf\":{\"@id\":\"https:\\\/\\\/canal7slp.tv\\\/2023\\\/#website\"},\"primaryImageOfPage\":{\"@id\":\"https:\\\/\\\/canal7slp.tv\\\/2023\\\/confirman-15-contagios-nuevos-de-coronavirus-en-slp\\\/#primaryimage\"},\"image\":{\"@id\":\"https:\\\/\\\/canal7slp.tv\\\/2023\\\/confirman-15-contagios-nuevos-de-coronavirus-en-slp\\\/#primaryimage\"},\"thumbnailUrl\":\"https:\\\/\\\/canal7slp.tv\\\/2023\\\/wp-content\\\/uploads\\\/2023\\\/08\\\/Pau01Covid-3.jpg\",\"datePublished\":\"2023-08-09T18:58:32+00:00\",\"dateModified\":\"2023-08-10T03:34:37+00:00\",\"breadcrumb\":{\"@id\":\"https:\\\/\\\/canal7slp.tv\\\/2023\\\/confirman-15-contagios-nuevos-de-coronavirus-en-slp\\\/#breadcrumb\"},\"inLanguage\":\"es\",\"potentialAction\":[{\"@type\":\"ReadAction\",\"target\":[\"https:\\\/\\\/canal7slp.tv\\\/2023\\\/confirman-15-contagios-nuevos-de-coronavirus-en-slp\\\/\"]}]},{\"@type\":\"ImageObject\",\"inLanguage\":\"es\",\"@id\":\"https:\\\/\\\/canal7slp.tv\\\/2023\\\/confirman-15-contagios-nuevos-de-coronavirus-en-slp\\\/#primaryimage\",\"url\":\"https:\\\/\\\/canal7slp.tv\\\/2023\\\/wp-content\\\/uploads\\\/2023\\\/08\\\/Pau01Covid-3.jpg\",\"contentUrl\":\"https:\\\/\\\/canal7slp.tv\\\/2023\\\/wp-content\\\/uploads\\\/2023\\\/08\\\/Pau01Covid-3.jpg\",\"width\":1280,\"height\":720},{\"@type\":\"BreadcrumbList\",\"@id\":\"https:\\\/\\\/canal7slp.tv\\\/2023\\\/confirman-15-contagios-nuevos-de-coronavirus-en-slp\\\/#breadcrumb\",\"itemListElement\":[{\"@type\":\"ListItem\",\"position\":1,\"name\":\"Portada\",\"item\":\"https:\\\/\\\/canal7slp.tv\\\/2023\\\/\"},{\"@type\":\"ListItem\",\"position\":2,\"name\":\"Confirman 15 contagios nuevos de coronavirus en SLP\"}]},{\"@type\":\"WebSite\",\"@id\":\"https:\\\/\\\/canal7slp.tv\\\/2023\\\/#website\",\"url\":\"https:\\\/\\\/canal7slp.tv\\\/2023\\\/\",\"name\":\"N7 - Noticieros Canal 7\",\"description\":\"Somos Televisi\u00f3n\",\"publisher\":{\"@id\":\"https:\\\/\\\/canal7slp.tv\\\/2023\\\/#organization\"},\"potentialAction\":[{\"@type\":\"SearchAction\",\"target\":{\"@type\":\"EntryPoint\",\"urlTemplate\":\"https:\\\/\\\/canal7slp.tv\\\/2023\\\/?s={search_term_string}\"},\"query-input\":{\"@type\":\"PropertyValueSpecification\",\"valueRequired\":true,\"valueName\":\"search_term_string\"}}],\"inLanguage\":\"es\"},{\"@type\":\"Organization\",\"@id\":\"https:\\\/\\\/canal7slp.tv\\\/2023\\\/#organization\",\"name\":\"Noticieros Canal 7\",\"url\":\"https:\\\/\\\/canal7slp.tv\\\/2023\\\/\",\"logo\":{\"@type\":\"ImageObject\",\"inLanguage\":\"es\",\"@id\":\"https:\\\/\\\/canal7slp.tv\\\/2023\\\/#\\\/schema\\\/logo\\\/image\\\/\",\"url\":\"https:\\\/\\\/canal7slp.tv\\\/2023\\\/wp-content\\\/uploads\\\/2021\\\/01\\\/logo-noticieros@2x.png\",\"contentUrl\":\"https:\\\/\\\/canal7slp.tv\\\/2023\\\/wp-content\\\/uploads\\\/2021\\\/01\\\/logo-noticieros@2x.png\",\"width\":1017,\"height\":268,\"caption\":\"Noticieros Canal 7\"},\"image\":{\"@id\":\"https:\\\/\\\/canal7slp.tv\\\/2023\\\/#\\\/schema\\\/logo\\\/image\\\/\"},\"sameAs\":[\"https:\\\/\\\/www.facebook.com\\\/noticieroscanalsiete\",\"https:\\\/\\\/x.com\\\/NOTICIEROS7\",\"https:\\\/\\\/www.instagram.com\\\/canal7_slp\",\"https:\\\/\\\/www.youtube.com\\\/channel\\\/UCliiYs-gP3JfJeqdPrNdd5A\"]},{\"@type\":\"Person\",\"@id\":\"https:\\\/\\\/canal7slp.tv\\\/2023\\\/#\\\/schema\\\/person\\\/639c424e3584069003b11ae813915da6\",\"name\":\"Edici\u00f3n Web\",\"image\":{\"@type\":\"ImageObject\",\"inLanguage\":\"es\",\"@id\":\"https:\\\/\\\/secure.gravatar.com\\\/avatar\\\/eee448fc3f7164808013b816ba91ac7e43bbe82a70bebac296f8bc6f0addaa1a?s=96&d=mm&r=g\",\"url\":\"https:\\\/\\\/secure.gravatar.com\\\/avatar\\\/eee448fc3f7164808013b816ba91ac7e43bbe82a70bebac296f8bc6f0addaa1a?s=96&d=mm&r=g\",\"contentUrl\":\"https:\\\/\\\/secure.gravatar.com\\\/avatar\\\/eee448fc3f7164808013b816ba91ac7e43bbe82a70bebac296f8bc6f0addaa1a?s=96&d=mm&r=g\",\"caption\":\"Edici\u00f3n Web\"},\"url\":\"https:\\\/\\\/canal7slp.tv\\\/2023\\\/author\\\/edicionweb\\\/\"}]}<\/script>\n<!-- \/ Yoast SEO plugin. -->","yoast_head_json":{"title":"Confirman 15 contagios nuevos de coronavirus en SLP - Canal 7 SLP - 2023","robots":{"index":"index","follow":"follow","max-snippet":"max-snippet:-1","max-image-preview":"max-image-preview:large","max-video-preview":"max-video-preview:-1"},"canonical":"https:\/\/canal7slp.tv\/2023\/confirman-15-contagios-nuevos-de-coronavirus-en-slp\/","og_locale":"es_ES","og_type":"article","og_title":"Confirman 15 contagios nuevos de coronavirus en SLP - Canal 7 SLP - 2023","og_description":"SLP.-\u00a0El Comit\u00e9 Estatal para la Seguridad en la Salud registr\u00f3 15 casos nuevos de COVID-19. El \u00edndice de letalidad asciende a 3.07 por ciento. Desde que inici\u00f3 la contingencia sanitaria, se han reportado 250 mil 819 contagios y siete mil 726 decesos. De los nuevos casos confirmados, 11 se dieron en la capital potosina, uno en Soledad de Graciano S\u00e1nchez, uno en Villa de Arriaga, uno en Ciudad Fern\u00e1ndez y uno en Ray\u00f3n. En este sentido, 11 correspondieron a mujeres y cuatro a hombres; con un rango de edad de 23 a 77 a\u00f1os. El personal de salud pide no [&hellip;]","og_url":"https:\/\/canal7slp.tv\/2023\/confirman-15-contagios-nuevos-de-coronavirus-en-slp\/","og_site_name":"Canal 7 SLP - 2023","article_publisher":"https:\/\/www.facebook.com\/noticieroscanalsiete","article_published_time":"2023-08-09T18:58:32+00:00","article_modified_time":"2023-08-10T03:34:37+00:00","og_image":[{"width":1280,"height":720,"url":"https:\/\/canal7slp.tv\/2023\/wp-content\/uploads\/2023\/08\/Pau01Covid-3.jpg","type":"image\/jpeg"}],"author":"Edici\u00f3n Web","twitter_card":"summary_large_image","twitter_creator":"@NOTICIEROS7","twitter_site":"@NOTICIEROS7","twitter_misc":{"Escrito por":"Edici\u00f3n Web","Tiempo de lectura":"1 minuto"},"schema":{"@context":"https:\/\/schema.org","@graph":[{"@type":"Article","@id":"https:\/\/canal7slp.tv\/2023\/confirman-15-contagios-nuevos-de-coronavirus-en-slp\/#article","isPartOf":{"@id":"https:\/\/canal7slp.tv\/2023\/confirman-15-contagios-nuevos-de-coronavirus-en-slp\/"},"author":{"name":"Edici\u00f3n Web","@id":"https:\/\/canal7slp.tv\/2023\/#\/schema\/person\/639c424e3584069003b11ae813915da6"},"headline":"Confirman 15 contagios nuevos de coronavirus en SLP","datePublished":"2023-08-09T18:58:32+00:00","dateModified":"2023-08-10T03:34:37+00:00","mainEntityOfPage":{"@id":"https:\/\/canal7slp.tv\/2023\/confirman-15-contagios-nuevos-de-coronavirus-en-slp\/"},"wordCount":113,"publisher":{"@id":"https:\/\/canal7slp.tv\/2023\/#organization"},"image":{"@id":"https:\/\/canal7slp.tv\/2023\/confirman-15-contagios-nuevos-de-coronavirus-en-slp\/#primaryimage"},"thumbnailUrl":"https:\/\/canal7slp.tv\/2023\/wp-content\/uploads\/2023\/08\/Pau01Covid-3.jpg","articleSection":["COVID-19","DESTACADAS","LOCALES Y REGIONALES"],"inLanguage":"es"},{"@type":"WebPage","@id":"https:\/\/canal7slp.tv\/2023\/confirman-15-contagios-nuevos-de-coronavirus-en-slp\/","url":"https:\/\/canal7slp.tv\/2023\/confirman-15-contagios-nuevos-de-coronavirus-en-slp\/","name":"Confirman 15 contagios nuevos de coronavirus en SLP - Canal 7 SLP - 2023","isPartOf":{"@id":"https:\/\/canal7slp.tv\/2023\/#website"},"primaryImageOfPage":{"@id":"https:\/\/canal7slp.tv\/2023\/confirman-15-contagios-nuevos-de-coronavirus-en-slp\/#primaryimage"},"image":{"@id":"https:\/\/canal7slp.tv\/2023\/confirman-15-contagios-nuevos-de-coronavirus-en-slp\/#primaryimage"},"thumbnailUrl":"https:\/\/canal7slp.tv\/2023\/wp-content\/uploads\/2023\/08\/Pau01Covid-3.jpg","datePublished":"2023-08-09T18:58:32+00:00","dateModified":"2023-08-10T03:34:37+00:00","breadcrumb":{"@id":"https:\/\/canal7slp.tv\/2023\/confirman-15-contagios-nuevos-de-coronavirus-en-slp\/#breadcrumb"},"inLanguage":"es","potentialAction":[{"@type":"ReadAction","target":["https:\/\/canal7slp.tv\/2023\/confirman-15-contagios-nuevos-de-coronavirus-en-slp\/"]}]},{"@type":"ImageObject","inLanguage":"es","@id":"https:\/\/canal7slp.tv\/2023\/confirman-15-contagios-nuevos-de-coronavirus-en-slp\/#primaryimage","url":"https:\/\/canal7slp.tv\/2023\/wp-content\/uploads\/2023\/08\/Pau01Covid-3.jpg","contentUrl":"https:\/\/canal7slp.tv\/2023\/wp-content\/uploads\/2023\/08\/Pau01Covid-3.jpg","width":1280,"height":720},{"@type":"BreadcrumbList","@id":"https:\/\/canal7slp.tv\/2023\/confirman-15-contagios-nuevos-de-coronavirus-en-slp\/#breadcrumb","itemListElement":[{"@type":"ListItem","position":1,"name":"Portada","item":"https:\/\/canal7slp.tv\/2023\/"},{"@type":"ListItem","position":2,"name":"Confirman 15 contagios nuevos de coronavirus en SLP"}]},{"@type":"WebSite","@id":"https:\/\/canal7slp.tv\/2023\/#website","url":"https:\/\/canal7slp.tv\/2023\/","name":"N7 - Noticieros Canal 7","description":"Somos Televisi\u00f3n","publisher":{"@id":"https:\/\/canal7slp.tv\/2023\/#organization"},"potentialAction":[{"@type":"SearchAction","target":{"@type":"EntryPoint","urlTemplate":"https:\/\/canal7slp.tv\/2023\/?s={search_term_string}"},"query-input":{"@type":"PropertyValueSpecification","valueRequired":true,"valueName":"search_term_string"}}],"inLanguage":"es"},{"@type":"Organization","@id":"https:\/\/canal7slp.tv\/2023\/#organization","name":"Noticieros Canal 7","url":"https:\/\/canal7slp.tv\/2023\/","logo":{"@type":"ImageObject","inLanguage":"es","@id":"https:\/\/canal7slp.tv\/2023\/#\/schema\/logo\/image\/","url":"https:\/\/canal7slp.tv\/2023\/wp-content\/uploads\/2021\/01\/logo-noticieros@2x.png","contentUrl":"https:\/\/canal7slp.tv\/2023\/wp-content\/uploads\/2021\/01\/logo-noticieros@2x.png","width":1017,"height":268,"caption":"Noticieros Canal 7"},"image":{"@id":"https:\/\/canal7slp.tv\/2023\/#\/schema\/logo\/image\/"},"sameAs":["https:\/\/www.facebook.com\/noticieroscanalsiete","https:\/\/x.com\/NOTICIEROS7","https:\/\/www.instagram.com\/canal7_slp","https:\/\/www.youtube.com\/channel\/UCliiYs-gP3JfJeqdPrNdd5A"]},{"@type":"Person","@id":"https:\/\/canal7slp.tv\/2023\/#\/schema\/person\/639c424e3584069003b11ae813915da6","name":"Edici\u00f3n Web","image":{"@type":"ImageObject","inLanguage":"es","@id":"https:\/\/secure.gravatar.com\/avatar\/eee448fc3f7164808013b816ba91ac7e43bbe82a70bebac296f8bc6f0addaa1a?s=96&d=mm&r=g","url":"https:\/\/secure.gravatar.com\/avatar\/eee448fc3f7164808013b816ba91ac7e43bbe82a70bebac296f8bc6f0addaa1a?s=96&d=mm&r=g","contentUrl":"https:\/\/secure.gravatar.com\/avatar\/eee448fc3f7164808013b816ba91ac7e43bbe82a70bebac296f8bc6f0addaa1a?s=96&d=mm&r=g","caption":"Edici\u00f3n Web"},"url":"https:\/\/canal7slp.tv\/2023\/author\/edicionweb\/"}]}},"_links":{"self":[{"href":"https:\/\/canal7slp.tv\/2023\/wp-json\/wp\/v2\/posts\/103747","targetHints":{"allow":["GET"]}}],"collection":[{"href":"https:\/\/canal7slp.tv\/2023\/wp-json\/wp\/v2\/posts"}],"about":[{"href":"https:\/\/canal7slp.tv\/2023\/wp-json\/wp\/v2\/types\/post"}],"author":[{"embeddable":true,"href":"https:\/\/canal7slp.tv\/2023\/wp-json\/wp\/v2\/users\/2"}],"replies":[{"embeddable":true,"href":"https:\/\/canal7slp.tv\/2023\/wp-json\/wp\/v2\/comments?post=103747"}],"version-history":[{"count":1,"href":"https:\/\/canal7slp.tv\/2023\/wp-json\/wp\/v2\/posts\/103747\/revisions"}],"predecessor-version":[{"id":103748,"href":"https:\/\/canal7slp.tv\/2023\/wp-json\/wp\/v2\/posts\/103747\/revisions\/103748"}],"wp:featuredmedia":[{"embeddable":true,"href":"https:\/\/canal7slp.tv\/2023\/wp-json\/wp\/v2\/media\/103851"}],"wp:attachment":[{"href":"https:\/\/canal7slp.tv\/2023\/wp-json\/wp\/v2\/media?parent=103747"}],"wp:term":[{"taxonomy":"category","embeddable":true,"href":"https:\/\/canal7slp.tv\/2023\/wp-json\/wp\/v2\/categories?post=103747"},{"taxonomy":"post_tag","embeddable":true,"href":"https:\/\/canal7slp.tv\/2023\/wp-json\/wp\/v2\/tags?post=103747"}],"curies":[{"name":"wp","href":"https:\/\/api.w.org\/{rel}","templated":true}]}}