{"id":103730,"date":"2023-08-09T11:12:51","date_gmt":"2023-08-09T17:12:51","guid":{"rendered":"https:\/\/canal7slp.tv\/2023\/?p=103730"},"modified":"2023-08-09T11:12:51","modified_gmt":"2023-08-09T17:12:51","slug":"yo-tengo-el-panorama-completo-del-pais-y-tengo-absoluta-certeza-por-eso-estoy-participando-pronuncio-adan-augusto-lopez-en-slp","status":"publish","type":"post","link":"https:\/\/canal7slp.tv\/2023\/yo-tengo-el-panorama-completo-del-pais-y-tengo-absoluta-certeza-por-eso-estoy-participando-pronuncio-adan-augusto-lopez-en-slp\/","title":{"rendered":"\u00abYo tengo el panorama completo del pa\u00eds y tengo absoluta certeza, por eso estoy participando\u00bb, pronunci\u00f3 Ad\u00e1n Augusto L\u00f3pez en SLP"},"content":{"rendered":"<p style=\"text-align: justify;\">SLP.-\u00a0Con absoluta certeza de convertirse en Coordinador de los Comit\u00e9s de Defensa de la Cuarta Transformaci\u00f3n se dijo Ad\u00e1n Augusto L\u00f3pez Hern\u00e1ndez, quien visit\u00f3 San Luis Potos\u00ed.<\/p>\n<p style=\"text-align: justify;\">En entrevista exclusiva para Noticieros Canal 7 afirm\u00f3 que en su trayectoria pol\u00edtica, el desempe\u00f1o en la Secretar\u00eda de Gobernaci\u00f3n le vuelve a\u00fan m\u00e1s competitivo.<\/p>\n<p style=\"text-align: justify;\">Cumpli\u00f3 50 d\u00edas de realizar asambleas informativas, al llegar a 131 eventos -con Rioverde y Soledad de Graciano S\u00e1nchez en agenda-.<\/p>\n<p style=\"text-align: justify;\">Aunque L\u00f3pez Hern\u00e1ndez opt\u00f3 por no profundizar en las acciones de perfiles de oposici\u00f3n, respecto la queja del presidente del Comit\u00e9 Ejecutivo Nacional (CEN) del Partido Acci\u00f3n Nacional (PAN) Marko Cort\u00e9s Mendoza en el sentido de que desde el estado se favorece a Movimiento Regeneraci\u00f3n Nacional (MORENA) pronunci\u00f3.<\/p>\n<p style=\"text-align: justify;\">Ad\u00e1n Augusto L\u00f3pez Hern\u00e1ndez finalmente se expres\u00f3 sobre la resoluci\u00f3n el Tribunal Electoral del Poder Judicial de la Federaci\u00f3n (TEPJF) que proh\u00edbe al presidente de la Rep\u00fablica, Andr\u00e9s Manuel L\u00f3pez Obrador hablar de X\u00f3chitl G\u00e1lvez.<\/p>\n<p>Por: Paulina Rodr\u00edguez<\/p>\n","protected":false},"excerpt":{"rendered":"<p>SLP.-\u00a0Con absoluta certeza de convertirse en Coordinador de los Comit\u00e9s de Defensa de la Cuarta Transformaci\u00f3n se dijo Ad\u00e1n Augusto L\u00f3pez Hern\u00e1ndez, quien visit\u00f3 San Luis Potos\u00ed. En entrevista exclusiva para Noticieros Canal 7 afirm\u00f3 que en su trayectoria pol\u00edtica, el desempe\u00f1o en la Secretar\u00eda de Gobernaci\u00f3n le vuelve a\u00fan m\u00e1s competitivo. Cumpli\u00f3 50 d\u00edas de realizar asambleas informativas, al llegar a 131 eventos -con Rioverde y Soledad de Graciano S\u00e1nchez en agenda-. Aunque L\u00f3pez Hern\u00e1ndez opt\u00f3 por no profundizar en las acciones de perfiles de oposici\u00f3n, respecto la queja del presidente del Comit\u00e9 Ejecutivo Nacional (CEN) del Partido Acci\u00f3n [&hellip;]<\/p>\n","protected":false},"author":2,"featured_media":103732,"comment_status":"closed","ping_status":"closed","sticky":false,"template":"","format":"video","meta":{"footnotes":""},"categories":[5,45],"tags":[],"class_list":["post-103730","post","type-post","status-publish","format-video","has-post-thumbnail","hentry","category-destacadas","category-localesyregionales","post_format-post-format-video","post--single"],"yoast_head":"<!-- This site is optimized with the Yoast SEO plugin v27.4 - https:\/\/yoast.com\/product\/yoast-seo-wordpress\/ -->\n<title>&quot;Yo tengo el panorama completo del pa\u00eds y tengo absoluta certeza, por eso estoy participando&quot;, pronunci\u00f3 Ad\u00e1n Augusto L\u00f3pez en SLP - Canal 7 SLP - 2023<\/title>\n<meta name=\"robots\" content=\"index, follow, max-snippet:-1, max-image-preview:large, max-video-preview:-1\" \/>\n<link rel=\"canonical\" href=\"https:\/\/canal7slp.tv\/2023\/yo-tengo-el-panorama-completo-del-pais-y-tengo-absoluta-certeza-por-eso-estoy-participando-pronuncio-adan-augusto-lopez-en-slp\/\" \/>\n<meta property=\"og:locale\" content=\"es_ES\" \/>\n<meta property=\"og:type\" content=\"article\" \/>\n<meta property=\"og:title\" content=\"&quot;Yo tengo el panorama completo del pa\u00eds y tengo absoluta certeza, por eso estoy participando&quot;, pronunci\u00f3 Ad\u00e1n Augusto L\u00f3pez en SLP - Canal 7 SLP - 2023\" \/>\n<meta property=\"og:description\" content=\"SLP.-\u00a0Con absoluta certeza de convertirse en Coordinador de los Comit\u00e9s de Defensa de la Cuarta Transformaci\u00f3n se dijo Ad\u00e1n Augusto L\u00f3pez Hern\u00e1ndez, quien visit\u00f3 San Luis Potos\u00ed. En entrevista exclusiva para Noticieros Canal 7 afirm\u00f3 que en su trayectoria pol\u00edtica, el desempe\u00f1o en la Secretar\u00eda de Gobernaci\u00f3n le vuelve a\u00fan m\u00e1s competitivo. Cumpli\u00f3 50 d\u00edas de realizar asambleas informativas, al llegar a 131 eventos -con Rioverde y Soledad de Graciano S\u00e1nchez en agenda-. Aunque L\u00f3pez Hern\u00e1ndez opt\u00f3 por no profundizar en las acciones de perfiles de oposici\u00f3n, respecto la queja del presidente del Comit\u00e9 Ejecutivo Nacional (CEN) del Partido Acci\u00f3n [&hellip;]\" \/>\n<meta property=\"og:url\" content=\"https:\/\/canal7slp.tv\/2023\/yo-tengo-el-panorama-completo-del-pais-y-tengo-absoluta-certeza-por-eso-estoy-participando-pronuncio-adan-augusto-lopez-en-slp\/\" \/>\n<meta property=\"og:site_name\" content=\"Canal 7 SLP - 2023\" \/>\n<meta property=\"article:publisher\" content=\"https:\/\/www.facebook.com\/noticieroscanalsiete\" \/>\n<meta property=\"article:published_time\" content=\"2023-08-09T17:12:51+00:00\" \/>\n<meta property=\"og:image\" content=\"https:\/\/canal7slp.tv\/2023\/wp-content\/uploads\/2023\/08\/EntrevistaAdPau01an.jpg\" \/>\n\t<meta property=\"og:image:width\" content=\"1280\" \/>\n\t<meta property=\"og:image:height\" content=\"720\" \/>\n\t<meta property=\"og:image:type\" content=\"image\/jpeg\" \/>\n<meta name=\"author\" content=\"Edici\u00f3n Web\" \/>\n<meta name=\"twitter:card\" content=\"summary_large_image\" \/>\n<meta name=\"twitter:creator\" content=\"@NOTICIEROS7\" \/>\n<meta name=\"twitter:site\" content=\"@NOTICIEROS7\" \/>\n<meta name=\"twitter:label1\" content=\"Escrito por\" \/>\n\t<meta name=\"twitter:data1\" content=\"Edici\u00f3n Web\" \/>\n\t<meta name=\"twitter:label2\" content=\"Tiempo de lectura\" \/>\n\t<meta name=\"twitter:data2\" content=\"1 minuto\" \/>\n<script type=\"application\/ld+json\" class=\"yoast-schema-graph\">{\"@context\":\"https:\\\/\\\/schema.org\",\"@graph\":[{\"@type\":\"Article\",\"@id\":\"https:\\\/\\\/canal7slp.tv\\\/2023\\\/yo-tengo-el-panorama-completo-del-pais-y-tengo-absoluta-certeza-por-eso-estoy-participando-pronuncio-adan-augusto-lopez-en-slp\\\/#article\",\"isPartOf\":{\"@id\":\"https:\\\/\\\/canal7slp.tv\\\/2023\\\/yo-tengo-el-panorama-completo-del-pais-y-tengo-absoluta-certeza-por-eso-estoy-participando-pronuncio-adan-augusto-lopez-en-slp\\\/\"},\"author\":{\"name\":\"Edici\u00f3n Web\",\"@id\":\"https:\\\/\\\/canal7slp.tv\\\/2023\\\/#\\\/schema\\\/person\\\/639c424e3584069003b11ae813915da6\"},\"headline\":\"\u00abYo tengo el panorama completo del pa\u00eds y tengo absoluta certeza, por eso estoy participando\u00bb, pronunci\u00f3 Ad\u00e1n Augusto L\u00f3pez en SLP\",\"datePublished\":\"2023-08-09T17:12:51+00:00\",\"mainEntityOfPage\":{\"@id\":\"https:\\\/\\\/canal7slp.tv\\\/2023\\\/yo-tengo-el-panorama-completo-del-pais-y-tengo-absoluta-certeza-por-eso-estoy-participando-pronuncio-adan-augusto-lopez-en-slp\\\/\"},\"wordCount\":213,\"publisher\":{\"@id\":\"https:\\\/\\\/canal7slp.tv\\\/2023\\\/#organization\"},\"image\":{\"@id\":\"https:\\\/\\\/canal7slp.tv\\\/2023\\\/yo-tengo-el-panorama-completo-del-pais-y-tengo-absoluta-certeza-por-eso-estoy-participando-pronuncio-adan-augusto-lopez-en-slp\\\/#primaryimage\"},\"thumbnailUrl\":\"https:\\\/\\\/canal7slp.tv\\\/2023\\\/wp-content\\\/uploads\\\/2023\\\/08\\\/EntrevistaAdPau01an.jpg\",\"articleSection\":[\"DESTACADAS\",\"LOCALES Y REGIONALES\"],\"inLanguage\":\"es\"},{\"@type\":\"WebPage\",\"@id\":\"https:\\\/\\\/canal7slp.tv\\\/2023\\\/yo-tengo-el-panorama-completo-del-pais-y-tengo-absoluta-certeza-por-eso-estoy-participando-pronuncio-adan-augusto-lopez-en-slp\\\/\",\"url\":\"https:\\\/\\\/canal7slp.tv\\\/2023\\\/yo-tengo-el-panorama-completo-del-pais-y-tengo-absoluta-certeza-por-eso-estoy-participando-pronuncio-adan-augusto-lopez-en-slp\\\/\",\"name\":\"\\\"Yo tengo el panorama completo del pa\u00eds y tengo absoluta certeza, por eso estoy participando\\\", pronunci\u00f3 Ad\u00e1n Augusto L\u00f3pez en SLP - Canal 7 SLP - 2023\",\"isPartOf\":{\"@id\":\"https:\\\/\\\/canal7slp.tv\\\/2023\\\/#website\"},\"primaryImageOfPage\":{\"@id\":\"https:\\\/\\\/canal7slp.tv\\\/2023\\\/yo-tengo-el-panorama-completo-del-pais-y-tengo-absoluta-certeza-por-eso-estoy-participando-pronuncio-adan-augusto-lopez-en-slp\\\/#primaryimage\"},\"image\":{\"@id\":\"https:\\\/\\\/canal7slp.tv\\\/2023\\\/yo-tengo-el-panorama-completo-del-pais-y-tengo-absoluta-certeza-por-eso-estoy-participando-pronuncio-adan-augusto-lopez-en-slp\\\/#primaryimage\"},\"thumbnailUrl\":\"https:\\\/\\\/canal7slp.tv\\\/2023\\\/wp-content\\\/uploads\\\/2023\\\/08\\\/EntrevistaAdPau01an.jpg\",\"datePublished\":\"2023-08-09T17:12:51+00:00\",\"breadcrumb\":{\"@id\":\"https:\\\/\\\/canal7slp.tv\\\/2023\\\/yo-tengo-el-panorama-completo-del-pais-y-tengo-absoluta-certeza-por-eso-estoy-participando-pronuncio-adan-augusto-lopez-en-slp\\\/#breadcrumb\"},\"inLanguage\":\"es\",\"potentialAction\":[{\"@type\":\"ReadAction\",\"target\":[\"https:\\\/\\\/canal7slp.tv\\\/2023\\\/yo-tengo-el-panorama-completo-del-pais-y-tengo-absoluta-certeza-por-eso-estoy-participando-pronuncio-adan-augusto-lopez-en-slp\\\/\"]}]},{\"@type\":\"ImageObject\",\"inLanguage\":\"es\",\"@id\":\"https:\\\/\\\/canal7slp.tv\\\/2023\\\/yo-tengo-el-panorama-completo-del-pais-y-tengo-absoluta-certeza-por-eso-estoy-participando-pronuncio-adan-augusto-lopez-en-slp\\\/#primaryimage\",\"url\":\"https:\\\/\\\/canal7slp.tv\\\/2023\\\/wp-content\\\/uploads\\\/2023\\\/08\\\/EntrevistaAdPau01an.jpg\",\"contentUrl\":\"https:\\\/\\\/canal7slp.tv\\\/2023\\\/wp-content\\\/uploads\\\/2023\\\/08\\\/EntrevistaAdPau01an.jpg\",\"width\":1280,\"height\":720},{\"@type\":\"BreadcrumbList\",\"@id\":\"https:\\\/\\\/canal7slp.tv\\\/2023\\\/yo-tengo-el-panorama-completo-del-pais-y-tengo-absoluta-certeza-por-eso-estoy-participando-pronuncio-adan-augusto-lopez-en-slp\\\/#breadcrumb\",\"itemListElement\":[{\"@type\":\"ListItem\",\"position\":1,\"name\":\"Portada\",\"item\":\"https:\\\/\\\/canal7slp.tv\\\/2023\\\/\"},{\"@type\":\"ListItem\",\"position\":2,\"name\":\"&#8220;Yo tengo el panorama completo del pa\u00eds y tengo absoluta certeza, por eso estoy participando&#8221;, pronunci\u00f3 Ad\u00e1n Augusto L\u00f3pez en SLP\"}]},{\"@type\":\"WebSite\",\"@id\":\"https:\\\/\\\/canal7slp.tv\\\/2023\\\/#website\",\"url\":\"https:\\\/\\\/canal7slp.tv\\\/2023\\\/\",\"name\":\"N7 - Noticieros Canal 7\",\"description\":\"Somos Televisi\u00f3n\",\"publisher\":{\"@id\":\"https:\\\/\\\/canal7slp.tv\\\/2023\\\/#organization\"},\"potentialAction\":[{\"@type\":\"SearchAction\",\"target\":{\"@type\":\"EntryPoint\",\"urlTemplate\":\"https:\\\/\\\/canal7slp.tv\\\/2023\\\/?s={search_term_string}\"},\"query-input\":{\"@type\":\"PropertyValueSpecification\",\"valueRequired\":true,\"valueName\":\"search_term_string\"}}],\"inLanguage\":\"es\"},{\"@type\":\"Organization\",\"@id\":\"https:\\\/\\\/canal7slp.tv\\\/2023\\\/#organization\",\"name\":\"Noticieros Canal 7\",\"url\":\"https:\\\/\\\/canal7slp.tv\\\/2023\\\/\",\"logo\":{\"@type\":\"ImageObject\",\"inLanguage\":\"es\",\"@id\":\"https:\\\/\\\/canal7slp.tv\\\/2023\\\/#\\\/schema\\\/logo\\\/image\\\/\",\"url\":\"https:\\\/\\\/canal7slp.tv\\\/2023\\\/wp-content\\\/uploads\\\/2021\\\/01\\\/logo-noticieros@2x.png\",\"contentUrl\":\"https:\\\/\\\/canal7slp.tv\\\/2023\\\/wp-content\\\/uploads\\\/2021\\\/01\\\/logo-noticieros@2x.png\",\"width\":1017,\"height\":268,\"caption\":\"Noticieros Canal 7\"},\"image\":{\"@id\":\"https:\\\/\\\/canal7slp.tv\\\/2023\\\/#\\\/schema\\\/logo\\\/image\\\/\"},\"sameAs\":[\"https:\\\/\\\/www.facebook.com\\\/noticieroscanalsiete\",\"https:\\\/\\\/x.com\\\/NOTICIEROS7\",\"https:\\\/\\\/www.instagram.com\\\/canal7_slp\",\"https:\\\/\\\/www.youtube.com\\\/channel\\\/UCliiYs-gP3JfJeqdPrNdd5A\"]},{\"@type\":\"Person\",\"@id\":\"https:\\\/\\\/canal7slp.tv\\\/2023\\\/#\\\/schema\\\/person\\\/639c424e3584069003b11ae813915da6\",\"name\":\"Edici\u00f3n Web\",\"image\":{\"@type\":\"ImageObject\",\"inLanguage\":\"es\",\"@id\":\"https:\\\/\\\/secure.gravatar.com\\\/avatar\\\/eee448fc3f7164808013b816ba91ac7e43bbe82a70bebac296f8bc6f0addaa1a?s=96&d=mm&r=g\",\"url\":\"https:\\\/\\\/secure.gravatar.com\\\/avatar\\\/eee448fc3f7164808013b816ba91ac7e43bbe82a70bebac296f8bc6f0addaa1a?s=96&d=mm&r=g\",\"contentUrl\":\"https:\\\/\\\/secure.gravatar.com\\\/avatar\\\/eee448fc3f7164808013b816ba91ac7e43bbe82a70bebac296f8bc6f0addaa1a?s=96&d=mm&r=g\",\"caption\":\"Edici\u00f3n Web\"},\"url\":\"https:\\\/\\\/canal7slp.tv\\\/2023\\\/author\\\/edicionweb\\\/\"}]}<\/script>\n<!-- \/ Yoast SEO plugin. -->","yoast_head_json":{"title":"\"Yo tengo el panorama completo del pa\u00eds y tengo absoluta certeza, por eso estoy participando\", pronunci\u00f3 Ad\u00e1n Augusto L\u00f3pez en SLP - Canal 7 SLP - 2023","robots":{"index":"index","follow":"follow","max-snippet":"max-snippet:-1","max-image-preview":"max-image-preview:large","max-video-preview":"max-video-preview:-1"},"canonical":"https:\/\/canal7slp.tv\/2023\/yo-tengo-el-panorama-completo-del-pais-y-tengo-absoluta-certeza-por-eso-estoy-participando-pronuncio-adan-augusto-lopez-en-slp\/","og_locale":"es_ES","og_type":"article","og_title":"\"Yo tengo el panorama completo del pa\u00eds y tengo absoluta certeza, por eso estoy participando\", pronunci\u00f3 Ad\u00e1n Augusto L\u00f3pez en SLP - Canal 7 SLP - 2023","og_description":"SLP.-\u00a0Con absoluta certeza de convertirse en Coordinador de los Comit\u00e9s de Defensa de la Cuarta Transformaci\u00f3n se dijo Ad\u00e1n Augusto L\u00f3pez Hern\u00e1ndez, quien visit\u00f3 San Luis Potos\u00ed. En entrevista exclusiva para Noticieros Canal 7 afirm\u00f3 que en su trayectoria pol\u00edtica, el desempe\u00f1o en la Secretar\u00eda de Gobernaci\u00f3n le vuelve a\u00fan m\u00e1s competitivo. Cumpli\u00f3 50 d\u00edas de realizar asambleas informativas, al llegar a 131 eventos -con Rioverde y Soledad de Graciano S\u00e1nchez en agenda-. Aunque L\u00f3pez Hern\u00e1ndez opt\u00f3 por no profundizar en las acciones de perfiles de oposici\u00f3n, respecto la queja del presidente del Comit\u00e9 Ejecutivo Nacional (CEN) del Partido Acci\u00f3n [&hellip;]","og_url":"https:\/\/canal7slp.tv\/2023\/yo-tengo-el-panorama-completo-del-pais-y-tengo-absoluta-certeza-por-eso-estoy-participando-pronuncio-adan-augusto-lopez-en-slp\/","og_site_name":"Canal 7 SLP - 2023","article_publisher":"https:\/\/www.facebook.com\/noticieroscanalsiete","article_published_time":"2023-08-09T17:12:51+00:00","og_image":[{"width":1280,"height":720,"url":"https:\/\/canal7slp.tv\/2023\/wp-content\/uploads\/2023\/08\/EntrevistaAdPau01an.jpg","type":"image\/jpeg"}],"author":"Edici\u00f3n Web","twitter_card":"summary_large_image","twitter_creator":"@NOTICIEROS7","twitter_site":"@NOTICIEROS7","twitter_misc":{"Escrito por":"Edici\u00f3n Web","Tiempo de lectura":"1 minuto"},"schema":{"@context":"https:\/\/schema.org","@graph":[{"@type":"Article","@id":"https:\/\/canal7slp.tv\/2023\/yo-tengo-el-panorama-completo-del-pais-y-tengo-absoluta-certeza-por-eso-estoy-participando-pronuncio-adan-augusto-lopez-en-slp\/#article","isPartOf":{"@id":"https:\/\/canal7slp.tv\/2023\/yo-tengo-el-panorama-completo-del-pais-y-tengo-absoluta-certeza-por-eso-estoy-participando-pronuncio-adan-augusto-lopez-en-slp\/"},"author":{"name":"Edici\u00f3n Web","@id":"https:\/\/canal7slp.tv\/2023\/#\/schema\/person\/639c424e3584069003b11ae813915da6"},"headline":"\u00abYo tengo el panorama completo del pa\u00eds y tengo absoluta certeza, por eso estoy participando\u00bb, pronunci\u00f3 Ad\u00e1n Augusto L\u00f3pez en SLP","datePublished":"2023-08-09T17:12:51+00:00","mainEntityOfPage":{"@id":"https:\/\/canal7slp.tv\/2023\/yo-tengo-el-panorama-completo-del-pais-y-tengo-absoluta-certeza-por-eso-estoy-participando-pronuncio-adan-augusto-lopez-en-slp\/"},"wordCount":213,"publisher":{"@id":"https:\/\/canal7slp.tv\/2023\/#organization"},"image":{"@id":"https:\/\/canal7slp.tv\/2023\/yo-tengo-el-panorama-completo-del-pais-y-tengo-absoluta-certeza-por-eso-estoy-participando-pronuncio-adan-augusto-lopez-en-slp\/#primaryimage"},"thumbnailUrl":"https:\/\/canal7slp.tv\/2023\/wp-content\/uploads\/2023\/08\/EntrevistaAdPau01an.jpg","articleSection":["DESTACADAS","LOCALES Y REGIONALES"],"inLanguage":"es"},{"@type":"WebPage","@id":"https:\/\/canal7slp.tv\/2023\/yo-tengo-el-panorama-completo-del-pais-y-tengo-absoluta-certeza-por-eso-estoy-participando-pronuncio-adan-augusto-lopez-en-slp\/","url":"https:\/\/canal7slp.tv\/2023\/yo-tengo-el-panorama-completo-del-pais-y-tengo-absoluta-certeza-por-eso-estoy-participando-pronuncio-adan-augusto-lopez-en-slp\/","name":"\"Yo tengo el panorama completo del pa\u00eds y tengo absoluta certeza, por eso estoy participando\", pronunci\u00f3 Ad\u00e1n Augusto L\u00f3pez en SLP - Canal 7 SLP - 2023","isPartOf":{"@id":"https:\/\/canal7slp.tv\/2023\/#website"},"primaryImageOfPage":{"@id":"https:\/\/canal7slp.tv\/2023\/yo-tengo-el-panorama-completo-del-pais-y-tengo-absoluta-certeza-por-eso-estoy-participando-pronuncio-adan-augusto-lopez-en-slp\/#primaryimage"},"image":{"@id":"https:\/\/canal7slp.tv\/2023\/yo-tengo-el-panorama-completo-del-pais-y-tengo-absoluta-certeza-por-eso-estoy-participando-pronuncio-adan-augusto-lopez-en-slp\/#primaryimage"},"thumbnailUrl":"https:\/\/canal7slp.tv\/2023\/wp-content\/uploads\/2023\/08\/EntrevistaAdPau01an.jpg","datePublished":"2023-08-09T17:12:51+00:00","breadcrumb":{"@id":"https:\/\/canal7slp.tv\/2023\/yo-tengo-el-panorama-completo-del-pais-y-tengo-absoluta-certeza-por-eso-estoy-participando-pronuncio-adan-augusto-lopez-en-slp\/#breadcrumb"},"inLanguage":"es","potentialAction":[{"@type":"ReadAction","target":["https:\/\/canal7slp.tv\/2023\/yo-tengo-el-panorama-completo-del-pais-y-tengo-absoluta-certeza-por-eso-estoy-participando-pronuncio-adan-augusto-lopez-en-slp\/"]}]},{"@type":"ImageObject","inLanguage":"es","@id":"https:\/\/canal7slp.tv\/2023\/yo-tengo-el-panorama-completo-del-pais-y-tengo-absoluta-certeza-por-eso-estoy-participando-pronuncio-adan-augusto-lopez-en-slp\/#primaryimage","url":"https:\/\/canal7slp.tv\/2023\/wp-content\/uploads\/2023\/08\/EntrevistaAdPau01an.jpg","contentUrl":"https:\/\/canal7slp.tv\/2023\/wp-content\/uploads\/2023\/08\/EntrevistaAdPau01an.jpg","width":1280,"height":720},{"@type":"BreadcrumbList","@id":"https:\/\/canal7slp.tv\/2023\/yo-tengo-el-panorama-completo-del-pais-y-tengo-absoluta-certeza-por-eso-estoy-participando-pronuncio-adan-augusto-lopez-en-slp\/#breadcrumb","itemListElement":[{"@type":"ListItem","position":1,"name":"Portada","item":"https:\/\/canal7slp.tv\/2023\/"},{"@type":"ListItem","position":2,"name":"&#8220;Yo tengo el panorama completo del pa\u00eds y tengo absoluta certeza, por eso estoy participando&#8221;, pronunci\u00f3 Ad\u00e1n Augusto L\u00f3pez en SLP"}]},{"@type":"WebSite","@id":"https:\/\/canal7slp.tv\/2023\/#website","url":"https:\/\/canal7slp.tv\/2023\/","name":"N7 - Noticieros Canal 7","description":"Somos Televisi\u00f3n","publisher":{"@id":"https:\/\/canal7slp.tv\/2023\/#organization"},"potentialAction":[{"@type":"SearchAction","target":{"@type":"EntryPoint","urlTemplate":"https:\/\/canal7slp.tv\/2023\/?s={search_term_string}"},"query-input":{"@type":"PropertyValueSpecification","valueRequired":true,"valueName":"search_term_string"}}],"inLanguage":"es"},{"@type":"Organization","@id":"https:\/\/canal7slp.tv\/2023\/#organization","name":"Noticieros Canal 7","url":"https:\/\/canal7slp.tv\/2023\/","logo":{"@type":"ImageObject","inLanguage":"es","@id":"https:\/\/canal7slp.tv\/2023\/#\/schema\/logo\/image\/","url":"https:\/\/canal7slp.tv\/2023\/wp-content\/uploads\/2021\/01\/logo-noticieros@2x.png","contentUrl":"https:\/\/canal7slp.tv\/2023\/wp-content\/uploads\/2021\/01\/logo-noticieros@2x.png","width":1017,"height":268,"caption":"Noticieros Canal 7"},"image":{"@id":"https:\/\/canal7slp.tv\/2023\/#\/schema\/logo\/image\/"},"sameAs":["https:\/\/www.facebook.com\/noticieroscanalsiete","https:\/\/x.com\/NOTICIEROS7","https:\/\/www.instagram.com\/canal7_slp","https:\/\/www.youtube.com\/channel\/UCliiYs-gP3JfJeqdPrNdd5A"]},{"@type":"Person","@id":"https:\/\/canal7slp.tv\/2023\/#\/schema\/person\/639c424e3584069003b11ae813915da6","name":"Edici\u00f3n Web","image":{"@type":"ImageObject","inLanguage":"es","@id":"https:\/\/secure.gravatar.com\/avatar\/eee448fc3f7164808013b816ba91ac7e43bbe82a70bebac296f8bc6f0addaa1a?s=96&d=mm&r=g","url":"https:\/\/secure.gravatar.com\/avatar\/eee448fc3f7164808013b816ba91ac7e43bbe82a70bebac296f8bc6f0addaa1a?s=96&d=mm&r=g","contentUrl":"https:\/\/secure.gravatar.com\/avatar\/eee448fc3f7164808013b816ba91ac7e43bbe82a70bebac296f8bc6f0addaa1a?s=96&d=mm&r=g","caption":"Edici\u00f3n Web"},"url":"https:\/\/canal7slp.tv\/2023\/author\/edicionweb\/"}]}},"_links":{"self":[{"href":"https:\/\/canal7slp.tv\/2023\/wp-json\/wp\/v2\/posts\/103730","targetHints":{"allow":["GET"]}}],"collection":[{"href":"https:\/\/canal7slp.tv\/2023\/wp-json\/wp\/v2\/posts"}],"about":[{"href":"https:\/\/canal7slp.tv\/2023\/wp-json\/wp\/v2\/types\/post"}],"author":[{"embeddable":true,"href":"https:\/\/canal7slp.tv\/2023\/wp-json\/wp\/v2\/users\/2"}],"replies":[{"embeddable":true,"href":"https:\/\/canal7slp.tv\/2023\/wp-json\/wp\/v2\/comments?post=103730"}],"version-history":[{"count":1,"href":"https:\/\/canal7slp.tv\/2023\/wp-json\/wp\/v2\/posts\/103730\/revisions"}],"predecessor-version":[{"id":103733,"href":"https:\/\/canal7slp.tv\/2023\/wp-json\/wp\/v2\/posts\/103730\/revisions\/103733"}],"wp:featuredmedia":[{"embeddable":true,"href":"https:\/\/canal7slp.tv\/2023\/wp-json\/wp\/v2\/media\/103732"}],"wp:attachment":[{"href":"https:\/\/canal7slp.tv\/2023\/wp-json\/wp\/v2\/media?parent=103730"}],"wp:term":[{"taxonomy":"category","embeddable":true,"href":"https:\/\/canal7slp.tv\/2023\/wp-json\/wp\/v2\/categories?post=103730"},{"taxonomy":"post_tag","embeddable":true,"href":"https:\/\/canal7slp.tv\/2023\/wp-json\/wp\/v2\/tags?post=103730"}],"curies":[{"name":"wp","href":"https:\/\/api.w.org\/{rel}","templated":true}]}}