{"id":102185,"date":"2023-07-24T16:26:53","date_gmt":"2023-07-24T22:26:53","guid":{"rendered":"https:\/\/canal7slp.tv\/2023\/?p=102185"},"modified":"2023-07-24T16:26:53","modified_gmt":"2023-07-24T22:26:53","slug":"elon-musk-renombra-twitter-ahora-es-x","status":"publish","type":"post","link":"https:\/\/canal7slp.tv\/2023\/elon-musk-renombra-twitter-ahora-es-x\/","title":{"rendered":"Elon Musk renombra Twitter; ahora es X"},"content":{"rendered":"<ul>\n<li>El ic\u00f3nico logo del p\u00e1jaro tuvo un cambio radical.<\/li>\n<\/ul>\n<p style=\"text-align: justify;\">EUA.- Elon Musk, propietario de Twitter, tuite\u00f3 el 23 de julio que est\u00e1 pensando en cambiar el logotipo de la red social, asegurando que \u00abpronto diremos adi\u00f3s a la marca Twitter y, poco a poco, a todos los p\u00e1jaros\u00bb.<\/p>\n<p style=\"text-align: justify;\">A\u00f1adi\u00f3 que \u00absi se publica un logo X lo suficientemente bueno esta noche, haremos (que) salga en vivo en todo el mundo ma\u00f1ana\u00bb.<\/p>\n<p style=\"text-align: justify;\">Bajo el mandato de Musk desde que compr\u00f3 Twitter en octubre, la empresa ha cambiado su nombre comercial a X Corp, reflejando la visi\u00f3n del multimillonario de crear una \u00absuper app\u00bb.<\/p>\n<p style=\"text-align: justify;\">El sitio web de Twitter dice que su logotipo, que representa un p\u00e1jaro azul, es \u00abnuestro activo m\u00e1s reconocible\u00bb.<\/p>\n<p style=\"text-align: justify;\">No obstante, la empresa no ha respondido de inmediato a una solicitud de comentarios.<\/p>\n","protected":false},"excerpt":{"rendered":"<p>El ic\u00f3nico logo del p\u00e1jaro tuvo un cambio radical. EUA.- Elon Musk, propietario de Twitter, tuite\u00f3 el 23 de julio que est\u00e1 pensando en cambiar el logotipo de la red social, asegurando que \u00abpronto diremos adi\u00f3s a la marca Twitter y, poco a poco, a todos los p\u00e1jaros\u00bb. A\u00f1adi\u00f3 que \u00absi se publica un logo X lo suficientemente bueno esta noche, haremos (que) salga en vivo en todo el mundo ma\u00f1ana\u00bb. Bajo el mandato de Musk desde que compr\u00f3 Twitter en octubre, la empresa ha cambiado su nombre comercial a X Corp, reflejando la visi\u00f3n del multimillonario de crear una [&hellip;]<\/p>\n","protected":false},"author":2,"featured_media":102200,"comment_status":"closed","ping_status":"closed","sticky":false,"template":"","format":"standard","meta":{"footnotes":""},"categories":[40,44],"tags":[],"class_list":["post-102185","post","type-post","status-publish","format-standard","has-post-thumbnail","hentry","category-economia","category-internacional","post--single"],"yoast_head":"<!-- This site is optimized with the Yoast SEO plugin v27.4 - https:\/\/yoast.com\/product\/yoast-seo-wordpress\/ -->\n<title>Elon Musk renombra Twitter; ahora es X - Canal 7 SLP - 2023<\/title>\n<meta name=\"robots\" content=\"index, follow, max-snippet:-1, max-image-preview:large, max-video-preview:-1\" \/>\n<link rel=\"canonical\" href=\"https:\/\/canal7slp.tv\/2023\/elon-musk-renombra-twitter-ahora-es-x\/\" \/>\n<meta property=\"og:locale\" content=\"es_ES\" \/>\n<meta property=\"og:type\" content=\"article\" \/>\n<meta property=\"og:title\" content=\"Elon Musk renombra Twitter; ahora es X - Canal 7 SLP - 2023\" \/>\n<meta property=\"og:description\" content=\"El ic\u00f3nico logo del p\u00e1jaro tuvo un cambio radical. EUA.- Elon Musk, propietario de Twitter, tuite\u00f3 el 23 de julio que est\u00e1 pensando en cambiar el logotipo de la red social, asegurando que \u00abpronto diremos adi\u00f3s a la marca Twitter y, poco a poco, a todos los p\u00e1jaros\u00bb. A\u00f1adi\u00f3 que \u00absi se publica un logo X lo suficientemente bueno esta noche, haremos (que) salga en vivo en todo el mundo ma\u00f1ana\u00bb. Bajo el mandato de Musk desde que compr\u00f3 Twitter en octubre, la empresa ha cambiado su nombre comercial a X Corp, reflejando la visi\u00f3n del multimillonario de crear una [&hellip;]\" \/>\n<meta property=\"og:url\" content=\"https:\/\/canal7slp.tv\/2023\/elon-musk-renombra-twitter-ahora-es-x\/\" \/>\n<meta property=\"og:site_name\" content=\"Canal 7 SLP - 2023\" \/>\n<meta property=\"article:publisher\" content=\"https:\/\/www.facebook.com\/noticieroscanalsiete\" \/>\n<meta property=\"article:published_time\" content=\"2023-07-24T22:26:53+00:00\" \/>\n<meta property=\"og:image\" content=\"https:\/\/canal7slp.tv\/2023\/wp-content\/uploads\/2023\/07\/04-17.jpg\" \/>\n\t<meta property=\"og:image:width\" content=\"1600\" \/>\n\t<meta property=\"og:image:height\" content=\"900\" \/>\n\t<meta property=\"og:image:type\" content=\"image\/jpeg\" \/>\n<meta name=\"author\" content=\"Edici\u00f3n Web\" \/>\n<meta name=\"twitter:card\" content=\"summary_large_image\" \/>\n<meta name=\"twitter:creator\" content=\"@NOTICIEROS7\" \/>\n<meta name=\"twitter:site\" content=\"@NOTICIEROS7\" \/>\n<meta name=\"twitter:label1\" content=\"Escrito por\" \/>\n\t<meta name=\"twitter:data1\" content=\"Edici\u00f3n Web\" \/>\n\t<meta name=\"twitter:label2\" content=\"Tiempo de lectura\" \/>\n\t<meta name=\"twitter:data2\" content=\"1 minuto\" \/>\n<script type=\"application\/ld+json\" class=\"yoast-schema-graph\">{\"@context\":\"https:\\\/\\\/schema.org\",\"@graph\":[{\"@type\":\"Article\",\"@id\":\"https:\\\/\\\/canal7slp.tv\\\/2023\\\/elon-musk-renombra-twitter-ahora-es-x\\\/#article\",\"isPartOf\":{\"@id\":\"https:\\\/\\\/canal7slp.tv\\\/2023\\\/elon-musk-renombra-twitter-ahora-es-x\\\/\"},\"author\":{\"name\":\"Edici\u00f3n Web\",\"@id\":\"https:\\\/\\\/canal7slp.tv\\\/2023\\\/#\\\/schema\\\/person\\\/639c424e3584069003b11ae813915da6\"},\"headline\":\"Elon Musk renombra Twitter; ahora es X\",\"datePublished\":\"2023-07-24T22:26:53+00:00\",\"mainEntityOfPage\":{\"@id\":\"https:\\\/\\\/canal7slp.tv\\\/2023\\\/elon-musk-renombra-twitter-ahora-es-x\\\/\"},\"wordCount\":151,\"publisher\":{\"@id\":\"https:\\\/\\\/canal7slp.tv\\\/2023\\\/#organization\"},\"image\":{\"@id\":\"https:\\\/\\\/canal7slp.tv\\\/2023\\\/elon-musk-renombra-twitter-ahora-es-x\\\/#primaryimage\"},\"thumbnailUrl\":\"https:\\\/\\\/canal7slp.tv\\\/2023\\\/wp-content\\\/uploads\\\/2023\\\/07\\\/04-17.jpg\",\"articleSection\":[\"ECONOM\u00cdA\",\"INTERNACIONALES\"],\"inLanguage\":\"es\"},{\"@type\":\"WebPage\",\"@id\":\"https:\\\/\\\/canal7slp.tv\\\/2023\\\/elon-musk-renombra-twitter-ahora-es-x\\\/\",\"url\":\"https:\\\/\\\/canal7slp.tv\\\/2023\\\/elon-musk-renombra-twitter-ahora-es-x\\\/\",\"name\":\"Elon Musk renombra Twitter; ahora es X - Canal 7 SLP - 2023\",\"isPartOf\":{\"@id\":\"https:\\\/\\\/canal7slp.tv\\\/2023\\\/#website\"},\"primaryImageOfPage\":{\"@id\":\"https:\\\/\\\/canal7slp.tv\\\/2023\\\/elon-musk-renombra-twitter-ahora-es-x\\\/#primaryimage\"},\"image\":{\"@id\":\"https:\\\/\\\/canal7slp.tv\\\/2023\\\/elon-musk-renombra-twitter-ahora-es-x\\\/#primaryimage\"},\"thumbnailUrl\":\"https:\\\/\\\/canal7slp.tv\\\/2023\\\/wp-content\\\/uploads\\\/2023\\\/07\\\/04-17.jpg\",\"datePublished\":\"2023-07-24T22:26:53+00:00\",\"breadcrumb\":{\"@id\":\"https:\\\/\\\/canal7slp.tv\\\/2023\\\/elon-musk-renombra-twitter-ahora-es-x\\\/#breadcrumb\"},\"inLanguage\":\"es\",\"potentialAction\":[{\"@type\":\"ReadAction\",\"target\":[\"https:\\\/\\\/canal7slp.tv\\\/2023\\\/elon-musk-renombra-twitter-ahora-es-x\\\/\"]}]},{\"@type\":\"ImageObject\",\"inLanguage\":\"es\",\"@id\":\"https:\\\/\\\/canal7slp.tv\\\/2023\\\/elon-musk-renombra-twitter-ahora-es-x\\\/#primaryimage\",\"url\":\"https:\\\/\\\/canal7slp.tv\\\/2023\\\/wp-content\\\/uploads\\\/2023\\\/07\\\/04-17.jpg\",\"contentUrl\":\"https:\\\/\\\/canal7slp.tv\\\/2023\\\/wp-content\\\/uploads\\\/2023\\\/07\\\/04-17.jpg\",\"width\":1600,\"height\":900},{\"@type\":\"BreadcrumbList\",\"@id\":\"https:\\\/\\\/canal7slp.tv\\\/2023\\\/elon-musk-renombra-twitter-ahora-es-x\\\/#breadcrumb\",\"itemListElement\":[{\"@type\":\"ListItem\",\"position\":1,\"name\":\"Portada\",\"item\":\"https:\\\/\\\/canal7slp.tv\\\/2023\\\/\"},{\"@type\":\"ListItem\",\"position\":2,\"name\":\"Elon Musk renombra Twitter; ahora es X\"}]},{\"@type\":\"WebSite\",\"@id\":\"https:\\\/\\\/canal7slp.tv\\\/2023\\\/#website\",\"url\":\"https:\\\/\\\/canal7slp.tv\\\/2023\\\/\",\"name\":\"N7 - Noticieros Canal 7\",\"description\":\"Somos Televisi\u00f3n\",\"publisher\":{\"@id\":\"https:\\\/\\\/canal7slp.tv\\\/2023\\\/#organization\"},\"potentialAction\":[{\"@type\":\"SearchAction\",\"target\":{\"@type\":\"EntryPoint\",\"urlTemplate\":\"https:\\\/\\\/canal7slp.tv\\\/2023\\\/?s={search_term_string}\"},\"query-input\":{\"@type\":\"PropertyValueSpecification\",\"valueRequired\":true,\"valueName\":\"search_term_string\"}}],\"inLanguage\":\"es\"},{\"@type\":\"Organization\",\"@id\":\"https:\\\/\\\/canal7slp.tv\\\/2023\\\/#organization\",\"name\":\"Noticieros Canal 7\",\"url\":\"https:\\\/\\\/canal7slp.tv\\\/2023\\\/\",\"logo\":{\"@type\":\"ImageObject\",\"inLanguage\":\"es\",\"@id\":\"https:\\\/\\\/canal7slp.tv\\\/2023\\\/#\\\/schema\\\/logo\\\/image\\\/\",\"url\":\"https:\\\/\\\/canal7slp.tv\\\/2023\\\/wp-content\\\/uploads\\\/2021\\\/01\\\/logo-noticieros@2x.png\",\"contentUrl\":\"https:\\\/\\\/canal7slp.tv\\\/2023\\\/wp-content\\\/uploads\\\/2021\\\/01\\\/logo-noticieros@2x.png\",\"width\":1017,\"height\":268,\"caption\":\"Noticieros Canal 7\"},\"image\":{\"@id\":\"https:\\\/\\\/canal7slp.tv\\\/2023\\\/#\\\/schema\\\/logo\\\/image\\\/\"},\"sameAs\":[\"https:\\\/\\\/www.facebook.com\\\/noticieroscanalsiete\",\"https:\\\/\\\/x.com\\\/NOTICIEROS7\",\"https:\\\/\\\/www.instagram.com\\\/canal7_slp\",\"https:\\\/\\\/www.youtube.com\\\/channel\\\/UCliiYs-gP3JfJeqdPrNdd5A\"]},{\"@type\":\"Person\",\"@id\":\"https:\\\/\\\/canal7slp.tv\\\/2023\\\/#\\\/schema\\\/person\\\/639c424e3584069003b11ae813915da6\",\"name\":\"Edici\u00f3n Web\",\"image\":{\"@type\":\"ImageObject\",\"inLanguage\":\"es\",\"@id\":\"https:\\\/\\\/secure.gravatar.com\\\/avatar\\\/eee448fc3f7164808013b816ba91ac7e43bbe82a70bebac296f8bc6f0addaa1a?s=96&d=mm&r=g\",\"url\":\"https:\\\/\\\/secure.gravatar.com\\\/avatar\\\/eee448fc3f7164808013b816ba91ac7e43bbe82a70bebac296f8bc6f0addaa1a?s=96&d=mm&r=g\",\"contentUrl\":\"https:\\\/\\\/secure.gravatar.com\\\/avatar\\\/eee448fc3f7164808013b816ba91ac7e43bbe82a70bebac296f8bc6f0addaa1a?s=96&d=mm&r=g\",\"caption\":\"Edici\u00f3n Web\"},\"url\":\"https:\\\/\\\/canal7slp.tv\\\/2023\\\/author\\\/edicionweb\\\/\"}]}<\/script>\n<!-- \/ Yoast SEO plugin. -->","yoast_head_json":{"title":"Elon Musk renombra Twitter; ahora es X - Canal 7 SLP - 2023","robots":{"index":"index","follow":"follow","max-snippet":"max-snippet:-1","max-image-preview":"max-image-preview:large","max-video-preview":"max-video-preview:-1"},"canonical":"https:\/\/canal7slp.tv\/2023\/elon-musk-renombra-twitter-ahora-es-x\/","og_locale":"es_ES","og_type":"article","og_title":"Elon Musk renombra Twitter; ahora es X - Canal 7 SLP - 2023","og_description":"El ic\u00f3nico logo del p\u00e1jaro tuvo un cambio radical. EUA.- Elon Musk, propietario de Twitter, tuite\u00f3 el 23 de julio que est\u00e1 pensando en cambiar el logotipo de la red social, asegurando que \u00abpronto diremos adi\u00f3s a la marca Twitter y, poco a poco, a todos los p\u00e1jaros\u00bb. A\u00f1adi\u00f3 que \u00absi se publica un logo X lo suficientemente bueno esta noche, haremos (que) salga en vivo en todo el mundo ma\u00f1ana\u00bb. Bajo el mandato de Musk desde que compr\u00f3 Twitter en octubre, la empresa ha cambiado su nombre comercial a X Corp, reflejando la visi\u00f3n del multimillonario de crear una [&hellip;]","og_url":"https:\/\/canal7slp.tv\/2023\/elon-musk-renombra-twitter-ahora-es-x\/","og_site_name":"Canal 7 SLP - 2023","article_publisher":"https:\/\/www.facebook.com\/noticieroscanalsiete","article_published_time":"2023-07-24T22:26:53+00:00","og_image":[{"width":1600,"height":900,"url":"https:\/\/canal7slp.tv\/2023\/wp-content\/uploads\/2023\/07\/04-17.jpg","type":"image\/jpeg"}],"author":"Edici\u00f3n Web","twitter_card":"summary_large_image","twitter_creator":"@NOTICIEROS7","twitter_site":"@NOTICIEROS7","twitter_misc":{"Escrito por":"Edici\u00f3n Web","Tiempo de lectura":"1 minuto"},"schema":{"@context":"https:\/\/schema.org","@graph":[{"@type":"Article","@id":"https:\/\/canal7slp.tv\/2023\/elon-musk-renombra-twitter-ahora-es-x\/#article","isPartOf":{"@id":"https:\/\/canal7slp.tv\/2023\/elon-musk-renombra-twitter-ahora-es-x\/"},"author":{"name":"Edici\u00f3n Web","@id":"https:\/\/canal7slp.tv\/2023\/#\/schema\/person\/639c424e3584069003b11ae813915da6"},"headline":"Elon Musk renombra Twitter; ahora es X","datePublished":"2023-07-24T22:26:53+00:00","mainEntityOfPage":{"@id":"https:\/\/canal7slp.tv\/2023\/elon-musk-renombra-twitter-ahora-es-x\/"},"wordCount":151,"publisher":{"@id":"https:\/\/canal7slp.tv\/2023\/#organization"},"image":{"@id":"https:\/\/canal7slp.tv\/2023\/elon-musk-renombra-twitter-ahora-es-x\/#primaryimage"},"thumbnailUrl":"https:\/\/canal7slp.tv\/2023\/wp-content\/uploads\/2023\/07\/04-17.jpg","articleSection":["ECONOM\u00cdA","INTERNACIONALES"],"inLanguage":"es"},{"@type":"WebPage","@id":"https:\/\/canal7slp.tv\/2023\/elon-musk-renombra-twitter-ahora-es-x\/","url":"https:\/\/canal7slp.tv\/2023\/elon-musk-renombra-twitter-ahora-es-x\/","name":"Elon Musk renombra Twitter; ahora es X - Canal 7 SLP - 2023","isPartOf":{"@id":"https:\/\/canal7slp.tv\/2023\/#website"},"primaryImageOfPage":{"@id":"https:\/\/canal7slp.tv\/2023\/elon-musk-renombra-twitter-ahora-es-x\/#primaryimage"},"image":{"@id":"https:\/\/canal7slp.tv\/2023\/elon-musk-renombra-twitter-ahora-es-x\/#primaryimage"},"thumbnailUrl":"https:\/\/canal7slp.tv\/2023\/wp-content\/uploads\/2023\/07\/04-17.jpg","datePublished":"2023-07-24T22:26:53+00:00","breadcrumb":{"@id":"https:\/\/canal7slp.tv\/2023\/elon-musk-renombra-twitter-ahora-es-x\/#breadcrumb"},"inLanguage":"es","potentialAction":[{"@type":"ReadAction","target":["https:\/\/canal7slp.tv\/2023\/elon-musk-renombra-twitter-ahora-es-x\/"]}]},{"@type":"ImageObject","inLanguage":"es","@id":"https:\/\/canal7slp.tv\/2023\/elon-musk-renombra-twitter-ahora-es-x\/#primaryimage","url":"https:\/\/canal7slp.tv\/2023\/wp-content\/uploads\/2023\/07\/04-17.jpg","contentUrl":"https:\/\/canal7slp.tv\/2023\/wp-content\/uploads\/2023\/07\/04-17.jpg","width":1600,"height":900},{"@type":"BreadcrumbList","@id":"https:\/\/canal7slp.tv\/2023\/elon-musk-renombra-twitter-ahora-es-x\/#breadcrumb","itemListElement":[{"@type":"ListItem","position":1,"name":"Portada","item":"https:\/\/canal7slp.tv\/2023\/"},{"@type":"ListItem","position":2,"name":"Elon Musk renombra Twitter; ahora es X"}]},{"@type":"WebSite","@id":"https:\/\/canal7slp.tv\/2023\/#website","url":"https:\/\/canal7slp.tv\/2023\/","name":"N7 - Noticieros Canal 7","description":"Somos Televisi\u00f3n","publisher":{"@id":"https:\/\/canal7slp.tv\/2023\/#organization"},"potentialAction":[{"@type":"SearchAction","target":{"@type":"EntryPoint","urlTemplate":"https:\/\/canal7slp.tv\/2023\/?s={search_term_string}"},"query-input":{"@type":"PropertyValueSpecification","valueRequired":true,"valueName":"search_term_string"}}],"inLanguage":"es"},{"@type":"Organization","@id":"https:\/\/canal7slp.tv\/2023\/#organization","name":"Noticieros Canal 7","url":"https:\/\/canal7slp.tv\/2023\/","logo":{"@type":"ImageObject","inLanguage":"es","@id":"https:\/\/canal7slp.tv\/2023\/#\/schema\/logo\/image\/","url":"https:\/\/canal7slp.tv\/2023\/wp-content\/uploads\/2021\/01\/logo-noticieros@2x.png","contentUrl":"https:\/\/canal7slp.tv\/2023\/wp-content\/uploads\/2021\/01\/logo-noticieros@2x.png","width":1017,"height":268,"caption":"Noticieros Canal 7"},"image":{"@id":"https:\/\/canal7slp.tv\/2023\/#\/schema\/logo\/image\/"},"sameAs":["https:\/\/www.facebook.com\/noticieroscanalsiete","https:\/\/x.com\/NOTICIEROS7","https:\/\/www.instagram.com\/canal7_slp","https:\/\/www.youtube.com\/channel\/UCliiYs-gP3JfJeqdPrNdd5A"]},{"@type":"Person","@id":"https:\/\/canal7slp.tv\/2023\/#\/schema\/person\/639c424e3584069003b11ae813915da6","name":"Edici\u00f3n Web","image":{"@type":"ImageObject","inLanguage":"es","@id":"https:\/\/secure.gravatar.com\/avatar\/eee448fc3f7164808013b816ba91ac7e43bbe82a70bebac296f8bc6f0addaa1a?s=96&d=mm&r=g","url":"https:\/\/secure.gravatar.com\/avatar\/eee448fc3f7164808013b816ba91ac7e43bbe82a70bebac296f8bc6f0addaa1a?s=96&d=mm&r=g","contentUrl":"https:\/\/secure.gravatar.com\/avatar\/eee448fc3f7164808013b816ba91ac7e43bbe82a70bebac296f8bc6f0addaa1a?s=96&d=mm&r=g","caption":"Edici\u00f3n Web"},"url":"https:\/\/canal7slp.tv\/2023\/author\/edicionweb\/"}]}},"_links":{"self":[{"href":"https:\/\/canal7slp.tv\/2023\/wp-json\/wp\/v2\/posts\/102185","targetHints":{"allow":["GET"]}}],"collection":[{"href":"https:\/\/canal7slp.tv\/2023\/wp-json\/wp\/v2\/posts"}],"about":[{"href":"https:\/\/canal7slp.tv\/2023\/wp-json\/wp\/v2\/types\/post"}],"author":[{"embeddable":true,"href":"https:\/\/canal7slp.tv\/2023\/wp-json\/wp\/v2\/users\/2"}],"replies":[{"embeddable":true,"href":"https:\/\/canal7slp.tv\/2023\/wp-json\/wp\/v2\/comments?post=102185"}],"version-history":[{"count":3,"href":"https:\/\/canal7slp.tv\/2023\/wp-json\/wp\/v2\/posts\/102185\/revisions"}],"predecessor-version":[{"id":102230,"href":"https:\/\/canal7slp.tv\/2023\/wp-json\/wp\/v2\/posts\/102185\/revisions\/102230"}],"wp:featuredmedia":[{"embeddable":true,"href":"https:\/\/canal7slp.tv\/2023\/wp-json\/wp\/v2\/media\/102200"}],"wp:attachment":[{"href":"https:\/\/canal7slp.tv\/2023\/wp-json\/wp\/v2\/media?parent=102185"}],"wp:term":[{"taxonomy":"category","embeddable":true,"href":"https:\/\/canal7slp.tv\/2023\/wp-json\/wp\/v2\/categories?post=102185"},{"taxonomy":"post_tag","embeddable":true,"href":"https:\/\/canal7slp.tv\/2023\/wp-json\/wp\/v2\/tags?post=102185"}],"curies":[{"name":"wp","href":"https:\/\/api.w.org\/{rel}","templated":true}]}}