{"id":102184,"date":"2023-07-24T16:29:35","date_gmt":"2023-07-24T22:29:35","guid":{"rendered":"https:\/\/canal7slp.tv\/2023\/?p=102184"},"modified":"2023-07-24T16:29:35","modified_gmt":"2023-07-24T22:29:35","slug":"paola-moran-destroza-record-de-ana-guevara-en-400-metros-planos","status":"publish","type":"post","link":"https:\/\/canal7slp.tv\/2023\/paola-moran-destroza-record-de-ana-guevara-en-400-metros-planos\/","title":{"rendered":"Paola Mor\u00e1n destroza r\u00e9cord de Ana Guevara en 400 metros planos"},"content":{"rendered":"<p style=\"text-align: justify;\">M\u00e9xico.- La corredora Paola Mor\u00e1n ha hecho historia al romper el r\u00e9cord nacional de atletismo en los 400 metros.<\/p>\n<p style=\"text-align: justify;\">Este r\u00e9cord perteneci\u00f3 por 25 a\u00f1os a Ana Gabriela Guevara, ahora directora general de la CONADE, en 1998, por lo que fue considerada como la mejor velocista mexicana de la historia.<\/p>\n<p style=\"text-align: justify;\">Sin embargo, ahora la originaria de Guadalajara, Jalisco, logr\u00f3 cronometrar en 51.03 y super\u00f3 los 52.12 de la medallista ol\u00edmpica en Atenas 2004.<\/p>\n<p style=\"text-align: justify;\">Con este mismo registro, Mor\u00e1n obtuvo su clasificaci\u00f3n al Campeonato Mundial de Atletismo que se llevar\u00e1 a cabo en Budapest este mismo a\u00f1o.<\/p>\n<p style=\"text-align: justify;\">La subcampeona panamericana se qued\u00f3 cerca de conseguir su boleto a los Juegos Ol\u00edmpicos de Par\u00eds 2024, aunque todav\u00eda tiene la oportunidad de hacerlo en los pr\u00f3ximos once meses.<\/p>\n<p style=\"text-align: justify;\">Paola Mor\u00e1n es una de las atletas mexicanas m\u00e1s destacadas de la actualidad en el deporte de atletismo, con logros como ser semifinalista de los 400 metros planos en Tokio 2020 y medalla de plata en los Juegos Panamericanos de Lima 2019.<\/p>\n","protected":false},"excerpt":{"rendered":"<p>M\u00e9xico.- La corredora Paola Mor\u00e1n ha hecho historia al romper el r\u00e9cord nacional de atletismo en los 400 metros. Este r\u00e9cord perteneci\u00f3 por 25 a\u00f1os a Ana Gabriela Guevara, ahora directora general de la CONADE, en 1998, por lo que fue considerada como la mejor velocista mexicana de la historia. Sin embargo, ahora la originaria de Guadalajara, Jalisco, logr\u00f3 cronometrar en 51.03 y super\u00f3 los 52.12 de la medallista ol\u00edmpica en Atenas 2004. Con este mismo registro, Mor\u00e1n obtuvo su clasificaci\u00f3n al Campeonato Mundial de Atletismo que se llevar\u00e1 a cabo en Budapest este mismo a\u00f1o. La subcampeona panamericana se [&hellip;]<\/p>\n","protected":false},"author":2,"featured_media":102202,"comment_status":"closed","ping_status":"closed","sticky":false,"template":"","format":"standard","meta":{"footnotes":""},"categories":[7],"tags":[],"class_list":["post-102184","post","type-post","status-publish","format-standard","has-post-thumbnail","hentry","category-deportes","post--single"],"yoast_head":"<!-- This site is optimized with the Yoast SEO plugin v27.4 - https:\/\/yoast.com\/product\/yoast-seo-wordpress\/ -->\n<title>Paola Mor\u00e1n destroza r\u00e9cord de Ana Guevara en 400 metros planos - Canal 7 SLP - 2023<\/title>\n<meta name=\"robots\" content=\"index, follow, max-snippet:-1, max-image-preview:large, max-video-preview:-1\" \/>\n<link rel=\"canonical\" href=\"https:\/\/canal7slp.tv\/2023\/paola-moran-destroza-record-de-ana-guevara-en-400-metros-planos\/\" \/>\n<meta property=\"og:locale\" content=\"es_ES\" \/>\n<meta property=\"og:type\" content=\"article\" \/>\n<meta property=\"og:title\" content=\"Paola Mor\u00e1n destroza r\u00e9cord de Ana Guevara en 400 metros planos - Canal 7 SLP - 2023\" \/>\n<meta property=\"og:description\" content=\"M\u00e9xico.- La corredora Paola Mor\u00e1n ha hecho historia al romper el r\u00e9cord nacional de atletismo en los 400 metros. Este r\u00e9cord perteneci\u00f3 por 25 a\u00f1os a Ana Gabriela Guevara, ahora directora general de la CONADE, en 1998, por lo que fue considerada como la mejor velocista mexicana de la historia. Sin embargo, ahora la originaria de Guadalajara, Jalisco, logr\u00f3 cronometrar en 51.03 y super\u00f3 los 52.12 de la medallista ol\u00edmpica en Atenas 2004. Con este mismo registro, Mor\u00e1n obtuvo su clasificaci\u00f3n al Campeonato Mundial de Atletismo que se llevar\u00e1 a cabo en Budapest este mismo a\u00f1o. La subcampeona panamericana se [&hellip;]\" \/>\n<meta property=\"og:url\" content=\"https:\/\/canal7slp.tv\/2023\/paola-moran-destroza-record-de-ana-guevara-en-400-metros-planos\/\" \/>\n<meta property=\"og:site_name\" content=\"Canal 7 SLP - 2023\" \/>\n<meta property=\"article:publisher\" content=\"https:\/\/www.facebook.com\/noticieroscanalsiete\" \/>\n<meta property=\"article:published_time\" content=\"2023-07-24T22:29:35+00:00\" \/>\n<meta property=\"og:image\" content=\"https:\/\/canal7slp.tv\/2023\/wp-content\/uploads\/2023\/07\/06.png\" \/>\n\t<meta property=\"og:image:width\" content=\"640\" \/>\n\t<meta property=\"og:image:height\" content=\"403\" \/>\n\t<meta property=\"og:image:type\" content=\"image\/png\" \/>\n<meta name=\"author\" content=\"Edici\u00f3n Web\" \/>\n<meta name=\"twitter:card\" content=\"summary_large_image\" \/>\n<meta name=\"twitter:creator\" content=\"@NOTICIEROS7\" \/>\n<meta name=\"twitter:site\" content=\"@NOTICIEROS7\" \/>\n<meta name=\"twitter:label1\" content=\"Escrito por\" \/>\n\t<meta name=\"twitter:data1\" content=\"Edici\u00f3n Web\" \/>\n\t<meta name=\"twitter:label2\" content=\"Tiempo de lectura\" \/>\n\t<meta name=\"twitter:data2\" content=\"1 minuto\" \/>\n<script type=\"application\/ld+json\" class=\"yoast-schema-graph\">{\"@context\":\"https:\\\/\\\/schema.org\",\"@graph\":[{\"@type\":\"Article\",\"@id\":\"https:\\\/\\\/canal7slp.tv\\\/2023\\\/paola-moran-destroza-record-de-ana-guevara-en-400-metros-planos\\\/#article\",\"isPartOf\":{\"@id\":\"https:\\\/\\\/canal7slp.tv\\\/2023\\\/paola-moran-destroza-record-de-ana-guevara-en-400-metros-planos\\\/\"},\"author\":{\"name\":\"Edici\u00f3n Web\",\"@id\":\"https:\\\/\\\/canal7slp.tv\\\/2023\\\/#\\\/schema\\\/person\\\/639c424e3584069003b11ae813915da6\"},\"headline\":\"Paola Mor\u00e1n destroza r\u00e9cord de Ana Guevara en 400 metros planos\",\"datePublished\":\"2023-07-24T22:29:35+00:00\",\"mainEntityOfPage\":{\"@id\":\"https:\\\/\\\/canal7slp.tv\\\/2023\\\/paola-moran-destroza-record-de-ana-guevara-en-400-metros-planos\\\/\"},\"wordCount\":185,\"publisher\":{\"@id\":\"https:\\\/\\\/canal7slp.tv\\\/2023\\\/#organization\"},\"image\":{\"@id\":\"https:\\\/\\\/canal7slp.tv\\\/2023\\\/paola-moran-destroza-record-de-ana-guevara-en-400-metros-planos\\\/#primaryimage\"},\"thumbnailUrl\":\"https:\\\/\\\/canal7slp.tv\\\/2023\\\/wp-content\\\/uploads\\\/2023\\\/07\\\/06.png\",\"articleSection\":[\"DEPORTES\"],\"inLanguage\":\"es\"},{\"@type\":\"WebPage\",\"@id\":\"https:\\\/\\\/canal7slp.tv\\\/2023\\\/paola-moran-destroza-record-de-ana-guevara-en-400-metros-planos\\\/\",\"url\":\"https:\\\/\\\/canal7slp.tv\\\/2023\\\/paola-moran-destroza-record-de-ana-guevara-en-400-metros-planos\\\/\",\"name\":\"Paola Mor\u00e1n destroza r\u00e9cord de Ana Guevara en 400 metros planos - Canal 7 SLP - 2023\",\"isPartOf\":{\"@id\":\"https:\\\/\\\/canal7slp.tv\\\/2023\\\/#website\"},\"primaryImageOfPage\":{\"@id\":\"https:\\\/\\\/canal7slp.tv\\\/2023\\\/paola-moran-destroza-record-de-ana-guevara-en-400-metros-planos\\\/#primaryimage\"},\"image\":{\"@id\":\"https:\\\/\\\/canal7slp.tv\\\/2023\\\/paola-moran-destroza-record-de-ana-guevara-en-400-metros-planos\\\/#primaryimage\"},\"thumbnailUrl\":\"https:\\\/\\\/canal7slp.tv\\\/2023\\\/wp-content\\\/uploads\\\/2023\\\/07\\\/06.png\",\"datePublished\":\"2023-07-24T22:29:35+00:00\",\"breadcrumb\":{\"@id\":\"https:\\\/\\\/canal7slp.tv\\\/2023\\\/paola-moran-destroza-record-de-ana-guevara-en-400-metros-planos\\\/#breadcrumb\"},\"inLanguage\":\"es\",\"potentialAction\":[{\"@type\":\"ReadAction\",\"target\":[\"https:\\\/\\\/canal7slp.tv\\\/2023\\\/paola-moran-destroza-record-de-ana-guevara-en-400-metros-planos\\\/\"]}]},{\"@type\":\"ImageObject\",\"inLanguage\":\"es\",\"@id\":\"https:\\\/\\\/canal7slp.tv\\\/2023\\\/paola-moran-destroza-record-de-ana-guevara-en-400-metros-planos\\\/#primaryimage\",\"url\":\"https:\\\/\\\/canal7slp.tv\\\/2023\\\/wp-content\\\/uploads\\\/2023\\\/07\\\/06.png\",\"contentUrl\":\"https:\\\/\\\/canal7slp.tv\\\/2023\\\/wp-content\\\/uploads\\\/2023\\\/07\\\/06.png\",\"width\":640,\"height\":403},{\"@type\":\"BreadcrumbList\",\"@id\":\"https:\\\/\\\/canal7slp.tv\\\/2023\\\/paola-moran-destroza-record-de-ana-guevara-en-400-metros-planos\\\/#breadcrumb\",\"itemListElement\":[{\"@type\":\"ListItem\",\"position\":1,\"name\":\"Portada\",\"item\":\"https:\\\/\\\/canal7slp.tv\\\/2023\\\/\"},{\"@type\":\"ListItem\",\"position\":2,\"name\":\"Paola Mor\u00e1n destroza r\u00e9cord de Ana Guevara en 400 metros planos\"}]},{\"@type\":\"WebSite\",\"@id\":\"https:\\\/\\\/canal7slp.tv\\\/2023\\\/#website\",\"url\":\"https:\\\/\\\/canal7slp.tv\\\/2023\\\/\",\"name\":\"N7 - Noticieros Canal 7\",\"description\":\"Somos Televisi\u00f3n\",\"publisher\":{\"@id\":\"https:\\\/\\\/canal7slp.tv\\\/2023\\\/#organization\"},\"potentialAction\":[{\"@type\":\"SearchAction\",\"target\":{\"@type\":\"EntryPoint\",\"urlTemplate\":\"https:\\\/\\\/canal7slp.tv\\\/2023\\\/?s={search_term_string}\"},\"query-input\":{\"@type\":\"PropertyValueSpecification\",\"valueRequired\":true,\"valueName\":\"search_term_string\"}}],\"inLanguage\":\"es\"},{\"@type\":\"Organization\",\"@id\":\"https:\\\/\\\/canal7slp.tv\\\/2023\\\/#organization\",\"name\":\"Noticieros Canal 7\",\"url\":\"https:\\\/\\\/canal7slp.tv\\\/2023\\\/\",\"logo\":{\"@type\":\"ImageObject\",\"inLanguage\":\"es\",\"@id\":\"https:\\\/\\\/canal7slp.tv\\\/2023\\\/#\\\/schema\\\/logo\\\/image\\\/\",\"url\":\"https:\\\/\\\/canal7slp.tv\\\/2023\\\/wp-content\\\/uploads\\\/2021\\\/01\\\/logo-noticieros@2x.png\",\"contentUrl\":\"https:\\\/\\\/canal7slp.tv\\\/2023\\\/wp-content\\\/uploads\\\/2021\\\/01\\\/logo-noticieros@2x.png\",\"width\":1017,\"height\":268,\"caption\":\"Noticieros Canal 7\"},\"image\":{\"@id\":\"https:\\\/\\\/canal7slp.tv\\\/2023\\\/#\\\/schema\\\/logo\\\/image\\\/\"},\"sameAs\":[\"https:\\\/\\\/www.facebook.com\\\/noticieroscanalsiete\",\"https:\\\/\\\/x.com\\\/NOTICIEROS7\",\"https:\\\/\\\/www.instagram.com\\\/canal7_slp\",\"https:\\\/\\\/www.youtube.com\\\/channel\\\/UCliiYs-gP3JfJeqdPrNdd5A\"]},{\"@type\":\"Person\",\"@id\":\"https:\\\/\\\/canal7slp.tv\\\/2023\\\/#\\\/schema\\\/person\\\/639c424e3584069003b11ae813915da6\",\"name\":\"Edici\u00f3n Web\",\"image\":{\"@type\":\"ImageObject\",\"inLanguage\":\"es\",\"@id\":\"https:\\\/\\\/secure.gravatar.com\\\/avatar\\\/eee448fc3f7164808013b816ba91ac7e43bbe82a70bebac296f8bc6f0addaa1a?s=96&d=mm&r=g\",\"url\":\"https:\\\/\\\/secure.gravatar.com\\\/avatar\\\/eee448fc3f7164808013b816ba91ac7e43bbe82a70bebac296f8bc6f0addaa1a?s=96&d=mm&r=g\",\"contentUrl\":\"https:\\\/\\\/secure.gravatar.com\\\/avatar\\\/eee448fc3f7164808013b816ba91ac7e43bbe82a70bebac296f8bc6f0addaa1a?s=96&d=mm&r=g\",\"caption\":\"Edici\u00f3n Web\"},\"url\":\"https:\\\/\\\/canal7slp.tv\\\/2023\\\/author\\\/edicionweb\\\/\"}]}<\/script>\n<!-- \/ Yoast SEO plugin. -->","yoast_head_json":{"title":"Paola Mor\u00e1n destroza r\u00e9cord de Ana Guevara en 400 metros planos - Canal 7 SLP - 2023","robots":{"index":"index","follow":"follow","max-snippet":"max-snippet:-1","max-image-preview":"max-image-preview:large","max-video-preview":"max-video-preview:-1"},"canonical":"https:\/\/canal7slp.tv\/2023\/paola-moran-destroza-record-de-ana-guevara-en-400-metros-planos\/","og_locale":"es_ES","og_type":"article","og_title":"Paola Mor\u00e1n destroza r\u00e9cord de Ana Guevara en 400 metros planos - Canal 7 SLP - 2023","og_description":"M\u00e9xico.- La corredora Paola Mor\u00e1n ha hecho historia al romper el r\u00e9cord nacional de atletismo en los 400 metros. Este r\u00e9cord perteneci\u00f3 por 25 a\u00f1os a Ana Gabriela Guevara, ahora directora general de la CONADE, en 1998, por lo que fue considerada como la mejor velocista mexicana de la historia. Sin embargo, ahora la originaria de Guadalajara, Jalisco, logr\u00f3 cronometrar en 51.03 y super\u00f3 los 52.12 de la medallista ol\u00edmpica en Atenas 2004. Con este mismo registro, Mor\u00e1n obtuvo su clasificaci\u00f3n al Campeonato Mundial de Atletismo que se llevar\u00e1 a cabo en Budapest este mismo a\u00f1o. La subcampeona panamericana se [&hellip;]","og_url":"https:\/\/canal7slp.tv\/2023\/paola-moran-destroza-record-de-ana-guevara-en-400-metros-planos\/","og_site_name":"Canal 7 SLP - 2023","article_publisher":"https:\/\/www.facebook.com\/noticieroscanalsiete","article_published_time":"2023-07-24T22:29:35+00:00","og_image":[{"width":640,"height":403,"url":"https:\/\/canal7slp.tv\/2023\/wp-content\/uploads\/2023\/07\/06.png","type":"image\/png"}],"author":"Edici\u00f3n Web","twitter_card":"summary_large_image","twitter_creator":"@NOTICIEROS7","twitter_site":"@NOTICIEROS7","twitter_misc":{"Escrito por":"Edici\u00f3n Web","Tiempo de lectura":"1 minuto"},"schema":{"@context":"https:\/\/schema.org","@graph":[{"@type":"Article","@id":"https:\/\/canal7slp.tv\/2023\/paola-moran-destroza-record-de-ana-guevara-en-400-metros-planos\/#article","isPartOf":{"@id":"https:\/\/canal7slp.tv\/2023\/paola-moran-destroza-record-de-ana-guevara-en-400-metros-planos\/"},"author":{"name":"Edici\u00f3n Web","@id":"https:\/\/canal7slp.tv\/2023\/#\/schema\/person\/639c424e3584069003b11ae813915da6"},"headline":"Paola Mor\u00e1n destroza r\u00e9cord de Ana Guevara en 400 metros planos","datePublished":"2023-07-24T22:29:35+00:00","mainEntityOfPage":{"@id":"https:\/\/canal7slp.tv\/2023\/paola-moran-destroza-record-de-ana-guevara-en-400-metros-planos\/"},"wordCount":185,"publisher":{"@id":"https:\/\/canal7slp.tv\/2023\/#organization"},"image":{"@id":"https:\/\/canal7slp.tv\/2023\/paola-moran-destroza-record-de-ana-guevara-en-400-metros-planos\/#primaryimage"},"thumbnailUrl":"https:\/\/canal7slp.tv\/2023\/wp-content\/uploads\/2023\/07\/06.png","articleSection":["DEPORTES"],"inLanguage":"es"},{"@type":"WebPage","@id":"https:\/\/canal7slp.tv\/2023\/paola-moran-destroza-record-de-ana-guevara-en-400-metros-planos\/","url":"https:\/\/canal7slp.tv\/2023\/paola-moran-destroza-record-de-ana-guevara-en-400-metros-planos\/","name":"Paola Mor\u00e1n destroza r\u00e9cord de Ana Guevara en 400 metros planos - Canal 7 SLP - 2023","isPartOf":{"@id":"https:\/\/canal7slp.tv\/2023\/#website"},"primaryImageOfPage":{"@id":"https:\/\/canal7slp.tv\/2023\/paola-moran-destroza-record-de-ana-guevara-en-400-metros-planos\/#primaryimage"},"image":{"@id":"https:\/\/canal7slp.tv\/2023\/paola-moran-destroza-record-de-ana-guevara-en-400-metros-planos\/#primaryimage"},"thumbnailUrl":"https:\/\/canal7slp.tv\/2023\/wp-content\/uploads\/2023\/07\/06.png","datePublished":"2023-07-24T22:29:35+00:00","breadcrumb":{"@id":"https:\/\/canal7slp.tv\/2023\/paola-moran-destroza-record-de-ana-guevara-en-400-metros-planos\/#breadcrumb"},"inLanguage":"es","potentialAction":[{"@type":"ReadAction","target":["https:\/\/canal7slp.tv\/2023\/paola-moran-destroza-record-de-ana-guevara-en-400-metros-planos\/"]}]},{"@type":"ImageObject","inLanguage":"es","@id":"https:\/\/canal7slp.tv\/2023\/paola-moran-destroza-record-de-ana-guevara-en-400-metros-planos\/#primaryimage","url":"https:\/\/canal7slp.tv\/2023\/wp-content\/uploads\/2023\/07\/06.png","contentUrl":"https:\/\/canal7slp.tv\/2023\/wp-content\/uploads\/2023\/07\/06.png","width":640,"height":403},{"@type":"BreadcrumbList","@id":"https:\/\/canal7slp.tv\/2023\/paola-moran-destroza-record-de-ana-guevara-en-400-metros-planos\/#breadcrumb","itemListElement":[{"@type":"ListItem","position":1,"name":"Portada","item":"https:\/\/canal7slp.tv\/2023\/"},{"@type":"ListItem","position":2,"name":"Paola Mor\u00e1n destroza r\u00e9cord de Ana Guevara en 400 metros planos"}]},{"@type":"WebSite","@id":"https:\/\/canal7slp.tv\/2023\/#website","url":"https:\/\/canal7slp.tv\/2023\/","name":"N7 - Noticieros Canal 7","description":"Somos Televisi\u00f3n","publisher":{"@id":"https:\/\/canal7slp.tv\/2023\/#organization"},"potentialAction":[{"@type":"SearchAction","target":{"@type":"EntryPoint","urlTemplate":"https:\/\/canal7slp.tv\/2023\/?s={search_term_string}"},"query-input":{"@type":"PropertyValueSpecification","valueRequired":true,"valueName":"search_term_string"}}],"inLanguage":"es"},{"@type":"Organization","@id":"https:\/\/canal7slp.tv\/2023\/#organization","name":"Noticieros Canal 7","url":"https:\/\/canal7slp.tv\/2023\/","logo":{"@type":"ImageObject","inLanguage":"es","@id":"https:\/\/canal7slp.tv\/2023\/#\/schema\/logo\/image\/","url":"https:\/\/canal7slp.tv\/2023\/wp-content\/uploads\/2021\/01\/logo-noticieros@2x.png","contentUrl":"https:\/\/canal7slp.tv\/2023\/wp-content\/uploads\/2021\/01\/logo-noticieros@2x.png","width":1017,"height":268,"caption":"Noticieros Canal 7"},"image":{"@id":"https:\/\/canal7slp.tv\/2023\/#\/schema\/logo\/image\/"},"sameAs":["https:\/\/www.facebook.com\/noticieroscanalsiete","https:\/\/x.com\/NOTICIEROS7","https:\/\/www.instagram.com\/canal7_slp","https:\/\/www.youtube.com\/channel\/UCliiYs-gP3JfJeqdPrNdd5A"]},{"@type":"Person","@id":"https:\/\/canal7slp.tv\/2023\/#\/schema\/person\/639c424e3584069003b11ae813915da6","name":"Edici\u00f3n Web","image":{"@type":"ImageObject","inLanguage":"es","@id":"https:\/\/secure.gravatar.com\/avatar\/eee448fc3f7164808013b816ba91ac7e43bbe82a70bebac296f8bc6f0addaa1a?s=96&d=mm&r=g","url":"https:\/\/secure.gravatar.com\/avatar\/eee448fc3f7164808013b816ba91ac7e43bbe82a70bebac296f8bc6f0addaa1a?s=96&d=mm&r=g","contentUrl":"https:\/\/secure.gravatar.com\/avatar\/eee448fc3f7164808013b816ba91ac7e43bbe82a70bebac296f8bc6f0addaa1a?s=96&d=mm&r=g","caption":"Edici\u00f3n Web"},"url":"https:\/\/canal7slp.tv\/2023\/author\/edicionweb\/"}]}},"_links":{"self":[{"href":"https:\/\/canal7slp.tv\/2023\/wp-json\/wp\/v2\/posts\/102184","targetHints":{"allow":["GET"]}}],"collection":[{"href":"https:\/\/canal7slp.tv\/2023\/wp-json\/wp\/v2\/posts"}],"about":[{"href":"https:\/\/canal7slp.tv\/2023\/wp-json\/wp\/v2\/types\/post"}],"author":[{"embeddable":true,"href":"https:\/\/canal7slp.tv\/2023\/wp-json\/wp\/v2\/users\/2"}],"replies":[{"embeddable":true,"href":"https:\/\/canal7slp.tv\/2023\/wp-json\/wp\/v2\/comments?post=102184"}],"version-history":[{"count":4,"href":"https:\/\/canal7slp.tv\/2023\/wp-json\/wp\/v2\/posts\/102184\/revisions"}],"predecessor-version":[{"id":102233,"href":"https:\/\/canal7slp.tv\/2023\/wp-json\/wp\/v2\/posts\/102184\/revisions\/102233"}],"wp:featuredmedia":[{"embeddable":true,"href":"https:\/\/canal7slp.tv\/2023\/wp-json\/wp\/v2\/media\/102202"}],"wp:attachment":[{"href":"https:\/\/canal7slp.tv\/2023\/wp-json\/wp\/v2\/media?parent=102184"}],"wp:term":[{"taxonomy":"category","embeddable":true,"href":"https:\/\/canal7slp.tv\/2023\/wp-json\/wp\/v2\/categories?post=102184"},{"taxonomy":"post_tag","embeddable":true,"href":"https:\/\/canal7slp.tv\/2023\/wp-json\/wp\/v2\/tags?post=102184"}],"curies":[{"name":"wp","href":"https:\/\/api.w.org\/{rel}","templated":true}]}}