{"id":102182,"date":"2023-07-24T16:24:53","date_gmt":"2023-07-24T22:24:53","guid":{"rendered":"https:\/\/canal7slp.tv\/2023\/?p=102182"},"modified":"2023-07-24T16:24:53","modified_gmt":"2023-07-24T22:24:53","slug":"fgr-anuncia-aseguramiento-de-avion-reportado-como-robado-del-aicm","status":"publish","type":"post","link":"https:\/\/canal7slp.tv\/2023\/fgr-anuncia-aseguramiento-de-avion-reportado-como-robado-del-aicm\/","title":{"rendered":"FGR anuncia aseguramiento de avi\u00f3n reportado como robado del AICM"},"content":{"rendered":"<p style=\"text-align: justify;\">Ciudad de M\u00e9xico.- Un avi\u00f3n privado modelo British Aeroespace BAe serie 800A, con matr\u00edcula N591CF, presuntamente fue robado del Aeropuerto Internacional de la Ciudad de M\u00e9xico (AICM) Benito Ju\u00e1rez, donde permanec\u00eda en la zona de hangares desde 2022.<\/p>\n<p style=\"text-align: justify;\">De acuerdo con los primeros testimonios, el propietario se percat\u00f3 de la desaparici\u00f3n cuando pretend\u00eda preparar el avi\u00f3n para un vuelo.<\/p>\n<p style=\"text-align: justify;\">Por su parte, la Fiscal\u00eda General de Justicia de la Ciudad de M\u00e9xico ha iniciado las investigaciones para determinar el motivo del robo.<\/p>\n<p style=\"text-align: justify;\">No obstante, el AICM emiti\u00f3 un comunicado en el que detall\u00f3 que cuenta con alg\u00fan documento oficial por parte de las autoridades judiciales o ministeriales, pero se dijo dispuesto a cooperar en caso de ser requerido.<\/p>\n","protected":false},"excerpt":{"rendered":"<p>Ciudad de M\u00e9xico.- Un avi\u00f3n privado modelo British Aeroespace BAe serie 800A, con matr\u00edcula N591CF, presuntamente fue robado del Aeropuerto Internacional de la Ciudad de M\u00e9xico (AICM) Benito Ju\u00e1rez, donde permanec\u00eda en la zona de hangares desde 2022. De acuerdo con los primeros testimonios, el propietario se percat\u00f3 de la desaparici\u00f3n cuando pretend\u00eda preparar el avi\u00f3n para un vuelo. Por su parte, la Fiscal\u00eda General de Justicia de la Ciudad de M\u00e9xico ha iniciado las investigaciones para determinar el motivo del robo. No obstante, el AICM emiti\u00f3 un comunicado en el que detall\u00f3 que cuenta con alg\u00fan documento oficial por [&hellip;]<\/p>\n","protected":false},"author":2,"featured_media":102197,"comment_status":"closed","ping_status":"closed","sticky":false,"template":"","format":"standard","meta":{"footnotes":""},"categories":[46],"tags":[],"class_list":["post-102182","post","type-post","status-publish","format-standard","has-post-thumbnail","hentry","category-nacional","post--single"],"yoast_head":"<!-- This site is optimized with the Yoast SEO plugin v27.4 - https:\/\/yoast.com\/product\/yoast-seo-wordpress\/ -->\n<title>FGR anuncia aseguramiento de avi\u00f3n reportado como robado del AICM - Canal 7 SLP - 2023<\/title>\n<meta name=\"robots\" content=\"index, follow, max-snippet:-1, max-image-preview:large, max-video-preview:-1\" \/>\n<link rel=\"canonical\" href=\"https:\/\/canal7slp.tv\/2023\/fgr-anuncia-aseguramiento-de-avion-reportado-como-robado-del-aicm\/\" \/>\n<meta property=\"og:locale\" content=\"es_ES\" \/>\n<meta property=\"og:type\" content=\"article\" \/>\n<meta property=\"og:title\" content=\"FGR anuncia aseguramiento de avi\u00f3n reportado como robado del AICM - Canal 7 SLP - 2023\" \/>\n<meta property=\"og:description\" content=\"Ciudad de M\u00e9xico.- Un avi\u00f3n privado modelo British Aeroespace BAe serie 800A, con matr\u00edcula N591CF, presuntamente fue robado del Aeropuerto Internacional de la Ciudad de M\u00e9xico (AICM) Benito Ju\u00e1rez, donde permanec\u00eda en la zona de hangares desde 2022. De acuerdo con los primeros testimonios, el propietario se percat\u00f3 de la desaparici\u00f3n cuando pretend\u00eda preparar el avi\u00f3n para un vuelo. Por su parte, la Fiscal\u00eda General de Justicia de la Ciudad de M\u00e9xico ha iniciado las investigaciones para determinar el motivo del robo. No obstante, el AICM emiti\u00f3 un comunicado en el que detall\u00f3 que cuenta con alg\u00fan documento oficial por [&hellip;]\" \/>\n<meta property=\"og:url\" content=\"https:\/\/canal7slp.tv\/2023\/fgr-anuncia-aseguramiento-de-avion-reportado-como-robado-del-aicm\/\" \/>\n<meta property=\"og:site_name\" content=\"Canal 7 SLP - 2023\" \/>\n<meta property=\"article:publisher\" content=\"https:\/\/www.facebook.com\/noticieroscanalsiete\" \/>\n<meta property=\"article:published_time\" content=\"2023-07-24T22:24:53+00:00\" \/>\n<meta property=\"og:image\" content=\"https:\/\/canal7slp.tv\/2023\/wp-content\/uploads\/2023\/07\/01-14.jpg\" \/>\n\t<meta property=\"og:image:width\" content=\"800\" \/>\n\t<meta property=\"og:image:height\" content=\"450\" \/>\n\t<meta property=\"og:image:type\" content=\"image\/jpeg\" \/>\n<meta name=\"author\" content=\"Edici\u00f3n Web\" \/>\n<meta name=\"twitter:card\" content=\"summary_large_image\" \/>\n<meta name=\"twitter:creator\" content=\"@NOTICIEROS7\" \/>\n<meta name=\"twitter:site\" content=\"@NOTICIEROS7\" \/>\n<meta name=\"twitter:label1\" content=\"Escrito por\" \/>\n\t<meta name=\"twitter:data1\" content=\"Edici\u00f3n Web\" \/>\n\t<meta name=\"twitter:label2\" content=\"Tiempo de lectura\" \/>\n\t<meta name=\"twitter:data2\" content=\"1 minuto\" \/>\n<script type=\"application\/ld+json\" class=\"yoast-schema-graph\">{\"@context\":\"https:\\\/\\\/schema.org\",\"@graph\":[{\"@type\":\"Article\",\"@id\":\"https:\\\/\\\/canal7slp.tv\\\/2023\\\/fgr-anuncia-aseguramiento-de-avion-reportado-como-robado-del-aicm\\\/#article\",\"isPartOf\":{\"@id\":\"https:\\\/\\\/canal7slp.tv\\\/2023\\\/fgr-anuncia-aseguramiento-de-avion-reportado-como-robado-del-aicm\\\/\"},\"author\":{\"name\":\"Edici\u00f3n Web\",\"@id\":\"https:\\\/\\\/canal7slp.tv\\\/2023\\\/#\\\/schema\\\/person\\\/639c424e3584069003b11ae813915da6\"},\"headline\":\"FGR anuncia aseguramiento de avi\u00f3n reportado como robado del AICM\",\"datePublished\":\"2023-07-24T22:24:53+00:00\",\"mainEntityOfPage\":{\"@id\":\"https:\\\/\\\/canal7slp.tv\\\/2023\\\/fgr-anuncia-aseguramiento-de-avion-reportado-como-robado-del-aicm\\\/\"},\"wordCount\":142,\"publisher\":{\"@id\":\"https:\\\/\\\/canal7slp.tv\\\/2023\\\/#organization\"},\"image\":{\"@id\":\"https:\\\/\\\/canal7slp.tv\\\/2023\\\/fgr-anuncia-aseguramiento-de-avion-reportado-como-robado-del-aicm\\\/#primaryimage\"},\"thumbnailUrl\":\"https:\\\/\\\/canal7slp.tv\\\/2023\\\/wp-content\\\/uploads\\\/2023\\\/07\\\/01-14.jpg\",\"articleSection\":[\"NACIONALES\"],\"inLanguage\":\"es\"},{\"@type\":\"WebPage\",\"@id\":\"https:\\\/\\\/canal7slp.tv\\\/2023\\\/fgr-anuncia-aseguramiento-de-avion-reportado-como-robado-del-aicm\\\/\",\"url\":\"https:\\\/\\\/canal7slp.tv\\\/2023\\\/fgr-anuncia-aseguramiento-de-avion-reportado-como-robado-del-aicm\\\/\",\"name\":\"FGR anuncia aseguramiento de avi\u00f3n reportado como robado del AICM - Canal 7 SLP - 2023\",\"isPartOf\":{\"@id\":\"https:\\\/\\\/canal7slp.tv\\\/2023\\\/#website\"},\"primaryImageOfPage\":{\"@id\":\"https:\\\/\\\/canal7slp.tv\\\/2023\\\/fgr-anuncia-aseguramiento-de-avion-reportado-como-robado-del-aicm\\\/#primaryimage\"},\"image\":{\"@id\":\"https:\\\/\\\/canal7slp.tv\\\/2023\\\/fgr-anuncia-aseguramiento-de-avion-reportado-como-robado-del-aicm\\\/#primaryimage\"},\"thumbnailUrl\":\"https:\\\/\\\/canal7slp.tv\\\/2023\\\/wp-content\\\/uploads\\\/2023\\\/07\\\/01-14.jpg\",\"datePublished\":\"2023-07-24T22:24:53+00:00\",\"breadcrumb\":{\"@id\":\"https:\\\/\\\/canal7slp.tv\\\/2023\\\/fgr-anuncia-aseguramiento-de-avion-reportado-como-robado-del-aicm\\\/#breadcrumb\"},\"inLanguage\":\"es\",\"potentialAction\":[{\"@type\":\"ReadAction\",\"target\":[\"https:\\\/\\\/canal7slp.tv\\\/2023\\\/fgr-anuncia-aseguramiento-de-avion-reportado-como-robado-del-aicm\\\/\"]}]},{\"@type\":\"ImageObject\",\"inLanguage\":\"es\",\"@id\":\"https:\\\/\\\/canal7slp.tv\\\/2023\\\/fgr-anuncia-aseguramiento-de-avion-reportado-como-robado-del-aicm\\\/#primaryimage\",\"url\":\"https:\\\/\\\/canal7slp.tv\\\/2023\\\/wp-content\\\/uploads\\\/2023\\\/07\\\/01-14.jpg\",\"contentUrl\":\"https:\\\/\\\/canal7slp.tv\\\/2023\\\/wp-content\\\/uploads\\\/2023\\\/07\\\/01-14.jpg\",\"width\":800,\"height\":450},{\"@type\":\"BreadcrumbList\",\"@id\":\"https:\\\/\\\/canal7slp.tv\\\/2023\\\/fgr-anuncia-aseguramiento-de-avion-reportado-como-robado-del-aicm\\\/#breadcrumb\",\"itemListElement\":[{\"@type\":\"ListItem\",\"position\":1,\"name\":\"Portada\",\"item\":\"https:\\\/\\\/canal7slp.tv\\\/2023\\\/\"},{\"@type\":\"ListItem\",\"position\":2,\"name\":\"FGR anuncia aseguramiento de avi\u00f3n reportado como robado del AICM\"}]},{\"@type\":\"WebSite\",\"@id\":\"https:\\\/\\\/canal7slp.tv\\\/2023\\\/#website\",\"url\":\"https:\\\/\\\/canal7slp.tv\\\/2023\\\/\",\"name\":\"N7 - Noticieros Canal 7\",\"description\":\"Somos Televisi\u00f3n\",\"publisher\":{\"@id\":\"https:\\\/\\\/canal7slp.tv\\\/2023\\\/#organization\"},\"potentialAction\":[{\"@type\":\"SearchAction\",\"target\":{\"@type\":\"EntryPoint\",\"urlTemplate\":\"https:\\\/\\\/canal7slp.tv\\\/2023\\\/?s={search_term_string}\"},\"query-input\":{\"@type\":\"PropertyValueSpecification\",\"valueRequired\":true,\"valueName\":\"search_term_string\"}}],\"inLanguage\":\"es\"},{\"@type\":\"Organization\",\"@id\":\"https:\\\/\\\/canal7slp.tv\\\/2023\\\/#organization\",\"name\":\"Noticieros Canal 7\",\"url\":\"https:\\\/\\\/canal7slp.tv\\\/2023\\\/\",\"logo\":{\"@type\":\"ImageObject\",\"inLanguage\":\"es\",\"@id\":\"https:\\\/\\\/canal7slp.tv\\\/2023\\\/#\\\/schema\\\/logo\\\/image\\\/\",\"url\":\"https:\\\/\\\/canal7slp.tv\\\/2023\\\/wp-content\\\/uploads\\\/2021\\\/01\\\/logo-noticieros@2x.png\",\"contentUrl\":\"https:\\\/\\\/canal7slp.tv\\\/2023\\\/wp-content\\\/uploads\\\/2021\\\/01\\\/logo-noticieros@2x.png\",\"width\":1017,\"height\":268,\"caption\":\"Noticieros Canal 7\"},\"image\":{\"@id\":\"https:\\\/\\\/canal7slp.tv\\\/2023\\\/#\\\/schema\\\/logo\\\/image\\\/\"},\"sameAs\":[\"https:\\\/\\\/www.facebook.com\\\/noticieroscanalsiete\",\"https:\\\/\\\/x.com\\\/NOTICIEROS7\",\"https:\\\/\\\/www.instagram.com\\\/canal7_slp\",\"https:\\\/\\\/www.youtube.com\\\/channel\\\/UCliiYs-gP3JfJeqdPrNdd5A\"]},{\"@type\":\"Person\",\"@id\":\"https:\\\/\\\/canal7slp.tv\\\/2023\\\/#\\\/schema\\\/person\\\/639c424e3584069003b11ae813915da6\",\"name\":\"Edici\u00f3n Web\",\"image\":{\"@type\":\"ImageObject\",\"inLanguage\":\"es\",\"@id\":\"https:\\\/\\\/secure.gravatar.com\\\/avatar\\\/eee448fc3f7164808013b816ba91ac7e43bbe82a70bebac296f8bc6f0addaa1a?s=96&d=mm&r=g\",\"url\":\"https:\\\/\\\/secure.gravatar.com\\\/avatar\\\/eee448fc3f7164808013b816ba91ac7e43bbe82a70bebac296f8bc6f0addaa1a?s=96&d=mm&r=g\",\"contentUrl\":\"https:\\\/\\\/secure.gravatar.com\\\/avatar\\\/eee448fc3f7164808013b816ba91ac7e43bbe82a70bebac296f8bc6f0addaa1a?s=96&d=mm&r=g\",\"caption\":\"Edici\u00f3n Web\"},\"url\":\"https:\\\/\\\/canal7slp.tv\\\/2023\\\/author\\\/edicionweb\\\/\"}]}<\/script>\n<!-- \/ Yoast SEO plugin. -->","yoast_head_json":{"title":"FGR anuncia aseguramiento de avi\u00f3n reportado como robado del AICM - Canal 7 SLP - 2023","robots":{"index":"index","follow":"follow","max-snippet":"max-snippet:-1","max-image-preview":"max-image-preview:large","max-video-preview":"max-video-preview:-1"},"canonical":"https:\/\/canal7slp.tv\/2023\/fgr-anuncia-aseguramiento-de-avion-reportado-como-robado-del-aicm\/","og_locale":"es_ES","og_type":"article","og_title":"FGR anuncia aseguramiento de avi\u00f3n reportado como robado del AICM - Canal 7 SLP - 2023","og_description":"Ciudad de M\u00e9xico.- Un avi\u00f3n privado modelo British Aeroespace BAe serie 800A, con matr\u00edcula N591CF, presuntamente fue robado del Aeropuerto Internacional de la Ciudad de M\u00e9xico (AICM) Benito Ju\u00e1rez, donde permanec\u00eda en la zona de hangares desde 2022. De acuerdo con los primeros testimonios, el propietario se percat\u00f3 de la desaparici\u00f3n cuando pretend\u00eda preparar el avi\u00f3n para un vuelo. Por su parte, la Fiscal\u00eda General de Justicia de la Ciudad de M\u00e9xico ha iniciado las investigaciones para determinar el motivo del robo. No obstante, el AICM emiti\u00f3 un comunicado en el que detall\u00f3 que cuenta con alg\u00fan documento oficial por [&hellip;]","og_url":"https:\/\/canal7slp.tv\/2023\/fgr-anuncia-aseguramiento-de-avion-reportado-como-robado-del-aicm\/","og_site_name":"Canal 7 SLP - 2023","article_publisher":"https:\/\/www.facebook.com\/noticieroscanalsiete","article_published_time":"2023-07-24T22:24:53+00:00","og_image":[{"width":800,"height":450,"url":"https:\/\/canal7slp.tv\/2023\/wp-content\/uploads\/2023\/07\/01-14.jpg","type":"image\/jpeg"}],"author":"Edici\u00f3n Web","twitter_card":"summary_large_image","twitter_creator":"@NOTICIEROS7","twitter_site":"@NOTICIEROS7","twitter_misc":{"Escrito por":"Edici\u00f3n Web","Tiempo de lectura":"1 minuto"},"schema":{"@context":"https:\/\/schema.org","@graph":[{"@type":"Article","@id":"https:\/\/canal7slp.tv\/2023\/fgr-anuncia-aseguramiento-de-avion-reportado-como-robado-del-aicm\/#article","isPartOf":{"@id":"https:\/\/canal7slp.tv\/2023\/fgr-anuncia-aseguramiento-de-avion-reportado-como-robado-del-aicm\/"},"author":{"name":"Edici\u00f3n Web","@id":"https:\/\/canal7slp.tv\/2023\/#\/schema\/person\/639c424e3584069003b11ae813915da6"},"headline":"FGR anuncia aseguramiento de avi\u00f3n reportado como robado del AICM","datePublished":"2023-07-24T22:24:53+00:00","mainEntityOfPage":{"@id":"https:\/\/canal7slp.tv\/2023\/fgr-anuncia-aseguramiento-de-avion-reportado-como-robado-del-aicm\/"},"wordCount":142,"publisher":{"@id":"https:\/\/canal7slp.tv\/2023\/#organization"},"image":{"@id":"https:\/\/canal7slp.tv\/2023\/fgr-anuncia-aseguramiento-de-avion-reportado-como-robado-del-aicm\/#primaryimage"},"thumbnailUrl":"https:\/\/canal7slp.tv\/2023\/wp-content\/uploads\/2023\/07\/01-14.jpg","articleSection":["NACIONALES"],"inLanguage":"es"},{"@type":"WebPage","@id":"https:\/\/canal7slp.tv\/2023\/fgr-anuncia-aseguramiento-de-avion-reportado-como-robado-del-aicm\/","url":"https:\/\/canal7slp.tv\/2023\/fgr-anuncia-aseguramiento-de-avion-reportado-como-robado-del-aicm\/","name":"FGR anuncia aseguramiento de avi\u00f3n reportado como robado del AICM - Canal 7 SLP - 2023","isPartOf":{"@id":"https:\/\/canal7slp.tv\/2023\/#website"},"primaryImageOfPage":{"@id":"https:\/\/canal7slp.tv\/2023\/fgr-anuncia-aseguramiento-de-avion-reportado-como-robado-del-aicm\/#primaryimage"},"image":{"@id":"https:\/\/canal7slp.tv\/2023\/fgr-anuncia-aseguramiento-de-avion-reportado-como-robado-del-aicm\/#primaryimage"},"thumbnailUrl":"https:\/\/canal7slp.tv\/2023\/wp-content\/uploads\/2023\/07\/01-14.jpg","datePublished":"2023-07-24T22:24:53+00:00","breadcrumb":{"@id":"https:\/\/canal7slp.tv\/2023\/fgr-anuncia-aseguramiento-de-avion-reportado-como-robado-del-aicm\/#breadcrumb"},"inLanguage":"es","potentialAction":[{"@type":"ReadAction","target":["https:\/\/canal7slp.tv\/2023\/fgr-anuncia-aseguramiento-de-avion-reportado-como-robado-del-aicm\/"]}]},{"@type":"ImageObject","inLanguage":"es","@id":"https:\/\/canal7slp.tv\/2023\/fgr-anuncia-aseguramiento-de-avion-reportado-como-robado-del-aicm\/#primaryimage","url":"https:\/\/canal7slp.tv\/2023\/wp-content\/uploads\/2023\/07\/01-14.jpg","contentUrl":"https:\/\/canal7slp.tv\/2023\/wp-content\/uploads\/2023\/07\/01-14.jpg","width":800,"height":450},{"@type":"BreadcrumbList","@id":"https:\/\/canal7slp.tv\/2023\/fgr-anuncia-aseguramiento-de-avion-reportado-como-robado-del-aicm\/#breadcrumb","itemListElement":[{"@type":"ListItem","position":1,"name":"Portada","item":"https:\/\/canal7slp.tv\/2023\/"},{"@type":"ListItem","position":2,"name":"FGR anuncia aseguramiento de avi\u00f3n reportado como robado del AICM"}]},{"@type":"WebSite","@id":"https:\/\/canal7slp.tv\/2023\/#website","url":"https:\/\/canal7slp.tv\/2023\/","name":"N7 - Noticieros Canal 7","description":"Somos Televisi\u00f3n","publisher":{"@id":"https:\/\/canal7slp.tv\/2023\/#organization"},"potentialAction":[{"@type":"SearchAction","target":{"@type":"EntryPoint","urlTemplate":"https:\/\/canal7slp.tv\/2023\/?s={search_term_string}"},"query-input":{"@type":"PropertyValueSpecification","valueRequired":true,"valueName":"search_term_string"}}],"inLanguage":"es"},{"@type":"Organization","@id":"https:\/\/canal7slp.tv\/2023\/#organization","name":"Noticieros Canal 7","url":"https:\/\/canal7slp.tv\/2023\/","logo":{"@type":"ImageObject","inLanguage":"es","@id":"https:\/\/canal7slp.tv\/2023\/#\/schema\/logo\/image\/","url":"https:\/\/canal7slp.tv\/2023\/wp-content\/uploads\/2021\/01\/logo-noticieros@2x.png","contentUrl":"https:\/\/canal7slp.tv\/2023\/wp-content\/uploads\/2021\/01\/logo-noticieros@2x.png","width":1017,"height":268,"caption":"Noticieros Canal 7"},"image":{"@id":"https:\/\/canal7slp.tv\/2023\/#\/schema\/logo\/image\/"},"sameAs":["https:\/\/www.facebook.com\/noticieroscanalsiete","https:\/\/x.com\/NOTICIEROS7","https:\/\/www.instagram.com\/canal7_slp","https:\/\/www.youtube.com\/channel\/UCliiYs-gP3JfJeqdPrNdd5A"]},{"@type":"Person","@id":"https:\/\/canal7slp.tv\/2023\/#\/schema\/person\/639c424e3584069003b11ae813915da6","name":"Edici\u00f3n Web","image":{"@type":"ImageObject","inLanguage":"es","@id":"https:\/\/secure.gravatar.com\/avatar\/eee448fc3f7164808013b816ba91ac7e43bbe82a70bebac296f8bc6f0addaa1a?s=96&d=mm&r=g","url":"https:\/\/secure.gravatar.com\/avatar\/eee448fc3f7164808013b816ba91ac7e43bbe82a70bebac296f8bc6f0addaa1a?s=96&d=mm&r=g","contentUrl":"https:\/\/secure.gravatar.com\/avatar\/eee448fc3f7164808013b816ba91ac7e43bbe82a70bebac296f8bc6f0addaa1a?s=96&d=mm&r=g","caption":"Edici\u00f3n Web"},"url":"https:\/\/canal7slp.tv\/2023\/author\/edicionweb\/"}]}},"_links":{"self":[{"href":"https:\/\/canal7slp.tv\/2023\/wp-json\/wp\/v2\/posts\/102182","targetHints":{"allow":["GET"]}}],"collection":[{"href":"https:\/\/canal7slp.tv\/2023\/wp-json\/wp\/v2\/posts"}],"about":[{"href":"https:\/\/canal7slp.tv\/2023\/wp-json\/wp\/v2\/types\/post"}],"author":[{"embeddable":true,"href":"https:\/\/canal7slp.tv\/2023\/wp-json\/wp\/v2\/users\/2"}],"replies":[{"embeddable":true,"href":"https:\/\/canal7slp.tv\/2023\/wp-json\/wp\/v2\/comments?post=102182"}],"version-history":[{"count":3,"href":"https:\/\/canal7slp.tv\/2023\/wp-json\/wp\/v2\/posts\/102182\/revisions"}],"predecessor-version":[{"id":102227,"href":"https:\/\/canal7slp.tv\/2023\/wp-json\/wp\/v2\/posts\/102182\/revisions\/102227"}],"wp:featuredmedia":[{"embeddable":true,"href":"https:\/\/canal7slp.tv\/2023\/wp-json\/wp\/v2\/media\/102197"}],"wp:attachment":[{"href":"https:\/\/canal7slp.tv\/2023\/wp-json\/wp\/v2\/media?parent=102182"}],"wp:term":[{"taxonomy":"category","embeddable":true,"href":"https:\/\/canal7slp.tv\/2023\/wp-json\/wp\/v2\/categories?post=102182"},{"taxonomy":"post_tag","embeddable":true,"href":"https:\/\/canal7slp.tv\/2023\/wp-json\/wp\/v2\/tags?post=102182"}],"curies":[{"name":"wp","href":"https:\/\/api.w.org\/{rel}","templated":true}]}}