{"id":102052,"date":"2023-07-22T02:56:12","date_gmt":"2023-07-22T08:56:12","guid":{"rendered":"https:\/\/canal7slp.tv\/2023\/?p=102052"},"modified":"2023-07-22T02:56:12","modified_gmt":"2023-07-22T08:56:12","slug":"frente-amplio-por-mexico-cumple-con-la-ley","status":"publish","type":"post","link":"https:\/\/canal7slp.tv\/2023\/frente-amplio-por-mexico-cumple-con-la-ley\/","title":{"rendered":"Frente Amplio por M\u00e9xico cumple con la ley"},"content":{"rendered":"<p style=\"text-align: justify;\">Las autoridades administrativas y jurisdiccionales en materia electoral han respaldado jur\u00eddicamente a los partidos PRI, PAN y PRD en su objetivo de crear un gran frente pol\u00edtico de oposici\u00f3n que, con la participaci\u00f3n de la ciudadan\u00eda, tiene la misi\u00f3n de proponer las soluciones que la sociedad mexicana demanda en la actualidad.<\/p>\n<p style=\"text-align: justify;\">Ante un gobierno inactivo, c\u00f3mplice, corrupto, abusivo e incapaz, los problemas en todo el territorio nacional se han multiplicado y agravado, provocando un r\u00e1pido retroceso social que se manifiesta en profundas crisis en materia econ\u00f3mica, social, de seguridad, ambiental y educativa.<\/p>\n<p style=\"text-align: justify;\">El an\u00e1lisis realizado y aprobado por el Instituto Nacional Electoral (INE) confirma el cumplimiento del procedimiento estatutario y reglamentario establecido por cada uno de los partidos pol\u00edticos para la aprobaci\u00f3n del Frente, as\u00ed como los principios democr\u00e1ticos contenidos en el convenio de su creaci\u00f3n, estableciendo un tiempo de vida hasta el 31 de diciembre de 2024.<\/p>\n<p style=\"text-align: justify;\">Los objetivos a los que responde el Frente son de naturaleza pol\u00edtica y social, partiendo del reconocimiento pleno de la pluralidad pol\u00edtica existente en nuestro pa\u00eds y de la incapacidad gubernamental para garantizar el desarrollo y bienestar de la poblaci\u00f3n, por lo que se canalizan acciones y estrategias espec\u00edficas y comunes para construir la agenda que fortalezca la defensa democr\u00e1tica, contrastar ideas y encontrar una v\u00eda para corregir el rumbo de M\u00e9xico.<\/p>\n<p style=\"text-align: justify;\">La raz\u00f3n de ser de este Frente son las demandas ciudadanas desatendidas por el gobierno en turno, mientras que su pilar se basa en las coincidencias partidistas en torno a la construcci\u00f3n de mejores condiciones para el pa\u00eds en todas las \u00e1reas que corresponden al gobierno del Estado.<\/p>\n<p style=\"text-align: justify;\">El Frente Amplio por M\u00e9xico no tiene fines electorales, lo que lo distingue radicalmente de las figuras de coalici\u00f3n y alianza, que se crean en un proceso electoral y se disuelven al concluir. En este caso, el Frente se forma en un periodo no electoral y concluir\u00e1 su funcionamiento en un momento independiente de los temas electorales.<\/p>\n<p style=\"text-align: justify;\">Con la Constituci\u00f3n Pol\u00edtica y la ley como gu\u00edas, el Frente Amplio por M\u00e9xico act\u00faa de cara a la sociedad y acata principios democr\u00e1ticos fundamentales como la rendici\u00f3n de cuentas y la fiscalizaci\u00f3n.<\/p>\n<p style=\"text-align: justify;\">La uni\u00f3n de esfuerzos de los partidos pol\u00edticos de oposici\u00f3n da ejemplo, al buscar la reconciliaci\u00f3n de la sociedad como un elemento imprescindible para resolver los problemas que hoy nos aquejan. Esto se debe a que, al compartir nuestras fortalezas y experiencias, se potencia nuestro actuar en beneficio de los intereses generales del pa\u00eds.<\/p>\n<p style=\"text-align: justify;\">Como mencionamos desde un principio, los partidos de oposici\u00f3n cumplimos en todo momento y sin reservas la ley, priorizando la participaci\u00f3n y apertura a la ciudadan\u00eda.<\/p>\n<p style=\"text-align: justify;\">Hoy, la autoridad electoral ha confirmado el nacimiento del Frente Amplio por M\u00e9xico, lo cual es una magn\u00edfica noticia para nuestra democracia, pero, sobre todo, para la sociedad, ya que cuenta con un mecanismo poderoso para hacer escuchar su voz y garantizar su inclusi\u00f3n.<\/p>\n<p style=\"text-align: right;\">Alejandro Moreno, Presidente Nacional del PRI.<\/p>\n","protected":false},"excerpt":{"rendered":"<p>Las autoridades administrativas y jurisdiccionales en materia electoral han respaldado jur\u00eddicamente a los partidos PRI, PAN y PRD en su objetivo de crear un gran frente pol\u00edtico de oposici\u00f3n que, con la participaci\u00f3n de la ciudadan\u00eda, tiene la misi\u00f3n de proponer las soluciones que la sociedad mexicana demanda en la actualidad. Ante un gobierno inactivo, c\u00f3mplice, corrupto, abusivo e incapaz, los problemas en todo el territorio nacional se han multiplicado y agravado, provocando un r\u00e1pido retroceso social que se manifiesta en profundas crisis en materia econ\u00f3mica, social, de seguridad, ambiental y educativa. El an\u00e1lisis realizado y aprobado por el Instituto [&hellip;]<\/p>\n","protected":false},"author":2,"featured_media":3158,"comment_status":"closed","ping_status":"closed","sticky":false,"template":"","format":"standard","meta":{"footnotes":""},"categories":[46],"tags":[],"class_list":["post-102052","post","type-post","status-publish","format-standard","has-post-thumbnail","hentry","category-nacional","post--single"],"yoast_head":"<!-- This site is optimized with the Yoast SEO plugin v27.4 - https:\/\/yoast.com\/product\/yoast-seo-wordpress\/ -->\n<title>Frente Amplio por M\u00e9xico cumple con la ley - Canal 7 SLP - 2023<\/title>\n<meta name=\"robots\" content=\"index, follow, max-snippet:-1, max-image-preview:large, max-video-preview:-1\" \/>\n<link rel=\"canonical\" href=\"https:\/\/canal7slp.tv\/2023\/frente-amplio-por-mexico-cumple-con-la-ley\/\" \/>\n<meta property=\"og:locale\" content=\"es_ES\" \/>\n<meta property=\"og:type\" content=\"article\" \/>\n<meta property=\"og:title\" content=\"Frente Amplio por M\u00e9xico cumple con la ley - Canal 7 SLP - 2023\" \/>\n<meta property=\"og:description\" content=\"Las autoridades administrativas y jurisdiccionales en materia electoral han respaldado jur\u00eddicamente a los partidos PRI, PAN y PRD en su objetivo de crear un gran frente pol\u00edtico de oposici\u00f3n que, con la participaci\u00f3n de la ciudadan\u00eda, tiene la misi\u00f3n de proponer las soluciones que la sociedad mexicana demanda en la actualidad. Ante un gobierno inactivo, c\u00f3mplice, corrupto, abusivo e incapaz, los problemas en todo el territorio nacional se han multiplicado y agravado, provocando un r\u00e1pido retroceso social que se manifiesta en profundas crisis en materia econ\u00f3mica, social, de seguridad, ambiental y educativa. El an\u00e1lisis realizado y aprobado por el Instituto [&hellip;]\" \/>\n<meta property=\"og:url\" content=\"https:\/\/canal7slp.tv\/2023\/frente-amplio-por-mexico-cumple-con-la-ley\/\" \/>\n<meta property=\"og:site_name\" content=\"Canal 7 SLP - 2023\" \/>\n<meta property=\"article:publisher\" content=\"https:\/\/www.facebook.com\/noticieroscanalsiete\" \/>\n<meta property=\"article:published_time\" content=\"2023-07-22T08:56:12+00:00\" \/>\n<meta property=\"og:image\" content=\"https:\/\/canal7slp.tv\/2023\/wp-content\/uploads\/2021\/02\/Alito.jpg\" \/>\n\t<meta property=\"og:image:width\" content=\"656\" \/>\n\t<meta property=\"og:image:height\" content=\"500\" \/>\n\t<meta property=\"og:image:type\" content=\"image\/jpeg\" \/>\n<meta name=\"author\" content=\"Edici\u00f3n Web\" \/>\n<meta name=\"twitter:card\" content=\"summary_large_image\" \/>\n<meta name=\"twitter:creator\" content=\"@NOTICIEROS7\" \/>\n<meta name=\"twitter:site\" content=\"@NOTICIEROS7\" \/>\n<meta name=\"twitter:label1\" content=\"Escrito por\" \/>\n\t<meta name=\"twitter:data1\" content=\"Edici\u00f3n Web\" \/>\n\t<meta name=\"twitter:label2\" content=\"Tiempo de lectura\" \/>\n\t<meta name=\"twitter:data2\" content=\"3 minutos\" \/>\n<script type=\"application\/ld+json\" class=\"yoast-schema-graph\">{\"@context\":\"https:\\\/\\\/schema.org\",\"@graph\":[{\"@type\":\"Article\",\"@id\":\"https:\\\/\\\/canal7slp.tv\\\/2023\\\/frente-amplio-por-mexico-cumple-con-la-ley\\\/#article\",\"isPartOf\":{\"@id\":\"https:\\\/\\\/canal7slp.tv\\\/2023\\\/frente-amplio-por-mexico-cumple-con-la-ley\\\/\"},\"author\":{\"name\":\"Edici\u00f3n Web\",\"@id\":\"https:\\\/\\\/canal7slp.tv\\\/2023\\\/#\\\/schema\\\/person\\\/639c424e3584069003b11ae813915da6\"},\"headline\":\"Frente Amplio por M\u00e9xico cumple con la ley\",\"datePublished\":\"2023-07-22T08:56:12+00:00\",\"mainEntityOfPage\":{\"@id\":\"https:\\\/\\\/canal7slp.tv\\\/2023\\\/frente-amplio-por-mexico-cumple-con-la-ley\\\/\"},\"wordCount\":541,\"publisher\":{\"@id\":\"https:\\\/\\\/canal7slp.tv\\\/2023\\\/#organization\"},\"image\":{\"@id\":\"https:\\\/\\\/canal7slp.tv\\\/2023\\\/frente-amplio-por-mexico-cumple-con-la-ley\\\/#primaryimage\"},\"thumbnailUrl\":\"https:\\\/\\\/canal7slp.tv\\\/2023\\\/wp-content\\\/uploads\\\/2021\\\/02\\\/Alito.jpg\",\"articleSection\":[\"NACIONALES\"],\"inLanguage\":\"es\"},{\"@type\":\"WebPage\",\"@id\":\"https:\\\/\\\/canal7slp.tv\\\/2023\\\/frente-amplio-por-mexico-cumple-con-la-ley\\\/\",\"url\":\"https:\\\/\\\/canal7slp.tv\\\/2023\\\/frente-amplio-por-mexico-cumple-con-la-ley\\\/\",\"name\":\"Frente Amplio por M\u00e9xico cumple con la ley - Canal 7 SLP - 2023\",\"isPartOf\":{\"@id\":\"https:\\\/\\\/canal7slp.tv\\\/2023\\\/#website\"},\"primaryImageOfPage\":{\"@id\":\"https:\\\/\\\/canal7slp.tv\\\/2023\\\/frente-amplio-por-mexico-cumple-con-la-ley\\\/#primaryimage\"},\"image\":{\"@id\":\"https:\\\/\\\/canal7slp.tv\\\/2023\\\/frente-amplio-por-mexico-cumple-con-la-ley\\\/#primaryimage\"},\"thumbnailUrl\":\"https:\\\/\\\/canal7slp.tv\\\/2023\\\/wp-content\\\/uploads\\\/2021\\\/02\\\/Alito.jpg\",\"datePublished\":\"2023-07-22T08:56:12+00:00\",\"breadcrumb\":{\"@id\":\"https:\\\/\\\/canal7slp.tv\\\/2023\\\/frente-amplio-por-mexico-cumple-con-la-ley\\\/#breadcrumb\"},\"inLanguage\":\"es\",\"potentialAction\":[{\"@type\":\"ReadAction\",\"target\":[\"https:\\\/\\\/canal7slp.tv\\\/2023\\\/frente-amplio-por-mexico-cumple-con-la-ley\\\/\"]}]},{\"@type\":\"ImageObject\",\"inLanguage\":\"es\",\"@id\":\"https:\\\/\\\/canal7slp.tv\\\/2023\\\/frente-amplio-por-mexico-cumple-con-la-ley\\\/#primaryimage\",\"url\":\"https:\\\/\\\/canal7slp.tv\\\/2023\\\/wp-content\\\/uploads\\\/2021\\\/02\\\/Alito.jpg\",\"contentUrl\":\"https:\\\/\\\/canal7slp.tv\\\/2023\\\/wp-content\\\/uploads\\\/2021\\\/02\\\/Alito.jpg\",\"width\":656,\"height\":500},{\"@type\":\"BreadcrumbList\",\"@id\":\"https:\\\/\\\/canal7slp.tv\\\/2023\\\/frente-amplio-por-mexico-cumple-con-la-ley\\\/#breadcrumb\",\"itemListElement\":[{\"@type\":\"ListItem\",\"position\":1,\"name\":\"Portada\",\"item\":\"https:\\\/\\\/canal7slp.tv\\\/2023\\\/\"},{\"@type\":\"ListItem\",\"position\":2,\"name\":\"Frente Amplio por M\u00e9xico cumple con la ley\"}]},{\"@type\":\"WebSite\",\"@id\":\"https:\\\/\\\/canal7slp.tv\\\/2023\\\/#website\",\"url\":\"https:\\\/\\\/canal7slp.tv\\\/2023\\\/\",\"name\":\"N7 - Noticieros Canal 7\",\"description\":\"Somos Televisi\u00f3n\",\"publisher\":{\"@id\":\"https:\\\/\\\/canal7slp.tv\\\/2023\\\/#organization\"},\"potentialAction\":[{\"@type\":\"SearchAction\",\"target\":{\"@type\":\"EntryPoint\",\"urlTemplate\":\"https:\\\/\\\/canal7slp.tv\\\/2023\\\/?s={search_term_string}\"},\"query-input\":{\"@type\":\"PropertyValueSpecification\",\"valueRequired\":true,\"valueName\":\"search_term_string\"}}],\"inLanguage\":\"es\"},{\"@type\":\"Organization\",\"@id\":\"https:\\\/\\\/canal7slp.tv\\\/2023\\\/#organization\",\"name\":\"Noticieros Canal 7\",\"url\":\"https:\\\/\\\/canal7slp.tv\\\/2023\\\/\",\"logo\":{\"@type\":\"ImageObject\",\"inLanguage\":\"es\",\"@id\":\"https:\\\/\\\/canal7slp.tv\\\/2023\\\/#\\\/schema\\\/logo\\\/image\\\/\",\"url\":\"https:\\\/\\\/canal7slp.tv\\\/2023\\\/wp-content\\\/uploads\\\/2021\\\/01\\\/logo-noticieros@2x.png\",\"contentUrl\":\"https:\\\/\\\/canal7slp.tv\\\/2023\\\/wp-content\\\/uploads\\\/2021\\\/01\\\/logo-noticieros@2x.png\",\"width\":1017,\"height\":268,\"caption\":\"Noticieros Canal 7\"},\"image\":{\"@id\":\"https:\\\/\\\/canal7slp.tv\\\/2023\\\/#\\\/schema\\\/logo\\\/image\\\/\"},\"sameAs\":[\"https:\\\/\\\/www.facebook.com\\\/noticieroscanalsiete\",\"https:\\\/\\\/x.com\\\/NOTICIEROS7\",\"https:\\\/\\\/www.instagram.com\\\/canal7_slp\",\"https:\\\/\\\/www.youtube.com\\\/channel\\\/UCliiYs-gP3JfJeqdPrNdd5A\"]},{\"@type\":\"Person\",\"@id\":\"https:\\\/\\\/canal7slp.tv\\\/2023\\\/#\\\/schema\\\/person\\\/639c424e3584069003b11ae813915da6\",\"name\":\"Edici\u00f3n Web\",\"image\":{\"@type\":\"ImageObject\",\"inLanguage\":\"es\",\"@id\":\"https:\\\/\\\/secure.gravatar.com\\\/avatar\\\/eee448fc3f7164808013b816ba91ac7e43bbe82a70bebac296f8bc6f0addaa1a?s=96&d=mm&r=g\",\"url\":\"https:\\\/\\\/secure.gravatar.com\\\/avatar\\\/eee448fc3f7164808013b816ba91ac7e43bbe82a70bebac296f8bc6f0addaa1a?s=96&d=mm&r=g\",\"contentUrl\":\"https:\\\/\\\/secure.gravatar.com\\\/avatar\\\/eee448fc3f7164808013b816ba91ac7e43bbe82a70bebac296f8bc6f0addaa1a?s=96&d=mm&r=g\",\"caption\":\"Edici\u00f3n Web\"},\"url\":\"https:\\\/\\\/canal7slp.tv\\\/2023\\\/author\\\/edicionweb\\\/\"}]}<\/script>\n<!-- \/ Yoast SEO plugin. -->","yoast_head_json":{"title":"Frente Amplio por M\u00e9xico cumple con la ley - Canal 7 SLP - 2023","robots":{"index":"index","follow":"follow","max-snippet":"max-snippet:-1","max-image-preview":"max-image-preview:large","max-video-preview":"max-video-preview:-1"},"canonical":"https:\/\/canal7slp.tv\/2023\/frente-amplio-por-mexico-cumple-con-la-ley\/","og_locale":"es_ES","og_type":"article","og_title":"Frente Amplio por M\u00e9xico cumple con la ley - Canal 7 SLP - 2023","og_description":"Las autoridades administrativas y jurisdiccionales en materia electoral han respaldado jur\u00eddicamente a los partidos PRI, PAN y PRD en su objetivo de crear un gran frente pol\u00edtico de oposici\u00f3n que, con la participaci\u00f3n de la ciudadan\u00eda, tiene la misi\u00f3n de proponer las soluciones que la sociedad mexicana demanda en la actualidad. Ante un gobierno inactivo, c\u00f3mplice, corrupto, abusivo e incapaz, los problemas en todo el territorio nacional se han multiplicado y agravado, provocando un r\u00e1pido retroceso social que se manifiesta en profundas crisis en materia econ\u00f3mica, social, de seguridad, ambiental y educativa. El an\u00e1lisis realizado y aprobado por el Instituto [&hellip;]","og_url":"https:\/\/canal7slp.tv\/2023\/frente-amplio-por-mexico-cumple-con-la-ley\/","og_site_name":"Canal 7 SLP - 2023","article_publisher":"https:\/\/www.facebook.com\/noticieroscanalsiete","article_published_time":"2023-07-22T08:56:12+00:00","og_image":[{"width":656,"height":500,"url":"https:\/\/canal7slp.tv\/2023\/wp-content\/uploads\/2021\/02\/Alito.jpg","type":"image\/jpeg"}],"author":"Edici\u00f3n Web","twitter_card":"summary_large_image","twitter_creator":"@NOTICIEROS7","twitter_site":"@NOTICIEROS7","twitter_misc":{"Escrito por":"Edici\u00f3n Web","Tiempo de lectura":"3 minutos"},"schema":{"@context":"https:\/\/schema.org","@graph":[{"@type":"Article","@id":"https:\/\/canal7slp.tv\/2023\/frente-amplio-por-mexico-cumple-con-la-ley\/#article","isPartOf":{"@id":"https:\/\/canal7slp.tv\/2023\/frente-amplio-por-mexico-cumple-con-la-ley\/"},"author":{"name":"Edici\u00f3n Web","@id":"https:\/\/canal7slp.tv\/2023\/#\/schema\/person\/639c424e3584069003b11ae813915da6"},"headline":"Frente Amplio por M\u00e9xico cumple con la ley","datePublished":"2023-07-22T08:56:12+00:00","mainEntityOfPage":{"@id":"https:\/\/canal7slp.tv\/2023\/frente-amplio-por-mexico-cumple-con-la-ley\/"},"wordCount":541,"publisher":{"@id":"https:\/\/canal7slp.tv\/2023\/#organization"},"image":{"@id":"https:\/\/canal7slp.tv\/2023\/frente-amplio-por-mexico-cumple-con-la-ley\/#primaryimage"},"thumbnailUrl":"https:\/\/canal7slp.tv\/2023\/wp-content\/uploads\/2021\/02\/Alito.jpg","articleSection":["NACIONALES"],"inLanguage":"es"},{"@type":"WebPage","@id":"https:\/\/canal7slp.tv\/2023\/frente-amplio-por-mexico-cumple-con-la-ley\/","url":"https:\/\/canal7slp.tv\/2023\/frente-amplio-por-mexico-cumple-con-la-ley\/","name":"Frente Amplio por M\u00e9xico cumple con la ley - Canal 7 SLP - 2023","isPartOf":{"@id":"https:\/\/canal7slp.tv\/2023\/#website"},"primaryImageOfPage":{"@id":"https:\/\/canal7slp.tv\/2023\/frente-amplio-por-mexico-cumple-con-la-ley\/#primaryimage"},"image":{"@id":"https:\/\/canal7slp.tv\/2023\/frente-amplio-por-mexico-cumple-con-la-ley\/#primaryimage"},"thumbnailUrl":"https:\/\/canal7slp.tv\/2023\/wp-content\/uploads\/2021\/02\/Alito.jpg","datePublished":"2023-07-22T08:56:12+00:00","breadcrumb":{"@id":"https:\/\/canal7slp.tv\/2023\/frente-amplio-por-mexico-cumple-con-la-ley\/#breadcrumb"},"inLanguage":"es","potentialAction":[{"@type":"ReadAction","target":["https:\/\/canal7slp.tv\/2023\/frente-amplio-por-mexico-cumple-con-la-ley\/"]}]},{"@type":"ImageObject","inLanguage":"es","@id":"https:\/\/canal7slp.tv\/2023\/frente-amplio-por-mexico-cumple-con-la-ley\/#primaryimage","url":"https:\/\/canal7slp.tv\/2023\/wp-content\/uploads\/2021\/02\/Alito.jpg","contentUrl":"https:\/\/canal7slp.tv\/2023\/wp-content\/uploads\/2021\/02\/Alito.jpg","width":656,"height":500},{"@type":"BreadcrumbList","@id":"https:\/\/canal7slp.tv\/2023\/frente-amplio-por-mexico-cumple-con-la-ley\/#breadcrumb","itemListElement":[{"@type":"ListItem","position":1,"name":"Portada","item":"https:\/\/canal7slp.tv\/2023\/"},{"@type":"ListItem","position":2,"name":"Frente Amplio por M\u00e9xico cumple con la ley"}]},{"@type":"WebSite","@id":"https:\/\/canal7slp.tv\/2023\/#website","url":"https:\/\/canal7slp.tv\/2023\/","name":"N7 - Noticieros Canal 7","description":"Somos Televisi\u00f3n","publisher":{"@id":"https:\/\/canal7slp.tv\/2023\/#organization"},"potentialAction":[{"@type":"SearchAction","target":{"@type":"EntryPoint","urlTemplate":"https:\/\/canal7slp.tv\/2023\/?s={search_term_string}"},"query-input":{"@type":"PropertyValueSpecification","valueRequired":true,"valueName":"search_term_string"}}],"inLanguage":"es"},{"@type":"Organization","@id":"https:\/\/canal7slp.tv\/2023\/#organization","name":"Noticieros Canal 7","url":"https:\/\/canal7slp.tv\/2023\/","logo":{"@type":"ImageObject","inLanguage":"es","@id":"https:\/\/canal7slp.tv\/2023\/#\/schema\/logo\/image\/","url":"https:\/\/canal7slp.tv\/2023\/wp-content\/uploads\/2021\/01\/logo-noticieros@2x.png","contentUrl":"https:\/\/canal7slp.tv\/2023\/wp-content\/uploads\/2021\/01\/logo-noticieros@2x.png","width":1017,"height":268,"caption":"Noticieros Canal 7"},"image":{"@id":"https:\/\/canal7slp.tv\/2023\/#\/schema\/logo\/image\/"},"sameAs":["https:\/\/www.facebook.com\/noticieroscanalsiete","https:\/\/x.com\/NOTICIEROS7","https:\/\/www.instagram.com\/canal7_slp","https:\/\/www.youtube.com\/channel\/UCliiYs-gP3JfJeqdPrNdd5A"]},{"@type":"Person","@id":"https:\/\/canal7slp.tv\/2023\/#\/schema\/person\/639c424e3584069003b11ae813915da6","name":"Edici\u00f3n Web","image":{"@type":"ImageObject","inLanguage":"es","@id":"https:\/\/secure.gravatar.com\/avatar\/eee448fc3f7164808013b816ba91ac7e43bbe82a70bebac296f8bc6f0addaa1a?s=96&d=mm&r=g","url":"https:\/\/secure.gravatar.com\/avatar\/eee448fc3f7164808013b816ba91ac7e43bbe82a70bebac296f8bc6f0addaa1a?s=96&d=mm&r=g","contentUrl":"https:\/\/secure.gravatar.com\/avatar\/eee448fc3f7164808013b816ba91ac7e43bbe82a70bebac296f8bc6f0addaa1a?s=96&d=mm&r=g","caption":"Edici\u00f3n Web"},"url":"https:\/\/canal7slp.tv\/2023\/author\/edicionweb\/"}]}},"_links":{"self":[{"href":"https:\/\/canal7slp.tv\/2023\/wp-json\/wp\/v2\/posts\/102052","targetHints":{"allow":["GET"]}}],"collection":[{"href":"https:\/\/canal7slp.tv\/2023\/wp-json\/wp\/v2\/posts"}],"about":[{"href":"https:\/\/canal7slp.tv\/2023\/wp-json\/wp\/v2\/types\/post"}],"author":[{"embeddable":true,"href":"https:\/\/canal7slp.tv\/2023\/wp-json\/wp\/v2\/users\/2"}],"replies":[{"embeddable":true,"href":"https:\/\/canal7slp.tv\/2023\/wp-json\/wp\/v2\/comments?post=102052"}],"version-history":[{"count":2,"href":"https:\/\/canal7slp.tv\/2023\/wp-json\/wp\/v2\/posts\/102052\/revisions"}],"predecessor-version":[{"id":102054,"href":"https:\/\/canal7slp.tv\/2023\/wp-json\/wp\/v2\/posts\/102052\/revisions\/102054"}],"wp:featuredmedia":[{"embeddable":true,"href":"https:\/\/canal7slp.tv\/2023\/wp-json\/wp\/v2\/media\/3158"}],"wp:attachment":[{"href":"https:\/\/canal7slp.tv\/2023\/wp-json\/wp\/v2\/media?parent=102052"}],"wp:term":[{"taxonomy":"category","embeddable":true,"href":"https:\/\/canal7slp.tv\/2023\/wp-json\/wp\/v2\/categories?post=102052"},{"taxonomy":"post_tag","embeddable":true,"href":"https:\/\/canal7slp.tv\/2023\/wp-json\/wp\/v2\/tags?post=102052"}],"curies":[{"name":"wp","href":"https:\/\/api.w.org\/{rel}","templated":true}]}}