{"id":102023,"date":"2023-07-21T18:20:41","date_gmt":"2023-07-22T00:20:41","guid":{"rendered":"https:\/\/canal7slp.tv\/2023\/?p=102023"},"modified":"2023-07-21T18:20:41","modified_gmt":"2023-07-22T00:20:41","slug":"300-mil-perros-en-situacion-de-abandono-tan-solo-en-la-capital-potosina","status":"publish","type":"post","link":"https:\/\/canal7slp.tv\/2023\/300-mil-perros-en-situacion-de-abandono-tan-solo-en-la-capital-potosina\/","title":{"rendered":"300 mil perros en situaci\u00f3n de abandono, tan solo en la capital potosina"},"content":{"rendered":"<p style=\"text-align: justify;\">SLP.- Esponjosos, peludos, grandes, peque\u00f1os, gordos, pelones, blancos, negros, multicolor pero sobre todo un amor, es como podemos describir a los canes, compa\u00f1\u00eda del hogar para familias completas o para personas que viven solo con lomitos.<\/p>\n<p style=\"text-align: justify;\">Sin embargo, existe una poblaci\u00f3n mayor de perros en estado de calle que los que se encuentran seguros en un hogar.<\/p>\n<p style=\"text-align: justify;\">Desde el a\u00f1o 2004 el d\u00eda 21 de julio, se conmemora la importancia de la adopci\u00f3n en canes con el D\u00eda Mundial del Perro, inform\u00f3 el m\u00e9dico veterinario zootecnista, Alejandro Villela.<\/p>\n<p style=\"text-align: justify;\">\u201cLo m\u00e1s importante es buscar que se visibilice la situaci\u00f3n con los animales que est\u00e1n en la calle y se promueva la adopci\u00f3n y el rescate\u201d.<\/p>\n<p style=\"text-align: justify;\">Desafortunadamente no existe una cifra real de perros en estado de abandono, pro se estiman 300 mil tan solo en la capital.<\/p>\n<p style=\"text-align: justify;\">\u201cExiste una problem\u00e1tica secundario relacionada con todo esto como es el deterioro ambiental, las enfermedades zoon\u00f3ticas, como lo es problemas de salud p\u00fablica\u201d.<\/p>\n<p style=\"text-align: justify;\">Ana Escamilla, activista animal, destac\u00f3 la relevancia de colaborar para el rescate de canes callejeros.<\/p>\n<p style=\"text-align: justify;\">\u201cUnos estamos para ayudar y otros est\u00e1n para reportar, entonces surge el reporte y no falta quien ofrezca el hogar temporal, alguien ofrecen el apoyo con servicios veterinarios, en la cuesti\u00f3n del alimento, de la limpieza y todo eso y hacemos un gran equipo para rescatar\u201d.<\/p>\n<p style=\"text-align: justify;\">El joven rescatista denominado en redes sociales \u201cAlexander y su manada\u201d, invit\u00f3 a la poblaci\u00f3n para que adopte caninos.<\/p>\n<p style=\"text-align: justify;\">\u201cLos rescatas a lo mejor muy mal, muy d\u00e9biles, pero t\u00fa los vas sacando adelante y pues ves el antes y ves el despu\u00e9s y cambian mucho, te sientes muy orgulloso de haberlo rescatado, de sacarlo de la calle\u201d.<\/p>\n<p style=\"text-align: justify;\">Por: Juan Carlos Contreras<\/p>\n","protected":false},"excerpt":{"rendered":"<p>SLP.- Esponjosos, peludos, grandes, peque\u00f1os, gordos, pelones, blancos, negros, multicolor pero sobre todo un amor, es como podemos describir a los canes, compa\u00f1\u00eda del hogar para familias completas o para personas que viven solo con lomitos. Sin embargo, existe una poblaci\u00f3n mayor de perros en estado de calle que los que se encuentran seguros en un hogar. Desde el a\u00f1o 2004 el d\u00eda 21 de julio, se conmemora la importancia de la adopci\u00f3n en canes con el D\u00eda Mundial del Perro, inform\u00f3 el m\u00e9dico veterinario zootecnista, Alejandro Villela. \u201cLo m\u00e1s importante es buscar que se visibilice la situaci\u00f3n con los [&hellip;]<\/p>\n","protected":false},"author":2,"featured_media":102025,"comment_status":"closed","ping_status":"closed","sticky":false,"template":"","format":"video","meta":{"footnotes":""},"categories":[5,45],"tags":[],"class_list":["post-102023","post","type-post","status-publish","format-video","has-post-thumbnail","hentry","category-destacadas","category-localesyregionales","post_format-post-format-video","post--single"],"yoast_head":"<!-- This site is optimized with the Yoast SEO plugin v27.4 - https:\/\/yoast.com\/product\/yoast-seo-wordpress\/ -->\n<title>300 mil perros en situaci\u00f3n de abandono, tan solo en la capital potosina - Canal 7 SLP - 2023<\/title>\n<meta name=\"robots\" content=\"index, follow, max-snippet:-1, max-image-preview:large, max-video-preview:-1\" \/>\n<link rel=\"canonical\" href=\"https:\/\/canal7slp.tv\/2023\/300-mil-perros-en-situacion-de-abandono-tan-solo-en-la-capital-potosina\/\" \/>\n<meta property=\"og:locale\" content=\"es_ES\" \/>\n<meta property=\"og:type\" content=\"article\" \/>\n<meta property=\"og:title\" content=\"300 mil perros en situaci\u00f3n de abandono, tan solo en la capital potosina - Canal 7 SLP - 2023\" \/>\n<meta property=\"og:description\" content=\"SLP.- Esponjosos, peludos, grandes, peque\u00f1os, gordos, pelones, blancos, negros, multicolor pero sobre todo un amor, es como podemos describir a los canes, compa\u00f1\u00eda del hogar para familias completas o para personas que viven solo con lomitos. Sin embargo, existe una poblaci\u00f3n mayor de perros en estado de calle que los que se encuentran seguros en un hogar. Desde el a\u00f1o 2004 el d\u00eda 21 de julio, se conmemora la importancia de la adopci\u00f3n en canes con el D\u00eda Mundial del Perro, inform\u00f3 el m\u00e9dico veterinario zootecnista, Alejandro Villela. \u201cLo m\u00e1s importante es buscar que se visibilice la situaci\u00f3n con los [&hellip;]\" \/>\n<meta property=\"og:url\" content=\"https:\/\/canal7slp.tv\/2023\/300-mil-perros-en-situacion-de-abandono-tan-solo-en-la-capital-potosina\/\" \/>\n<meta property=\"og:site_name\" content=\"Canal 7 SLP - 2023\" \/>\n<meta property=\"article:publisher\" content=\"https:\/\/www.facebook.com\/noticieroscanalsiete\" \/>\n<meta property=\"article:published_time\" content=\"2023-07-22T00:20:41+00:00\" \/>\n<meta property=\"og:image\" content=\"https:\/\/canal7slp.tv\/2023\/wp-content\/uploads\/2023\/07\/Poky01DiaDelPerro.jpg\" \/>\n\t<meta property=\"og:image:width\" content=\"1280\" \/>\n\t<meta property=\"og:image:height\" content=\"720\" \/>\n\t<meta property=\"og:image:type\" content=\"image\/jpeg\" \/>\n<meta name=\"author\" content=\"Edici\u00f3n Web\" \/>\n<meta name=\"twitter:card\" content=\"summary_large_image\" \/>\n<meta name=\"twitter:creator\" content=\"@NOTICIEROS7\" \/>\n<meta name=\"twitter:site\" content=\"@NOTICIEROS7\" \/>\n<meta name=\"twitter:label1\" content=\"Escrito por\" \/>\n\t<meta name=\"twitter:data1\" content=\"Edici\u00f3n Web\" \/>\n\t<meta name=\"twitter:label2\" content=\"Tiempo de lectura\" \/>\n\t<meta name=\"twitter:data2\" content=\"2 minutos\" \/>\n<script type=\"application\/ld+json\" class=\"yoast-schema-graph\">{\"@context\":\"https:\\\/\\\/schema.org\",\"@graph\":[{\"@type\":\"Article\",\"@id\":\"https:\\\/\\\/canal7slp.tv\\\/2023\\\/300-mil-perros-en-situacion-de-abandono-tan-solo-en-la-capital-potosina\\\/#article\",\"isPartOf\":{\"@id\":\"https:\\\/\\\/canal7slp.tv\\\/2023\\\/300-mil-perros-en-situacion-de-abandono-tan-solo-en-la-capital-potosina\\\/\"},\"author\":{\"name\":\"Edici\u00f3n Web\",\"@id\":\"https:\\\/\\\/canal7slp.tv\\\/2023\\\/#\\\/schema\\\/person\\\/639c424e3584069003b11ae813915da6\"},\"headline\":\"300 mil perros en situaci\u00f3n de abandono, tan solo en la capital potosina\",\"datePublished\":\"2023-07-22T00:20:41+00:00\",\"mainEntityOfPage\":{\"@id\":\"https:\\\/\\\/canal7slp.tv\\\/2023\\\/300-mil-perros-en-situacion-de-abandono-tan-solo-en-la-capital-potosina\\\/\"},\"wordCount\":313,\"publisher\":{\"@id\":\"https:\\\/\\\/canal7slp.tv\\\/2023\\\/#organization\"},\"image\":{\"@id\":\"https:\\\/\\\/canal7slp.tv\\\/2023\\\/300-mil-perros-en-situacion-de-abandono-tan-solo-en-la-capital-potosina\\\/#primaryimage\"},\"thumbnailUrl\":\"https:\\\/\\\/canal7slp.tv\\\/2023\\\/wp-content\\\/uploads\\\/2023\\\/07\\\/Poky01DiaDelPerro.jpg\",\"articleSection\":[\"DESTACADAS\",\"LOCALES Y REGIONALES\"],\"inLanguage\":\"es\"},{\"@type\":\"WebPage\",\"@id\":\"https:\\\/\\\/canal7slp.tv\\\/2023\\\/300-mil-perros-en-situacion-de-abandono-tan-solo-en-la-capital-potosina\\\/\",\"url\":\"https:\\\/\\\/canal7slp.tv\\\/2023\\\/300-mil-perros-en-situacion-de-abandono-tan-solo-en-la-capital-potosina\\\/\",\"name\":\"300 mil perros en situaci\u00f3n de abandono, tan solo en la capital potosina - Canal 7 SLP - 2023\",\"isPartOf\":{\"@id\":\"https:\\\/\\\/canal7slp.tv\\\/2023\\\/#website\"},\"primaryImageOfPage\":{\"@id\":\"https:\\\/\\\/canal7slp.tv\\\/2023\\\/300-mil-perros-en-situacion-de-abandono-tan-solo-en-la-capital-potosina\\\/#primaryimage\"},\"image\":{\"@id\":\"https:\\\/\\\/canal7slp.tv\\\/2023\\\/300-mil-perros-en-situacion-de-abandono-tan-solo-en-la-capital-potosina\\\/#primaryimage\"},\"thumbnailUrl\":\"https:\\\/\\\/canal7slp.tv\\\/2023\\\/wp-content\\\/uploads\\\/2023\\\/07\\\/Poky01DiaDelPerro.jpg\",\"datePublished\":\"2023-07-22T00:20:41+00:00\",\"breadcrumb\":{\"@id\":\"https:\\\/\\\/canal7slp.tv\\\/2023\\\/300-mil-perros-en-situacion-de-abandono-tan-solo-en-la-capital-potosina\\\/#breadcrumb\"},\"inLanguage\":\"es\",\"potentialAction\":[{\"@type\":\"ReadAction\",\"target\":[\"https:\\\/\\\/canal7slp.tv\\\/2023\\\/300-mil-perros-en-situacion-de-abandono-tan-solo-en-la-capital-potosina\\\/\"]}]},{\"@type\":\"ImageObject\",\"inLanguage\":\"es\",\"@id\":\"https:\\\/\\\/canal7slp.tv\\\/2023\\\/300-mil-perros-en-situacion-de-abandono-tan-solo-en-la-capital-potosina\\\/#primaryimage\",\"url\":\"https:\\\/\\\/canal7slp.tv\\\/2023\\\/wp-content\\\/uploads\\\/2023\\\/07\\\/Poky01DiaDelPerro.jpg\",\"contentUrl\":\"https:\\\/\\\/canal7slp.tv\\\/2023\\\/wp-content\\\/uploads\\\/2023\\\/07\\\/Poky01DiaDelPerro.jpg\",\"width\":1280,\"height\":720},{\"@type\":\"BreadcrumbList\",\"@id\":\"https:\\\/\\\/canal7slp.tv\\\/2023\\\/300-mil-perros-en-situacion-de-abandono-tan-solo-en-la-capital-potosina\\\/#breadcrumb\",\"itemListElement\":[{\"@type\":\"ListItem\",\"position\":1,\"name\":\"Portada\",\"item\":\"https:\\\/\\\/canal7slp.tv\\\/2023\\\/\"},{\"@type\":\"ListItem\",\"position\":2,\"name\":\"300 mil perros en situaci\u00f3n de abandono, tan solo en la capital potosina\"}]},{\"@type\":\"WebSite\",\"@id\":\"https:\\\/\\\/canal7slp.tv\\\/2023\\\/#website\",\"url\":\"https:\\\/\\\/canal7slp.tv\\\/2023\\\/\",\"name\":\"N7 - Noticieros Canal 7\",\"description\":\"Somos Televisi\u00f3n\",\"publisher\":{\"@id\":\"https:\\\/\\\/canal7slp.tv\\\/2023\\\/#organization\"},\"potentialAction\":[{\"@type\":\"SearchAction\",\"target\":{\"@type\":\"EntryPoint\",\"urlTemplate\":\"https:\\\/\\\/canal7slp.tv\\\/2023\\\/?s={search_term_string}\"},\"query-input\":{\"@type\":\"PropertyValueSpecification\",\"valueRequired\":true,\"valueName\":\"search_term_string\"}}],\"inLanguage\":\"es\"},{\"@type\":\"Organization\",\"@id\":\"https:\\\/\\\/canal7slp.tv\\\/2023\\\/#organization\",\"name\":\"Noticieros Canal 7\",\"url\":\"https:\\\/\\\/canal7slp.tv\\\/2023\\\/\",\"logo\":{\"@type\":\"ImageObject\",\"inLanguage\":\"es\",\"@id\":\"https:\\\/\\\/canal7slp.tv\\\/2023\\\/#\\\/schema\\\/logo\\\/image\\\/\",\"url\":\"https:\\\/\\\/canal7slp.tv\\\/2023\\\/wp-content\\\/uploads\\\/2021\\\/01\\\/logo-noticieros@2x.png\",\"contentUrl\":\"https:\\\/\\\/canal7slp.tv\\\/2023\\\/wp-content\\\/uploads\\\/2021\\\/01\\\/logo-noticieros@2x.png\",\"width\":1017,\"height\":268,\"caption\":\"Noticieros Canal 7\"},\"image\":{\"@id\":\"https:\\\/\\\/canal7slp.tv\\\/2023\\\/#\\\/schema\\\/logo\\\/image\\\/\"},\"sameAs\":[\"https:\\\/\\\/www.facebook.com\\\/noticieroscanalsiete\",\"https:\\\/\\\/x.com\\\/NOTICIEROS7\",\"https:\\\/\\\/www.instagram.com\\\/canal7_slp\",\"https:\\\/\\\/www.youtube.com\\\/channel\\\/UCliiYs-gP3JfJeqdPrNdd5A\"]},{\"@type\":\"Person\",\"@id\":\"https:\\\/\\\/canal7slp.tv\\\/2023\\\/#\\\/schema\\\/person\\\/639c424e3584069003b11ae813915da6\",\"name\":\"Edici\u00f3n Web\",\"image\":{\"@type\":\"ImageObject\",\"inLanguage\":\"es\",\"@id\":\"https:\\\/\\\/secure.gravatar.com\\\/avatar\\\/eee448fc3f7164808013b816ba91ac7e43bbe82a70bebac296f8bc6f0addaa1a?s=96&d=mm&r=g\",\"url\":\"https:\\\/\\\/secure.gravatar.com\\\/avatar\\\/eee448fc3f7164808013b816ba91ac7e43bbe82a70bebac296f8bc6f0addaa1a?s=96&d=mm&r=g\",\"contentUrl\":\"https:\\\/\\\/secure.gravatar.com\\\/avatar\\\/eee448fc3f7164808013b816ba91ac7e43bbe82a70bebac296f8bc6f0addaa1a?s=96&d=mm&r=g\",\"caption\":\"Edici\u00f3n Web\"},\"url\":\"https:\\\/\\\/canal7slp.tv\\\/2023\\\/author\\\/edicionweb\\\/\"}]}<\/script>\n<!-- \/ Yoast SEO plugin. -->","yoast_head_json":{"title":"300 mil perros en situaci\u00f3n de abandono, tan solo en la capital potosina - Canal 7 SLP - 2023","robots":{"index":"index","follow":"follow","max-snippet":"max-snippet:-1","max-image-preview":"max-image-preview:large","max-video-preview":"max-video-preview:-1"},"canonical":"https:\/\/canal7slp.tv\/2023\/300-mil-perros-en-situacion-de-abandono-tan-solo-en-la-capital-potosina\/","og_locale":"es_ES","og_type":"article","og_title":"300 mil perros en situaci\u00f3n de abandono, tan solo en la capital potosina - Canal 7 SLP - 2023","og_description":"SLP.- Esponjosos, peludos, grandes, peque\u00f1os, gordos, pelones, blancos, negros, multicolor pero sobre todo un amor, es como podemos describir a los canes, compa\u00f1\u00eda del hogar para familias completas o para personas que viven solo con lomitos. Sin embargo, existe una poblaci\u00f3n mayor de perros en estado de calle que los que se encuentran seguros en un hogar. Desde el a\u00f1o 2004 el d\u00eda 21 de julio, se conmemora la importancia de la adopci\u00f3n en canes con el D\u00eda Mundial del Perro, inform\u00f3 el m\u00e9dico veterinario zootecnista, Alejandro Villela. \u201cLo m\u00e1s importante es buscar que se visibilice la situaci\u00f3n con los [&hellip;]","og_url":"https:\/\/canal7slp.tv\/2023\/300-mil-perros-en-situacion-de-abandono-tan-solo-en-la-capital-potosina\/","og_site_name":"Canal 7 SLP - 2023","article_publisher":"https:\/\/www.facebook.com\/noticieroscanalsiete","article_published_time":"2023-07-22T00:20:41+00:00","og_image":[{"width":1280,"height":720,"url":"https:\/\/canal7slp.tv\/2023\/wp-content\/uploads\/2023\/07\/Poky01DiaDelPerro.jpg","type":"image\/jpeg"}],"author":"Edici\u00f3n Web","twitter_card":"summary_large_image","twitter_creator":"@NOTICIEROS7","twitter_site":"@NOTICIEROS7","twitter_misc":{"Escrito por":"Edici\u00f3n Web","Tiempo de lectura":"2 minutos"},"schema":{"@context":"https:\/\/schema.org","@graph":[{"@type":"Article","@id":"https:\/\/canal7slp.tv\/2023\/300-mil-perros-en-situacion-de-abandono-tan-solo-en-la-capital-potosina\/#article","isPartOf":{"@id":"https:\/\/canal7slp.tv\/2023\/300-mil-perros-en-situacion-de-abandono-tan-solo-en-la-capital-potosina\/"},"author":{"name":"Edici\u00f3n Web","@id":"https:\/\/canal7slp.tv\/2023\/#\/schema\/person\/639c424e3584069003b11ae813915da6"},"headline":"300 mil perros en situaci\u00f3n de abandono, tan solo en la capital potosina","datePublished":"2023-07-22T00:20:41+00:00","mainEntityOfPage":{"@id":"https:\/\/canal7slp.tv\/2023\/300-mil-perros-en-situacion-de-abandono-tan-solo-en-la-capital-potosina\/"},"wordCount":313,"publisher":{"@id":"https:\/\/canal7slp.tv\/2023\/#organization"},"image":{"@id":"https:\/\/canal7slp.tv\/2023\/300-mil-perros-en-situacion-de-abandono-tan-solo-en-la-capital-potosina\/#primaryimage"},"thumbnailUrl":"https:\/\/canal7slp.tv\/2023\/wp-content\/uploads\/2023\/07\/Poky01DiaDelPerro.jpg","articleSection":["DESTACADAS","LOCALES Y REGIONALES"],"inLanguage":"es"},{"@type":"WebPage","@id":"https:\/\/canal7slp.tv\/2023\/300-mil-perros-en-situacion-de-abandono-tan-solo-en-la-capital-potosina\/","url":"https:\/\/canal7slp.tv\/2023\/300-mil-perros-en-situacion-de-abandono-tan-solo-en-la-capital-potosina\/","name":"300 mil perros en situaci\u00f3n de abandono, tan solo en la capital potosina - Canal 7 SLP - 2023","isPartOf":{"@id":"https:\/\/canal7slp.tv\/2023\/#website"},"primaryImageOfPage":{"@id":"https:\/\/canal7slp.tv\/2023\/300-mil-perros-en-situacion-de-abandono-tan-solo-en-la-capital-potosina\/#primaryimage"},"image":{"@id":"https:\/\/canal7slp.tv\/2023\/300-mil-perros-en-situacion-de-abandono-tan-solo-en-la-capital-potosina\/#primaryimage"},"thumbnailUrl":"https:\/\/canal7slp.tv\/2023\/wp-content\/uploads\/2023\/07\/Poky01DiaDelPerro.jpg","datePublished":"2023-07-22T00:20:41+00:00","breadcrumb":{"@id":"https:\/\/canal7slp.tv\/2023\/300-mil-perros-en-situacion-de-abandono-tan-solo-en-la-capital-potosina\/#breadcrumb"},"inLanguage":"es","potentialAction":[{"@type":"ReadAction","target":["https:\/\/canal7slp.tv\/2023\/300-mil-perros-en-situacion-de-abandono-tan-solo-en-la-capital-potosina\/"]}]},{"@type":"ImageObject","inLanguage":"es","@id":"https:\/\/canal7slp.tv\/2023\/300-mil-perros-en-situacion-de-abandono-tan-solo-en-la-capital-potosina\/#primaryimage","url":"https:\/\/canal7slp.tv\/2023\/wp-content\/uploads\/2023\/07\/Poky01DiaDelPerro.jpg","contentUrl":"https:\/\/canal7slp.tv\/2023\/wp-content\/uploads\/2023\/07\/Poky01DiaDelPerro.jpg","width":1280,"height":720},{"@type":"BreadcrumbList","@id":"https:\/\/canal7slp.tv\/2023\/300-mil-perros-en-situacion-de-abandono-tan-solo-en-la-capital-potosina\/#breadcrumb","itemListElement":[{"@type":"ListItem","position":1,"name":"Portada","item":"https:\/\/canal7slp.tv\/2023\/"},{"@type":"ListItem","position":2,"name":"300 mil perros en situaci\u00f3n de abandono, tan solo en la capital potosina"}]},{"@type":"WebSite","@id":"https:\/\/canal7slp.tv\/2023\/#website","url":"https:\/\/canal7slp.tv\/2023\/","name":"N7 - Noticieros Canal 7","description":"Somos Televisi\u00f3n","publisher":{"@id":"https:\/\/canal7slp.tv\/2023\/#organization"},"potentialAction":[{"@type":"SearchAction","target":{"@type":"EntryPoint","urlTemplate":"https:\/\/canal7slp.tv\/2023\/?s={search_term_string}"},"query-input":{"@type":"PropertyValueSpecification","valueRequired":true,"valueName":"search_term_string"}}],"inLanguage":"es"},{"@type":"Organization","@id":"https:\/\/canal7slp.tv\/2023\/#organization","name":"Noticieros Canal 7","url":"https:\/\/canal7slp.tv\/2023\/","logo":{"@type":"ImageObject","inLanguage":"es","@id":"https:\/\/canal7slp.tv\/2023\/#\/schema\/logo\/image\/","url":"https:\/\/canal7slp.tv\/2023\/wp-content\/uploads\/2021\/01\/logo-noticieros@2x.png","contentUrl":"https:\/\/canal7slp.tv\/2023\/wp-content\/uploads\/2021\/01\/logo-noticieros@2x.png","width":1017,"height":268,"caption":"Noticieros Canal 7"},"image":{"@id":"https:\/\/canal7slp.tv\/2023\/#\/schema\/logo\/image\/"},"sameAs":["https:\/\/www.facebook.com\/noticieroscanalsiete","https:\/\/x.com\/NOTICIEROS7","https:\/\/www.instagram.com\/canal7_slp","https:\/\/www.youtube.com\/channel\/UCliiYs-gP3JfJeqdPrNdd5A"]},{"@type":"Person","@id":"https:\/\/canal7slp.tv\/2023\/#\/schema\/person\/639c424e3584069003b11ae813915da6","name":"Edici\u00f3n Web","image":{"@type":"ImageObject","inLanguage":"es","@id":"https:\/\/secure.gravatar.com\/avatar\/eee448fc3f7164808013b816ba91ac7e43bbe82a70bebac296f8bc6f0addaa1a?s=96&d=mm&r=g","url":"https:\/\/secure.gravatar.com\/avatar\/eee448fc3f7164808013b816ba91ac7e43bbe82a70bebac296f8bc6f0addaa1a?s=96&d=mm&r=g","contentUrl":"https:\/\/secure.gravatar.com\/avatar\/eee448fc3f7164808013b816ba91ac7e43bbe82a70bebac296f8bc6f0addaa1a?s=96&d=mm&r=g","caption":"Edici\u00f3n Web"},"url":"https:\/\/canal7slp.tv\/2023\/author\/edicionweb\/"}]}},"_links":{"self":[{"href":"https:\/\/canal7slp.tv\/2023\/wp-json\/wp\/v2\/posts\/102023","targetHints":{"allow":["GET"]}}],"collection":[{"href":"https:\/\/canal7slp.tv\/2023\/wp-json\/wp\/v2\/posts"}],"about":[{"href":"https:\/\/canal7slp.tv\/2023\/wp-json\/wp\/v2\/types\/post"}],"author":[{"embeddable":true,"href":"https:\/\/canal7slp.tv\/2023\/wp-json\/wp\/v2\/users\/2"}],"replies":[{"embeddable":true,"href":"https:\/\/canal7slp.tv\/2023\/wp-json\/wp\/v2\/comments?post=102023"}],"version-history":[{"count":1,"href":"https:\/\/canal7slp.tv\/2023\/wp-json\/wp\/v2\/posts\/102023\/revisions"}],"predecessor-version":[{"id":102026,"href":"https:\/\/canal7slp.tv\/2023\/wp-json\/wp\/v2\/posts\/102023\/revisions\/102026"}],"wp:featuredmedia":[{"embeddable":true,"href":"https:\/\/canal7slp.tv\/2023\/wp-json\/wp\/v2\/media\/102025"}],"wp:attachment":[{"href":"https:\/\/canal7slp.tv\/2023\/wp-json\/wp\/v2\/media?parent=102023"}],"wp:term":[{"taxonomy":"category","embeddable":true,"href":"https:\/\/canal7slp.tv\/2023\/wp-json\/wp\/v2\/categories?post=102023"},{"taxonomy":"post_tag","embeddable":true,"href":"https:\/\/canal7slp.tv\/2023\/wp-json\/wp\/v2\/tags?post=102023"}],"curies":[{"name":"wp","href":"https:\/\/api.w.org\/{rel}","templated":true}]}}