{"id":102000,"date":"2023-07-21T18:40:42","date_gmt":"2023-07-22T00:40:42","guid":{"rendered":"https:\/\/canal7slp.tv\/2023\/?p=102000"},"modified":"2023-07-21T18:40:42","modified_gmt":"2023-07-22T00:40:42","slug":"infraestructura-talento-humano-y-apoyo-a-sectores-emergentes-claves-del-crecimiento-sedeco","status":"publish","type":"post","link":"https:\/\/canal7slp.tv\/2023\/infraestructura-talento-humano-y-apoyo-a-sectores-emergentes-claves-del-crecimiento-sedeco\/","title":{"rendered":"Infraestructura, talento humano y apoyo a sectores emergentes; claves del crecimiento: SEDECO"},"content":{"rendered":"<p style=\"text-align: justify;\">SLP.- El titular de la Secretar\u00eda de Desarrollo Econ\u00f3mico del Gobierno de San Luis Potos\u00ed, Juan Carlos Valladares, dijo que se ha identificado tres claves para garantizar el crecimiento empresarial en el estado.<\/p>\n<p style=\"text-align: justify;\">\u00abNuestro principal objetivo es generar un entorno favorable para la inversi\u00f3n y el crecimiento empresarial, as\u00ed como trabajar en estrecha colaboraci\u00f3n con el sector privado para identificar y eliminar barreras que obstaculizan el desarrollo empresarial y para fomentar la innovaci\u00f3n y el esp\u00edritu emprendedor\u00bb, dijo.<\/p>\n<p style=\"text-align: justify;\">En ese tenor, mencion\u00f3 que uno de los puntos que resultan de importancia para ello, tiene que ver con la inversi\u00f3n en infraestructura.<\/p>\n<p style=\"text-align: justify;\">\u00abEl impulso a la inversi\u00f3n en infraestructuras no solo mejorar\u00e1 la conectividad interna de nuestro estado, sino que tambi\u00e9n atraer\u00e1 inversiones externas y fortalecer\u00e1 la competitividad de nuestras empresas\u00bb, explic\u00f3.<\/p>\n<p style=\"text-align: justify;\">Continu\u00f3: \u00abOtro aspecto crucial es el desarrollo de talento humano, estamos trabajando para mejorar la capacitaci\u00f3n y formaci\u00f3n de nuestros trabajadores asegur\u00e1ndonos de que cuenten con las habilidades necesarias para enfrentar los desaf\u00edos de un mundo cada vez m\u00e1s digitalizado y m\u00e1s globalizado\u00bb.<\/p>\n<p style=\"text-align: justify;\">Una tercera clave est\u00e1 relacionada con aumentar la diversificaci\u00f3n econ\u00f3mica, apoyar a los sectores emergentes y promover la adopci\u00f3n de tecnolog\u00edas avanzadas que puedan aumentar la productividad y generar empleo de calidad.<\/p>\n<p style=\"text-align: justify;\">\u00abEstamos siendo testigos del fortalecimiento de la industria local y un momento de bienestar de nuestra poblaci\u00f3n con la concertaci\u00f3n por el a\u00f1o del 2023 de m\u00e1s de 3 mil millones de d\u00f3lares de inversi\u00f3n y la creaci\u00f3n de m\u00e1s de 9 mil 600 nuevos empleos\u00bb, finaliz\u00f3.<\/p>\n<p style=\"text-align: justify;\">Por: Jos\u00e9 Luis V\u00e1zquez<\/p>\n","protected":false},"excerpt":{"rendered":"<p>SLP.- El titular de la Secretar\u00eda de Desarrollo Econ\u00f3mico del Gobierno de San Luis Potos\u00ed, Juan Carlos Valladares, dijo que se ha identificado tres claves para garantizar el crecimiento empresarial en el estado. \u00abNuestro principal objetivo es generar un entorno favorable para la inversi\u00f3n y el crecimiento empresarial, as\u00ed como trabajar en estrecha colaboraci\u00f3n con el sector privado para identificar y eliminar barreras que obstaculizan el desarrollo empresarial y para fomentar la innovaci\u00f3n y el esp\u00edritu emprendedor\u00bb, dijo. En ese tenor, mencion\u00f3 que uno de los puntos que resultan de importancia para ello, tiene que ver con la inversi\u00f3n en [&hellip;]<\/p>\n","protected":false},"author":2,"featured_media":102035,"comment_status":"closed","ping_status":"closed","sticky":false,"template":"","format":"video","meta":{"footnotes":""},"categories":[5,45],"tags":[],"class_list":["post-102000","post","type-post","status-publish","format-video","has-post-thumbnail","hentry","category-destacadas","category-localesyregionales","post_format-post-format-video","post--single"],"yoast_head":"<!-- This site is optimized with the Yoast SEO plugin v27.4 - https:\/\/yoast.com\/product\/yoast-seo-wordpress\/ -->\n<title>Infraestructura, talento humano y apoyo a sectores emergentes; claves del crecimiento: SEDECO - Canal 7 SLP - 2023<\/title>\n<meta name=\"robots\" content=\"index, follow, max-snippet:-1, max-image-preview:large, max-video-preview:-1\" \/>\n<link rel=\"canonical\" href=\"https:\/\/canal7slp.tv\/2023\/infraestructura-talento-humano-y-apoyo-a-sectores-emergentes-claves-del-crecimiento-sedeco\/\" \/>\n<meta property=\"og:locale\" content=\"es_ES\" \/>\n<meta property=\"og:type\" content=\"article\" \/>\n<meta property=\"og:title\" content=\"Infraestructura, talento humano y apoyo a sectores emergentes; claves del crecimiento: SEDECO - Canal 7 SLP - 2023\" \/>\n<meta property=\"og:description\" content=\"SLP.- El titular de la Secretar\u00eda de Desarrollo Econ\u00f3mico del Gobierno de San Luis Potos\u00ed, Juan Carlos Valladares, dijo que se ha identificado tres claves para garantizar el crecimiento empresarial en el estado. \u00abNuestro principal objetivo es generar un entorno favorable para la inversi\u00f3n y el crecimiento empresarial, as\u00ed como trabajar en estrecha colaboraci\u00f3n con el sector privado para identificar y eliminar barreras que obstaculizan el desarrollo empresarial y para fomentar la innovaci\u00f3n y el esp\u00edritu emprendedor\u00bb, dijo. En ese tenor, mencion\u00f3 que uno de los puntos que resultan de importancia para ello, tiene que ver con la inversi\u00f3n en [&hellip;]\" \/>\n<meta property=\"og:url\" content=\"https:\/\/canal7slp.tv\/2023\/infraestructura-talento-humano-y-apoyo-a-sectores-emergentes-claves-del-crecimiento-sedeco\/\" \/>\n<meta property=\"og:site_name\" content=\"Canal 7 SLP - 2023\" \/>\n<meta property=\"article:publisher\" content=\"https:\/\/www.facebook.com\/noticieroscanalsiete\" \/>\n<meta property=\"article:published_time\" content=\"2023-07-22T00:40:42+00:00\" \/>\n<meta property=\"og:image\" content=\"https:\/\/canal7slp.tv\/2023\/wp-content\/uploads\/2023\/07\/Vazquez01Sedeco.jpg\" \/>\n\t<meta property=\"og:image:width\" content=\"1280\" \/>\n\t<meta property=\"og:image:height\" content=\"720\" \/>\n\t<meta property=\"og:image:type\" content=\"image\/jpeg\" \/>\n<meta name=\"author\" content=\"Edici\u00f3n Web\" \/>\n<meta name=\"twitter:card\" content=\"summary_large_image\" \/>\n<meta name=\"twitter:creator\" content=\"@NOTICIEROS7\" \/>\n<meta name=\"twitter:site\" content=\"@NOTICIEROS7\" \/>\n<meta name=\"twitter:label1\" content=\"Escrito por\" \/>\n\t<meta name=\"twitter:data1\" content=\"Edici\u00f3n Web\" \/>\n\t<meta name=\"twitter:label2\" content=\"Tiempo de lectura\" \/>\n\t<meta name=\"twitter:data2\" content=\"2 minutos\" \/>\n<script type=\"application\/ld+json\" class=\"yoast-schema-graph\">{\"@context\":\"https:\\\/\\\/schema.org\",\"@graph\":[{\"@type\":\"Article\",\"@id\":\"https:\\\/\\\/canal7slp.tv\\\/2023\\\/infraestructura-talento-humano-y-apoyo-a-sectores-emergentes-claves-del-crecimiento-sedeco\\\/#article\",\"isPartOf\":{\"@id\":\"https:\\\/\\\/canal7slp.tv\\\/2023\\\/infraestructura-talento-humano-y-apoyo-a-sectores-emergentes-claves-del-crecimiento-sedeco\\\/\"},\"author\":{\"name\":\"Edici\u00f3n Web\",\"@id\":\"https:\\\/\\\/canal7slp.tv\\\/2023\\\/#\\\/schema\\\/person\\\/639c424e3584069003b11ae813915da6\"},\"headline\":\"Infraestructura, talento humano y apoyo a sectores emergentes; claves del crecimiento: SEDECO\",\"datePublished\":\"2023-07-22T00:40:42+00:00\",\"mainEntityOfPage\":{\"@id\":\"https:\\\/\\\/canal7slp.tv\\\/2023\\\/infraestructura-talento-humano-y-apoyo-a-sectores-emergentes-claves-del-crecimiento-sedeco\\\/\"},\"wordCount\":294,\"publisher\":{\"@id\":\"https:\\\/\\\/canal7slp.tv\\\/2023\\\/#organization\"},\"image\":{\"@id\":\"https:\\\/\\\/canal7slp.tv\\\/2023\\\/infraestructura-talento-humano-y-apoyo-a-sectores-emergentes-claves-del-crecimiento-sedeco\\\/#primaryimage\"},\"thumbnailUrl\":\"https:\\\/\\\/canal7slp.tv\\\/2023\\\/wp-content\\\/uploads\\\/2023\\\/07\\\/Vazquez01Sedeco.jpg\",\"articleSection\":[\"DESTACADAS\",\"LOCALES Y REGIONALES\"],\"inLanguage\":\"es\"},{\"@type\":\"WebPage\",\"@id\":\"https:\\\/\\\/canal7slp.tv\\\/2023\\\/infraestructura-talento-humano-y-apoyo-a-sectores-emergentes-claves-del-crecimiento-sedeco\\\/\",\"url\":\"https:\\\/\\\/canal7slp.tv\\\/2023\\\/infraestructura-talento-humano-y-apoyo-a-sectores-emergentes-claves-del-crecimiento-sedeco\\\/\",\"name\":\"Infraestructura, talento humano y apoyo a sectores emergentes; claves del crecimiento: SEDECO - Canal 7 SLP - 2023\",\"isPartOf\":{\"@id\":\"https:\\\/\\\/canal7slp.tv\\\/2023\\\/#website\"},\"primaryImageOfPage\":{\"@id\":\"https:\\\/\\\/canal7slp.tv\\\/2023\\\/infraestructura-talento-humano-y-apoyo-a-sectores-emergentes-claves-del-crecimiento-sedeco\\\/#primaryimage\"},\"image\":{\"@id\":\"https:\\\/\\\/canal7slp.tv\\\/2023\\\/infraestructura-talento-humano-y-apoyo-a-sectores-emergentes-claves-del-crecimiento-sedeco\\\/#primaryimage\"},\"thumbnailUrl\":\"https:\\\/\\\/canal7slp.tv\\\/2023\\\/wp-content\\\/uploads\\\/2023\\\/07\\\/Vazquez01Sedeco.jpg\",\"datePublished\":\"2023-07-22T00:40:42+00:00\",\"breadcrumb\":{\"@id\":\"https:\\\/\\\/canal7slp.tv\\\/2023\\\/infraestructura-talento-humano-y-apoyo-a-sectores-emergentes-claves-del-crecimiento-sedeco\\\/#breadcrumb\"},\"inLanguage\":\"es\",\"potentialAction\":[{\"@type\":\"ReadAction\",\"target\":[\"https:\\\/\\\/canal7slp.tv\\\/2023\\\/infraestructura-talento-humano-y-apoyo-a-sectores-emergentes-claves-del-crecimiento-sedeco\\\/\"]}]},{\"@type\":\"ImageObject\",\"inLanguage\":\"es\",\"@id\":\"https:\\\/\\\/canal7slp.tv\\\/2023\\\/infraestructura-talento-humano-y-apoyo-a-sectores-emergentes-claves-del-crecimiento-sedeco\\\/#primaryimage\",\"url\":\"https:\\\/\\\/canal7slp.tv\\\/2023\\\/wp-content\\\/uploads\\\/2023\\\/07\\\/Vazquez01Sedeco.jpg\",\"contentUrl\":\"https:\\\/\\\/canal7slp.tv\\\/2023\\\/wp-content\\\/uploads\\\/2023\\\/07\\\/Vazquez01Sedeco.jpg\",\"width\":1280,\"height\":720},{\"@type\":\"BreadcrumbList\",\"@id\":\"https:\\\/\\\/canal7slp.tv\\\/2023\\\/infraestructura-talento-humano-y-apoyo-a-sectores-emergentes-claves-del-crecimiento-sedeco\\\/#breadcrumb\",\"itemListElement\":[{\"@type\":\"ListItem\",\"position\":1,\"name\":\"Portada\",\"item\":\"https:\\\/\\\/canal7slp.tv\\\/2023\\\/\"},{\"@type\":\"ListItem\",\"position\":2,\"name\":\"Infraestructura, talento humano y apoyo a sectores emergentes; claves del crecimiento: SEDECO\"}]},{\"@type\":\"WebSite\",\"@id\":\"https:\\\/\\\/canal7slp.tv\\\/2023\\\/#website\",\"url\":\"https:\\\/\\\/canal7slp.tv\\\/2023\\\/\",\"name\":\"N7 - Noticieros Canal 7\",\"description\":\"Somos Televisi\u00f3n\",\"publisher\":{\"@id\":\"https:\\\/\\\/canal7slp.tv\\\/2023\\\/#organization\"},\"potentialAction\":[{\"@type\":\"SearchAction\",\"target\":{\"@type\":\"EntryPoint\",\"urlTemplate\":\"https:\\\/\\\/canal7slp.tv\\\/2023\\\/?s={search_term_string}\"},\"query-input\":{\"@type\":\"PropertyValueSpecification\",\"valueRequired\":true,\"valueName\":\"search_term_string\"}}],\"inLanguage\":\"es\"},{\"@type\":\"Organization\",\"@id\":\"https:\\\/\\\/canal7slp.tv\\\/2023\\\/#organization\",\"name\":\"Noticieros Canal 7\",\"url\":\"https:\\\/\\\/canal7slp.tv\\\/2023\\\/\",\"logo\":{\"@type\":\"ImageObject\",\"inLanguage\":\"es\",\"@id\":\"https:\\\/\\\/canal7slp.tv\\\/2023\\\/#\\\/schema\\\/logo\\\/image\\\/\",\"url\":\"https:\\\/\\\/canal7slp.tv\\\/2023\\\/wp-content\\\/uploads\\\/2021\\\/01\\\/logo-noticieros@2x.png\",\"contentUrl\":\"https:\\\/\\\/canal7slp.tv\\\/2023\\\/wp-content\\\/uploads\\\/2021\\\/01\\\/logo-noticieros@2x.png\",\"width\":1017,\"height\":268,\"caption\":\"Noticieros Canal 7\"},\"image\":{\"@id\":\"https:\\\/\\\/canal7slp.tv\\\/2023\\\/#\\\/schema\\\/logo\\\/image\\\/\"},\"sameAs\":[\"https:\\\/\\\/www.facebook.com\\\/noticieroscanalsiete\",\"https:\\\/\\\/x.com\\\/NOTICIEROS7\",\"https:\\\/\\\/www.instagram.com\\\/canal7_slp\",\"https:\\\/\\\/www.youtube.com\\\/channel\\\/UCliiYs-gP3JfJeqdPrNdd5A\"]},{\"@type\":\"Person\",\"@id\":\"https:\\\/\\\/canal7slp.tv\\\/2023\\\/#\\\/schema\\\/person\\\/639c424e3584069003b11ae813915da6\",\"name\":\"Edici\u00f3n Web\",\"image\":{\"@type\":\"ImageObject\",\"inLanguage\":\"es\",\"@id\":\"https:\\\/\\\/secure.gravatar.com\\\/avatar\\\/eee448fc3f7164808013b816ba91ac7e43bbe82a70bebac296f8bc6f0addaa1a?s=96&d=mm&r=g\",\"url\":\"https:\\\/\\\/secure.gravatar.com\\\/avatar\\\/eee448fc3f7164808013b816ba91ac7e43bbe82a70bebac296f8bc6f0addaa1a?s=96&d=mm&r=g\",\"contentUrl\":\"https:\\\/\\\/secure.gravatar.com\\\/avatar\\\/eee448fc3f7164808013b816ba91ac7e43bbe82a70bebac296f8bc6f0addaa1a?s=96&d=mm&r=g\",\"caption\":\"Edici\u00f3n Web\"},\"url\":\"https:\\\/\\\/canal7slp.tv\\\/2023\\\/author\\\/edicionweb\\\/\"}]}<\/script>\n<!-- \/ Yoast SEO plugin. -->","yoast_head_json":{"title":"Infraestructura, talento humano y apoyo a sectores emergentes; claves del crecimiento: SEDECO - Canal 7 SLP - 2023","robots":{"index":"index","follow":"follow","max-snippet":"max-snippet:-1","max-image-preview":"max-image-preview:large","max-video-preview":"max-video-preview:-1"},"canonical":"https:\/\/canal7slp.tv\/2023\/infraestructura-talento-humano-y-apoyo-a-sectores-emergentes-claves-del-crecimiento-sedeco\/","og_locale":"es_ES","og_type":"article","og_title":"Infraestructura, talento humano y apoyo a sectores emergentes; claves del crecimiento: SEDECO - Canal 7 SLP - 2023","og_description":"SLP.- El titular de la Secretar\u00eda de Desarrollo Econ\u00f3mico del Gobierno de San Luis Potos\u00ed, Juan Carlos Valladares, dijo que se ha identificado tres claves para garantizar el crecimiento empresarial en el estado. \u00abNuestro principal objetivo es generar un entorno favorable para la inversi\u00f3n y el crecimiento empresarial, as\u00ed como trabajar en estrecha colaboraci\u00f3n con el sector privado para identificar y eliminar barreras que obstaculizan el desarrollo empresarial y para fomentar la innovaci\u00f3n y el esp\u00edritu emprendedor\u00bb, dijo. En ese tenor, mencion\u00f3 que uno de los puntos que resultan de importancia para ello, tiene que ver con la inversi\u00f3n en [&hellip;]","og_url":"https:\/\/canal7slp.tv\/2023\/infraestructura-talento-humano-y-apoyo-a-sectores-emergentes-claves-del-crecimiento-sedeco\/","og_site_name":"Canal 7 SLP - 2023","article_publisher":"https:\/\/www.facebook.com\/noticieroscanalsiete","article_published_time":"2023-07-22T00:40:42+00:00","og_image":[{"width":1280,"height":720,"url":"https:\/\/canal7slp.tv\/2023\/wp-content\/uploads\/2023\/07\/Vazquez01Sedeco.jpg","type":"image\/jpeg"}],"author":"Edici\u00f3n Web","twitter_card":"summary_large_image","twitter_creator":"@NOTICIEROS7","twitter_site":"@NOTICIEROS7","twitter_misc":{"Escrito por":"Edici\u00f3n Web","Tiempo de lectura":"2 minutos"},"schema":{"@context":"https:\/\/schema.org","@graph":[{"@type":"Article","@id":"https:\/\/canal7slp.tv\/2023\/infraestructura-talento-humano-y-apoyo-a-sectores-emergentes-claves-del-crecimiento-sedeco\/#article","isPartOf":{"@id":"https:\/\/canal7slp.tv\/2023\/infraestructura-talento-humano-y-apoyo-a-sectores-emergentes-claves-del-crecimiento-sedeco\/"},"author":{"name":"Edici\u00f3n Web","@id":"https:\/\/canal7slp.tv\/2023\/#\/schema\/person\/639c424e3584069003b11ae813915da6"},"headline":"Infraestructura, talento humano y apoyo a sectores emergentes; claves del crecimiento: SEDECO","datePublished":"2023-07-22T00:40:42+00:00","mainEntityOfPage":{"@id":"https:\/\/canal7slp.tv\/2023\/infraestructura-talento-humano-y-apoyo-a-sectores-emergentes-claves-del-crecimiento-sedeco\/"},"wordCount":294,"publisher":{"@id":"https:\/\/canal7slp.tv\/2023\/#organization"},"image":{"@id":"https:\/\/canal7slp.tv\/2023\/infraestructura-talento-humano-y-apoyo-a-sectores-emergentes-claves-del-crecimiento-sedeco\/#primaryimage"},"thumbnailUrl":"https:\/\/canal7slp.tv\/2023\/wp-content\/uploads\/2023\/07\/Vazquez01Sedeco.jpg","articleSection":["DESTACADAS","LOCALES Y REGIONALES"],"inLanguage":"es"},{"@type":"WebPage","@id":"https:\/\/canal7slp.tv\/2023\/infraestructura-talento-humano-y-apoyo-a-sectores-emergentes-claves-del-crecimiento-sedeco\/","url":"https:\/\/canal7slp.tv\/2023\/infraestructura-talento-humano-y-apoyo-a-sectores-emergentes-claves-del-crecimiento-sedeco\/","name":"Infraestructura, talento humano y apoyo a sectores emergentes; claves del crecimiento: SEDECO - Canal 7 SLP - 2023","isPartOf":{"@id":"https:\/\/canal7slp.tv\/2023\/#website"},"primaryImageOfPage":{"@id":"https:\/\/canal7slp.tv\/2023\/infraestructura-talento-humano-y-apoyo-a-sectores-emergentes-claves-del-crecimiento-sedeco\/#primaryimage"},"image":{"@id":"https:\/\/canal7slp.tv\/2023\/infraestructura-talento-humano-y-apoyo-a-sectores-emergentes-claves-del-crecimiento-sedeco\/#primaryimage"},"thumbnailUrl":"https:\/\/canal7slp.tv\/2023\/wp-content\/uploads\/2023\/07\/Vazquez01Sedeco.jpg","datePublished":"2023-07-22T00:40:42+00:00","breadcrumb":{"@id":"https:\/\/canal7slp.tv\/2023\/infraestructura-talento-humano-y-apoyo-a-sectores-emergentes-claves-del-crecimiento-sedeco\/#breadcrumb"},"inLanguage":"es","potentialAction":[{"@type":"ReadAction","target":["https:\/\/canal7slp.tv\/2023\/infraestructura-talento-humano-y-apoyo-a-sectores-emergentes-claves-del-crecimiento-sedeco\/"]}]},{"@type":"ImageObject","inLanguage":"es","@id":"https:\/\/canal7slp.tv\/2023\/infraestructura-talento-humano-y-apoyo-a-sectores-emergentes-claves-del-crecimiento-sedeco\/#primaryimage","url":"https:\/\/canal7slp.tv\/2023\/wp-content\/uploads\/2023\/07\/Vazquez01Sedeco.jpg","contentUrl":"https:\/\/canal7slp.tv\/2023\/wp-content\/uploads\/2023\/07\/Vazquez01Sedeco.jpg","width":1280,"height":720},{"@type":"BreadcrumbList","@id":"https:\/\/canal7slp.tv\/2023\/infraestructura-talento-humano-y-apoyo-a-sectores-emergentes-claves-del-crecimiento-sedeco\/#breadcrumb","itemListElement":[{"@type":"ListItem","position":1,"name":"Portada","item":"https:\/\/canal7slp.tv\/2023\/"},{"@type":"ListItem","position":2,"name":"Infraestructura, talento humano y apoyo a sectores emergentes; claves del crecimiento: SEDECO"}]},{"@type":"WebSite","@id":"https:\/\/canal7slp.tv\/2023\/#website","url":"https:\/\/canal7slp.tv\/2023\/","name":"N7 - Noticieros Canal 7","description":"Somos Televisi\u00f3n","publisher":{"@id":"https:\/\/canal7slp.tv\/2023\/#organization"},"potentialAction":[{"@type":"SearchAction","target":{"@type":"EntryPoint","urlTemplate":"https:\/\/canal7slp.tv\/2023\/?s={search_term_string}"},"query-input":{"@type":"PropertyValueSpecification","valueRequired":true,"valueName":"search_term_string"}}],"inLanguage":"es"},{"@type":"Organization","@id":"https:\/\/canal7slp.tv\/2023\/#organization","name":"Noticieros Canal 7","url":"https:\/\/canal7slp.tv\/2023\/","logo":{"@type":"ImageObject","inLanguage":"es","@id":"https:\/\/canal7slp.tv\/2023\/#\/schema\/logo\/image\/","url":"https:\/\/canal7slp.tv\/2023\/wp-content\/uploads\/2021\/01\/logo-noticieros@2x.png","contentUrl":"https:\/\/canal7slp.tv\/2023\/wp-content\/uploads\/2021\/01\/logo-noticieros@2x.png","width":1017,"height":268,"caption":"Noticieros Canal 7"},"image":{"@id":"https:\/\/canal7slp.tv\/2023\/#\/schema\/logo\/image\/"},"sameAs":["https:\/\/www.facebook.com\/noticieroscanalsiete","https:\/\/x.com\/NOTICIEROS7","https:\/\/www.instagram.com\/canal7_slp","https:\/\/www.youtube.com\/channel\/UCliiYs-gP3JfJeqdPrNdd5A"]},{"@type":"Person","@id":"https:\/\/canal7slp.tv\/2023\/#\/schema\/person\/639c424e3584069003b11ae813915da6","name":"Edici\u00f3n Web","image":{"@type":"ImageObject","inLanguage":"es","@id":"https:\/\/secure.gravatar.com\/avatar\/eee448fc3f7164808013b816ba91ac7e43bbe82a70bebac296f8bc6f0addaa1a?s=96&d=mm&r=g","url":"https:\/\/secure.gravatar.com\/avatar\/eee448fc3f7164808013b816ba91ac7e43bbe82a70bebac296f8bc6f0addaa1a?s=96&d=mm&r=g","contentUrl":"https:\/\/secure.gravatar.com\/avatar\/eee448fc3f7164808013b816ba91ac7e43bbe82a70bebac296f8bc6f0addaa1a?s=96&d=mm&r=g","caption":"Edici\u00f3n Web"},"url":"https:\/\/canal7slp.tv\/2023\/author\/edicionweb\/"}]}},"_links":{"self":[{"href":"https:\/\/canal7slp.tv\/2023\/wp-json\/wp\/v2\/posts\/102000","targetHints":{"allow":["GET"]}}],"collection":[{"href":"https:\/\/canal7slp.tv\/2023\/wp-json\/wp\/v2\/posts"}],"about":[{"href":"https:\/\/canal7slp.tv\/2023\/wp-json\/wp\/v2\/types\/post"}],"author":[{"embeddable":true,"href":"https:\/\/canal7slp.tv\/2023\/wp-json\/wp\/v2\/users\/2"}],"replies":[{"embeddable":true,"href":"https:\/\/canal7slp.tv\/2023\/wp-json\/wp\/v2\/comments?post=102000"}],"version-history":[{"count":2,"href":"https:\/\/canal7slp.tv\/2023\/wp-json\/wp\/v2\/posts\/102000\/revisions"}],"predecessor-version":[{"id":102036,"href":"https:\/\/canal7slp.tv\/2023\/wp-json\/wp\/v2\/posts\/102000\/revisions\/102036"}],"wp:featuredmedia":[{"embeddable":true,"href":"https:\/\/canal7slp.tv\/2023\/wp-json\/wp\/v2\/media\/102035"}],"wp:attachment":[{"href":"https:\/\/canal7slp.tv\/2023\/wp-json\/wp\/v2\/media?parent=102000"}],"wp:term":[{"taxonomy":"category","embeddable":true,"href":"https:\/\/canal7slp.tv\/2023\/wp-json\/wp\/v2\/categories?post=102000"},{"taxonomy":"post_tag","embeddable":true,"href":"https:\/\/canal7slp.tv\/2023\/wp-json\/wp\/v2\/tags?post=102000"}],"curies":[{"name":"wp","href":"https:\/\/api.w.org\/{rel}","templated":true}]}}