{"id":101999,"date":"2023-07-21T19:11:46","date_gmt":"2023-07-22T01:11:46","guid":{"rendered":"https:\/\/canal7slp.tv\/2023\/?p=101999"},"modified":"2023-07-21T19:11:46","modified_gmt":"2023-07-22T01:11:46","slug":"confirman-detencion-tras-enfrentamiento-armado-en-tamuin","status":"publish","type":"post","link":"https:\/\/canal7slp.tv\/2023\/confirman-detencion-tras-enfrentamiento-armado-en-tamuin\/","title":{"rendered":"Confirman detenci\u00f3n tras enfrentamiento armado en Tamu\u00edn"},"content":{"rendered":"<p style=\"text-align: justify;\">SLP.- El vocero de seguridad del Gobierno del Estado de San Luis Potos\u00ed, Miguel Gallegos Cepeda, inform\u00f3 la detenci\u00f3n de una persona tras un ataque armado en contra de elementos de la Guardia Civil que se registr\u00f3 en la Zona Huasteca.<\/p>\n<p style=\"text-align: justify;\">De esa manera, el funcionario detall\u00f3 los sucesos que se presentaron en el municipio de Tamu\u00edn.<\/p>\n<p style=\"text-align: justify;\">\u00abSe reconoce un acontecimiento el d\u00eda de ayer donde la Guardia Civil Estatal participa en un operativo precisamente de seguridad en esta demarcaci\u00f3n; en la tarde se localiza a algunos sujetos armados a bordo de una camioneta y al notar la presencia de los elementos emprenden la huida\u00bb, detall\u00f3.<\/p>\n<p style=\"text-align: justify;\">De acuerdo con la informaci\u00f3n proporcionada, el veh\u00edculo donde fue perpetrado el ataque ya fue asegurado, mientras que las investigaciones siguen su curso.<\/p>\n<p style=\"text-align: justify;\">\u00abSe logra decomisar se logra asegurar la camioneta en la que los presuntos circulaban, se internan entre la maleza pero tambi\u00e9n es importante mencionar que dentro del operativo que se llev\u00f3 a cabo hay una persona detenida\u00bb, coment\u00f3.<\/p>\n<p style=\"text-align: justify;\">Agreg\u00f3: \u00abEs la misma zona, es el mismo radio donde se ubica la camioneta y hoy solamente esperamos en este momento la confirmaci\u00f3n de la Fiscal\u00eda de que esta persona detenida corresponda tambi\u00e9n al hecho relacionado con la camioneta asegurada donde fueron atacados elementos de la guardia Civil del Estado\u00bb.<\/p>\n<p style=\"text-align: justify;\">Aunado a ello, mencion\u00f3 que se decomisaron armas y cartuchos que ayudar\u00e1n al desahogo de la investigaci\u00f3n.<\/p>\n<p style=\"text-align: justify;\">Por: Jos\u00e9 Luis V\u00e1zquez<\/p>\n","protected":false},"excerpt":{"rendered":"<p>SLP.- El vocero de seguridad del Gobierno del Estado de San Luis Potos\u00ed, Miguel Gallegos Cepeda, inform\u00f3 la detenci\u00f3n de una persona tras un ataque armado en contra de elementos de la Guardia Civil que se registr\u00f3 en la Zona Huasteca. De esa manera, el funcionario detall\u00f3 los sucesos que se presentaron en el municipio de Tamu\u00edn. \u00abSe reconoce un acontecimiento el d\u00eda de ayer donde la Guardia Civil Estatal participa en un operativo precisamente de seguridad en esta demarcaci\u00f3n; en la tarde se localiza a algunos sujetos armados a bordo de una camioneta y al notar la presencia de [&hellip;]<\/p>\n","protected":false},"author":2,"featured_media":102043,"comment_status":"closed","ping_status":"closed","sticky":false,"template":"","format":"video","meta":{"footnotes":""},"categories":[5,510,45],"tags":[],"class_list":["post-101999","post","type-post","status-publish","format-video","has-post-thumbnail","hentry","category-destacadas","category-gobedoslp","category-localesyregionales","post_format-post-format-video","post--single"],"yoast_head":"<!-- This site is optimized with the Yoast SEO plugin v27.4 - https:\/\/yoast.com\/product\/yoast-seo-wordpress\/ -->\n<title>Confirman detenci\u00f3n tras enfrentamiento armado en Tamu\u00edn - Canal 7 SLP - 2023<\/title>\n<meta name=\"robots\" content=\"index, follow, max-snippet:-1, max-image-preview:large, max-video-preview:-1\" \/>\n<link rel=\"canonical\" href=\"https:\/\/canal7slp.tv\/2023\/confirman-detencion-tras-enfrentamiento-armado-en-tamuin\/\" \/>\n<meta property=\"og:locale\" content=\"es_ES\" \/>\n<meta property=\"og:type\" content=\"article\" \/>\n<meta property=\"og:title\" content=\"Confirman detenci\u00f3n tras enfrentamiento armado en Tamu\u00edn - Canal 7 SLP - 2023\" \/>\n<meta property=\"og:description\" content=\"SLP.- El vocero de seguridad del Gobierno del Estado de San Luis Potos\u00ed, Miguel Gallegos Cepeda, inform\u00f3 la detenci\u00f3n de una persona tras un ataque armado en contra de elementos de la Guardia Civil que se registr\u00f3 en la Zona Huasteca. De esa manera, el funcionario detall\u00f3 los sucesos que se presentaron en el municipio de Tamu\u00edn. \u00abSe reconoce un acontecimiento el d\u00eda de ayer donde la Guardia Civil Estatal participa en un operativo precisamente de seguridad en esta demarcaci\u00f3n; en la tarde se localiza a algunos sujetos armados a bordo de una camioneta y al notar la presencia de [&hellip;]\" \/>\n<meta property=\"og:url\" content=\"https:\/\/canal7slp.tv\/2023\/confirman-detencion-tras-enfrentamiento-armado-en-tamuin\/\" \/>\n<meta property=\"og:site_name\" content=\"Canal 7 SLP - 2023\" \/>\n<meta property=\"article:publisher\" content=\"https:\/\/www.facebook.com\/noticieroscanalsiete\" \/>\n<meta property=\"article:published_time\" content=\"2023-07-22T01:11:46+00:00\" \/>\n<meta property=\"og:image\" content=\"https:\/\/canal7slp.tv\/2023\/wp-content\/uploads\/2023\/07\/Vazquez04Tamuin.jpg\" \/>\n\t<meta property=\"og:image:width\" content=\"1280\" \/>\n\t<meta property=\"og:image:height\" content=\"720\" \/>\n\t<meta property=\"og:image:type\" content=\"image\/jpeg\" \/>\n<meta name=\"author\" content=\"Edici\u00f3n Web\" \/>\n<meta name=\"twitter:card\" content=\"summary_large_image\" \/>\n<meta name=\"twitter:creator\" content=\"@NOTICIEROS7\" \/>\n<meta name=\"twitter:site\" content=\"@NOTICIEROS7\" \/>\n<meta name=\"twitter:label1\" content=\"Escrito por\" \/>\n\t<meta name=\"twitter:data1\" content=\"Edici\u00f3n Web\" \/>\n\t<meta name=\"twitter:label2\" content=\"Tiempo de lectura\" \/>\n\t<meta name=\"twitter:data2\" content=\"2 minutos\" \/>\n<script type=\"application\/ld+json\" class=\"yoast-schema-graph\">{\"@context\":\"https:\\\/\\\/schema.org\",\"@graph\":[{\"@type\":\"Article\",\"@id\":\"https:\\\/\\\/canal7slp.tv\\\/2023\\\/confirman-detencion-tras-enfrentamiento-armado-en-tamuin\\\/#article\",\"isPartOf\":{\"@id\":\"https:\\\/\\\/canal7slp.tv\\\/2023\\\/confirman-detencion-tras-enfrentamiento-armado-en-tamuin\\\/\"},\"author\":{\"name\":\"Edici\u00f3n Web\",\"@id\":\"https:\\\/\\\/canal7slp.tv\\\/2023\\\/#\\\/schema\\\/person\\\/639c424e3584069003b11ae813915da6\"},\"headline\":\"Confirman detenci\u00f3n tras enfrentamiento armado en Tamu\u00edn\",\"datePublished\":\"2023-07-22T01:11:46+00:00\",\"mainEntityOfPage\":{\"@id\":\"https:\\\/\\\/canal7slp.tv\\\/2023\\\/confirman-detencion-tras-enfrentamiento-armado-en-tamuin\\\/\"},\"wordCount\":261,\"publisher\":{\"@id\":\"https:\\\/\\\/canal7slp.tv\\\/2023\\\/#organization\"},\"image\":{\"@id\":\"https:\\\/\\\/canal7slp.tv\\\/2023\\\/confirman-detencion-tras-enfrentamiento-armado-en-tamuin\\\/#primaryimage\"},\"thumbnailUrl\":\"https:\\\/\\\/canal7slp.tv\\\/2023\\\/wp-content\\\/uploads\\\/2023\\\/07\\\/Vazquez04Tamuin.jpg\",\"articleSection\":[\"DESTACADAS\",\"GOBEDOSLP\",\"LOCALES Y REGIONALES\"],\"inLanguage\":\"es\"},{\"@type\":\"WebPage\",\"@id\":\"https:\\\/\\\/canal7slp.tv\\\/2023\\\/confirman-detencion-tras-enfrentamiento-armado-en-tamuin\\\/\",\"url\":\"https:\\\/\\\/canal7slp.tv\\\/2023\\\/confirman-detencion-tras-enfrentamiento-armado-en-tamuin\\\/\",\"name\":\"Confirman detenci\u00f3n tras enfrentamiento armado en Tamu\u00edn - Canal 7 SLP - 2023\",\"isPartOf\":{\"@id\":\"https:\\\/\\\/canal7slp.tv\\\/2023\\\/#website\"},\"primaryImageOfPage\":{\"@id\":\"https:\\\/\\\/canal7slp.tv\\\/2023\\\/confirman-detencion-tras-enfrentamiento-armado-en-tamuin\\\/#primaryimage\"},\"image\":{\"@id\":\"https:\\\/\\\/canal7slp.tv\\\/2023\\\/confirman-detencion-tras-enfrentamiento-armado-en-tamuin\\\/#primaryimage\"},\"thumbnailUrl\":\"https:\\\/\\\/canal7slp.tv\\\/2023\\\/wp-content\\\/uploads\\\/2023\\\/07\\\/Vazquez04Tamuin.jpg\",\"datePublished\":\"2023-07-22T01:11:46+00:00\",\"breadcrumb\":{\"@id\":\"https:\\\/\\\/canal7slp.tv\\\/2023\\\/confirman-detencion-tras-enfrentamiento-armado-en-tamuin\\\/#breadcrumb\"},\"inLanguage\":\"es\",\"potentialAction\":[{\"@type\":\"ReadAction\",\"target\":[\"https:\\\/\\\/canal7slp.tv\\\/2023\\\/confirman-detencion-tras-enfrentamiento-armado-en-tamuin\\\/\"]}]},{\"@type\":\"ImageObject\",\"inLanguage\":\"es\",\"@id\":\"https:\\\/\\\/canal7slp.tv\\\/2023\\\/confirman-detencion-tras-enfrentamiento-armado-en-tamuin\\\/#primaryimage\",\"url\":\"https:\\\/\\\/canal7slp.tv\\\/2023\\\/wp-content\\\/uploads\\\/2023\\\/07\\\/Vazquez04Tamuin.jpg\",\"contentUrl\":\"https:\\\/\\\/canal7slp.tv\\\/2023\\\/wp-content\\\/uploads\\\/2023\\\/07\\\/Vazquez04Tamuin.jpg\",\"width\":1280,\"height\":720},{\"@type\":\"BreadcrumbList\",\"@id\":\"https:\\\/\\\/canal7slp.tv\\\/2023\\\/confirman-detencion-tras-enfrentamiento-armado-en-tamuin\\\/#breadcrumb\",\"itemListElement\":[{\"@type\":\"ListItem\",\"position\":1,\"name\":\"Portada\",\"item\":\"https:\\\/\\\/canal7slp.tv\\\/2023\\\/\"},{\"@type\":\"ListItem\",\"position\":2,\"name\":\"Confirman detenci\u00f3n tras enfrentamiento armado en Tamu\u00edn\"}]},{\"@type\":\"WebSite\",\"@id\":\"https:\\\/\\\/canal7slp.tv\\\/2023\\\/#website\",\"url\":\"https:\\\/\\\/canal7slp.tv\\\/2023\\\/\",\"name\":\"N7 - Noticieros Canal 7\",\"description\":\"Somos Televisi\u00f3n\",\"publisher\":{\"@id\":\"https:\\\/\\\/canal7slp.tv\\\/2023\\\/#organization\"},\"potentialAction\":[{\"@type\":\"SearchAction\",\"target\":{\"@type\":\"EntryPoint\",\"urlTemplate\":\"https:\\\/\\\/canal7slp.tv\\\/2023\\\/?s={search_term_string}\"},\"query-input\":{\"@type\":\"PropertyValueSpecification\",\"valueRequired\":true,\"valueName\":\"search_term_string\"}}],\"inLanguage\":\"es\"},{\"@type\":\"Organization\",\"@id\":\"https:\\\/\\\/canal7slp.tv\\\/2023\\\/#organization\",\"name\":\"Noticieros Canal 7\",\"url\":\"https:\\\/\\\/canal7slp.tv\\\/2023\\\/\",\"logo\":{\"@type\":\"ImageObject\",\"inLanguage\":\"es\",\"@id\":\"https:\\\/\\\/canal7slp.tv\\\/2023\\\/#\\\/schema\\\/logo\\\/image\\\/\",\"url\":\"https:\\\/\\\/canal7slp.tv\\\/2023\\\/wp-content\\\/uploads\\\/2021\\\/01\\\/logo-noticieros@2x.png\",\"contentUrl\":\"https:\\\/\\\/canal7slp.tv\\\/2023\\\/wp-content\\\/uploads\\\/2021\\\/01\\\/logo-noticieros@2x.png\",\"width\":1017,\"height\":268,\"caption\":\"Noticieros Canal 7\"},\"image\":{\"@id\":\"https:\\\/\\\/canal7slp.tv\\\/2023\\\/#\\\/schema\\\/logo\\\/image\\\/\"},\"sameAs\":[\"https:\\\/\\\/www.facebook.com\\\/noticieroscanalsiete\",\"https:\\\/\\\/x.com\\\/NOTICIEROS7\",\"https:\\\/\\\/www.instagram.com\\\/canal7_slp\",\"https:\\\/\\\/www.youtube.com\\\/channel\\\/UCliiYs-gP3JfJeqdPrNdd5A\"]},{\"@type\":\"Person\",\"@id\":\"https:\\\/\\\/canal7slp.tv\\\/2023\\\/#\\\/schema\\\/person\\\/639c424e3584069003b11ae813915da6\",\"name\":\"Edici\u00f3n Web\",\"image\":{\"@type\":\"ImageObject\",\"inLanguage\":\"es\",\"@id\":\"https:\\\/\\\/secure.gravatar.com\\\/avatar\\\/eee448fc3f7164808013b816ba91ac7e43bbe82a70bebac296f8bc6f0addaa1a?s=96&d=mm&r=g\",\"url\":\"https:\\\/\\\/secure.gravatar.com\\\/avatar\\\/eee448fc3f7164808013b816ba91ac7e43bbe82a70bebac296f8bc6f0addaa1a?s=96&d=mm&r=g\",\"contentUrl\":\"https:\\\/\\\/secure.gravatar.com\\\/avatar\\\/eee448fc3f7164808013b816ba91ac7e43bbe82a70bebac296f8bc6f0addaa1a?s=96&d=mm&r=g\",\"caption\":\"Edici\u00f3n Web\"},\"url\":\"https:\\\/\\\/canal7slp.tv\\\/2023\\\/author\\\/edicionweb\\\/\"}]}<\/script>\n<!-- \/ Yoast SEO plugin. -->","yoast_head_json":{"title":"Confirman detenci\u00f3n tras enfrentamiento armado en Tamu\u00edn - Canal 7 SLP - 2023","robots":{"index":"index","follow":"follow","max-snippet":"max-snippet:-1","max-image-preview":"max-image-preview:large","max-video-preview":"max-video-preview:-1"},"canonical":"https:\/\/canal7slp.tv\/2023\/confirman-detencion-tras-enfrentamiento-armado-en-tamuin\/","og_locale":"es_ES","og_type":"article","og_title":"Confirman detenci\u00f3n tras enfrentamiento armado en Tamu\u00edn - Canal 7 SLP - 2023","og_description":"SLP.- El vocero de seguridad del Gobierno del Estado de San Luis Potos\u00ed, Miguel Gallegos Cepeda, inform\u00f3 la detenci\u00f3n de una persona tras un ataque armado en contra de elementos de la Guardia Civil que se registr\u00f3 en la Zona Huasteca. De esa manera, el funcionario detall\u00f3 los sucesos que se presentaron en el municipio de Tamu\u00edn. \u00abSe reconoce un acontecimiento el d\u00eda de ayer donde la Guardia Civil Estatal participa en un operativo precisamente de seguridad en esta demarcaci\u00f3n; en la tarde se localiza a algunos sujetos armados a bordo de una camioneta y al notar la presencia de [&hellip;]","og_url":"https:\/\/canal7slp.tv\/2023\/confirman-detencion-tras-enfrentamiento-armado-en-tamuin\/","og_site_name":"Canal 7 SLP - 2023","article_publisher":"https:\/\/www.facebook.com\/noticieroscanalsiete","article_published_time":"2023-07-22T01:11:46+00:00","og_image":[{"width":1280,"height":720,"url":"https:\/\/canal7slp.tv\/2023\/wp-content\/uploads\/2023\/07\/Vazquez04Tamuin.jpg","type":"image\/jpeg"}],"author":"Edici\u00f3n Web","twitter_card":"summary_large_image","twitter_creator":"@NOTICIEROS7","twitter_site":"@NOTICIEROS7","twitter_misc":{"Escrito por":"Edici\u00f3n Web","Tiempo de lectura":"2 minutos"},"schema":{"@context":"https:\/\/schema.org","@graph":[{"@type":"Article","@id":"https:\/\/canal7slp.tv\/2023\/confirman-detencion-tras-enfrentamiento-armado-en-tamuin\/#article","isPartOf":{"@id":"https:\/\/canal7slp.tv\/2023\/confirman-detencion-tras-enfrentamiento-armado-en-tamuin\/"},"author":{"name":"Edici\u00f3n Web","@id":"https:\/\/canal7slp.tv\/2023\/#\/schema\/person\/639c424e3584069003b11ae813915da6"},"headline":"Confirman detenci\u00f3n tras enfrentamiento armado en Tamu\u00edn","datePublished":"2023-07-22T01:11:46+00:00","mainEntityOfPage":{"@id":"https:\/\/canal7slp.tv\/2023\/confirman-detencion-tras-enfrentamiento-armado-en-tamuin\/"},"wordCount":261,"publisher":{"@id":"https:\/\/canal7slp.tv\/2023\/#organization"},"image":{"@id":"https:\/\/canal7slp.tv\/2023\/confirman-detencion-tras-enfrentamiento-armado-en-tamuin\/#primaryimage"},"thumbnailUrl":"https:\/\/canal7slp.tv\/2023\/wp-content\/uploads\/2023\/07\/Vazquez04Tamuin.jpg","articleSection":["DESTACADAS","GOBEDOSLP","LOCALES Y REGIONALES"],"inLanguage":"es"},{"@type":"WebPage","@id":"https:\/\/canal7slp.tv\/2023\/confirman-detencion-tras-enfrentamiento-armado-en-tamuin\/","url":"https:\/\/canal7slp.tv\/2023\/confirman-detencion-tras-enfrentamiento-armado-en-tamuin\/","name":"Confirman detenci\u00f3n tras enfrentamiento armado en Tamu\u00edn - Canal 7 SLP - 2023","isPartOf":{"@id":"https:\/\/canal7slp.tv\/2023\/#website"},"primaryImageOfPage":{"@id":"https:\/\/canal7slp.tv\/2023\/confirman-detencion-tras-enfrentamiento-armado-en-tamuin\/#primaryimage"},"image":{"@id":"https:\/\/canal7slp.tv\/2023\/confirman-detencion-tras-enfrentamiento-armado-en-tamuin\/#primaryimage"},"thumbnailUrl":"https:\/\/canal7slp.tv\/2023\/wp-content\/uploads\/2023\/07\/Vazquez04Tamuin.jpg","datePublished":"2023-07-22T01:11:46+00:00","breadcrumb":{"@id":"https:\/\/canal7slp.tv\/2023\/confirman-detencion-tras-enfrentamiento-armado-en-tamuin\/#breadcrumb"},"inLanguage":"es","potentialAction":[{"@type":"ReadAction","target":["https:\/\/canal7slp.tv\/2023\/confirman-detencion-tras-enfrentamiento-armado-en-tamuin\/"]}]},{"@type":"ImageObject","inLanguage":"es","@id":"https:\/\/canal7slp.tv\/2023\/confirman-detencion-tras-enfrentamiento-armado-en-tamuin\/#primaryimage","url":"https:\/\/canal7slp.tv\/2023\/wp-content\/uploads\/2023\/07\/Vazquez04Tamuin.jpg","contentUrl":"https:\/\/canal7slp.tv\/2023\/wp-content\/uploads\/2023\/07\/Vazquez04Tamuin.jpg","width":1280,"height":720},{"@type":"BreadcrumbList","@id":"https:\/\/canal7slp.tv\/2023\/confirman-detencion-tras-enfrentamiento-armado-en-tamuin\/#breadcrumb","itemListElement":[{"@type":"ListItem","position":1,"name":"Portada","item":"https:\/\/canal7slp.tv\/2023\/"},{"@type":"ListItem","position":2,"name":"Confirman detenci\u00f3n tras enfrentamiento armado en Tamu\u00edn"}]},{"@type":"WebSite","@id":"https:\/\/canal7slp.tv\/2023\/#website","url":"https:\/\/canal7slp.tv\/2023\/","name":"N7 - Noticieros Canal 7","description":"Somos Televisi\u00f3n","publisher":{"@id":"https:\/\/canal7slp.tv\/2023\/#organization"},"potentialAction":[{"@type":"SearchAction","target":{"@type":"EntryPoint","urlTemplate":"https:\/\/canal7slp.tv\/2023\/?s={search_term_string}"},"query-input":{"@type":"PropertyValueSpecification","valueRequired":true,"valueName":"search_term_string"}}],"inLanguage":"es"},{"@type":"Organization","@id":"https:\/\/canal7slp.tv\/2023\/#organization","name":"Noticieros Canal 7","url":"https:\/\/canal7slp.tv\/2023\/","logo":{"@type":"ImageObject","inLanguage":"es","@id":"https:\/\/canal7slp.tv\/2023\/#\/schema\/logo\/image\/","url":"https:\/\/canal7slp.tv\/2023\/wp-content\/uploads\/2021\/01\/logo-noticieros@2x.png","contentUrl":"https:\/\/canal7slp.tv\/2023\/wp-content\/uploads\/2021\/01\/logo-noticieros@2x.png","width":1017,"height":268,"caption":"Noticieros Canal 7"},"image":{"@id":"https:\/\/canal7slp.tv\/2023\/#\/schema\/logo\/image\/"},"sameAs":["https:\/\/www.facebook.com\/noticieroscanalsiete","https:\/\/x.com\/NOTICIEROS7","https:\/\/www.instagram.com\/canal7_slp","https:\/\/www.youtube.com\/channel\/UCliiYs-gP3JfJeqdPrNdd5A"]},{"@type":"Person","@id":"https:\/\/canal7slp.tv\/2023\/#\/schema\/person\/639c424e3584069003b11ae813915da6","name":"Edici\u00f3n Web","image":{"@type":"ImageObject","inLanguage":"es","@id":"https:\/\/secure.gravatar.com\/avatar\/eee448fc3f7164808013b816ba91ac7e43bbe82a70bebac296f8bc6f0addaa1a?s=96&d=mm&r=g","url":"https:\/\/secure.gravatar.com\/avatar\/eee448fc3f7164808013b816ba91ac7e43bbe82a70bebac296f8bc6f0addaa1a?s=96&d=mm&r=g","contentUrl":"https:\/\/secure.gravatar.com\/avatar\/eee448fc3f7164808013b816ba91ac7e43bbe82a70bebac296f8bc6f0addaa1a?s=96&d=mm&r=g","caption":"Edici\u00f3n Web"},"url":"https:\/\/canal7slp.tv\/2023\/author\/edicionweb\/"}]}},"_links":{"self":[{"href":"https:\/\/canal7slp.tv\/2023\/wp-json\/wp\/v2\/posts\/101999","targetHints":{"allow":["GET"]}}],"collection":[{"href":"https:\/\/canal7slp.tv\/2023\/wp-json\/wp\/v2\/posts"}],"about":[{"href":"https:\/\/canal7slp.tv\/2023\/wp-json\/wp\/v2\/types\/post"}],"author":[{"embeddable":true,"href":"https:\/\/canal7slp.tv\/2023\/wp-json\/wp\/v2\/users\/2"}],"replies":[{"embeddable":true,"href":"https:\/\/canal7slp.tv\/2023\/wp-json\/wp\/v2\/comments?post=101999"}],"version-history":[{"count":2,"href":"https:\/\/canal7slp.tv\/2023\/wp-json\/wp\/v2\/posts\/101999\/revisions"}],"predecessor-version":[{"id":102044,"href":"https:\/\/canal7slp.tv\/2023\/wp-json\/wp\/v2\/posts\/101999\/revisions\/102044"}],"wp:featuredmedia":[{"embeddable":true,"href":"https:\/\/canal7slp.tv\/2023\/wp-json\/wp\/v2\/media\/102043"}],"wp:attachment":[{"href":"https:\/\/canal7slp.tv\/2023\/wp-json\/wp\/v2\/media?parent=101999"}],"wp:term":[{"taxonomy":"category","embeddable":true,"href":"https:\/\/canal7slp.tv\/2023\/wp-json\/wp\/v2\/categories?post=101999"},{"taxonomy":"post_tag","embeddable":true,"href":"https:\/\/canal7slp.tv\/2023\/wp-json\/wp\/v2\/tags?post=101999"}],"curies":[{"name":"wp","href":"https:\/\/api.w.org\/{rel}","templated":true}]}}