{"id":101997,"date":"2023-07-21T18:47:36","date_gmt":"2023-07-22T00:47:36","guid":{"rendered":"https:\/\/canal7slp.tv\/2023\/?p=101997"},"modified":"2023-07-21T18:49:30","modified_gmt":"2023-07-22T00:49:30","slug":"industria-automotriz-sin-recuperarse-de-la-pandemia-por-covid-19","status":"publish","type":"post","link":"https:\/\/canal7slp.tv\/2023\/industria-automotriz-sin-recuperarse-de-la-pandemia-por-covid-19\/","title":{"rendered":"Industria automotriz, sin recuperarse de la pandemia por COVID-19"},"content":{"rendered":"<p style=\"text-align: justify;\">SLP.- La industria automotriz en el mundo no se ha recuperado del todo tras las afectaciones que origin\u00f3 la pandemia por el virus de la Covid-19, as\u00ed lo asegur\u00f3 el presidente de la Asociaci\u00f3n Mexicana de la Industria Automotriz (AMIA), Jos\u00e9 Guillermo Zozaya D\u00e9lano.<\/p>\n<p style=\"text-align: justify;\">Pese a ello, destac\u00f3 el crecimiento que ha tenido el pa\u00eds en el ultimo a\u00f1o si se compara con los pasados.<\/p>\n<p style=\"text-align: justify;\">\u00abEn primera instancia recordar que somos el cuarto exportador de veh\u00edculos a nivel mundial y el s\u00e9ptimo fabricante de veh\u00edculos ligeros, estoy hablando a nivel mundial y que este a\u00f1o pr\u00e1cticamente ha sido de crecimiento comparado con el a\u00f1o pasado\u00bb, reiter\u00f3.<\/p>\n<p style=\"text-align: justify;\">En ese sentido, dijo considerar que la situaci\u00f3n sanitaria ya fue superada, pero a nivel empresarial a\u00fan no se alcanzan los niveles que se ten\u00edan antes de la contingencia.<\/p>\n<p style=\"text-align: justify;\">\u00abCreemos y esto nos motiva a pensar que en general pudi\u00e9ramos alcanzar niveles quiz\u00e1 y ojal\u00e1 del 2018 de pre pandemia y eso ser\u00eda muy positivo, ya superamos niveles prepandemia en cuanto a ingreso al pa\u00eds en d\u00f3lares, pero todav\u00eda no en fabricaci\u00f3n y exportaci\u00f3n de veh\u00edculos\u00bb, detall\u00f3.<\/p>\n<p style=\"text-align: justify;\">Adelant\u00f3 que podr\u00eda ser hasta el a\u00f1o 2025 cuando la industria como tal se normalice.<\/p>\n<p style=\"text-align: justify;\">\u00abEl tema de la recuperaci\u00f3n en cuanto a los mercados de autom\u00f3viles ha ido un poco m\u00e1s lento, pero estamos convencidos de que si no fuera este a\u00f1o, el pr\u00f3ximo a\u00f1o o m\u00e1s tardar el 2025 debi\u00e9ramos estar sobre adelante de los niveles pre pandemia\u00bb, apunt\u00f3.<\/p>\n<p style=\"text-align: justify;\">Por: Jos\u00e9 Luis V\u00e1zquez<\/p>\n","protected":false},"excerpt":{"rendered":"<p>SLP.- La industria automotriz en el mundo no se ha recuperado del todo tras las afectaciones que origin\u00f3 la pandemia por el virus de la Covid-19, as\u00ed lo asegur\u00f3 el presidente de la Asociaci\u00f3n Mexicana de la Industria Automotriz (AMIA), Jos\u00e9 Guillermo Zozaya D\u00e9lano. Pese a ello, destac\u00f3 el crecimiento que ha tenido el pa\u00eds en el ultimo a\u00f1o si se compara con los pasados. \u00abEn primera instancia recordar que somos el cuarto exportador de veh\u00edculos a nivel mundial y el s\u00e9ptimo fabricante de veh\u00edculos ligeros, estoy hablando a nivel mundial y que este a\u00f1o pr\u00e1cticamente ha sido de crecimiento [&hellip;]<\/p>\n","protected":false},"author":2,"featured_media":102038,"comment_status":"closed","ping_status":"closed","sticky":false,"template":"","format":"video","meta":{"footnotes":""},"categories":[4,5,45],"tags":[],"class_list":["post-101997","post","type-post","status-publish","format-video","has-post-thumbnail","hentry","category-covid-19","category-destacadas","category-localesyregionales","post_format-post-format-video","post--single"],"yoast_head":"<!-- This site is optimized with the Yoast SEO plugin v27.4 - https:\/\/yoast.com\/product\/yoast-seo-wordpress\/ -->\n<title>Industria automotriz, sin recuperarse de la pandemia por COVID-19 - Canal 7 SLP - 2023<\/title>\n<meta name=\"robots\" content=\"index, follow, max-snippet:-1, max-image-preview:large, max-video-preview:-1\" \/>\n<link rel=\"canonical\" href=\"https:\/\/canal7slp.tv\/2023\/industria-automotriz-sin-recuperarse-de-la-pandemia-por-covid-19\/\" \/>\n<meta property=\"og:locale\" content=\"es_ES\" \/>\n<meta property=\"og:type\" content=\"article\" \/>\n<meta property=\"og:title\" content=\"Industria automotriz, sin recuperarse de la pandemia por COVID-19 - Canal 7 SLP - 2023\" \/>\n<meta property=\"og:description\" content=\"SLP.- La industria automotriz en el mundo no se ha recuperado del todo tras las afectaciones que origin\u00f3 la pandemia por el virus de la Covid-19, as\u00ed lo asegur\u00f3 el presidente de la Asociaci\u00f3n Mexicana de la Industria Automotriz (AMIA), Jos\u00e9 Guillermo Zozaya D\u00e9lano. Pese a ello, destac\u00f3 el crecimiento que ha tenido el pa\u00eds en el ultimo a\u00f1o si se compara con los pasados. \u00abEn primera instancia recordar que somos el cuarto exportador de veh\u00edculos a nivel mundial y el s\u00e9ptimo fabricante de veh\u00edculos ligeros, estoy hablando a nivel mundial y que este a\u00f1o pr\u00e1cticamente ha sido de crecimiento [&hellip;]\" \/>\n<meta property=\"og:url\" content=\"https:\/\/canal7slp.tv\/2023\/industria-automotriz-sin-recuperarse-de-la-pandemia-por-covid-19\/\" \/>\n<meta property=\"og:site_name\" content=\"Canal 7 SLP - 2023\" \/>\n<meta property=\"article:publisher\" content=\"https:\/\/www.facebook.com\/noticieroscanalsiete\" \/>\n<meta property=\"article:published_time\" content=\"2023-07-22T00:47:36+00:00\" \/>\n<meta property=\"article:modified_time\" content=\"2023-07-22T00:49:30+00:00\" \/>\n<meta property=\"og:image\" content=\"https:\/\/canal7slp.tv\/2023\/wp-content\/uploads\/2023\/07\/Vazquez02Amia2.jpg\" \/>\n\t<meta property=\"og:image:width\" content=\"1280\" \/>\n\t<meta property=\"og:image:height\" content=\"720\" \/>\n\t<meta property=\"og:image:type\" content=\"image\/jpeg\" \/>\n<meta name=\"author\" content=\"Edici\u00f3n Web\" \/>\n<meta name=\"twitter:card\" content=\"summary_large_image\" \/>\n<meta name=\"twitter:creator\" content=\"@NOTICIEROS7\" \/>\n<meta name=\"twitter:site\" content=\"@NOTICIEROS7\" \/>\n<meta name=\"twitter:label1\" content=\"Escrito por\" \/>\n\t<meta name=\"twitter:data1\" content=\"Edici\u00f3n Web\" \/>\n\t<meta name=\"twitter:label2\" content=\"Tiempo de lectura\" \/>\n\t<meta name=\"twitter:data2\" content=\"2 minutos\" \/>\n<script type=\"application\/ld+json\" class=\"yoast-schema-graph\">{\"@context\":\"https:\\\/\\\/schema.org\",\"@graph\":[{\"@type\":\"Article\",\"@id\":\"https:\\\/\\\/canal7slp.tv\\\/2023\\\/industria-automotriz-sin-recuperarse-de-la-pandemia-por-covid-19\\\/#article\",\"isPartOf\":{\"@id\":\"https:\\\/\\\/canal7slp.tv\\\/2023\\\/industria-automotriz-sin-recuperarse-de-la-pandemia-por-covid-19\\\/\"},\"author\":{\"name\":\"Edici\u00f3n Web\",\"@id\":\"https:\\\/\\\/canal7slp.tv\\\/2023\\\/#\\\/schema\\\/person\\\/639c424e3584069003b11ae813915da6\"},\"headline\":\"Industria automotriz, sin recuperarse de la pandemia por COVID-19\",\"datePublished\":\"2023-07-22T00:47:36+00:00\",\"dateModified\":\"2023-07-22T00:49:30+00:00\",\"mainEntityOfPage\":{\"@id\":\"https:\\\/\\\/canal7slp.tv\\\/2023\\\/industria-automotriz-sin-recuperarse-de-la-pandemia-por-covid-19\\\/\"},\"wordCount\":287,\"publisher\":{\"@id\":\"https:\\\/\\\/canal7slp.tv\\\/2023\\\/#organization\"},\"image\":{\"@id\":\"https:\\\/\\\/canal7slp.tv\\\/2023\\\/industria-automotriz-sin-recuperarse-de-la-pandemia-por-covid-19\\\/#primaryimage\"},\"thumbnailUrl\":\"https:\\\/\\\/canal7slp.tv\\\/2023\\\/wp-content\\\/uploads\\\/2023\\\/07\\\/Vazquez02Amia2.jpg\",\"articleSection\":[\"COVID-19\",\"DESTACADAS\",\"LOCALES Y REGIONALES\"],\"inLanguage\":\"es\"},{\"@type\":\"WebPage\",\"@id\":\"https:\\\/\\\/canal7slp.tv\\\/2023\\\/industria-automotriz-sin-recuperarse-de-la-pandemia-por-covid-19\\\/\",\"url\":\"https:\\\/\\\/canal7slp.tv\\\/2023\\\/industria-automotriz-sin-recuperarse-de-la-pandemia-por-covid-19\\\/\",\"name\":\"Industria automotriz, sin recuperarse de la pandemia por COVID-19 - Canal 7 SLP - 2023\",\"isPartOf\":{\"@id\":\"https:\\\/\\\/canal7slp.tv\\\/2023\\\/#website\"},\"primaryImageOfPage\":{\"@id\":\"https:\\\/\\\/canal7slp.tv\\\/2023\\\/industria-automotriz-sin-recuperarse-de-la-pandemia-por-covid-19\\\/#primaryimage\"},\"image\":{\"@id\":\"https:\\\/\\\/canal7slp.tv\\\/2023\\\/industria-automotriz-sin-recuperarse-de-la-pandemia-por-covid-19\\\/#primaryimage\"},\"thumbnailUrl\":\"https:\\\/\\\/canal7slp.tv\\\/2023\\\/wp-content\\\/uploads\\\/2023\\\/07\\\/Vazquez02Amia2.jpg\",\"datePublished\":\"2023-07-22T00:47:36+00:00\",\"dateModified\":\"2023-07-22T00:49:30+00:00\",\"breadcrumb\":{\"@id\":\"https:\\\/\\\/canal7slp.tv\\\/2023\\\/industria-automotriz-sin-recuperarse-de-la-pandemia-por-covid-19\\\/#breadcrumb\"},\"inLanguage\":\"es\",\"potentialAction\":[{\"@type\":\"ReadAction\",\"target\":[\"https:\\\/\\\/canal7slp.tv\\\/2023\\\/industria-automotriz-sin-recuperarse-de-la-pandemia-por-covid-19\\\/\"]}]},{\"@type\":\"ImageObject\",\"inLanguage\":\"es\",\"@id\":\"https:\\\/\\\/canal7slp.tv\\\/2023\\\/industria-automotriz-sin-recuperarse-de-la-pandemia-por-covid-19\\\/#primaryimage\",\"url\":\"https:\\\/\\\/canal7slp.tv\\\/2023\\\/wp-content\\\/uploads\\\/2023\\\/07\\\/Vazquez02Amia2.jpg\",\"contentUrl\":\"https:\\\/\\\/canal7slp.tv\\\/2023\\\/wp-content\\\/uploads\\\/2023\\\/07\\\/Vazquez02Amia2.jpg\",\"width\":1280,\"height\":720},{\"@type\":\"BreadcrumbList\",\"@id\":\"https:\\\/\\\/canal7slp.tv\\\/2023\\\/industria-automotriz-sin-recuperarse-de-la-pandemia-por-covid-19\\\/#breadcrumb\",\"itemListElement\":[{\"@type\":\"ListItem\",\"position\":1,\"name\":\"Portada\",\"item\":\"https:\\\/\\\/canal7slp.tv\\\/2023\\\/\"},{\"@type\":\"ListItem\",\"position\":2,\"name\":\"Industria automotriz, sin recuperarse de la pandemia por COVID-19\"}]},{\"@type\":\"WebSite\",\"@id\":\"https:\\\/\\\/canal7slp.tv\\\/2023\\\/#website\",\"url\":\"https:\\\/\\\/canal7slp.tv\\\/2023\\\/\",\"name\":\"N7 - Noticieros Canal 7\",\"description\":\"Somos Televisi\u00f3n\",\"publisher\":{\"@id\":\"https:\\\/\\\/canal7slp.tv\\\/2023\\\/#organization\"},\"potentialAction\":[{\"@type\":\"SearchAction\",\"target\":{\"@type\":\"EntryPoint\",\"urlTemplate\":\"https:\\\/\\\/canal7slp.tv\\\/2023\\\/?s={search_term_string}\"},\"query-input\":{\"@type\":\"PropertyValueSpecification\",\"valueRequired\":true,\"valueName\":\"search_term_string\"}}],\"inLanguage\":\"es\"},{\"@type\":\"Organization\",\"@id\":\"https:\\\/\\\/canal7slp.tv\\\/2023\\\/#organization\",\"name\":\"Noticieros Canal 7\",\"url\":\"https:\\\/\\\/canal7slp.tv\\\/2023\\\/\",\"logo\":{\"@type\":\"ImageObject\",\"inLanguage\":\"es\",\"@id\":\"https:\\\/\\\/canal7slp.tv\\\/2023\\\/#\\\/schema\\\/logo\\\/image\\\/\",\"url\":\"https:\\\/\\\/canal7slp.tv\\\/2023\\\/wp-content\\\/uploads\\\/2021\\\/01\\\/logo-noticieros@2x.png\",\"contentUrl\":\"https:\\\/\\\/canal7slp.tv\\\/2023\\\/wp-content\\\/uploads\\\/2021\\\/01\\\/logo-noticieros@2x.png\",\"width\":1017,\"height\":268,\"caption\":\"Noticieros Canal 7\"},\"image\":{\"@id\":\"https:\\\/\\\/canal7slp.tv\\\/2023\\\/#\\\/schema\\\/logo\\\/image\\\/\"},\"sameAs\":[\"https:\\\/\\\/www.facebook.com\\\/noticieroscanalsiete\",\"https:\\\/\\\/x.com\\\/NOTICIEROS7\",\"https:\\\/\\\/www.instagram.com\\\/canal7_slp\",\"https:\\\/\\\/www.youtube.com\\\/channel\\\/UCliiYs-gP3JfJeqdPrNdd5A\"]},{\"@type\":\"Person\",\"@id\":\"https:\\\/\\\/canal7slp.tv\\\/2023\\\/#\\\/schema\\\/person\\\/639c424e3584069003b11ae813915da6\",\"name\":\"Edici\u00f3n Web\",\"image\":{\"@type\":\"ImageObject\",\"inLanguage\":\"es\",\"@id\":\"https:\\\/\\\/secure.gravatar.com\\\/avatar\\\/eee448fc3f7164808013b816ba91ac7e43bbe82a70bebac296f8bc6f0addaa1a?s=96&d=mm&r=g\",\"url\":\"https:\\\/\\\/secure.gravatar.com\\\/avatar\\\/eee448fc3f7164808013b816ba91ac7e43bbe82a70bebac296f8bc6f0addaa1a?s=96&d=mm&r=g\",\"contentUrl\":\"https:\\\/\\\/secure.gravatar.com\\\/avatar\\\/eee448fc3f7164808013b816ba91ac7e43bbe82a70bebac296f8bc6f0addaa1a?s=96&d=mm&r=g\",\"caption\":\"Edici\u00f3n Web\"},\"url\":\"https:\\\/\\\/canal7slp.tv\\\/2023\\\/author\\\/edicionweb\\\/\"}]}<\/script>\n<!-- \/ Yoast SEO plugin. -->","yoast_head_json":{"title":"Industria automotriz, sin recuperarse de la pandemia por COVID-19 - Canal 7 SLP - 2023","robots":{"index":"index","follow":"follow","max-snippet":"max-snippet:-1","max-image-preview":"max-image-preview:large","max-video-preview":"max-video-preview:-1"},"canonical":"https:\/\/canal7slp.tv\/2023\/industria-automotriz-sin-recuperarse-de-la-pandemia-por-covid-19\/","og_locale":"es_ES","og_type":"article","og_title":"Industria automotriz, sin recuperarse de la pandemia por COVID-19 - Canal 7 SLP - 2023","og_description":"SLP.- La industria automotriz en el mundo no se ha recuperado del todo tras las afectaciones que origin\u00f3 la pandemia por el virus de la Covid-19, as\u00ed lo asegur\u00f3 el presidente de la Asociaci\u00f3n Mexicana de la Industria Automotriz (AMIA), Jos\u00e9 Guillermo Zozaya D\u00e9lano. Pese a ello, destac\u00f3 el crecimiento que ha tenido el pa\u00eds en el ultimo a\u00f1o si se compara con los pasados. \u00abEn primera instancia recordar que somos el cuarto exportador de veh\u00edculos a nivel mundial y el s\u00e9ptimo fabricante de veh\u00edculos ligeros, estoy hablando a nivel mundial y que este a\u00f1o pr\u00e1cticamente ha sido de crecimiento [&hellip;]","og_url":"https:\/\/canal7slp.tv\/2023\/industria-automotriz-sin-recuperarse-de-la-pandemia-por-covid-19\/","og_site_name":"Canal 7 SLP - 2023","article_publisher":"https:\/\/www.facebook.com\/noticieroscanalsiete","article_published_time":"2023-07-22T00:47:36+00:00","article_modified_time":"2023-07-22T00:49:30+00:00","og_image":[{"width":1280,"height":720,"url":"https:\/\/canal7slp.tv\/2023\/wp-content\/uploads\/2023\/07\/Vazquez02Amia2.jpg","type":"image\/jpeg"}],"author":"Edici\u00f3n Web","twitter_card":"summary_large_image","twitter_creator":"@NOTICIEROS7","twitter_site":"@NOTICIEROS7","twitter_misc":{"Escrito por":"Edici\u00f3n Web","Tiempo de lectura":"2 minutos"},"schema":{"@context":"https:\/\/schema.org","@graph":[{"@type":"Article","@id":"https:\/\/canal7slp.tv\/2023\/industria-automotriz-sin-recuperarse-de-la-pandemia-por-covid-19\/#article","isPartOf":{"@id":"https:\/\/canal7slp.tv\/2023\/industria-automotriz-sin-recuperarse-de-la-pandemia-por-covid-19\/"},"author":{"name":"Edici\u00f3n Web","@id":"https:\/\/canal7slp.tv\/2023\/#\/schema\/person\/639c424e3584069003b11ae813915da6"},"headline":"Industria automotriz, sin recuperarse de la pandemia por COVID-19","datePublished":"2023-07-22T00:47:36+00:00","dateModified":"2023-07-22T00:49:30+00:00","mainEntityOfPage":{"@id":"https:\/\/canal7slp.tv\/2023\/industria-automotriz-sin-recuperarse-de-la-pandemia-por-covid-19\/"},"wordCount":287,"publisher":{"@id":"https:\/\/canal7slp.tv\/2023\/#organization"},"image":{"@id":"https:\/\/canal7slp.tv\/2023\/industria-automotriz-sin-recuperarse-de-la-pandemia-por-covid-19\/#primaryimage"},"thumbnailUrl":"https:\/\/canal7slp.tv\/2023\/wp-content\/uploads\/2023\/07\/Vazquez02Amia2.jpg","articleSection":["COVID-19","DESTACADAS","LOCALES Y REGIONALES"],"inLanguage":"es"},{"@type":"WebPage","@id":"https:\/\/canal7slp.tv\/2023\/industria-automotriz-sin-recuperarse-de-la-pandemia-por-covid-19\/","url":"https:\/\/canal7slp.tv\/2023\/industria-automotriz-sin-recuperarse-de-la-pandemia-por-covid-19\/","name":"Industria automotriz, sin recuperarse de la pandemia por COVID-19 - Canal 7 SLP - 2023","isPartOf":{"@id":"https:\/\/canal7slp.tv\/2023\/#website"},"primaryImageOfPage":{"@id":"https:\/\/canal7slp.tv\/2023\/industria-automotriz-sin-recuperarse-de-la-pandemia-por-covid-19\/#primaryimage"},"image":{"@id":"https:\/\/canal7slp.tv\/2023\/industria-automotriz-sin-recuperarse-de-la-pandemia-por-covid-19\/#primaryimage"},"thumbnailUrl":"https:\/\/canal7slp.tv\/2023\/wp-content\/uploads\/2023\/07\/Vazquez02Amia2.jpg","datePublished":"2023-07-22T00:47:36+00:00","dateModified":"2023-07-22T00:49:30+00:00","breadcrumb":{"@id":"https:\/\/canal7slp.tv\/2023\/industria-automotriz-sin-recuperarse-de-la-pandemia-por-covid-19\/#breadcrumb"},"inLanguage":"es","potentialAction":[{"@type":"ReadAction","target":["https:\/\/canal7slp.tv\/2023\/industria-automotriz-sin-recuperarse-de-la-pandemia-por-covid-19\/"]}]},{"@type":"ImageObject","inLanguage":"es","@id":"https:\/\/canal7slp.tv\/2023\/industria-automotriz-sin-recuperarse-de-la-pandemia-por-covid-19\/#primaryimage","url":"https:\/\/canal7slp.tv\/2023\/wp-content\/uploads\/2023\/07\/Vazquez02Amia2.jpg","contentUrl":"https:\/\/canal7slp.tv\/2023\/wp-content\/uploads\/2023\/07\/Vazquez02Amia2.jpg","width":1280,"height":720},{"@type":"BreadcrumbList","@id":"https:\/\/canal7slp.tv\/2023\/industria-automotriz-sin-recuperarse-de-la-pandemia-por-covid-19\/#breadcrumb","itemListElement":[{"@type":"ListItem","position":1,"name":"Portada","item":"https:\/\/canal7slp.tv\/2023\/"},{"@type":"ListItem","position":2,"name":"Industria automotriz, sin recuperarse de la pandemia por COVID-19"}]},{"@type":"WebSite","@id":"https:\/\/canal7slp.tv\/2023\/#website","url":"https:\/\/canal7slp.tv\/2023\/","name":"N7 - Noticieros Canal 7","description":"Somos Televisi\u00f3n","publisher":{"@id":"https:\/\/canal7slp.tv\/2023\/#organization"},"potentialAction":[{"@type":"SearchAction","target":{"@type":"EntryPoint","urlTemplate":"https:\/\/canal7slp.tv\/2023\/?s={search_term_string}"},"query-input":{"@type":"PropertyValueSpecification","valueRequired":true,"valueName":"search_term_string"}}],"inLanguage":"es"},{"@type":"Organization","@id":"https:\/\/canal7slp.tv\/2023\/#organization","name":"Noticieros Canal 7","url":"https:\/\/canal7slp.tv\/2023\/","logo":{"@type":"ImageObject","inLanguage":"es","@id":"https:\/\/canal7slp.tv\/2023\/#\/schema\/logo\/image\/","url":"https:\/\/canal7slp.tv\/2023\/wp-content\/uploads\/2021\/01\/logo-noticieros@2x.png","contentUrl":"https:\/\/canal7slp.tv\/2023\/wp-content\/uploads\/2021\/01\/logo-noticieros@2x.png","width":1017,"height":268,"caption":"Noticieros Canal 7"},"image":{"@id":"https:\/\/canal7slp.tv\/2023\/#\/schema\/logo\/image\/"},"sameAs":["https:\/\/www.facebook.com\/noticieroscanalsiete","https:\/\/x.com\/NOTICIEROS7","https:\/\/www.instagram.com\/canal7_slp","https:\/\/www.youtube.com\/channel\/UCliiYs-gP3JfJeqdPrNdd5A"]},{"@type":"Person","@id":"https:\/\/canal7slp.tv\/2023\/#\/schema\/person\/639c424e3584069003b11ae813915da6","name":"Edici\u00f3n Web","image":{"@type":"ImageObject","inLanguage":"es","@id":"https:\/\/secure.gravatar.com\/avatar\/eee448fc3f7164808013b816ba91ac7e43bbe82a70bebac296f8bc6f0addaa1a?s=96&d=mm&r=g","url":"https:\/\/secure.gravatar.com\/avatar\/eee448fc3f7164808013b816ba91ac7e43bbe82a70bebac296f8bc6f0addaa1a?s=96&d=mm&r=g","contentUrl":"https:\/\/secure.gravatar.com\/avatar\/eee448fc3f7164808013b816ba91ac7e43bbe82a70bebac296f8bc6f0addaa1a?s=96&d=mm&r=g","caption":"Edici\u00f3n Web"},"url":"https:\/\/canal7slp.tv\/2023\/author\/edicionweb\/"}]}},"_links":{"self":[{"href":"https:\/\/canal7slp.tv\/2023\/wp-json\/wp\/v2\/posts\/101997","targetHints":{"allow":["GET"]}}],"collection":[{"href":"https:\/\/canal7slp.tv\/2023\/wp-json\/wp\/v2\/posts"}],"about":[{"href":"https:\/\/canal7slp.tv\/2023\/wp-json\/wp\/v2\/types\/post"}],"author":[{"embeddable":true,"href":"https:\/\/canal7slp.tv\/2023\/wp-json\/wp\/v2\/users\/2"}],"replies":[{"embeddable":true,"href":"https:\/\/canal7slp.tv\/2023\/wp-json\/wp\/v2\/comments?post=101997"}],"version-history":[{"count":2,"href":"https:\/\/canal7slp.tv\/2023\/wp-json\/wp\/v2\/posts\/101997\/revisions"}],"predecessor-version":[{"id":102039,"href":"https:\/\/canal7slp.tv\/2023\/wp-json\/wp\/v2\/posts\/101997\/revisions\/102039"}],"wp:featuredmedia":[{"embeddable":true,"href":"https:\/\/canal7slp.tv\/2023\/wp-json\/wp\/v2\/media\/102038"}],"wp:attachment":[{"href":"https:\/\/canal7slp.tv\/2023\/wp-json\/wp\/v2\/media?parent=101997"}],"wp:term":[{"taxonomy":"category","embeddable":true,"href":"https:\/\/canal7slp.tv\/2023\/wp-json\/wp\/v2\/categories?post=101997"},{"taxonomy":"post_tag","embeddable":true,"href":"https:\/\/canal7slp.tv\/2023\/wp-json\/wp\/v2\/tags?post=101997"}],"curies":[{"name":"wp","href":"https:\/\/api.w.org\/{rel}","templated":true}]}}