{"id":101964,"date":"2023-07-21T17:49:15","date_gmt":"2023-07-21T23:49:15","guid":{"rendered":"https:\/\/canal7slp.tv\/2023\/?p=101964"},"modified":"2023-07-21T17:49:15","modified_gmt":"2023-07-21T23:49:15","slug":"biden-demandara-a-texas-por-muro-flotante-con-mexico","status":"publish","type":"post","link":"https:\/\/canal7slp.tv\/2023\/biden-demandara-a-texas-por-muro-flotante-con-mexico\/","title":{"rendered":"Biden demandar\u00e1 a Texas por muro flotante con M\u00e9xico"},"content":{"rendered":"<p style=\"text-align: justify;\">EUA.- El gobierno de Joe Biden presentar\u00e1 recursos legales en contra de la barrera de boyas flotantes instalada por el gobierno de Texas en una secci\u00f3n del R\u00edo Bravo para prevenir los cruces irregulares de migrantes desde Ciudad Acu\u00f1a en M\u00e9xico.<\/p>\n<p style=\"text-align: justify;\">En una carta enviada por el Departamento de Justicia de EU al gobierno de Texas, funcionarios de la administraci\u00f3n Biden aseguran que el llamado \u00abMuro Flotante\u00bb es violatorio de la ley de r\u00edos y puertos de 1899 y buscar\u00e1n remedios legales.<\/p>\n<p style=\"text-align: justify;\">La ley proh\u00edbe la creaci\u00f3n de cualquier obstrucci\u00f3n a la capacidad navegable de las aguas de EU, y adem\u00e1s proh\u00edbe la construcci\u00f3n de cualquier estructura en dichas aguas sin la autorizaci\u00f3n del cuerpo de ingenieros del ej\u00e9rcito de EU.<\/p>\n<p style=\"text-align: justify;\">El \u00abMuro Flotante\u00bb es una barrera de boyas instalada en las aguas del R\u00edo Bravo por el gobernador republicano Greg Abbott y ya enfrenta demandas legales en las cortes estatales de Texas por parte de un grupo de ciudadanos de EU practicantes de canotaje.<\/p>\n","protected":false},"excerpt":{"rendered":"<p>EUA.- El gobierno de Joe Biden presentar\u00e1 recursos legales en contra de la barrera de boyas flotantes instalada por el gobierno de Texas en una secci\u00f3n del R\u00edo Bravo para prevenir los cruces irregulares de migrantes desde Ciudad Acu\u00f1a en M\u00e9xico. En una carta enviada por el Departamento de Justicia de EU al gobierno de Texas, funcionarios de la administraci\u00f3n Biden aseguran que el llamado \u00abMuro Flotante\u00bb es violatorio de la ley de r\u00edos y puertos de 1899 y buscar\u00e1n remedios legales. La ley proh\u00edbe la creaci\u00f3n de cualquier obstrucci\u00f3n a la capacidad navegable de las aguas de EU, y [&hellip;]<\/p>\n","protected":false},"author":2,"featured_media":101978,"comment_status":"closed","ping_status":"closed","sticky":false,"template":"","format":"standard","meta":{"footnotes":""},"categories":[44],"tags":[],"class_list":["post-101964","post","type-post","status-publish","format-standard","has-post-thumbnail","hentry","category-internacional","post--single"],"yoast_head":"<!-- This site is optimized with the Yoast SEO plugin v27.4 - https:\/\/yoast.com\/product\/yoast-seo-wordpress\/ -->\n<title>Biden demandar\u00e1 a Texas por muro flotante con M\u00e9xico - Canal 7 SLP - 2023<\/title>\n<meta name=\"robots\" content=\"index, follow, max-snippet:-1, max-image-preview:large, max-video-preview:-1\" \/>\n<link rel=\"canonical\" href=\"https:\/\/canal7slp.tv\/2023\/biden-demandara-a-texas-por-muro-flotante-con-mexico\/\" \/>\n<meta property=\"og:locale\" content=\"es_ES\" \/>\n<meta property=\"og:type\" content=\"article\" \/>\n<meta property=\"og:title\" content=\"Biden demandar\u00e1 a Texas por muro flotante con M\u00e9xico - Canal 7 SLP - 2023\" \/>\n<meta property=\"og:description\" content=\"EUA.- El gobierno de Joe Biden presentar\u00e1 recursos legales en contra de la barrera de boyas flotantes instalada por el gobierno de Texas en una secci\u00f3n del R\u00edo Bravo para prevenir los cruces irregulares de migrantes desde Ciudad Acu\u00f1a en M\u00e9xico. En una carta enviada por el Departamento de Justicia de EU al gobierno de Texas, funcionarios de la administraci\u00f3n Biden aseguran que el llamado \u00abMuro Flotante\u00bb es violatorio de la ley de r\u00edos y puertos de 1899 y buscar\u00e1n remedios legales. La ley proh\u00edbe la creaci\u00f3n de cualquier obstrucci\u00f3n a la capacidad navegable de las aguas de EU, y [&hellip;]\" \/>\n<meta property=\"og:url\" content=\"https:\/\/canal7slp.tv\/2023\/biden-demandara-a-texas-por-muro-flotante-con-mexico\/\" \/>\n<meta property=\"og:site_name\" content=\"Canal 7 SLP - 2023\" \/>\n<meta property=\"article:publisher\" content=\"https:\/\/www.facebook.com\/noticieroscanalsiete\" \/>\n<meta property=\"article:published_time\" content=\"2023-07-21T23:49:15+00:00\" \/>\n<meta property=\"og:image\" content=\"https:\/\/canal7slp.tv\/2023\/wp-content\/uploads\/2023\/07\/04-14.jpg\" \/>\n\t<meta property=\"og:image:width\" content=\"960\" \/>\n\t<meta property=\"og:image:height\" content=\"640\" \/>\n\t<meta property=\"og:image:type\" content=\"image\/jpeg\" \/>\n<meta name=\"author\" content=\"Edici\u00f3n Web\" \/>\n<meta name=\"twitter:card\" content=\"summary_large_image\" \/>\n<meta name=\"twitter:creator\" content=\"@NOTICIEROS7\" \/>\n<meta name=\"twitter:site\" content=\"@NOTICIEROS7\" \/>\n<meta name=\"twitter:label1\" content=\"Escrito por\" \/>\n\t<meta name=\"twitter:data1\" content=\"Edici\u00f3n Web\" \/>\n\t<meta name=\"twitter:label2\" content=\"Tiempo de lectura\" \/>\n\t<meta name=\"twitter:data2\" content=\"1 minuto\" \/>\n<script type=\"application\/ld+json\" class=\"yoast-schema-graph\">{\"@context\":\"https:\\\/\\\/schema.org\",\"@graph\":[{\"@type\":\"Article\",\"@id\":\"https:\\\/\\\/canal7slp.tv\\\/2023\\\/biden-demandara-a-texas-por-muro-flotante-con-mexico\\\/#article\",\"isPartOf\":{\"@id\":\"https:\\\/\\\/canal7slp.tv\\\/2023\\\/biden-demandara-a-texas-por-muro-flotante-con-mexico\\\/\"},\"author\":{\"name\":\"Edici\u00f3n Web\",\"@id\":\"https:\\\/\\\/canal7slp.tv\\\/2023\\\/#\\\/schema\\\/person\\\/639c424e3584069003b11ae813915da6\"},\"headline\":\"Biden demandar\u00e1 a Texas por muro flotante con M\u00e9xico\",\"datePublished\":\"2023-07-21T23:49:15+00:00\",\"mainEntityOfPage\":{\"@id\":\"https:\\\/\\\/canal7slp.tv\\\/2023\\\/biden-demandara-a-texas-por-muro-flotante-con-mexico\\\/\"},\"wordCount\":191,\"publisher\":{\"@id\":\"https:\\\/\\\/canal7slp.tv\\\/2023\\\/#organization\"},\"image\":{\"@id\":\"https:\\\/\\\/canal7slp.tv\\\/2023\\\/biden-demandara-a-texas-por-muro-flotante-con-mexico\\\/#primaryimage\"},\"thumbnailUrl\":\"https:\\\/\\\/canal7slp.tv\\\/2023\\\/wp-content\\\/uploads\\\/2023\\\/07\\\/04-14.jpg\",\"articleSection\":[\"INTERNACIONALES\"],\"inLanguage\":\"es\"},{\"@type\":\"WebPage\",\"@id\":\"https:\\\/\\\/canal7slp.tv\\\/2023\\\/biden-demandara-a-texas-por-muro-flotante-con-mexico\\\/\",\"url\":\"https:\\\/\\\/canal7slp.tv\\\/2023\\\/biden-demandara-a-texas-por-muro-flotante-con-mexico\\\/\",\"name\":\"Biden demandar\u00e1 a Texas por muro flotante con M\u00e9xico - Canal 7 SLP - 2023\",\"isPartOf\":{\"@id\":\"https:\\\/\\\/canal7slp.tv\\\/2023\\\/#website\"},\"primaryImageOfPage\":{\"@id\":\"https:\\\/\\\/canal7slp.tv\\\/2023\\\/biden-demandara-a-texas-por-muro-flotante-con-mexico\\\/#primaryimage\"},\"image\":{\"@id\":\"https:\\\/\\\/canal7slp.tv\\\/2023\\\/biden-demandara-a-texas-por-muro-flotante-con-mexico\\\/#primaryimage\"},\"thumbnailUrl\":\"https:\\\/\\\/canal7slp.tv\\\/2023\\\/wp-content\\\/uploads\\\/2023\\\/07\\\/04-14.jpg\",\"datePublished\":\"2023-07-21T23:49:15+00:00\",\"breadcrumb\":{\"@id\":\"https:\\\/\\\/canal7slp.tv\\\/2023\\\/biden-demandara-a-texas-por-muro-flotante-con-mexico\\\/#breadcrumb\"},\"inLanguage\":\"es\",\"potentialAction\":[{\"@type\":\"ReadAction\",\"target\":[\"https:\\\/\\\/canal7slp.tv\\\/2023\\\/biden-demandara-a-texas-por-muro-flotante-con-mexico\\\/\"]}]},{\"@type\":\"ImageObject\",\"inLanguage\":\"es\",\"@id\":\"https:\\\/\\\/canal7slp.tv\\\/2023\\\/biden-demandara-a-texas-por-muro-flotante-con-mexico\\\/#primaryimage\",\"url\":\"https:\\\/\\\/canal7slp.tv\\\/2023\\\/wp-content\\\/uploads\\\/2023\\\/07\\\/04-14.jpg\",\"contentUrl\":\"https:\\\/\\\/canal7slp.tv\\\/2023\\\/wp-content\\\/uploads\\\/2023\\\/07\\\/04-14.jpg\",\"width\":960,\"height\":640},{\"@type\":\"BreadcrumbList\",\"@id\":\"https:\\\/\\\/canal7slp.tv\\\/2023\\\/biden-demandara-a-texas-por-muro-flotante-con-mexico\\\/#breadcrumb\",\"itemListElement\":[{\"@type\":\"ListItem\",\"position\":1,\"name\":\"Portada\",\"item\":\"https:\\\/\\\/canal7slp.tv\\\/2023\\\/\"},{\"@type\":\"ListItem\",\"position\":2,\"name\":\"Biden demandar\u00e1 a Texas por muro flotante con M\u00e9xico\"}]},{\"@type\":\"WebSite\",\"@id\":\"https:\\\/\\\/canal7slp.tv\\\/2023\\\/#website\",\"url\":\"https:\\\/\\\/canal7slp.tv\\\/2023\\\/\",\"name\":\"N7 - Noticieros Canal 7\",\"description\":\"Somos Televisi\u00f3n\",\"publisher\":{\"@id\":\"https:\\\/\\\/canal7slp.tv\\\/2023\\\/#organization\"},\"potentialAction\":[{\"@type\":\"SearchAction\",\"target\":{\"@type\":\"EntryPoint\",\"urlTemplate\":\"https:\\\/\\\/canal7slp.tv\\\/2023\\\/?s={search_term_string}\"},\"query-input\":{\"@type\":\"PropertyValueSpecification\",\"valueRequired\":true,\"valueName\":\"search_term_string\"}}],\"inLanguage\":\"es\"},{\"@type\":\"Organization\",\"@id\":\"https:\\\/\\\/canal7slp.tv\\\/2023\\\/#organization\",\"name\":\"Noticieros Canal 7\",\"url\":\"https:\\\/\\\/canal7slp.tv\\\/2023\\\/\",\"logo\":{\"@type\":\"ImageObject\",\"inLanguage\":\"es\",\"@id\":\"https:\\\/\\\/canal7slp.tv\\\/2023\\\/#\\\/schema\\\/logo\\\/image\\\/\",\"url\":\"https:\\\/\\\/canal7slp.tv\\\/2023\\\/wp-content\\\/uploads\\\/2021\\\/01\\\/logo-noticieros@2x.png\",\"contentUrl\":\"https:\\\/\\\/canal7slp.tv\\\/2023\\\/wp-content\\\/uploads\\\/2021\\\/01\\\/logo-noticieros@2x.png\",\"width\":1017,\"height\":268,\"caption\":\"Noticieros Canal 7\"},\"image\":{\"@id\":\"https:\\\/\\\/canal7slp.tv\\\/2023\\\/#\\\/schema\\\/logo\\\/image\\\/\"},\"sameAs\":[\"https:\\\/\\\/www.facebook.com\\\/noticieroscanalsiete\",\"https:\\\/\\\/x.com\\\/NOTICIEROS7\",\"https:\\\/\\\/www.instagram.com\\\/canal7_slp\",\"https:\\\/\\\/www.youtube.com\\\/channel\\\/UCliiYs-gP3JfJeqdPrNdd5A\"]},{\"@type\":\"Person\",\"@id\":\"https:\\\/\\\/canal7slp.tv\\\/2023\\\/#\\\/schema\\\/person\\\/639c424e3584069003b11ae813915da6\",\"name\":\"Edici\u00f3n Web\",\"image\":{\"@type\":\"ImageObject\",\"inLanguage\":\"es\",\"@id\":\"https:\\\/\\\/secure.gravatar.com\\\/avatar\\\/eee448fc3f7164808013b816ba91ac7e43bbe82a70bebac296f8bc6f0addaa1a?s=96&d=mm&r=g\",\"url\":\"https:\\\/\\\/secure.gravatar.com\\\/avatar\\\/eee448fc3f7164808013b816ba91ac7e43bbe82a70bebac296f8bc6f0addaa1a?s=96&d=mm&r=g\",\"contentUrl\":\"https:\\\/\\\/secure.gravatar.com\\\/avatar\\\/eee448fc3f7164808013b816ba91ac7e43bbe82a70bebac296f8bc6f0addaa1a?s=96&d=mm&r=g\",\"caption\":\"Edici\u00f3n Web\"},\"url\":\"https:\\\/\\\/canal7slp.tv\\\/2023\\\/author\\\/edicionweb\\\/\"}]}<\/script>\n<!-- \/ Yoast SEO plugin. -->","yoast_head_json":{"title":"Biden demandar\u00e1 a Texas por muro flotante con M\u00e9xico - Canal 7 SLP - 2023","robots":{"index":"index","follow":"follow","max-snippet":"max-snippet:-1","max-image-preview":"max-image-preview:large","max-video-preview":"max-video-preview:-1"},"canonical":"https:\/\/canal7slp.tv\/2023\/biden-demandara-a-texas-por-muro-flotante-con-mexico\/","og_locale":"es_ES","og_type":"article","og_title":"Biden demandar\u00e1 a Texas por muro flotante con M\u00e9xico - Canal 7 SLP - 2023","og_description":"EUA.- El gobierno de Joe Biden presentar\u00e1 recursos legales en contra de la barrera de boyas flotantes instalada por el gobierno de Texas en una secci\u00f3n del R\u00edo Bravo para prevenir los cruces irregulares de migrantes desde Ciudad Acu\u00f1a en M\u00e9xico. En una carta enviada por el Departamento de Justicia de EU al gobierno de Texas, funcionarios de la administraci\u00f3n Biden aseguran que el llamado \u00abMuro Flotante\u00bb es violatorio de la ley de r\u00edos y puertos de 1899 y buscar\u00e1n remedios legales. La ley proh\u00edbe la creaci\u00f3n de cualquier obstrucci\u00f3n a la capacidad navegable de las aguas de EU, y [&hellip;]","og_url":"https:\/\/canal7slp.tv\/2023\/biden-demandara-a-texas-por-muro-flotante-con-mexico\/","og_site_name":"Canal 7 SLP - 2023","article_publisher":"https:\/\/www.facebook.com\/noticieroscanalsiete","article_published_time":"2023-07-21T23:49:15+00:00","og_image":[{"width":960,"height":640,"url":"https:\/\/canal7slp.tv\/2023\/wp-content\/uploads\/2023\/07\/04-14.jpg","type":"image\/jpeg"}],"author":"Edici\u00f3n Web","twitter_card":"summary_large_image","twitter_creator":"@NOTICIEROS7","twitter_site":"@NOTICIEROS7","twitter_misc":{"Escrito por":"Edici\u00f3n Web","Tiempo de lectura":"1 minuto"},"schema":{"@context":"https:\/\/schema.org","@graph":[{"@type":"Article","@id":"https:\/\/canal7slp.tv\/2023\/biden-demandara-a-texas-por-muro-flotante-con-mexico\/#article","isPartOf":{"@id":"https:\/\/canal7slp.tv\/2023\/biden-demandara-a-texas-por-muro-flotante-con-mexico\/"},"author":{"name":"Edici\u00f3n Web","@id":"https:\/\/canal7slp.tv\/2023\/#\/schema\/person\/639c424e3584069003b11ae813915da6"},"headline":"Biden demandar\u00e1 a Texas por muro flotante con M\u00e9xico","datePublished":"2023-07-21T23:49:15+00:00","mainEntityOfPage":{"@id":"https:\/\/canal7slp.tv\/2023\/biden-demandara-a-texas-por-muro-flotante-con-mexico\/"},"wordCount":191,"publisher":{"@id":"https:\/\/canal7slp.tv\/2023\/#organization"},"image":{"@id":"https:\/\/canal7slp.tv\/2023\/biden-demandara-a-texas-por-muro-flotante-con-mexico\/#primaryimage"},"thumbnailUrl":"https:\/\/canal7slp.tv\/2023\/wp-content\/uploads\/2023\/07\/04-14.jpg","articleSection":["INTERNACIONALES"],"inLanguage":"es"},{"@type":"WebPage","@id":"https:\/\/canal7slp.tv\/2023\/biden-demandara-a-texas-por-muro-flotante-con-mexico\/","url":"https:\/\/canal7slp.tv\/2023\/biden-demandara-a-texas-por-muro-flotante-con-mexico\/","name":"Biden demandar\u00e1 a Texas por muro flotante con M\u00e9xico - Canal 7 SLP - 2023","isPartOf":{"@id":"https:\/\/canal7slp.tv\/2023\/#website"},"primaryImageOfPage":{"@id":"https:\/\/canal7slp.tv\/2023\/biden-demandara-a-texas-por-muro-flotante-con-mexico\/#primaryimage"},"image":{"@id":"https:\/\/canal7slp.tv\/2023\/biden-demandara-a-texas-por-muro-flotante-con-mexico\/#primaryimage"},"thumbnailUrl":"https:\/\/canal7slp.tv\/2023\/wp-content\/uploads\/2023\/07\/04-14.jpg","datePublished":"2023-07-21T23:49:15+00:00","breadcrumb":{"@id":"https:\/\/canal7slp.tv\/2023\/biden-demandara-a-texas-por-muro-flotante-con-mexico\/#breadcrumb"},"inLanguage":"es","potentialAction":[{"@type":"ReadAction","target":["https:\/\/canal7slp.tv\/2023\/biden-demandara-a-texas-por-muro-flotante-con-mexico\/"]}]},{"@type":"ImageObject","inLanguage":"es","@id":"https:\/\/canal7slp.tv\/2023\/biden-demandara-a-texas-por-muro-flotante-con-mexico\/#primaryimage","url":"https:\/\/canal7slp.tv\/2023\/wp-content\/uploads\/2023\/07\/04-14.jpg","contentUrl":"https:\/\/canal7slp.tv\/2023\/wp-content\/uploads\/2023\/07\/04-14.jpg","width":960,"height":640},{"@type":"BreadcrumbList","@id":"https:\/\/canal7slp.tv\/2023\/biden-demandara-a-texas-por-muro-flotante-con-mexico\/#breadcrumb","itemListElement":[{"@type":"ListItem","position":1,"name":"Portada","item":"https:\/\/canal7slp.tv\/2023\/"},{"@type":"ListItem","position":2,"name":"Biden demandar\u00e1 a Texas por muro flotante con M\u00e9xico"}]},{"@type":"WebSite","@id":"https:\/\/canal7slp.tv\/2023\/#website","url":"https:\/\/canal7slp.tv\/2023\/","name":"N7 - Noticieros Canal 7","description":"Somos Televisi\u00f3n","publisher":{"@id":"https:\/\/canal7slp.tv\/2023\/#organization"},"potentialAction":[{"@type":"SearchAction","target":{"@type":"EntryPoint","urlTemplate":"https:\/\/canal7slp.tv\/2023\/?s={search_term_string}"},"query-input":{"@type":"PropertyValueSpecification","valueRequired":true,"valueName":"search_term_string"}}],"inLanguage":"es"},{"@type":"Organization","@id":"https:\/\/canal7slp.tv\/2023\/#organization","name":"Noticieros Canal 7","url":"https:\/\/canal7slp.tv\/2023\/","logo":{"@type":"ImageObject","inLanguage":"es","@id":"https:\/\/canal7slp.tv\/2023\/#\/schema\/logo\/image\/","url":"https:\/\/canal7slp.tv\/2023\/wp-content\/uploads\/2021\/01\/logo-noticieros@2x.png","contentUrl":"https:\/\/canal7slp.tv\/2023\/wp-content\/uploads\/2021\/01\/logo-noticieros@2x.png","width":1017,"height":268,"caption":"Noticieros Canal 7"},"image":{"@id":"https:\/\/canal7slp.tv\/2023\/#\/schema\/logo\/image\/"},"sameAs":["https:\/\/www.facebook.com\/noticieroscanalsiete","https:\/\/x.com\/NOTICIEROS7","https:\/\/www.instagram.com\/canal7_slp","https:\/\/www.youtube.com\/channel\/UCliiYs-gP3JfJeqdPrNdd5A"]},{"@type":"Person","@id":"https:\/\/canal7slp.tv\/2023\/#\/schema\/person\/639c424e3584069003b11ae813915da6","name":"Edici\u00f3n Web","image":{"@type":"ImageObject","inLanguage":"es","@id":"https:\/\/secure.gravatar.com\/avatar\/eee448fc3f7164808013b816ba91ac7e43bbe82a70bebac296f8bc6f0addaa1a?s=96&d=mm&r=g","url":"https:\/\/secure.gravatar.com\/avatar\/eee448fc3f7164808013b816ba91ac7e43bbe82a70bebac296f8bc6f0addaa1a?s=96&d=mm&r=g","contentUrl":"https:\/\/secure.gravatar.com\/avatar\/eee448fc3f7164808013b816ba91ac7e43bbe82a70bebac296f8bc6f0addaa1a?s=96&d=mm&r=g","caption":"Edici\u00f3n Web"},"url":"https:\/\/canal7slp.tv\/2023\/author\/edicionweb\/"}]}},"_links":{"self":[{"href":"https:\/\/canal7slp.tv\/2023\/wp-json\/wp\/v2\/posts\/101964","targetHints":{"allow":["GET"]}}],"collection":[{"href":"https:\/\/canal7slp.tv\/2023\/wp-json\/wp\/v2\/posts"}],"about":[{"href":"https:\/\/canal7slp.tv\/2023\/wp-json\/wp\/v2\/types\/post"}],"author":[{"embeddable":true,"href":"https:\/\/canal7slp.tv\/2023\/wp-json\/wp\/v2\/users\/2"}],"replies":[{"embeddable":true,"href":"https:\/\/canal7slp.tv\/2023\/wp-json\/wp\/v2\/comments?post=101964"}],"version-history":[{"count":3,"href":"https:\/\/canal7slp.tv\/2023\/wp-json\/wp\/v2\/posts\/101964\/revisions"}],"predecessor-version":[{"id":102011,"href":"https:\/\/canal7slp.tv\/2023\/wp-json\/wp\/v2\/posts\/101964\/revisions\/102011"}],"wp:featuredmedia":[{"embeddable":true,"href":"https:\/\/canal7slp.tv\/2023\/wp-json\/wp\/v2\/media\/101978"}],"wp:attachment":[{"href":"https:\/\/canal7slp.tv\/2023\/wp-json\/wp\/v2\/media?parent=101964"}],"wp:term":[{"taxonomy":"category","embeddable":true,"href":"https:\/\/canal7slp.tv\/2023\/wp-json\/wp\/v2\/categories?post=101964"},{"taxonomy":"post_tag","embeddable":true,"href":"https:\/\/canal7slp.tv\/2023\/wp-json\/wp\/v2\/tags?post=101964"}],"curies":[{"name":"wp","href":"https:\/\/api.w.org\/{rel}","templated":true}]}}