{"id":101945,"date":"2023-07-21T13:29:09","date_gmt":"2023-07-21T19:29:09","guid":{"rendered":"https:\/\/canal7slp.tv\/2023\/?p=101945"},"modified":"2023-07-21T13:29:09","modified_gmt":"2023-07-21T19:29:09","slug":"realizan-reunion-jurisdiccional-de-municipios-por-la-salud","status":"publish","type":"post","link":"https:\/\/canal7slp.tv\/2023\/realizan-reunion-jurisdiccional-de-municipios-por-la-salud\/","title":{"rendered":"Realizan reuni\u00f3n jurisdiccional de municipios por la salud"},"content":{"rendered":"<ul>\n<li>Fue destacado el aprovechamiento del Ramo 33 para fortalecer diversos rubros.<\/li>\n<\/ul>\n<p style=\"text-align: justify;\">Matehuala.- Tras su intervenci\u00f3n dentro de la reuni\u00f3n jurisdiccional de los municipios por la salud desarrollada en el municipio de Matehuala, el Secretario de Salud en el estado, Daniel Acosta D\u00edaz de Le\u00f3n, fue cuestionado en torno a las palabras que dirigi\u00f3 a los ediles y sus representantes donde afirm\u00f3 que el sector de la atenci\u00f3n m\u00e9dica laboraba sin colores.<\/p>\n<p style=\"text-align: justify;\">\u00abBueno, simplemente que aqu\u00ed no importa el partido, no importa si la cruz es roja, blanca, lo que importa es el enfermo, la poblaci\u00f3n y esto lo entendemos y sabemos que todos los ayuntamientos est\u00e1n colaborando\u00bb, dijo.<\/p>\n<p style=\"text-align: justify;\">El titular admiti\u00f3 la falta de medicamentos en Matehuala, donde se detect\u00f3 que apenas se cuenta con un veinticinco por ciento, \u00abrealmente hicimos una visita al almac\u00e9n y nos dimos cuenta que probablemente sea un poco m\u00e1s, pero aunque fuera el 50%, es bajo el abasto, esto no quiere decir que no se surtan porque est\u00e1 la opci\u00f3n de hacer compras urgentes, pero ustedes saben que los materiales de curaci\u00f3n y los medicamentos los proporciona la federaci\u00f3n mediante un convenio con el estado, entonces es ah\u00ed donde estamos tratando de solventar que esas carencias no sean tan evidentes y que no repercutan en la poblaci\u00f3n\u00bb.<\/p>\n<p style=\"text-align: justify;\">Adem\u00e1s, anunci\u00f3 cambios en las jurisdicciones, aunque neg\u00f3 su desaparici\u00f3n, \u00abse van a llamar ahora distritos y entran en un proyecto que se llama Programa Nacional de Salud P\u00fablica, entonces desaparecen como de jurisdicciones pero son distritos y se est\u00e1n analizando si siete en el estado son suficientes, se aumentan o se disminuyen\u00bb.<\/p>\n<p style=\"text-align: justify;\">Al final, desminti\u00f3 que existan planes de recortes de personal, \u00abtoda la gente que tiene una base tiene garantizado su trabajo, su salario y a\u00fan m\u00e1s, las personas que est\u00e1n por contrato, algunas que tienen muchos a\u00f1os, se les ha denominado precarios y el ofrecimiento es que van a ser contratados de manera permanente\u00bb.<\/p>\n<p>Por: Jes\u00fas Valencia<\/p>\n","protected":false},"excerpt":{"rendered":"<p>Fue destacado el aprovechamiento del Ramo 33 para fortalecer diversos rubros. Matehuala.- Tras su intervenci\u00f3n dentro de la reuni\u00f3n jurisdiccional de los municipios por la salud desarrollada en el municipio de Matehuala, el Secretario de Salud en el estado, Daniel Acosta D\u00edaz de Le\u00f3n, fue cuestionado en torno a las palabras que dirigi\u00f3 a los ediles y sus representantes donde afirm\u00f3 que el sector de la atenci\u00f3n m\u00e9dica laboraba sin colores. \u00abBueno, simplemente que aqu\u00ed no importa el partido, no importa si la cruz es roja, blanca, lo que importa es el enfermo, la poblaci\u00f3n y esto lo entendemos y [&hellip;]<\/p>\n","protected":false},"author":2,"featured_media":101949,"comment_status":"closed","ping_status":"closed","sticky":false,"template":"","format":"video","meta":{"footnotes":""},"categories":[5,45],"tags":[],"class_list":["post-101945","post","type-post","status-publish","format-video","has-post-thumbnail","hentry","category-destacadas","category-localesyregionales","post_format-post-format-video","post--single"],"yoast_head":"<!-- This site is optimized with the Yoast SEO plugin v27.4 - https:\/\/yoast.com\/product\/yoast-seo-wordpress\/ -->\n<title>Realizan reuni\u00f3n jurisdiccional de municipios por la salud - Canal 7 SLP - 2023<\/title>\n<meta name=\"robots\" content=\"index, follow, max-snippet:-1, max-image-preview:large, max-video-preview:-1\" \/>\n<link rel=\"canonical\" href=\"https:\/\/canal7slp.tv\/2023\/realizan-reunion-jurisdiccional-de-municipios-por-la-salud\/\" \/>\n<meta property=\"og:locale\" content=\"es_ES\" \/>\n<meta property=\"og:type\" content=\"article\" \/>\n<meta property=\"og:title\" content=\"Realizan reuni\u00f3n jurisdiccional de municipios por la salud - Canal 7 SLP - 2023\" \/>\n<meta property=\"og:description\" content=\"Fue destacado el aprovechamiento del Ramo 33 para fortalecer diversos rubros. Matehuala.- Tras su intervenci\u00f3n dentro de la reuni\u00f3n jurisdiccional de los municipios por la salud desarrollada en el municipio de Matehuala, el Secretario de Salud en el estado, Daniel Acosta D\u00edaz de Le\u00f3n, fue cuestionado en torno a las palabras que dirigi\u00f3 a los ediles y sus representantes donde afirm\u00f3 que el sector de la atenci\u00f3n m\u00e9dica laboraba sin colores. \u00abBueno, simplemente que aqu\u00ed no importa el partido, no importa si la cruz es roja, blanca, lo que importa es el enfermo, la poblaci\u00f3n y esto lo entendemos y [&hellip;]\" \/>\n<meta property=\"og:url\" content=\"https:\/\/canal7slp.tv\/2023\/realizan-reunion-jurisdiccional-de-municipios-por-la-salud\/\" \/>\n<meta property=\"og:site_name\" content=\"Canal 7 SLP - 2023\" \/>\n<meta property=\"article:publisher\" content=\"https:\/\/www.facebook.com\/noticieroscanalsiete\" \/>\n<meta property=\"article:published_time\" content=\"2023-07-21T19:29:09+00:00\" \/>\n<meta property=\"og:image\" content=\"https:\/\/canal7slp.tv\/2023\/wp-content\/uploads\/2023\/07\/Valencia01Reunion.jpg\" \/>\n\t<meta property=\"og:image:width\" content=\"1280\" \/>\n\t<meta property=\"og:image:height\" content=\"720\" \/>\n\t<meta property=\"og:image:type\" content=\"image\/jpeg\" \/>\n<meta name=\"author\" content=\"Edici\u00f3n Web\" \/>\n<meta name=\"twitter:card\" content=\"summary_large_image\" \/>\n<meta name=\"twitter:creator\" content=\"@NOTICIEROS7\" \/>\n<meta name=\"twitter:site\" content=\"@NOTICIEROS7\" \/>\n<meta name=\"twitter:label1\" content=\"Escrito por\" \/>\n\t<meta name=\"twitter:data1\" content=\"Edici\u00f3n Web\" \/>\n\t<meta name=\"twitter:label2\" content=\"Tiempo de lectura\" \/>\n\t<meta name=\"twitter:data2\" content=\"2 minutos\" \/>\n<script type=\"application\/ld+json\" class=\"yoast-schema-graph\">{\"@context\":\"https:\\\/\\\/schema.org\",\"@graph\":[{\"@type\":\"Article\",\"@id\":\"https:\\\/\\\/canal7slp.tv\\\/2023\\\/realizan-reunion-jurisdiccional-de-municipios-por-la-salud\\\/#article\",\"isPartOf\":{\"@id\":\"https:\\\/\\\/canal7slp.tv\\\/2023\\\/realizan-reunion-jurisdiccional-de-municipios-por-la-salud\\\/\"},\"author\":{\"name\":\"Edici\u00f3n Web\",\"@id\":\"https:\\\/\\\/canal7slp.tv\\\/2023\\\/#\\\/schema\\\/person\\\/639c424e3584069003b11ae813915da6\"},\"headline\":\"Realizan reuni\u00f3n jurisdiccional de municipios por la salud\",\"datePublished\":\"2023-07-21T19:29:09+00:00\",\"mainEntityOfPage\":{\"@id\":\"https:\\\/\\\/canal7slp.tv\\\/2023\\\/realizan-reunion-jurisdiccional-de-municipios-por-la-salud\\\/\"},\"wordCount\":354,\"publisher\":{\"@id\":\"https:\\\/\\\/canal7slp.tv\\\/2023\\\/#organization\"},\"image\":{\"@id\":\"https:\\\/\\\/canal7slp.tv\\\/2023\\\/realizan-reunion-jurisdiccional-de-municipios-por-la-salud\\\/#primaryimage\"},\"thumbnailUrl\":\"https:\\\/\\\/canal7slp.tv\\\/2023\\\/wp-content\\\/uploads\\\/2023\\\/07\\\/Valencia01Reunion.jpg\",\"articleSection\":[\"DESTACADAS\",\"LOCALES Y REGIONALES\"],\"inLanguage\":\"es\"},{\"@type\":\"WebPage\",\"@id\":\"https:\\\/\\\/canal7slp.tv\\\/2023\\\/realizan-reunion-jurisdiccional-de-municipios-por-la-salud\\\/\",\"url\":\"https:\\\/\\\/canal7slp.tv\\\/2023\\\/realizan-reunion-jurisdiccional-de-municipios-por-la-salud\\\/\",\"name\":\"Realizan reuni\u00f3n jurisdiccional de municipios por la salud - Canal 7 SLP - 2023\",\"isPartOf\":{\"@id\":\"https:\\\/\\\/canal7slp.tv\\\/2023\\\/#website\"},\"primaryImageOfPage\":{\"@id\":\"https:\\\/\\\/canal7slp.tv\\\/2023\\\/realizan-reunion-jurisdiccional-de-municipios-por-la-salud\\\/#primaryimage\"},\"image\":{\"@id\":\"https:\\\/\\\/canal7slp.tv\\\/2023\\\/realizan-reunion-jurisdiccional-de-municipios-por-la-salud\\\/#primaryimage\"},\"thumbnailUrl\":\"https:\\\/\\\/canal7slp.tv\\\/2023\\\/wp-content\\\/uploads\\\/2023\\\/07\\\/Valencia01Reunion.jpg\",\"datePublished\":\"2023-07-21T19:29:09+00:00\",\"breadcrumb\":{\"@id\":\"https:\\\/\\\/canal7slp.tv\\\/2023\\\/realizan-reunion-jurisdiccional-de-municipios-por-la-salud\\\/#breadcrumb\"},\"inLanguage\":\"es\",\"potentialAction\":[{\"@type\":\"ReadAction\",\"target\":[\"https:\\\/\\\/canal7slp.tv\\\/2023\\\/realizan-reunion-jurisdiccional-de-municipios-por-la-salud\\\/\"]}]},{\"@type\":\"ImageObject\",\"inLanguage\":\"es\",\"@id\":\"https:\\\/\\\/canal7slp.tv\\\/2023\\\/realizan-reunion-jurisdiccional-de-municipios-por-la-salud\\\/#primaryimage\",\"url\":\"https:\\\/\\\/canal7slp.tv\\\/2023\\\/wp-content\\\/uploads\\\/2023\\\/07\\\/Valencia01Reunion.jpg\",\"contentUrl\":\"https:\\\/\\\/canal7slp.tv\\\/2023\\\/wp-content\\\/uploads\\\/2023\\\/07\\\/Valencia01Reunion.jpg\",\"width\":1280,\"height\":720},{\"@type\":\"BreadcrumbList\",\"@id\":\"https:\\\/\\\/canal7slp.tv\\\/2023\\\/realizan-reunion-jurisdiccional-de-municipios-por-la-salud\\\/#breadcrumb\",\"itemListElement\":[{\"@type\":\"ListItem\",\"position\":1,\"name\":\"Portada\",\"item\":\"https:\\\/\\\/canal7slp.tv\\\/2023\\\/\"},{\"@type\":\"ListItem\",\"position\":2,\"name\":\"Realizan reuni\u00f3n jurisdiccional de municipios por la salud\"}]},{\"@type\":\"WebSite\",\"@id\":\"https:\\\/\\\/canal7slp.tv\\\/2023\\\/#website\",\"url\":\"https:\\\/\\\/canal7slp.tv\\\/2023\\\/\",\"name\":\"N7 - Noticieros Canal 7\",\"description\":\"Somos Televisi\u00f3n\",\"publisher\":{\"@id\":\"https:\\\/\\\/canal7slp.tv\\\/2023\\\/#organization\"},\"potentialAction\":[{\"@type\":\"SearchAction\",\"target\":{\"@type\":\"EntryPoint\",\"urlTemplate\":\"https:\\\/\\\/canal7slp.tv\\\/2023\\\/?s={search_term_string}\"},\"query-input\":{\"@type\":\"PropertyValueSpecification\",\"valueRequired\":true,\"valueName\":\"search_term_string\"}}],\"inLanguage\":\"es\"},{\"@type\":\"Organization\",\"@id\":\"https:\\\/\\\/canal7slp.tv\\\/2023\\\/#organization\",\"name\":\"Noticieros Canal 7\",\"url\":\"https:\\\/\\\/canal7slp.tv\\\/2023\\\/\",\"logo\":{\"@type\":\"ImageObject\",\"inLanguage\":\"es\",\"@id\":\"https:\\\/\\\/canal7slp.tv\\\/2023\\\/#\\\/schema\\\/logo\\\/image\\\/\",\"url\":\"https:\\\/\\\/canal7slp.tv\\\/2023\\\/wp-content\\\/uploads\\\/2021\\\/01\\\/logo-noticieros@2x.png\",\"contentUrl\":\"https:\\\/\\\/canal7slp.tv\\\/2023\\\/wp-content\\\/uploads\\\/2021\\\/01\\\/logo-noticieros@2x.png\",\"width\":1017,\"height\":268,\"caption\":\"Noticieros Canal 7\"},\"image\":{\"@id\":\"https:\\\/\\\/canal7slp.tv\\\/2023\\\/#\\\/schema\\\/logo\\\/image\\\/\"},\"sameAs\":[\"https:\\\/\\\/www.facebook.com\\\/noticieroscanalsiete\",\"https:\\\/\\\/x.com\\\/NOTICIEROS7\",\"https:\\\/\\\/www.instagram.com\\\/canal7_slp\",\"https:\\\/\\\/www.youtube.com\\\/channel\\\/UCliiYs-gP3JfJeqdPrNdd5A\"]},{\"@type\":\"Person\",\"@id\":\"https:\\\/\\\/canal7slp.tv\\\/2023\\\/#\\\/schema\\\/person\\\/639c424e3584069003b11ae813915da6\",\"name\":\"Edici\u00f3n Web\",\"image\":{\"@type\":\"ImageObject\",\"inLanguage\":\"es\",\"@id\":\"https:\\\/\\\/secure.gravatar.com\\\/avatar\\\/eee448fc3f7164808013b816ba91ac7e43bbe82a70bebac296f8bc6f0addaa1a?s=96&d=mm&r=g\",\"url\":\"https:\\\/\\\/secure.gravatar.com\\\/avatar\\\/eee448fc3f7164808013b816ba91ac7e43bbe82a70bebac296f8bc6f0addaa1a?s=96&d=mm&r=g\",\"contentUrl\":\"https:\\\/\\\/secure.gravatar.com\\\/avatar\\\/eee448fc3f7164808013b816ba91ac7e43bbe82a70bebac296f8bc6f0addaa1a?s=96&d=mm&r=g\",\"caption\":\"Edici\u00f3n Web\"},\"url\":\"https:\\\/\\\/canal7slp.tv\\\/2023\\\/author\\\/edicionweb\\\/\"}]}<\/script>\n<!-- \/ Yoast SEO plugin. -->","yoast_head_json":{"title":"Realizan reuni\u00f3n jurisdiccional de municipios por la salud - Canal 7 SLP - 2023","robots":{"index":"index","follow":"follow","max-snippet":"max-snippet:-1","max-image-preview":"max-image-preview:large","max-video-preview":"max-video-preview:-1"},"canonical":"https:\/\/canal7slp.tv\/2023\/realizan-reunion-jurisdiccional-de-municipios-por-la-salud\/","og_locale":"es_ES","og_type":"article","og_title":"Realizan reuni\u00f3n jurisdiccional de municipios por la salud - Canal 7 SLP - 2023","og_description":"Fue destacado el aprovechamiento del Ramo 33 para fortalecer diversos rubros. Matehuala.- Tras su intervenci\u00f3n dentro de la reuni\u00f3n jurisdiccional de los municipios por la salud desarrollada en el municipio de Matehuala, el Secretario de Salud en el estado, Daniel Acosta D\u00edaz de Le\u00f3n, fue cuestionado en torno a las palabras que dirigi\u00f3 a los ediles y sus representantes donde afirm\u00f3 que el sector de la atenci\u00f3n m\u00e9dica laboraba sin colores. \u00abBueno, simplemente que aqu\u00ed no importa el partido, no importa si la cruz es roja, blanca, lo que importa es el enfermo, la poblaci\u00f3n y esto lo entendemos y [&hellip;]","og_url":"https:\/\/canal7slp.tv\/2023\/realizan-reunion-jurisdiccional-de-municipios-por-la-salud\/","og_site_name":"Canal 7 SLP - 2023","article_publisher":"https:\/\/www.facebook.com\/noticieroscanalsiete","article_published_time":"2023-07-21T19:29:09+00:00","og_image":[{"width":1280,"height":720,"url":"https:\/\/canal7slp.tv\/2023\/wp-content\/uploads\/2023\/07\/Valencia01Reunion.jpg","type":"image\/jpeg"}],"author":"Edici\u00f3n Web","twitter_card":"summary_large_image","twitter_creator":"@NOTICIEROS7","twitter_site":"@NOTICIEROS7","twitter_misc":{"Escrito por":"Edici\u00f3n Web","Tiempo de lectura":"2 minutos"},"schema":{"@context":"https:\/\/schema.org","@graph":[{"@type":"Article","@id":"https:\/\/canal7slp.tv\/2023\/realizan-reunion-jurisdiccional-de-municipios-por-la-salud\/#article","isPartOf":{"@id":"https:\/\/canal7slp.tv\/2023\/realizan-reunion-jurisdiccional-de-municipios-por-la-salud\/"},"author":{"name":"Edici\u00f3n Web","@id":"https:\/\/canal7slp.tv\/2023\/#\/schema\/person\/639c424e3584069003b11ae813915da6"},"headline":"Realizan reuni\u00f3n jurisdiccional de municipios por la salud","datePublished":"2023-07-21T19:29:09+00:00","mainEntityOfPage":{"@id":"https:\/\/canal7slp.tv\/2023\/realizan-reunion-jurisdiccional-de-municipios-por-la-salud\/"},"wordCount":354,"publisher":{"@id":"https:\/\/canal7slp.tv\/2023\/#organization"},"image":{"@id":"https:\/\/canal7slp.tv\/2023\/realizan-reunion-jurisdiccional-de-municipios-por-la-salud\/#primaryimage"},"thumbnailUrl":"https:\/\/canal7slp.tv\/2023\/wp-content\/uploads\/2023\/07\/Valencia01Reunion.jpg","articleSection":["DESTACADAS","LOCALES Y REGIONALES"],"inLanguage":"es"},{"@type":"WebPage","@id":"https:\/\/canal7slp.tv\/2023\/realizan-reunion-jurisdiccional-de-municipios-por-la-salud\/","url":"https:\/\/canal7slp.tv\/2023\/realizan-reunion-jurisdiccional-de-municipios-por-la-salud\/","name":"Realizan reuni\u00f3n jurisdiccional de municipios por la salud - Canal 7 SLP - 2023","isPartOf":{"@id":"https:\/\/canal7slp.tv\/2023\/#website"},"primaryImageOfPage":{"@id":"https:\/\/canal7slp.tv\/2023\/realizan-reunion-jurisdiccional-de-municipios-por-la-salud\/#primaryimage"},"image":{"@id":"https:\/\/canal7slp.tv\/2023\/realizan-reunion-jurisdiccional-de-municipios-por-la-salud\/#primaryimage"},"thumbnailUrl":"https:\/\/canal7slp.tv\/2023\/wp-content\/uploads\/2023\/07\/Valencia01Reunion.jpg","datePublished":"2023-07-21T19:29:09+00:00","breadcrumb":{"@id":"https:\/\/canal7slp.tv\/2023\/realizan-reunion-jurisdiccional-de-municipios-por-la-salud\/#breadcrumb"},"inLanguage":"es","potentialAction":[{"@type":"ReadAction","target":["https:\/\/canal7slp.tv\/2023\/realizan-reunion-jurisdiccional-de-municipios-por-la-salud\/"]}]},{"@type":"ImageObject","inLanguage":"es","@id":"https:\/\/canal7slp.tv\/2023\/realizan-reunion-jurisdiccional-de-municipios-por-la-salud\/#primaryimage","url":"https:\/\/canal7slp.tv\/2023\/wp-content\/uploads\/2023\/07\/Valencia01Reunion.jpg","contentUrl":"https:\/\/canal7slp.tv\/2023\/wp-content\/uploads\/2023\/07\/Valencia01Reunion.jpg","width":1280,"height":720},{"@type":"BreadcrumbList","@id":"https:\/\/canal7slp.tv\/2023\/realizan-reunion-jurisdiccional-de-municipios-por-la-salud\/#breadcrumb","itemListElement":[{"@type":"ListItem","position":1,"name":"Portada","item":"https:\/\/canal7slp.tv\/2023\/"},{"@type":"ListItem","position":2,"name":"Realizan reuni\u00f3n jurisdiccional de municipios por la salud"}]},{"@type":"WebSite","@id":"https:\/\/canal7slp.tv\/2023\/#website","url":"https:\/\/canal7slp.tv\/2023\/","name":"N7 - Noticieros Canal 7","description":"Somos Televisi\u00f3n","publisher":{"@id":"https:\/\/canal7slp.tv\/2023\/#organization"},"potentialAction":[{"@type":"SearchAction","target":{"@type":"EntryPoint","urlTemplate":"https:\/\/canal7slp.tv\/2023\/?s={search_term_string}"},"query-input":{"@type":"PropertyValueSpecification","valueRequired":true,"valueName":"search_term_string"}}],"inLanguage":"es"},{"@type":"Organization","@id":"https:\/\/canal7slp.tv\/2023\/#organization","name":"Noticieros Canal 7","url":"https:\/\/canal7slp.tv\/2023\/","logo":{"@type":"ImageObject","inLanguage":"es","@id":"https:\/\/canal7slp.tv\/2023\/#\/schema\/logo\/image\/","url":"https:\/\/canal7slp.tv\/2023\/wp-content\/uploads\/2021\/01\/logo-noticieros@2x.png","contentUrl":"https:\/\/canal7slp.tv\/2023\/wp-content\/uploads\/2021\/01\/logo-noticieros@2x.png","width":1017,"height":268,"caption":"Noticieros Canal 7"},"image":{"@id":"https:\/\/canal7slp.tv\/2023\/#\/schema\/logo\/image\/"},"sameAs":["https:\/\/www.facebook.com\/noticieroscanalsiete","https:\/\/x.com\/NOTICIEROS7","https:\/\/www.instagram.com\/canal7_slp","https:\/\/www.youtube.com\/channel\/UCliiYs-gP3JfJeqdPrNdd5A"]},{"@type":"Person","@id":"https:\/\/canal7slp.tv\/2023\/#\/schema\/person\/639c424e3584069003b11ae813915da6","name":"Edici\u00f3n Web","image":{"@type":"ImageObject","inLanguage":"es","@id":"https:\/\/secure.gravatar.com\/avatar\/eee448fc3f7164808013b816ba91ac7e43bbe82a70bebac296f8bc6f0addaa1a?s=96&d=mm&r=g","url":"https:\/\/secure.gravatar.com\/avatar\/eee448fc3f7164808013b816ba91ac7e43bbe82a70bebac296f8bc6f0addaa1a?s=96&d=mm&r=g","contentUrl":"https:\/\/secure.gravatar.com\/avatar\/eee448fc3f7164808013b816ba91ac7e43bbe82a70bebac296f8bc6f0addaa1a?s=96&d=mm&r=g","caption":"Edici\u00f3n Web"},"url":"https:\/\/canal7slp.tv\/2023\/author\/edicionweb\/"}]}},"_links":{"self":[{"href":"https:\/\/canal7slp.tv\/2023\/wp-json\/wp\/v2\/posts\/101945","targetHints":{"allow":["GET"]}}],"collection":[{"href":"https:\/\/canal7slp.tv\/2023\/wp-json\/wp\/v2\/posts"}],"about":[{"href":"https:\/\/canal7slp.tv\/2023\/wp-json\/wp\/v2\/types\/post"}],"author":[{"embeddable":true,"href":"https:\/\/canal7slp.tv\/2023\/wp-json\/wp\/v2\/users\/2"}],"replies":[{"embeddable":true,"href":"https:\/\/canal7slp.tv\/2023\/wp-json\/wp\/v2\/comments?post=101945"}],"version-history":[{"count":2,"href":"https:\/\/canal7slp.tv\/2023\/wp-json\/wp\/v2\/posts\/101945\/revisions"}],"predecessor-version":[{"id":101950,"href":"https:\/\/canal7slp.tv\/2023\/wp-json\/wp\/v2\/posts\/101945\/revisions\/101950"}],"wp:featuredmedia":[{"embeddable":true,"href":"https:\/\/canal7slp.tv\/2023\/wp-json\/wp\/v2\/media\/101949"}],"wp:attachment":[{"href":"https:\/\/canal7slp.tv\/2023\/wp-json\/wp\/v2\/media?parent=101945"}],"wp:term":[{"taxonomy":"category","embeddable":true,"href":"https:\/\/canal7slp.tv\/2023\/wp-json\/wp\/v2\/categories?post=101945"},{"taxonomy":"post_tag","embeddable":true,"href":"https:\/\/canal7slp.tv\/2023\/wp-json\/wp\/v2\/tags?post=101945"}],"curies":[{"name":"wp","href":"https:\/\/api.w.org\/{rel}","templated":true}]}}