{"id":101923,"date":"2023-07-20T20:50:45","date_gmt":"2023-07-21T02:50:45","guid":{"rendered":"https:\/\/canal7slp.tv\/2023\/?p=101923"},"modified":"2023-07-20T20:50:45","modified_gmt":"2023-07-21T02:50:45","slug":"marcha-sindicato-administrativo-de-la-uaslp-advierte-posible-emplazamiento-a-huelga","status":"publish","type":"post","link":"https:\/\/canal7slp.tv\/2023\/marcha-sindicato-administrativo-de-la-uaslp-advierte-posible-emplazamiento-a-huelga\/","title":{"rendered":"Marcha Sindicato Administrativo de la UASLP; advierte posible emplazamiento a huelga"},"content":{"rendered":"<p style=\"text-align: justify;\">SLP.- La tarde del d\u00eda jueves 20 de julio miembros del Sindicato Administrativo y de Intendencia de la Universidad Aut\u00f3noma de San Luis Potos\u00ed recorrieron la avenida Carranza desde el asta bandera de Zona Universitaria poniente hasta el edificio central de la m\u00e1xima casa de estudios.<\/p>\n<p style=\"text-align: justify;\">El l\u00edder sindical, Gerardo de Jes\u00fas Rivera M\u00fcller, afirm\u00f3 que la inconformidad es por el adeudo de tres d\u00edas de pago por trabajador logrado en el a\u00f1o 2021.<\/p>\n<p style=\"text-align: justify;\">\u201cEs una prestaci\u00f3n que nos dejaron de pagar en el a\u00f1o 2021, donde eran tres d\u00edas que se lograron en una revisi\u00f3n contractual, tres d\u00edas de salario base para cada trabajador\u201d.<\/p>\n<p style=\"text-align: justify;\">Asever\u00f3 que el arreglo est\u00e1 dentro de la ley.<\/p>\n<p style=\"text-align: justify;\">\u201cEstaba dentro de una minuta dentro y dentro de un convenio y que a la hora de depositarse en conciliaci\u00f3n, en aquel entonces conciliaci\u00f3n, forma parte del contrato colectivo\u201d.<\/p>\n<p style=\"text-align: justify;\">De no resolverse antes del 11 de agost\u00f3, el emplazamiento a huelga se har\u00eda efectivo por alrededor de mil 300 colaboradores.<\/p>\n<p style=\"text-align: justify;\">\u201cEl emplazamiento a huelga se dio el 04 de julio y el posible estallamiento a huelga es el d\u00eda 11 de agosto a las cero horas\u201d.<\/p>\n<p>Por: Juan Carlos Contreras<\/p>\n","protected":false},"excerpt":{"rendered":"<p>SLP.- La tarde del d\u00eda jueves 20 de julio miembros del Sindicato Administrativo y de Intendencia de la Universidad Aut\u00f3noma de San Luis Potos\u00ed recorrieron la avenida Carranza desde el asta bandera de Zona Universitaria poniente hasta el edificio central de la m\u00e1xima casa de estudios. El l\u00edder sindical, Gerardo de Jes\u00fas Rivera M\u00fcller, afirm\u00f3 que la inconformidad es por el adeudo de tres d\u00edas de pago por trabajador logrado en el a\u00f1o 2021. \u201cEs una prestaci\u00f3n que nos dejaron de pagar en el a\u00f1o 2021, donde eran tres d\u00edas que se lograron en una revisi\u00f3n contractual, tres d\u00edas de [&hellip;]<\/p>\n","protected":false},"author":2,"featured_media":101933,"comment_status":"closed","ping_status":"closed","sticky":false,"template":"","format":"video","meta":{"footnotes":""},"categories":[5,45],"tags":[],"class_list":["post-101923","post","type-post","status-publish","format-video","has-post-thumbnail","hentry","category-destacadas","category-localesyregionales","post_format-post-format-video","post--single"],"yoast_head":"<!-- This site is optimized with the Yoast SEO plugin v27.4 - https:\/\/yoast.com\/product\/yoast-seo-wordpress\/ -->\n<title>Marcha Sindicato Administrativo de la UASLP; advierte posible emplazamiento a huelga - Canal 7 SLP - 2023<\/title>\n<meta name=\"robots\" content=\"index, follow, max-snippet:-1, max-image-preview:large, max-video-preview:-1\" \/>\n<link rel=\"canonical\" href=\"https:\/\/canal7slp.tv\/2023\/marcha-sindicato-administrativo-de-la-uaslp-advierte-posible-emplazamiento-a-huelga\/\" \/>\n<meta property=\"og:locale\" content=\"es_ES\" \/>\n<meta property=\"og:type\" content=\"article\" \/>\n<meta property=\"og:title\" content=\"Marcha Sindicato Administrativo de la UASLP; advierte posible emplazamiento a huelga - Canal 7 SLP - 2023\" \/>\n<meta property=\"og:description\" content=\"SLP.- La tarde del d\u00eda jueves 20 de julio miembros del Sindicato Administrativo y de Intendencia de la Universidad Aut\u00f3noma de San Luis Potos\u00ed recorrieron la avenida Carranza desde el asta bandera de Zona Universitaria poniente hasta el edificio central de la m\u00e1xima casa de estudios. El l\u00edder sindical, Gerardo de Jes\u00fas Rivera M\u00fcller, afirm\u00f3 que la inconformidad es por el adeudo de tres d\u00edas de pago por trabajador logrado en el a\u00f1o 2021. \u201cEs una prestaci\u00f3n que nos dejaron de pagar en el a\u00f1o 2021, donde eran tres d\u00edas que se lograron en una revisi\u00f3n contractual, tres d\u00edas de [&hellip;]\" \/>\n<meta property=\"og:url\" content=\"https:\/\/canal7slp.tv\/2023\/marcha-sindicato-administrativo-de-la-uaslp-advierte-posible-emplazamiento-a-huelga\/\" \/>\n<meta property=\"og:site_name\" content=\"Canal 7 SLP - 2023\" \/>\n<meta property=\"article:publisher\" content=\"https:\/\/www.facebook.com\/noticieroscanalsiete\" \/>\n<meta property=\"article:published_time\" content=\"2023-07-21T02:50:45+00:00\" \/>\n<meta property=\"og:image\" content=\"https:\/\/canal7slp.tv\/2023\/wp-content\/uploads\/2023\/07\/Poky01UASLPManifestacion.jpg\" \/>\n\t<meta property=\"og:image:width\" content=\"1280\" \/>\n\t<meta property=\"og:image:height\" content=\"720\" \/>\n\t<meta property=\"og:image:type\" content=\"image\/jpeg\" \/>\n<meta name=\"author\" content=\"Edici\u00f3n Web\" \/>\n<meta name=\"twitter:card\" content=\"summary_large_image\" \/>\n<meta name=\"twitter:creator\" content=\"@NOTICIEROS7\" \/>\n<meta name=\"twitter:site\" content=\"@NOTICIEROS7\" \/>\n<meta name=\"twitter:label1\" content=\"Escrito por\" \/>\n\t<meta name=\"twitter:data1\" content=\"Edici\u00f3n Web\" \/>\n\t<meta name=\"twitter:label2\" content=\"Tiempo de lectura\" \/>\n\t<meta name=\"twitter:data2\" content=\"1 minuto\" \/>\n<script type=\"application\/ld+json\" class=\"yoast-schema-graph\">{\"@context\":\"https:\\\/\\\/schema.org\",\"@graph\":[{\"@type\":\"Article\",\"@id\":\"https:\\\/\\\/canal7slp.tv\\\/2023\\\/marcha-sindicato-administrativo-de-la-uaslp-advierte-posible-emplazamiento-a-huelga\\\/#article\",\"isPartOf\":{\"@id\":\"https:\\\/\\\/canal7slp.tv\\\/2023\\\/marcha-sindicato-administrativo-de-la-uaslp-advierte-posible-emplazamiento-a-huelga\\\/\"},\"author\":{\"name\":\"Edici\u00f3n Web\",\"@id\":\"https:\\\/\\\/canal7slp.tv\\\/2023\\\/#\\\/schema\\\/person\\\/639c424e3584069003b11ae813915da6\"},\"headline\":\"Marcha Sindicato Administrativo de la UASLP; advierte posible emplazamiento a huelga\",\"datePublished\":\"2023-07-21T02:50:45+00:00\",\"mainEntityOfPage\":{\"@id\":\"https:\\\/\\\/canal7slp.tv\\\/2023\\\/marcha-sindicato-administrativo-de-la-uaslp-advierte-posible-emplazamiento-a-huelga\\\/\"},\"wordCount\":216,\"publisher\":{\"@id\":\"https:\\\/\\\/canal7slp.tv\\\/2023\\\/#organization\"},\"image\":{\"@id\":\"https:\\\/\\\/canal7slp.tv\\\/2023\\\/marcha-sindicato-administrativo-de-la-uaslp-advierte-posible-emplazamiento-a-huelga\\\/#primaryimage\"},\"thumbnailUrl\":\"https:\\\/\\\/canal7slp.tv\\\/2023\\\/wp-content\\\/uploads\\\/2023\\\/07\\\/Poky01UASLPManifestacion.jpg\",\"articleSection\":[\"DESTACADAS\",\"LOCALES Y REGIONALES\"],\"inLanguage\":\"es\"},{\"@type\":\"WebPage\",\"@id\":\"https:\\\/\\\/canal7slp.tv\\\/2023\\\/marcha-sindicato-administrativo-de-la-uaslp-advierte-posible-emplazamiento-a-huelga\\\/\",\"url\":\"https:\\\/\\\/canal7slp.tv\\\/2023\\\/marcha-sindicato-administrativo-de-la-uaslp-advierte-posible-emplazamiento-a-huelga\\\/\",\"name\":\"Marcha Sindicato Administrativo de la UASLP; advierte posible emplazamiento a huelga - Canal 7 SLP - 2023\",\"isPartOf\":{\"@id\":\"https:\\\/\\\/canal7slp.tv\\\/2023\\\/#website\"},\"primaryImageOfPage\":{\"@id\":\"https:\\\/\\\/canal7slp.tv\\\/2023\\\/marcha-sindicato-administrativo-de-la-uaslp-advierte-posible-emplazamiento-a-huelga\\\/#primaryimage\"},\"image\":{\"@id\":\"https:\\\/\\\/canal7slp.tv\\\/2023\\\/marcha-sindicato-administrativo-de-la-uaslp-advierte-posible-emplazamiento-a-huelga\\\/#primaryimage\"},\"thumbnailUrl\":\"https:\\\/\\\/canal7slp.tv\\\/2023\\\/wp-content\\\/uploads\\\/2023\\\/07\\\/Poky01UASLPManifestacion.jpg\",\"datePublished\":\"2023-07-21T02:50:45+00:00\",\"breadcrumb\":{\"@id\":\"https:\\\/\\\/canal7slp.tv\\\/2023\\\/marcha-sindicato-administrativo-de-la-uaslp-advierte-posible-emplazamiento-a-huelga\\\/#breadcrumb\"},\"inLanguage\":\"es\",\"potentialAction\":[{\"@type\":\"ReadAction\",\"target\":[\"https:\\\/\\\/canal7slp.tv\\\/2023\\\/marcha-sindicato-administrativo-de-la-uaslp-advierte-posible-emplazamiento-a-huelga\\\/\"]}]},{\"@type\":\"ImageObject\",\"inLanguage\":\"es\",\"@id\":\"https:\\\/\\\/canal7slp.tv\\\/2023\\\/marcha-sindicato-administrativo-de-la-uaslp-advierte-posible-emplazamiento-a-huelga\\\/#primaryimage\",\"url\":\"https:\\\/\\\/canal7slp.tv\\\/2023\\\/wp-content\\\/uploads\\\/2023\\\/07\\\/Poky01UASLPManifestacion.jpg\",\"contentUrl\":\"https:\\\/\\\/canal7slp.tv\\\/2023\\\/wp-content\\\/uploads\\\/2023\\\/07\\\/Poky01UASLPManifestacion.jpg\",\"width\":1280,\"height\":720},{\"@type\":\"BreadcrumbList\",\"@id\":\"https:\\\/\\\/canal7slp.tv\\\/2023\\\/marcha-sindicato-administrativo-de-la-uaslp-advierte-posible-emplazamiento-a-huelga\\\/#breadcrumb\",\"itemListElement\":[{\"@type\":\"ListItem\",\"position\":1,\"name\":\"Portada\",\"item\":\"https:\\\/\\\/canal7slp.tv\\\/2023\\\/\"},{\"@type\":\"ListItem\",\"position\":2,\"name\":\"Marcha Sindicato Administrativo de la UASLP; advierte posible emplazamiento a huelga\"}]},{\"@type\":\"WebSite\",\"@id\":\"https:\\\/\\\/canal7slp.tv\\\/2023\\\/#website\",\"url\":\"https:\\\/\\\/canal7slp.tv\\\/2023\\\/\",\"name\":\"N7 - Noticieros Canal 7\",\"description\":\"Somos Televisi\u00f3n\",\"publisher\":{\"@id\":\"https:\\\/\\\/canal7slp.tv\\\/2023\\\/#organization\"},\"potentialAction\":[{\"@type\":\"SearchAction\",\"target\":{\"@type\":\"EntryPoint\",\"urlTemplate\":\"https:\\\/\\\/canal7slp.tv\\\/2023\\\/?s={search_term_string}\"},\"query-input\":{\"@type\":\"PropertyValueSpecification\",\"valueRequired\":true,\"valueName\":\"search_term_string\"}}],\"inLanguage\":\"es\"},{\"@type\":\"Organization\",\"@id\":\"https:\\\/\\\/canal7slp.tv\\\/2023\\\/#organization\",\"name\":\"Noticieros Canal 7\",\"url\":\"https:\\\/\\\/canal7slp.tv\\\/2023\\\/\",\"logo\":{\"@type\":\"ImageObject\",\"inLanguage\":\"es\",\"@id\":\"https:\\\/\\\/canal7slp.tv\\\/2023\\\/#\\\/schema\\\/logo\\\/image\\\/\",\"url\":\"https:\\\/\\\/canal7slp.tv\\\/2023\\\/wp-content\\\/uploads\\\/2021\\\/01\\\/logo-noticieros@2x.png\",\"contentUrl\":\"https:\\\/\\\/canal7slp.tv\\\/2023\\\/wp-content\\\/uploads\\\/2021\\\/01\\\/logo-noticieros@2x.png\",\"width\":1017,\"height\":268,\"caption\":\"Noticieros Canal 7\"},\"image\":{\"@id\":\"https:\\\/\\\/canal7slp.tv\\\/2023\\\/#\\\/schema\\\/logo\\\/image\\\/\"},\"sameAs\":[\"https:\\\/\\\/www.facebook.com\\\/noticieroscanalsiete\",\"https:\\\/\\\/x.com\\\/NOTICIEROS7\",\"https:\\\/\\\/www.instagram.com\\\/canal7_slp\",\"https:\\\/\\\/www.youtube.com\\\/channel\\\/UCliiYs-gP3JfJeqdPrNdd5A\"]},{\"@type\":\"Person\",\"@id\":\"https:\\\/\\\/canal7slp.tv\\\/2023\\\/#\\\/schema\\\/person\\\/639c424e3584069003b11ae813915da6\",\"name\":\"Edici\u00f3n Web\",\"image\":{\"@type\":\"ImageObject\",\"inLanguage\":\"es\",\"@id\":\"https:\\\/\\\/secure.gravatar.com\\\/avatar\\\/eee448fc3f7164808013b816ba91ac7e43bbe82a70bebac296f8bc6f0addaa1a?s=96&d=mm&r=g\",\"url\":\"https:\\\/\\\/secure.gravatar.com\\\/avatar\\\/eee448fc3f7164808013b816ba91ac7e43bbe82a70bebac296f8bc6f0addaa1a?s=96&d=mm&r=g\",\"contentUrl\":\"https:\\\/\\\/secure.gravatar.com\\\/avatar\\\/eee448fc3f7164808013b816ba91ac7e43bbe82a70bebac296f8bc6f0addaa1a?s=96&d=mm&r=g\",\"caption\":\"Edici\u00f3n Web\"},\"url\":\"https:\\\/\\\/canal7slp.tv\\\/2023\\\/author\\\/edicionweb\\\/\"}]}<\/script>\n<!-- \/ Yoast SEO plugin. -->","yoast_head_json":{"title":"Marcha Sindicato Administrativo de la UASLP; advierte posible emplazamiento a huelga - Canal 7 SLP - 2023","robots":{"index":"index","follow":"follow","max-snippet":"max-snippet:-1","max-image-preview":"max-image-preview:large","max-video-preview":"max-video-preview:-1"},"canonical":"https:\/\/canal7slp.tv\/2023\/marcha-sindicato-administrativo-de-la-uaslp-advierte-posible-emplazamiento-a-huelga\/","og_locale":"es_ES","og_type":"article","og_title":"Marcha Sindicato Administrativo de la UASLP; advierte posible emplazamiento a huelga - Canal 7 SLP - 2023","og_description":"SLP.- La tarde del d\u00eda jueves 20 de julio miembros del Sindicato Administrativo y de Intendencia de la Universidad Aut\u00f3noma de San Luis Potos\u00ed recorrieron la avenida Carranza desde el asta bandera de Zona Universitaria poniente hasta el edificio central de la m\u00e1xima casa de estudios. El l\u00edder sindical, Gerardo de Jes\u00fas Rivera M\u00fcller, afirm\u00f3 que la inconformidad es por el adeudo de tres d\u00edas de pago por trabajador logrado en el a\u00f1o 2021. \u201cEs una prestaci\u00f3n que nos dejaron de pagar en el a\u00f1o 2021, donde eran tres d\u00edas que se lograron en una revisi\u00f3n contractual, tres d\u00edas de [&hellip;]","og_url":"https:\/\/canal7slp.tv\/2023\/marcha-sindicato-administrativo-de-la-uaslp-advierte-posible-emplazamiento-a-huelga\/","og_site_name":"Canal 7 SLP - 2023","article_publisher":"https:\/\/www.facebook.com\/noticieroscanalsiete","article_published_time":"2023-07-21T02:50:45+00:00","og_image":[{"width":1280,"height":720,"url":"https:\/\/canal7slp.tv\/2023\/wp-content\/uploads\/2023\/07\/Poky01UASLPManifestacion.jpg","type":"image\/jpeg"}],"author":"Edici\u00f3n Web","twitter_card":"summary_large_image","twitter_creator":"@NOTICIEROS7","twitter_site":"@NOTICIEROS7","twitter_misc":{"Escrito por":"Edici\u00f3n Web","Tiempo de lectura":"1 minuto"},"schema":{"@context":"https:\/\/schema.org","@graph":[{"@type":"Article","@id":"https:\/\/canal7slp.tv\/2023\/marcha-sindicato-administrativo-de-la-uaslp-advierte-posible-emplazamiento-a-huelga\/#article","isPartOf":{"@id":"https:\/\/canal7slp.tv\/2023\/marcha-sindicato-administrativo-de-la-uaslp-advierte-posible-emplazamiento-a-huelga\/"},"author":{"name":"Edici\u00f3n Web","@id":"https:\/\/canal7slp.tv\/2023\/#\/schema\/person\/639c424e3584069003b11ae813915da6"},"headline":"Marcha Sindicato Administrativo de la UASLP; advierte posible emplazamiento a huelga","datePublished":"2023-07-21T02:50:45+00:00","mainEntityOfPage":{"@id":"https:\/\/canal7slp.tv\/2023\/marcha-sindicato-administrativo-de-la-uaslp-advierte-posible-emplazamiento-a-huelga\/"},"wordCount":216,"publisher":{"@id":"https:\/\/canal7slp.tv\/2023\/#organization"},"image":{"@id":"https:\/\/canal7slp.tv\/2023\/marcha-sindicato-administrativo-de-la-uaslp-advierte-posible-emplazamiento-a-huelga\/#primaryimage"},"thumbnailUrl":"https:\/\/canal7slp.tv\/2023\/wp-content\/uploads\/2023\/07\/Poky01UASLPManifestacion.jpg","articleSection":["DESTACADAS","LOCALES Y REGIONALES"],"inLanguage":"es"},{"@type":"WebPage","@id":"https:\/\/canal7slp.tv\/2023\/marcha-sindicato-administrativo-de-la-uaslp-advierte-posible-emplazamiento-a-huelga\/","url":"https:\/\/canal7slp.tv\/2023\/marcha-sindicato-administrativo-de-la-uaslp-advierte-posible-emplazamiento-a-huelga\/","name":"Marcha Sindicato Administrativo de la UASLP; advierte posible emplazamiento a huelga - Canal 7 SLP - 2023","isPartOf":{"@id":"https:\/\/canal7slp.tv\/2023\/#website"},"primaryImageOfPage":{"@id":"https:\/\/canal7slp.tv\/2023\/marcha-sindicato-administrativo-de-la-uaslp-advierte-posible-emplazamiento-a-huelga\/#primaryimage"},"image":{"@id":"https:\/\/canal7slp.tv\/2023\/marcha-sindicato-administrativo-de-la-uaslp-advierte-posible-emplazamiento-a-huelga\/#primaryimage"},"thumbnailUrl":"https:\/\/canal7slp.tv\/2023\/wp-content\/uploads\/2023\/07\/Poky01UASLPManifestacion.jpg","datePublished":"2023-07-21T02:50:45+00:00","breadcrumb":{"@id":"https:\/\/canal7slp.tv\/2023\/marcha-sindicato-administrativo-de-la-uaslp-advierte-posible-emplazamiento-a-huelga\/#breadcrumb"},"inLanguage":"es","potentialAction":[{"@type":"ReadAction","target":["https:\/\/canal7slp.tv\/2023\/marcha-sindicato-administrativo-de-la-uaslp-advierte-posible-emplazamiento-a-huelga\/"]}]},{"@type":"ImageObject","inLanguage":"es","@id":"https:\/\/canal7slp.tv\/2023\/marcha-sindicato-administrativo-de-la-uaslp-advierte-posible-emplazamiento-a-huelga\/#primaryimage","url":"https:\/\/canal7slp.tv\/2023\/wp-content\/uploads\/2023\/07\/Poky01UASLPManifestacion.jpg","contentUrl":"https:\/\/canal7slp.tv\/2023\/wp-content\/uploads\/2023\/07\/Poky01UASLPManifestacion.jpg","width":1280,"height":720},{"@type":"BreadcrumbList","@id":"https:\/\/canal7slp.tv\/2023\/marcha-sindicato-administrativo-de-la-uaslp-advierte-posible-emplazamiento-a-huelga\/#breadcrumb","itemListElement":[{"@type":"ListItem","position":1,"name":"Portada","item":"https:\/\/canal7slp.tv\/2023\/"},{"@type":"ListItem","position":2,"name":"Marcha Sindicato Administrativo de la UASLP; advierte posible emplazamiento a huelga"}]},{"@type":"WebSite","@id":"https:\/\/canal7slp.tv\/2023\/#website","url":"https:\/\/canal7slp.tv\/2023\/","name":"N7 - Noticieros Canal 7","description":"Somos Televisi\u00f3n","publisher":{"@id":"https:\/\/canal7slp.tv\/2023\/#organization"},"potentialAction":[{"@type":"SearchAction","target":{"@type":"EntryPoint","urlTemplate":"https:\/\/canal7slp.tv\/2023\/?s={search_term_string}"},"query-input":{"@type":"PropertyValueSpecification","valueRequired":true,"valueName":"search_term_string"}}],"inLanguage":"es"},{"@type":"Organization","@id":"https:\/\/canal7slp.tv\/2023\/#organization","name":"Noticieros Canal 7","url":"https:\/\/canal7slp.tv\/2023\/","logo":{"@type":"ImageObject","inLanguage":"es","@id":"https:\/\/canal7slp.tv\/2023\/#\/schema\/logo\/image\/","url":"https:\/\/canal7slp.tv\/2023\/wp-content\/uploads\/2021\/01\/logo-noticieros@2x.png","contentUrl":"https:\/\/canal7slp.tv\/2023\/wp-content\/uploads\/2021\/01\/logo-noticieros@2x.png","width":1017,"height":268,"caption":"Noticieros Canal 7"},"image":{"@id":"https:\/\/canal7slp.tv\/2023\/#\/schema\/logo\/image\/"},"sameAs":["https:\/\/www.facebook.com\/noticieroscanalsiete","https:\/\/x.com\/NOTICIEROS7","https:\/\/www.instagram.com\/canal7_slp","https:\/\/www.youtube.com\/channel\/UCliiYs-gP3JfJeqdPrNdd5A"]},{"@type":"Person","@id":"https:\/\/canal7slp.tv\/2023\/#\/schema\/person\/639c424e3584069003b11ae813915da6","name":"Edici\u00f3n Web","image":{"@type":"ImageObject","inLanguage":"es","@id":"https:\/\/secure.gravatar.com\/avatar\/eee448fc3f7164808013b816ba91ac7e43bbe82a70bebac296f8bc6f0addaa1a?s=96&d=mm&r=g","url":"https:\/\/secure.gravatar.com\/avatar\/eee448fc3f7164808013b816ba91ac7e43bbe82a70bebac296f8bc6f0addaa1a?s=96&d=mm&r=g","contentUrl":"https:\/\/secure.gravatar.com\/avatar\/eee448fc3f7164808013b816ba91ac7e43bbe82a70bebac296f8bc6f0addaa1a?s=96&d=mm&r=g","caption":"Edici\u00f3n Web"},"url":"https:\/\/canal7slp.tv\/2023\/author\/edicionweb\/"}]}},"_links":{"self":[{"href":"https:\/\/canal7slp.tv\/2023\/wp-json\/wp\/v2\/posts\/101923","targetHints":{"allow":["GET"]}}],"collection":[{"href":"https:\/\/canal7slp.tv\/2023\/wp-json\/wp\/v2\/posts"}],"about":[{"href":"https:\/\/canal7slp.tv\/2023\/wp-json\/wp\/v2\/types\/post"}],"author":[{"embeddable":true,"href":"https:\/\/canal7slp.tv\/2023\/wp-json\/wp\/v2\/users\/2"}],"replies":[{"embeddable":true,"href":"https:\/\/canal7slp.tv\/2023\/wp-json\/wp\/v2\/comments?post=101923"}],"version-history":[{"count":2,"href":"https:\/\/canal7slp.tv\/2023\/wp-json\/wp\/v2\/posts\/101923\/revisions"}],"predecessor-version":[{"id":101934,"href":"https:\/\/canal7slp.tv\/2023\/wp-json\/wp\/v2\/posts\/101923\/revisions\/101934"}],"wp:featuredmedia":[{"embeddable":true,"href":"https:\/\/canal7slp.tv\/2023\/wp-json\/wp\/v2\/media\/101933"}],"wp:attachment":[{"href":"https:\/\/canal7slp.tv\/2023\/wp-json\/wp\/v2\/media?parent=101923"}],"wp:term":[{"taxonomy":"category","embeddable":true,"href":"https:\/\/canal7slp.tv\/2023\/wp-json\/wp\/v2\/categories?post=101923"},{"taxonomy":"post_tag","embeddable":true,"href":"https:\/\/canal7slp.tv\/2023\/wp-json\/wp\/v2\/tags?post=101923"}],"curies":[{"name":"wp","href":"https:\/\/api.w.org\/{rel}","templated":true}]}}