{"id":101904,"date":"2023-07-20T20:41:24","date_gmt":"2023-07-21T02:41:24","guid":{"rendered":"https:\/\/canal7slp.tv\/2023\/?p=101904"},"modified":"2023-07-20T20:41:24","modified_gmt":"2023-07-21T02:41:24","slug":"critica-gerardo-fernandez-norona-que-xochitl-galvez-y-santiago-creel-no-han-solicitado-licencia","status":"publish","type":"post","link":"https:\/\/canal7slp.tv\/2023\/critica-gerardo-fernandez-norona-que-xochitl-galvez-y-santiago-creel-no-han-solicitado-licencia\/","title":{"rendered":"Critica Gerardo Fern\u00e1ndez Noro\u00f1a que X\u00f3chitl G\u00e1lvez y Santiago Creel no han solicitado licencia"},"content":{"rendered":"<p style=\"text-align: justify;\">SLP.- Este jueves estuvo en San Luis Potos\u00ed el diputado federal del Partido del Trabajo Gerardo Fern\u00e1ndez Noro\u00f1a quien tambi\u00e9n aspira a la coordinaci\u00f3n de los trabajos para la defensa de la Cuarta Transformaci\u00f3n y con ello, obtener la candidatura de MORENA a la presidencia de la rep\u00fablica.<\/p>\n<p style=\"text-align: justify;\">De entrada, el pol\u00e9mico legislador pidi\u00f3 que que la senadora X\u00f3chitl G\u00e1lvez, tambi\u00e9n aspirante a una candidatura a la presidencia de la rep\u00fablica, pida licencia a su cargo para que haya piso parejo en la contienda.<\/p>\n<p style=\"text-align: justify;\">En el mismo tenor el diputado petista le hizo igual llamado al diputado federal del PAN Santiago Creel Miranda.<\/p>\n<p style=\"text-align: justify;\">Sobre las medidas cautelares que han impuesto organismos electorales a los aspirantes Fern\u00e1ndez Noro\u00f1a dijo que el no tiene nada que temer, porque ni ha gastado en bardas mucho menos en espectaculares.<\/p>\n<p style=\"text-align: justify;\">Critic\u00f3 el evento masivo que la tarde de este mi\u00e9rcoles tuvo la exjefa de gobierno de la ciudad de M\u00e9xico Claudia Sheinbaum en las instalaciones de la FENAPO, al decir que fue un claro acarreo.<\/p>\n<p style=\"text-align: justify;\">En tono sarc\u00e1stico, Gerardo Fern\u00e1ndez Noro\u00f1a se refiri\u00f3 a las acusaciones que por discriminaci\u00f3n hiciera el diputado federal Santiago Creel, en contra del presidente L\u00f3pez Obrador.<\/p>\n<p style=\"text-align: justify;\">Asimismo, el diputado federal del Partido del Trabajo calific\u00f3 de tonta la pregunta de un reportero en el sentido de que si estaba cien por ciento seguro, de que \u00e9l ganar\u00eda la candidatura a la presidencia de la rep\u00fablica.<\/p>\n<p>Por: Claudio Ibarra<\/p>\n","protected":false},"excerpt":{"rendered":"<p>SLP.- Este jueves estuvo en San Luis Potos\u00ed el diputado federal del Partido del Trabajo Gerardo Fern\u00e1ndez Noro\u00f1a quien tambi\u00e9n aspira a la coordinaci\u00f3n de los trabajos para la defensa de la Cuarta Transformaci\u00f3n y con ello, obtener la candidatura de MORENA a la presidencia de la rep\u00fablica. De entrada, el pol\u00e9mico legislador pidi\u00f3 que que la senadora X\u00f3chitl G\u00e1lvez, tambi\u00e9n aspirante a una candidatura a la presidencia de la rep\u00fablica, pida licencia a su cargo para que haya piso parejo en la contienda. En el mismo tenor el diputado petista le hizo igual llamado al diputado federal del PAN [&hellip;]<\/p>\n","protected":false},"author":2,"featured_media":101926,"comment_status":"closed","ping_status":"closed","sticky":false,"template":"","format":"video","meta":{"footnotes":""},"categories":[5,45],"tags":[],"class_list":["post-101904","post","type-post","status-publish","format-video","has-post-thumbnail","hentry","category-destacadas","category-localesyregionales","post_format-post-format-video","post--single"],"yoast_head":"<!-- This site is optimized with the Yoast SEO plugin v27.4 - https:\/\/yoast.com\/product\/yoast-seo-wordpress\/ -->\n<title>Critica Gerardo Fern\u00e1ndez Noro\u00f1a que X\u00f3chitl G\u00e1lvez y Santiago Creel no han solicitado licencia - Canal 7 SLP - 2023<\/title>\n<meta name=\"robots\" content=\"index, follow, max-snippet:-1, max-image-preview:large, max-video-preview:-1\" \/>\n<link rel=\"canonical\" href=\"https:\/\/canal7slp.tv\/2023\/critica-gerardo-fernandez-norona-que-xochitl-galvez-y-santiago-creel-no-han-solicitado-licencia\/\" \/>\n<meta property=\"og:locale\" content=\"es_ES\" \/>\n<meta property=\"og:type\" content=\"article\" \/>\n<meta property=\"og:title\" content=\"Critica Gerardo Fern\u00e1ndez Noro\u00f1a que X\u00f3chitl G\u00e1lvez y Santiago Creel no han solicitado licencia - Canal 7 SLP - 2023\" \/>\n<meta property=\"og:description\" content=\"SLP.- Este jueves estuvo en San Luis Potos\u00ed el diputado federal del Partido del Trabajo Gerardo Fern\u00e1ndez Noro\u00f1a quien tambi\u00e9n aspira a la coordinaci\u00f3n de los trabajos para la defensa de la Cuarta Transformaci\u00f3n y con ello, obtener la candidatura de MORENA a la presidencia de la rep\u00fablica. De entrada, el pol\u00e9mico legislador pidi\u00f3 que que la senadora X\u00f3chitl G\u00e1lvez, tambi\u00e9n aspirante a una candidatura a la presidencia de la rep\u00fablica, pida licencia a su cargo para que haya piso parejo en la contienda. En el mismo tenor el diputado petista le hizo igual llamado al diputado federal del PAN [&hellip;]\" \/>\n<meta property=\"og:url\" content=\"https:\/\/canal7slp.tv\/2023\/critica-gerardo-fernandez-norona-que-xochitl-galvez-y-santiago-creel-no-han-solicitado-licencia\/\" \/>\n<meta property=\"og:site_name\" content=\"Canal 7 SLP - 2023\" \/>\n<meta property=\"article:publisher\" content=\"https:\/\/www.facebook.com\/noticieroscanalsiete\" \/>\n<meta property=\"article:published_time\" content=\"2023-07-21T02:41:24+00:00\" \/>\n<meta property=\"og:image\" content=\"https:\/\/canal7slp.tv\/2023\/wp-content\/uploads\/2023\/07\/Claudio0FernandezNoronia.jpg\" \/>\n\t<meta property=\"og:image:width\" content=\"1280\" \/>\n\t<meta property=\"og:image:height\" content=\"720\" \/>\n\t<meta property=\"og:image:type\" content=\"image\/jpeg\" \/>\n<meta name=\"author\" content=\"Edici\u00f3n Web\" \/>\n<meta name=\"twitter:card\" content=\"summary_large_image\" \/>\n<meta name=\"twitter:creator\" content=\"@NOTICIEROS7\" \/>\n<meta name=\"twitter:site\" content=\"@NOTICIEROS7\" \/>\n<meta name=\"twitter:label1\" content=\"Escrito por\" \/>\n\t<meta name=\"twitter:data1\" content=\"Edici\u00f3n Web\" \/>\n\t<meta name=\"twitter:label2\" content=\"Tiempo de lectura\" \/>\n\t<meta name=\"twitter:data2\" content=\"2 minutos\" \/>\n<script type=\"application\/ld+json\" class=\"yoast-schema-graph\">{\"@context\":\"https:\\\/\\\/schema.org\",\"@graph\":[{\"@type\":\"Article\",\"@id\":\"https:\\\/\\\/canal7slp.tv\\\/2023\\\/critica-gerardo-fernandez-norona-que-xochitl-galvez-y-santiago-creel-no-han-solicitado-licencia\\\/#article\",\"isPartOf\":{\"@id\":\"https:\\\/\\\/canal7slp.tv\\\/2023\\\/critica-gerardo-fernandez-norona-que-xochitl-galvez-y-santiago-creel-no-han-solicitado-licencia\\\/\"},\"author\":{\"name\":\"Edici\u00f3n Web\",\"@id\":\"https:\\\/\\\/canal7slp.tv\\\/2023\\\/#\\\/schema\\\/person\\\/639c424e3584069003b11ae813915da6\"},\"headline\":\"Critica Gerardo Fern\u00e1ndez Noro\u00f1a que X\u00f3chitl G\u00e1lvez y Santiago Creel no han solicitado licencia\",\"datePublished\":\"2023-07-21T02:41:24+00:00\",\"mainEntityOfPage\":{\"@id\":\"https:\\\/\\\/canal7slp.tv\\\/2023\\\/critica-gerardo-fernandez-norona-que-xochitl-galvez-y-santiago-creel-no-han-solicitado-licencia\\\/\"},\"wordCount\":279,\"publisher\":{\"@id\":\"https:\\\/\\\/canal7slp.tv\\\/2023\\\/#organization\"},\"image\":{\"@id\":\"https:\\\/\\\/canal7slp.tv\\\/2023\\\/critica-gerardo-fernandez-norona-que-xochitl-galvez-y-santiago-creel-no-han-solicitado-licencia\\\/#primaryimage\"},\"thumbnailUrl\":\"https:\\\/\\\/canal7slp.tv\\\/2023\\\/wp-content\\\/uploads\\\/2023\\\/07\\\/Claudio0FernandezNoronia.jpg\",\"articleSection\":[\"DESTACADAS\",\"LOCALES Y REGIONALES\"],\"inLanguage\":\"es\"},{\"@type\":\"WebPage\",\"@id\":\"https:\\\/\\\/canal7slp.tv\\\/2023\\\/critica-gerardo-fernandez-norona-que-xochitl-galvez-y-santiago-creel-no-han-solicitado-licencia\\\/\",\"url\":\"https:\\\/\\\/canal7slp.tv\\\/2023\\\/critica-gerardo-fernandez-norona-que-xochitl-galvez-y-santiago-creel-no-han-solicitado-licencia\\\/\",\"name\":\"Critica Gerardo Fern\u00e1ndez Noro\u00f1a que X\u00f3chitl G\u00e1lvez y Santiago Creel no han solicitado licencia - Canal 7 SLP - 2023\",\"isPartOf\":{\"@id\":\"https:\\\/\\\/canal7slp.tv\\\/2023\\\/#website\"},\"primaryImageOfPage\":{\"@id\":\"https:\\\/\\\/canal7slp.tv\\\/2023\\\/critica-gerardo-fernandez-norona-que-xochitl-galvez-y-santiago-creel-no-han-solicitado-licencia\\\/#primaryimage\"},\"image\":{\"@id\":\"https:\\\/\\\/canal7slp.tv\\\/2023\\\/critica-gerardo-fernandez-norona-que-xochitl-galvez-y-santiago-creel-no-han-solicitado-licencia\\\/#primaryimage\"},\"thumbnailUrl\":\"https:\\\/\\\/canal7slp.tv\\\/2023\\\/wp-content\\\/uploads\\\/2023\\\/07\\\/Claudio0FernandezNoronia.jpg\",\"datePublished\":\"2023-07-21T02:41:24+00:00\",\"breadcrumb\":{\"@id\":\"https:\\\/\\\/canal7slp.tv\\\/2023\\\/critica-gerardo-fernandez-norona-que-xochitl-galvez-y-santiago-creel-no-han-solicitado-licencia\\\/#breadcrumb\"},\"inLanguage\":\"es\",\"potentialAction\":[{\"@type\":\"ReadAction\",\"target\":[\"https:\\\/\\\/canal7slp.tv\\\/2023\\\/critica-gerardo-fernandez-norona-que-xochitl-galvez-y-santiago-creel-no-han-solicitado-licencia\\\/\"]}]},{\"@type\":\"ImageObject\",\"inLanguage\":\"es\",\"@id\":\"https:\\\/\\\/canal7slp.tv\\\/2023\\\/critica-gerardo-fernandez-norona-que-xochitl-galvez-y-santiago-creel-no-han-solicitado-licencia\\\/#primaryimage\",\"url\":\"https:\\\/\\\/canal7slp.tv\\\/2023\\\/wp-content\\\/uploads\\\/2023\\\/07\\\/Claudio0FernandezNoronia.jpg\",\"contentUrl\":\"https:\\\/\\\/canal7slp.tv\\\/2023\\\/wp-content\\\/uploads\\\/2023\\\/07\\\/Claudio0FernandezNoronia.jpg\",\"width\":1280,\"height\":720},{\"@type\":\"BreadcrumbList\",\"@id\":\"https:\\\/\\\/canal7slp.tv\\\/2023\\\/critica-gerardo-fernandez-norona-que-xochitl-galvez-y-santiago-creel-no-han-solicitado-licencia\\\/#breadcrumb\",\"itemListElement\":[{\"@type\":\"ListItem\",\"position\":1,\"name\":\"Portada\",\"item\":\"https:\\\/\\\/canal7slp.tv\\\/2023\\\/\"},{\"@type\":\"ListItem\",\"position\":2,\"name\":\"Critica Gerardo Fern\u00e1ndez Noro\u00f1a que X\u00f3chitl G\u00e1lvez y Santiago Creel no han solicitado licencia\"}]},{\"@type\":\"WebSite\",\"@id\":\"https:\\\/\\\/canal7slp.tv\\\/2023\\\/#website\",\"url\":\"https:\\\/\\\/canal7slp.tv\\\/2023\\\/\",\"name\":\"N7 - Noticieros Canal 7\",\"description\":\"Somos Televisi\u00f3n\",\"publisher\":{\"@id\":\"https:\\\/\\\/canal7slp.tv\\\/2023\\\/#organization\"},\"potentialAction\":[{\"@type\":\"SearchAction\",\"target\":{\"@type\":\"EntryPoint\",\"urlTemplate\":\"https:\\\/\\\/canal7slp.tv\\\/2023\\\/?s={search_term_string}\"},\"query-input\":{\"@type\":\"PropertyValueSpecification\",\"valueRequired\":true,\"valueName\":\"search_term_string\"}}],\"inLanguage\":\"es\"},{\"@type\":\"Organization\",\"@id\":\"https:\\\/\\\/canal7slp.tv\\\/2023\\\/#organization\",\"name\":\"Noticieros Canal 7\",\"url\":\"https:\\\/\\\/canal7slp.tv\\\/2023\\\/\",\"logo\":{\"@type\":\"ImageObject\",\"inLanguage\":\"es\",\"@id\":\"https:\\\/\\\/canal7slp.tv\\\/2023\\\/#\\\/schema\\\/logo\\\/image\\\/\",\"url\":\"https:\\\/\\\/canal7slp.tv\\\/2023\\\/wp-content\\\/uploads\\\/2021\\\/01\\\/logo-noticieros@2x.png\",\"contentUrl\":\"https:\\\/\\\/canal7slp.tv\\\/2023\\\/wp-content\\\/uploads\\\/2021\\\/01\\\/logo-noticieros@2x.png\",\"width\":1017,\"height\":268,\"caption\":\"Noticieros Canal 7\"},\"image\":{\"@id\":\"https:\\\/\\\/canal7slp.tv\\\/2023\\\/#\\\/schema\\\/logo\\\/image\\\/\"},\"sameAs\":[\"https:\\\/\\\/www.facebook.com\\\/noticieroscanalsiete\",\"https:\\\/\\\/x.com\\\/NOTICIEROS7\",\"https:\\\/\\\/www.instagram.com\\\/canal7_slp\",\"https:\\\/\\\/www.youtube.com\\\/channel\\\/UCliiYs-gP3JfJeqdPrNdd5A\"]},{\"@type\":\"Person\",\"@id\":\"https:\\\/\\\/canal7slp.tv\\\/2023\\\/#\\\/schema\\\/person\\\/639c424e3584069003b11ae813915da6\",\"name\":\"Edici\u00f3n Web\",\"image\":{\"@type\":\"ImageObject\",\"inLanguage\":\"es\",\"@id\":\"https:\\\/\\\/secure.gravatar.com\\\/avatar\\\/eee448fc3f7164808013b816ba91ac7e43bbe82a70bebac296f8bc6f0addaa1a?s=96&d=mm&r=g\",\"url\":\"https:\\\/\\\/secure.gravatar.com\\\/avatar\\\/eee448fc3f7164808013b816ba91ac7e43bbe82a70bebac296f8bc6f0addaa1a?s=96&d=mm&r=g\",\"contentUrl\":\"https:\\\/\\\/secure.gravatar.com\\\/avatar\\\/eee448fc3f7164808013b816ba91ac7e43bbe82a70bebac296f8bc6f0addaa1a?s=96&d=mm&r=g\",\"caption\":\"Edici\u00f3n Web\"},\"url\":\"https:\\\/\\\/canal7slp.tv\\\/2023\\\/author\\\/edicionweb\\\/\"}]}<\/script>\n<!-- \/ Yoast SEO plugin. -->","yoast_head_json":{"title":"Critica Gerardo Fern\u00e1ndez Noro\u00f1a que X\u00f3chitl G\u00e1lvez y Santiago Creel no han solicitado licencia - Canal 7 SLP - 2023","robots":{"index":"index","follow":"follow","max-snippet":"max-snippet:-1","max-image-preview":"max-image-preview:large","max-video-preview":"max-video-preview:-1"},"canonical":"https:\/\/canal7slp.tv\/2023\/critica-gerardo-fernandez-norona-que-xochitl-galvez-y-santiago-creel-no-han-solicitado-licencia\/","og_locale":"es_ES","og_type":"article","og_title":"Critica Gerardo Fern\u00e1ndez Noro\u00f1a que X\u00f3chitl G\u00e1lvez y Santiago Creel no han solicitado licencia - Canal 7 SLP - 2023","og_description":"SLP.- Este jueves estuvo en San Luis Potos\u00ed el diputado federal del Partido del Trabajo Gerardo Fern\u00e1ndez Noro\u00f1a quien tambi\u00e9n aspira a la coordinaci\u00f3n de los trabajos para la defensa de la Cuarta Transformaci\u00f3n y con ello, obtener la candidatura de MORENA a la presidencia de la rep\u00fablica. De entrada, el pol\u00e9mico legislador pidi\u00f3 que que la senadora X\u00f3chitl G\u00e1lvez, tambi\u00e9n aspirante a una candidatura a la presidencia de la rep\u00fablica, pida licencia a su cargo para que haya piso parejo en la contienda. En el mismo tenor el diputado petista le hizo igual llamado al diputado federal del PAN [&hellip;]","og_url":"https:\/\/canal7slp.tv\/2023\/critica-gerardo-fernandez-norona-que-xochitl-galvez-y-santiago-creel-no-han-solicitado-licencia\/","og_site_name":"Canal 7 SLP - 2023","article_publisher":"https:\/\/www.facebook.com\/noticieroscanalsiete","article_published_time":"2023-07-21T02:41:24+00:00","og_image":[{"width":1280,"height":720,"url":"https:\/\/canal7slp.tv\/2023\/wp-content\/uploads\/2023\/07\/Claudio0FernandezNoronia.jpg","type":"image\/jpeg"}],"author":"Edici\u00f3n Web","twitter_card":"summary_large_image","twitter_creator":"@NOTICIEROS7","twitter_site":"@NOTICIEROS7","twitter_misc":{"Escrito por":"Edici\u00f3n Web","Tiempo de lectura":"2 minutos"},"schema":{"@context":"https:\/\/schema.org","@graph":[{"@type":"Article","@id":"https:\/\/canal7slp.tv\/2023\/critica-gerardo-fernandez-norona-que-xochitl-galvez-y-santiago-creel-no-han-solicitado-licencia\/#article","isPartOf":{"@id":"https:\/\/canal7slp.tv\/2023\/critica-gerardo-fernandez-norona-que-xochitl-galvez-y-santiago-creel-no-han-solicitado-licencia\/"},"author":{"name":"Edici\u00f3n Web","@id":"https:\/\/canal7slp.tv\/2023\/#\/schema\/person\/639c424e3584069003b11ae813915da6"},"headline":"Critica Gerardo Fern\u00e1ndez Noro\u00f1a que X\u00f3chitl G\u00e1lvez y Santiago Creel no han solicitado licencia","datePublished":"2023-07-21T02:41:24+00:00","mainEntityOfPage":{"@id":"https:\/\/canal7slp.tv\/2023\/critica-gerardo-fernandez-norona-que-xochitl-galvez-y-santiago-creel-no-han-solicitado-licencia\/"},"wordCount":279,"publisher":{"@id":"https:\/\/canal7slp.tv\/2023\/#organization"},"image":{"@id":"https:\/\/canal7slp.tv\/2023\/critica-gerardo-fernandez-norona-que-xochitl-galvez-y-santiago-creel-no-han-solicitado-licencia\/#primaryimage"},"thumbnailUrl":"https:\/\/canal7slp.tv\/2023\/wp-content\/uploads\/2023\/07\/Claudio0FernandezNoronia.jpg","articleSection":["DESTACADAS","LOCALES Y REGIONALES"],"inLanguage":"es"},{"@type":"WebPage","@id":"https:\/\/canal7slp.tv\/2023\/critica-gerardo-fernandez-norona-que-xochitl-galvez-y-santiago-creel-no-han-solicitado-licencia\/","url":"https:\/\/canal7slp.tv\/2023\/critica-gerardo-fernandez-norona-que-xochitl-galvez-y-santiago-creel-no-han-solicitado-licencia\/","name":"Critica Gerardo Fern\u00e1ndez Noro\u00f1a que X\u00f3chitl G\u00e1lvez y Santiago Creel no han solicitado licencia - Canal 7 SLP - 2023","isPartOf":{"@id":"https:\/\/canal7slp.tv\/2023\/#website"},"primaryImageOfPage":{"@id":"https:\/\/canal7slp.tv\/2023\/critica-gerardo-fernandez-norona-que-xochitl-galvez-y-santiago-creel-no-han-solicitado-licencia\/#primaryimage"},"image":{"@id":"https:\/\/canal7slp.tv\/2023\/critica-gerardo-fernandez-norona-que-xochitl-galvez-y-santiago-creel-no-han-solicitado-licencia\/#primaryimage"},"thumbnailUrl":"https:\/\/canal7slp.tv\/2023\/wp-content\/uploads\/2023\/07\/Claudio0FernandezNoronia.jpg","datePublished":"2023-07-21T02:41:24+00:00","breadcrumb":{"@id":"https:\/\/canal7slp.tv\/2023\/critica-gerardo-fernandez-norona-que-xochitl-galvez-y-santiago-creel-no-han-solicitado-licencia\/#breadcrumb"},"inLanguage":"es","potentialAction":[{"@type":"ReadAction","target":["https:\/\/canal7slp.tv\/2023\/critica-gerardo-fernandez-norona-que-xochitl-galvez-y-santiago-creel-no-han-solicitado-licencia\/"]}]},{"@type":"ImageObject","inLanguage":"es","@id":"https:\/\/canal7slp.tv\/2023\/critica-gerardo-fernandez-norona-que-xochitl-galvez-y-santiago-creel-no-han-solicitado-licencia\/#primaryimage","url":"https:\/\/canal7slp.tv\/2023\/wp-content\/uploads\/2023\/07\/Claudio0FernandezNoronia.jpg","contentUrl":"https:\/\/canal7slp.tv\/2023\/wp-content\/uploads\/2023\/07\/Claudio0FernandezNoronia.jpg","width":1280,"height":720},{"@type":"BreadcrumbList","@id":"https:\/\/canal7slp.tv\/2023\/critica-gerardo-fernandez-norona-que-xochitl-galvez-y-santiago-creel-no-han-solicitado-licencia\/#breadcrumb","itemListElement":[{"@type":"ListItem","position":1,"name":"Portada","item":"https:\/\/canal7slp.tv\/2023\/"},{"@type":"ListItem","position":2,"name":"Critica Gerardo Fern\u00e1ndez Noro\u00f1a que X\u00f3chitl G\u00e1lvez y Santiago Creel no han solicitado licencia"}]},{"@type":"WebSite","@id":"https:\/\/canal7slp.tv\/2023\/#website","url":"https:\/\/canal7slp.tv\/2023\/","name":"N7 - Noticieros Canal 7","description":"Somos Televisi\u00f3n","publisher":{"@id":"https:\/\/canal7slp.tv\/2023\/#organization"},"potentialAction":[{"@type":"SearchAction","target":{"@type":"EntryPoint","urlTemplate":"https:\/\/canal7slp.tv\/2023\/?s={search_term_string}"},"query-input":{"@type":"PropertyValueSpecification","valueRequired":true,"valueName":"search_term_string"}}],"inLanguage":"es"},{"@type":"Organization","@id":"https:\/\/canal7slp.tv\/2023\/#organization","name":"Noticieros Canal 7","url":"https:\/\/canal7slp.tv\/2023\/","logo":{"@type":"ImageObject","inLanguage":"es","@id":"https:\/\/canal7slp.tv\/2023\/#\/schema\/logo\/image\/","url":"https:\/\/canal7slp.tv\/2023\/wp-content\/uploads\/2021\/01\/logo-noticieros@2x.png","contentUrl":"https:\/\/canal7slp.tv\/2023\/wp-content\/uploads\/2021\/01\/logo-noticieros@2x.png","width":1017,"height":268,"caption":"Noticieros Canal 7"},"image":{"@id":"https:\/\/canal7slp.tv\/2023\/#\/schema\/logo\/image\/"},"sameAs":["https:\/\/www.facebook.com\/noticieroscanalsiete","https:\/\/x.com\/NOTICIEROS7","https:\/\/www.instagram.com\/canal7_slp","https:\/\/www.youtube.com\/channel\/UCliiYs-gP3JfJeqdPrNdd5A"]},{"@type":"Person","@id":"https:\/\/canal7slp.tv\/2023\/#\/schema\/person\/639c424e3584069003b11ae813915da6","name":"Edici\u00f3n Web","image":{"@type":"ImageObject","inLanguage":"es","@id":"https:\/\/secure.gravatar.com\/avatar\/eee448fc3f7164808013b816ba91ac7e43bbe82a70bebac296f8bc6f0addaa1a?s=96&d=mm&r=g","url":"https:\/\/secure.gravatar.com\/avatar\/eee448fc3f7164808013b816ba91ac7e43bbe82a70bebac296f8bc6f0addaa1a?s=96&d=mm&r=g","contentUrl":"https:\/\/secure.gravatar.com\/avatar\/eee448fc3f7164808013b816ba91ac7e43bbe82a70bebac296f8bc6f0addaa1a?s=96&d=mm&r=g","caption":"Edici\u00f3n Web"},"url":"https:\/\/canal7slp.tv\/2023\/author\/edicionweb\/"}]}},"_links":{"self":[{"href":"https:\/\/canal7slp.tv\/2023\/wp-json\/wp\/v2\/posts\/101904","targetHints":{"allow":["GET"]}}],"collection":[{"href":"https:\/\/canal7slp.tv\/2023\/wp-json\/wp\/v2\/posts"}],"about":[{"href":"https:\/\/canal7slp.tv\/2023\/wp-json\/wp\/v2\/types\/post"}],"author":[{"embeddable":true,"href":"https:\/\/canal7slp.tv\/2023\/wp-json\/wp\/v2\/users\/2"}],"replies":[{"embeddable":true,"href":"https:\/\/canal7slp.tv\/2023\/wp-json\/wp\/v2\/comments?post=101904"}],"version-history":[{"count":2,"href":"https:\/\/canal7slp.tv\/2023\/wp-json\/wp\/v2\/posts\/101904\/revisions"}],"predecessor-version":[{"id":101927,"href":"https:\/\/canal7slp.tv\/2023\/wp-json\/wp\/v2\/posts\/101904\/revisions\/101927"}],"wp:featuredmedia":[{"embeddable":true,"href":"https:\/\/canal7slp.tv\/2023\/wp-json\/wp\/v2\/media\/101926"}],"wp:attachment":[{"href":"https:\/\/canal7slp.tv\/2023\/wp-json\/wp\/v2\/media?parent=101904"}],"wp:term":[{"taxonomy":"category","embeddable":true,"href":"https:\/\/canal7slp.tv\/2023\/wp-json\/wp\/v2\/categories?post=101904"},{"taxonomy":"post_tag","embeddable":true,"href":"https:\/\/canal7slp.tv\/2023\/wp-json\/wp\/v2\/tags?post=101904"}],"curies":[{"name":"wp","href":"https:\/\/api.w.org\/{rel}","templated":true}]}}