{"id":101763,"date":"2023-07-19T19:26:46","date_gmt":"2023-07-20T01:26:46","guid":{"rendered":"https:\/\/canal7slp.tv\/2023\/?p=101763"},"modified":"2023-07-19T19:26:46","modified_gmt":"2023-07-20T01:26:46","slug":"a-casi-un-ano-avanza-labor-de-rescate-de-cuerpos-de-mineros-en-el-pinabete","status":"publish","type":"post","link":"https:\/\/canal7slp.tv\/2023\/a-casi-un-ano-avanza-labor-de-rescate-de-cuerpos-de-mineros-en-el-pinabete\/","title":{"rendered":"A casi un a\u00f1o, avanza labor de rescate de cuerpos de mineros en El Pinabete"},"content":{"rendered":"<p style=\"text-align: justify;\">Sabinas.- Familiares de los mineros fallecidos atrapados en El Pinabete, Coahuila, fueron informados sobre los trabajos de construcci\u00f3n de tapones hidr\u00e1ulicos en las galer\u00edas para detener el ingreso del agua.<\/p>\n<p style=\"text-align: justify;\">Si las pruebas de eficiencia de contenci\u00f3n son positivas, se iniciar\u00e1n los trabajos de excavaci\u00f3n para la b\u00fasqueda y recuperaci\u00f3n.<\/p>\n<p style=\"text-align: justify;\">La Coordinadora Nacional de Protecci\u00f3n Civil (CNPC), Laura Vel\u00e1zquez Alz\u00faa, acompa\u00f1\u00f3 a los familiares en la reuni\u00f3n mensual informativa con ingenieros de la Comisi\u00f3n Federal de Electricidad (CFE), en la cual se les notific\u00f3 el avance que presentan los trabajos de obturaci\u00f3n y de la excavaci\u00f3n del tajo a cielo abierto.<\/p>\n<p style=\"text-align: justify;\">Los especialistas les informaron que se increment\u00f3 el n\u00famero de maquinaria y de personal para reforzar los trabajos de barrenaci\u00f3n, de excavaci\u00f3n y del bombeo para el control del agua superficial presente en el tajo, a trav\u00e9s de la construcci\u00f3n de los c\u00e1rcamos auxiliares en niveles inferiores.<\/p>\n<p style=\"text-align: justify;\">En la siguiente etapa, las excavaciones se realizar\u00e1n de forma gradual, con el uso cargas explosivas contraladas de menor magnitud, y se alternar\u00e1n dichos trabajos con excavaciones, a trav\u00e9s de medios tanto mec\u00e1nicos como manuales, con el prop\u00f3sito de destapar los primeros 240 m2 del \u00e1rea de galer\u00edas, para iniciar las tareas de b\u00fasqueda y recuperaci\u00f3n.<\/p>\n","protected":false},"excerpt":{"rendered":"<p>Sabinas.- Familiares de los mineros fallecidos atrapados en El Pinabete, Coahuila, fueron informados sobre los trabajos de construcci\u00f3n de tapones hidr\u00e1ulicos en las galer\u00edas para detener el ingreso del agua. Si las pruebas de eficiencia de contenci\u00f3n son positivas, se iniciar\u00e1n los trabajos de excavaci\u00f3n para la b\u00fasqueda y recuperaci\u00f3n. La Coordinadora Nacional de Protecci\u00f3n Civil (CNPC), Laura Vel\u00e1zquez Alz\u00faa, acompa\u00f1\u00f3 a los familiares en la reuni\u00f3n mensual informativa con ingenieros de la Comisi\u00f3n Federal de Electricidad (CFE), en la cual se les notific\u00f3 el avance que presentan los trabajos de obturaci\u00f3n y de la excavaci\u00f3n del tajo a cielo [&hellip;]<\/p>\n","protected":false},"author":2,"featured_media":101781,"comment_status":"closed","ping_status":"closed","sticky":false,"template":"","format":"standard","meta":{"footnotes":""},"categories":[46],"tags":[],"class_list":["post-101763","post","type-post","status-publish","format-standard","has-post-thumbnail","hentry","category-nacional","post--single"],"yoast_head":"<!-- This site is optimized with the Yoast SEO plugin v27.4 - https:\/\/yoast.com\/product\/yoast-seo-wordpress\/ -->\n<title>A casi un a\u00f1o, avanza labor de rescate de cuerpos de mineros en El Pinabete - Canal 7 SLP - 2023<\/title>\n<meta name=\"robots\" content=\"index, follow, max-snippet:-1, max-image-preview:large, max-video-preview:-1\" \/>\n<link rel=\"canonical\" href=\"https:\/\/canal7slp.tv\/2023\/a-casi-un-ano-avanza-labor-de-rescate-de-cuerpos-de-mineros-en-el-pinabete\/\" \/>\n<meta property=\"og:locale\" content=\"es_ES\" \/>\n<meta property=\"og:type\" content=\"article\" \/>\n<meta property=\"og:title\" content=\"A casi un a\u00f1o, avanza labor de rescate de cuerpos de mineros en El Pinabete - Canal 7 SLP - 2023\" \/>\n<meta property=\"og:description\" content=\"Sabinas.- Familiares de los mineros fallecidos atrapados en El Pinabete, Coahuila, fueron informados sobre los trabajos de construcci\u00f3n de tapones hidr\u00e1ulicos en las galer\u00edas para detener el ingreso del agua. Si las pruebas de eficiencia de contenci\u00f3n son positivas, se iniciar\u00e1n los trabajos de excavaci\u00f3n para la b\u00fasqueda y recuperaci\u00f3n. La Coordinadora Nacional de Protecci\u00f3n Civil (CNPC), Laura Vel\u00e1zquez Alz\u00faa, acompa\u00f1\u00f3 a los familiares en la reuni\u00f3n mensual informativa con ingenieros de la Comisi\u00f3n Federal de Electricidad (CFE), en la cual se les notific\u00f3 el avance que presentan los trabajos de obturaci\u00f3n y de la excavaci\u00f3n del tajo a cielo [&hellip;]\" \/>\n<meta property=\"og:url\" content=\"https:\/\/canal7slp.tv\/2023\/a-casi-un-ano-avanza-labor-de-rescate-de-cuerpos-de-mineros-en-el-pinabete\/\" \/>\n<meta property=\"og:site_name\" content=\"Canal 7 SLP - 2023\" \/>\n<meta property=\"article:publisher\" content=\"https:\/\/www.facebook.com\/noticieroscanalsiete\" \/>\n<meta property=\"article:published_time\" content=\"2023-07-20T01:26:46+00:00\" \/>\n<meta property=\"og:image\" content=\"https:\/\/canal7slp.tv\/2023\/wp-content\/uploads\/2023\/07\/05-17.jpg\" \/>\n\t<meta property=\"og:image:width\" content=\"1200\" \/>\n\t<meta property=\"og:image:height\" content=\"675\" \/>\n\t<meta property=\"og:image:type\" content=\"image\/jpeg\" \/>\n<meta name=\"author\" content=\"Edici\u00f3n Web\" \/>\n<meta name=\"twitter:card\" content=\"summary_large_image\" \/>\n<meta name=\"twitter:creator\" content=\"@NOTICIEROS7\" \/>\n<meta name=\"twitter:site\" content=\"@NOTICIEROS7\" \/>\n<meta name=\"twitter:label1\" content=\"Escrito por\" \/>\n\t<meta name=\"twitter:data1\" content=\"Edici\u00f3n Web\" \/>\n\t<meta name=\"twitter:label2\" content=\"Tiempo de lectura\" \/>\n\t<meta name=\"twitter:data2\" content=\"1 minuto\" \/>\n<script type=\"application\/ld+json\" class=\"yoast-schema-graph\">{\"@context\":\"https:\\\/\\\/schema.org\",\"@graph\":[{\"@type\":\"Article\",\"@id\":\"https:\\\/\\\/canal7slp.tv\\\/2023\\\/a-casi-un-ano-avanza-labor-de-rescate-de-cuerpos-de-mineros-en-el-pinabete\\\/#article\",\"isPartOf\":{\"@id\":\"https:\\\/\\\/canal7slp.tv\\\/2023\\\/a-casi-un-ano-avanza-labor-de-rescate-de-cuerpos-de-mineros-en-el-pinabete\\\/\"},\"author\":{\"name\":\"Edici\u00f3n Web\",\"@id\":\"https:\\\/\\\/canal7slp.tv\\\/2023\\\/#\\\/schema\\\/person\\\/639c424e3584069003b11ae813915da6\"},\"headline\":\"A casi un a\u00f1o, avanza labor de rescate de cuerpos de mineros en El Pinabete\",\"datePublished\":\"2023-07-20T01:26:46+00:00\",\"mainEntityOfPage\":{\"@id\":\"https:\\\/\\\/canal7slp.tv\\\/2023\\\/a-casi-un-ano-avanza-labor-de-rescate-de-cuerpos-de-mineros-en-el-pinabete\\\/\"},\"wordCount\":249,\"publisher\":{\"@id\":\"https:\\\/\\\/canal7slp.tv\\\/2023\\\/#organization\"},\"image\":{\"@id\":\"https:\\\/\\\/canal7slp.tv\\\/2023\\\/a-casi-un-ano-avanza-labor-de-rescate-de-cuerpos-de-mineros-en-el-pinabete\\\/#primaryimage\"},\"thumbnailUrl\":\"https:\\\/\\\/canal7slp.tv\\\/2023\\\/wp-content\\\/uploads\\\/2023\\\/07\\\/05-17.jpg\",\"articleSection\":[\"NACIONALES\"],\"inLanguage\":\"es\"},{\"@type\":\"WebPage\",\"@id\":\"https:\\\/\\\/canal7slp.tv\\\/2023\\\/a-casi-un-ano-avanza-labor-de-rescate-de-cuerpos-de-mineros-en-el-pinabete\\\/\",\"url\":\"https:\\\/\\\/canal7slp.tv\\\/2023\\\/a-casi-un-ano-avanza-labor-de-rescate-de-cuerpos-de-mineros-en-el-pinabete\\\/\",\"name\":\"A casi un a\u00f1o, avanza labor de rescate de cuerpos de mineros en El Pinabete - Canal 7 SLP - 2023\",\"isPartOf\":{\"@id\":\"https:\\\/\\\/canal7slp.tv\\\/2023\\\/#website\"},\"primaryImageOfPage\":{\"@id\":\"https:\\\/\\\/canal7slp.tv\\\/2023\\\/a-casi-un-ano-avanza-labor-de-rescate-de-cuerpos-de-mineros-en-el-pinabete\\\/#primaryimage\"},\"image\":{\"@id\":\"https:\\\/\\\/canal7slp.tv\\\/2023\\\/a-casi-un-ano-avanza-labor-de-rescate-de-cuerpos-de-mineros-en-el-pinabete\\\/#primaryimage\"},\"thumbnailUrl\":\"https:\\\/\\\/canal7slp.tv\\\/2023\\\/wp-content\\\/uploads\\\/2023\\\/07\\\/05-17.jpg\",\"datePublished\":\"2023-07-20T01:26:46+00:00\",\"breadcrumb\":{\"@id\":\"https:\\\/\\\/canal7slp.tv\\\/2023\\\/a-casi-un-ano-avanza-labor-de-rescate-de-cuerpos-de-mineros-en-el-pinabete\\\/#breadcrumb\"},\"inLanguage\":\"es\",\"potentialAction\":[{\"@type\":\"ReadAction\",\"target\":[\"https:\\\/\\\/canal7slp.tv\\\/2023\\\/a-casi-un-ano-avanza-labor-de-rescate-de-cuerpos-de-mineros-en-el-pinabete\\\/\"]}]},{\"@type\":\"ImageObject\",\"inLanguage\":\"es\",\"@id\":\"https:\\\/\\\/canal7slp.tv\\\/2023\\\/a-casi-un-ano-avanza-labor-de-rescate-de-cuerpos-de-mineros-en-el-pinabete\\\/#primaryimage\",\"url\":\"https:\\\/\\\/canal7slp.tv\\\/2023\\\/wp-content\\\/uploads\\\/2023\\\/07\\\/05-17.jpg\",\"contentUrl\":\"https:\\\/\\\/canal7slp.tv\\\/2023\\\/wp-content\\\/uploads\\\/2023\\\/07\\\/05-17.jpg\",\"width\":1200,\"height\":675},{\"@type\":\"BreadcrumbList\",\"@id\":\"https:\\\/\\\/canal7slp.tv\\\/2023\\\/a-casi-un-ano-avanza-labor-de-rescate-de-cuerpos-de-mineros-en-el-pinabete\\\/#breadcrumb\",\"itemListElement\":[{\"@type\":\"ListItem\",\"position\":1,\"name\":\"Portada\",\"item\":\"https:\\\/\\\/canal7slp.tv\\\/2023\\\/\"},{\"@type\":\"ListItem\",\"position\":2,\"name\":\"A casi un a\u00f1o, avanza labor de rescate de cuerpos de mineros en El Pinabete\"}]},{\"@type\":\"WebSite\",\"@id\":\"https:\\\/\\\/canal7slp.tv\\\/2023\\\/#website\",\"url\":\"https:\\\/\\\/canal7slp.tv\\\/2023\\\/\",\"name\":\"N7 - Noticieros Canal 7\",\"description\":\"Somos Televisi\u00f3n\",\"publisher\":{\"@id\":\"https:\\\/\\\/canal7slp.tv\\\/2023\\\/#organization\"},\"potentialAction\":[{\"@type\":\"SearchAction\",\"target\":{\"@type\":\"EntryPoint\",\"urlTemplate\":\"https:\\\/\\\/canal7slp.tv\\\/2023\\\/?s={search_term_string}\"},\"query-input\":{\"@type\":\"PropertyValueSpecification\",\"valueRequired\":true,\"valueName\":\"search_term_string\"}}],\"inLanguage\":\"es\"},{\"@type\":\"Organization\",\"@id\":\"https:\\\/\\\/canal7slp.tv\\\/2023\\\/#organization\",\"name\":\"Noticieros Canal 7\",\"url\":\"https:\\\/\\\/canal7slp.tv\\\/2023\\\/\",\"logo\":{\"@type\":\"ImageObject\",\"inLanguage\":\"es\",\"@id\":\"https:\\\/\\\/canal7slp.tv\\\/2023\\\/#\\\/schema\\\/logo\\\/image\\\/\",\"url\":\"https:\\\/\\\/canal7slp.tv\\\/2023\\\/wp-content\\\/uploads\\\/2021\\\/01\\\/logo-noticieros@2x.png\",\"contentUrl\":\"https:\\\/\\\/canal7slp.tv\\\/2023\\\/wp-content\\\/uploads\\\/2021\\\/01\\\/logo-noticieros@2x.png\",\"width\":1017,\"height\":268,\"caption\":\"Noticieros Canal 7\"},\"image\":{\"@id\":\"https:\\\/\\\/canal7slp.tv\\\/2023\\\/#\\\/schema\\\/logo\\\/image\\\/\"},\"sameAs\":[\"https:\\\/\\\/www.facebook.com\\\/noticieroscanalsiete\",\"https:\\\/\\\/x.com\\\/NOTICIEROS7\",\"https:\\\/\\\/www.instagram.com\\\/canal7_slp\",\"https:\\\/\\\/www.youtube.com\\\/channel\\\/UCliiYs-gP3JfJeqdPrNdd5A\"]},{\"@type\":\"Person\",\"@id\":\"https:\\\/\\\/canal7slp.tv\\\/2023\\\/#\\\/schema\\\/person\\\/639c424e3584069003b11ae813915da6\",\"name\":\"Edici\u00f3n Web\",\"image\":{\"@type\":\"ImageObject\",\"inLanguage\":\"es\",\"@id\":\"https:\\\/\\\/secure.gravatar.com\\\/avatar\\\/eee448fc3f7164808013b816ba91ac7e43bbe82a70bebac296f8bc6f0addaa1a?s=96&d=mm&r=g\",\"url\":\"https:\\\/\\\/secure.gravatar.com\\\/avatar\\\/eee448fc3f7164808013b816ba91ac7e43bbe82a70bebac296f8bc6f0addaa1a?s=96&d=mm&r=g\",\"contentUrl\":\"https:\\\/\\\/secure.gravatar.com\\\/avatar\\\/eee448fc3f7164808013b816ba91ac7e43bbe82a70bebac296f8bc6f0addaa1a?s=96&d=mm&r=g\",\"caption\":\"Edici\u00f3n Web\"},\"url\":\"https:\\\/\\\/canal7slp.tv\\\/2023\\\/author\\\/edicionweb\\\/\"}]}<\/script>\n<!-- \/ Yoast SEO plugin. -->","yoast_head_json":{"title":"A casi un a\u00f1o, avanza labor de rescate de cuerpos de mineros en El Pinabete - Canal 7 SLP - 2023","robots":{"index":"index","follow":"follow","max-snippet":"max-snippet:-1","max-image-preview":"max-image-preview:large","max-video-preview":"max-video-preview:-1"},"canonical":"https:\/\/canal7slp.tv\/2023\/a-casi-un-ano-avanza-labor-de-rescate-de-cuerpos-de-mineros-en-el-pinabete\/","og_locale":"es_ES","og_type":"article","og_title":"A casi un a\u00f1o, avanza labor de rescate de cuerpos de mineros en El Pinabete - Canal 7 SLP - 2023","og_description":"Sabinas.- Familiares de los mineros fallecidos atrapados en El Pinabete, Coahuila, fueron informados sobre los trabajos de construcci\u00f3n de tapones hidr\u00e1ulicos en las galer\u00edas para detener el ingreso del agua. Si las pruebas de eficiencia de contenci\u00f3n son positivas, se iniciar\u00e1n los trabajos de excavaci\u00f3n para la b\u00fasqueda y recuperaci\u00f3n. La Coordinadora Nacional de Protecci\u00f3n Civil (CNPC), Laura Vel\u00e1zquez Alz\u00faa, acompa\u00f1\u00f3 a los familiares en la reuni\u00f3n mensual informativa con ingenieros de la Comisi\u00f3n Federal de Electricidad (CFE), en la cual se les notific\u00f3 el avance que presentan los trabajos de obturaci\u00f3n y de la excavaci\u00f3n del tajo a cielo [&hellip;]","og_url":"https:\/\/canal7slp.tv\/2023\/a-casi-un-ano-avanza-labor-de-rescate-de-cuerpos-de-mineros-en-el-pinabete\/","og_site_name":"Canal 7 SLP - 2023","article_publisher":"https:\/\/www.facebook.com\/noticieroscanalsiete","article_published_time":"2023-07-20T01:26:46+00:00","og_image":[{"width":1200,"height":675,"url":"https:\/\/canal7slp.tv\/2023\/wp-content\/uploads\/2023\/07\/05-17.jpg","type":"image\/jpeg"}],"author":"Edici\u00f3n Web","twitter_card":"summary_large_image","twitter_creator":"@NOTICIEROS7","twitter_site":"@NOTICIEROS7","twitter_misc":{"Escrito por":"Edici\u00f3n Web","Tiempo de lectura":"1 minuto"},"schema":{"@context":"https:\/\/schema.org","@graph":[{"@type":"Article","@id":"https:\/\/canal7slp.tv\/2023\/a-casi-un-ano-avanza-labor-de-rescate-de-cuerpos-de-mineros-en-el-pinabete\/#article","isPartOf":{"@id":"https:\/\/canal7slp.tv\/2023\/a-casi-un-ano-avanza-labor-de-rescate-de-cuerpos-de-mineros-en-el-pinabete\/"},"author":{"name":"Edici\u00f3n Web","@id":"https:\/\/canal7slp.tv\/2023\/#\/schema\/person\/639c424e3584069003b11ae813915da6"},"headline":"A casi un a\u00f1o, avanza labor de rescate de cuerpos de mineros en El Pinabete","datePublished":"2023-07-20T01:26:46+00:00","mainEntityOfPage":{"@id":"https:\/\/canal7slp.tv\/2023\/a-casi-un-ano-avanza-labor-de-rescate-de-cuerpos-de-mineros-en-el-pinabete\/"},"wordCount":249,"publisher":{"@id":"https:\/\/canal7slp.tv\/2023\/#organization"},"image":{"@id":"https:\/\/canal7slp.tv\/2023\/a-casi-un-ano-avanza-labor-de-rescate-de-cuerpos-de-mineros-en-el-pinabete\/#primaryimage"},"thumbnailUrl":"https:\/\/canal7slp.tv\/2023\/wp-content\/uploads\/2023\/07\/05-17.jpg","articleSection":["NACIONALES"],"inLanguage":"es"},{"@type":"WebPage","@id":"https:\/\/canal7slp.tv\/2023\/a-casi-un-ano-avanza-labor-de-rescate-de-cuerpos-de-mineros-en-el-pinabete\/","url":"https:\/\/canal7slp.tv\/2023\/a-casi-un-ano-avanza-labor-de-rescate-de-cuerpos-de-mineros-en-el-pinabete\/","name":"A casi un a\u00f1o, avanza labor de rescate de cuerpos de mineros en El Pinabete - Canal 7 SLP - 2023","isPartOf":{"@id":"https:\/\/canal7slp.tv\/2023\/#website"},"primaryImageOfPage":{"@id":"https:\/\/canal7slp.tv\/2023\/a-casi-un-ano-avanza-labor-de-rescate-de-cuerpos-de-mineros-en-el-pinabete\/#primaryimage"},"image":{"@id":"https:\/\/canal7slp.tv\/2023\/a-casi-un-ano-avanza-labor-de-rescate-de-cuerpos-de-mineros-en-el-pinabete\/#primaryimage"},"thumbnailUrl":"https:\/\/canal7slp.tv\/2023\/wp-content\/uploads\/2023\/07\/05-17.jpg","datePublished":"2023-07-20T01:26:46+00:00","breadcrumb":{"@id":"https:\/\/canal7slp.tv\/2023\/a-casi-un-ano-avanza-labor-de-rescate-de-cuerpos-de-mineros-en-el-pinabete\/#breadcrumb"},"inLanguage":"es","potentialAction":[{"@type":"ReadAction","target":["https:\/\/canal7slp.tv\/2023\/a-casi-un-ano-avanza-labor-de-rescate-de-cuerpos-de-mineros-en-el-pinabete\/"]}]},{"@type":"ImageObject","inLanguage":"es","@id":"https:\/\/canal7slp.tv\/2023\/a-casi-un-ano-avanza-labor-de-rescate-de-cuerpos-de-mineros-en-el-pinabete\/#primaryimage","url":"https:\/\/canal7slp.tv\/2023\/wp-content\/uploads\/2023\/07\/05-17.jpg","contentUrl":"https:\/\/canal7slp.tv\/2023\/wp-content\/uploads\/2023\/07\/05-17.jpg","width":1200,"height":675},{"@type":"BreadcrumbList","@id":"https:\/\/canal7slp.tv\/2023\/a-casi-un-ano-avanza-labor-de-rescate-de-cuerpos-de-mineros-en-el-pinabete\/#breadcrumb","itemListElement":[{"@type":"ListItem","position":1,"name":"Portada","item":"https:\/\/canal7slp.tv\/2023\/"},{"@type":"ListItem","position":2,"name":"A casi un a\u00f1o, avanza labor de rescate de cuerpos de mineros en El Pinabete"}]},{"@type":"WebSite","@id":"https:\/\/canal7slp.tv\/2023\/#website","url":"https:\/\/canal7slp.tv\/2023\/","name":"N7 - Noticieros Canal 7","description":"Somos Televisi\u00f3n","publisher":{"@id":"https:\/\/canal7slp.tv\/2023\/#organization"},"potentialAction":[{"@type":"SearchAction","target":{"@type":"EntryPoint","urlTemplate":"https:\/\/canal7slp.tv\/2023\/?s={search_term_string}"},"query-input":{"@type":"PropertyValueSpecification","valueRequired":true,"valueName":"search_term_string"}}],"inLanguage":"es"},{"@type":"Organization","@id":"https:\/\/canal7slp.tv\/2023\/#organization","name":"Noticieros Canal 7","url":"https:\/\/canal7slp.tv\/2023\/","logo":{"@type":"ImageObject","inLanguage":"es","@id":"https:\/\/canal7slp.tv\/2023\/#\/schema\/logo\/image\/","url":"https:\/\/canal7slp.tv\/2023\/wp-content\/uploads\/2021\/01\/logo-noticieros@2x.png","contentUrl":"https:\/\/canal7slp.tv\/2023\/wp-content\/uploads\/2021\/01\/logo-noticieros@2x.png","width":1017,"height":268,"caption":"Noticieros Canal 7"},"image":{"@id":"https:\/\/canal7slp.tv\/2023\/#\/schema\/logo\/image\/"},"sameAs":["https:\/\/www.facebook.com\/noticieroscanalsiete","https:\/\/x.com\/NOTICIEROS7","https:\/\/www.instagram.com\/canal7_slp","https:\/\/www.youtube.com\/channel\/UCliiYs-gP3JfJeqdPrNdd5A"]},{"@type":"Person","@id":"https:\/\/canal7slp.tv\/2023\/#\/schema\/person\/639c424e3584069003b11ae813915da6","name":"Edici\u00f3n Web","image":{"@type":"ImageObject","inLanguage":"es","@id":"https:\/\/secure.gravatar.com\/avatar\/eee448fc3f7164808013b816ba91ac7e43bbe82a70bebac296f8bc6f0addaa1a?s=96&d=mm&r=g","url":"https:\/\/secure.gravatar.com\/avatar\/eee448fc3f7164808013b816ba91ac7e43bbe82a70bebac296f8bc6f0addaa1a?s=96&d=mm&r=g","contentUrl":"https:\/\/secure.gravatar.com\/avatar\/eee448fc3f7164808013b816ba91ac7e43bbe82a70bebac296f8bc6f0addaa1a?s=96&d=mm&r=g","caption":"Edici\u00f3n Web"},"url":"https:\/\/canal7slp.tv\/2023\/author\/edicionweb\/"}]}},"_links":{"self":[{"href":"https:\/\/canal7slp.tv\/2023\/wp-json\/wp\/v2\/posts\/101763","targetHints":{"allow":["GET"]}}],"collection":[{"href":"https:\/\/canal7slp.tv\/2023\/wp-json\/wp\/v2\/posts"}],"about":[{"href":"https:\/\/canal7slp.tv\/2023\/wp-json\/wp\/v2\/types\/post"}],"author":[{"embeddable":true,"href":"https:\/\/canal7slp.tv\/2023\/wp-json\/wp\/v2\/users\/2"}],"replies":[{"embeddable":true,"href":"https:\/\/canal7slp.tv\/2023\/wp-json\/wp\/v2\/comments?post=101763"}],"version-history":[{"count":3,"href":"https:\/\/canal7slp.tv\/2023\/wp-json\/wp\/v2\/posts\/101763\/revisions"}],"predecessor-version":[{"id":101829,"href":"https:\/\/canal7slp.tv\/2023\/wp-json\/wp\/v2\/posts\/101763\/revisions\/101829"}],"wp:featuredmedia":[{"embeddable":true,"href":"https:\/\/canal7slp.tv\/2023\/wp-json\/wp\/v2\/media\/101781"}],"wp:attachment":[{"href":"https:\/\/canal7slp.tv\/2023\/wp-json\/wp\/v2\/media?parent=101763"}],"wp:term":[{"taxonomy":"category","embeddable":true,"href":"https:\/\/canal7slp.tv\/2023\/wp-json\/wp\/v2\/categories?post=101763"},{"taxonomy":"post_tag","embeddable":true,"href":"https:\/\/canal7slp.tv\/2023\/wp-json\/wp\/v2\/tags?post=101763"}],"curies":[{"name":"wp","href":"https:\/\/api.w.org\/{rel}","templated":true}]}}