{"id":101761,"date":"2023-07-19T19:23:57","date_gmt":"2023-07-20T01:23:57","guid":{"rendered":"https:\/\/canal7slp.tv\/2023\/?p=101761"},"modified":"2023-07-19T19:23:57","modified_gmt":"2023-07-20T01:23:57","slug":"detienen-a-padres-que-amenazaron-de-muerte-a-maestra-de-kinder","status":"publish","type":"post","link":"https:\/\/canal7slp.tv\/2023\/detienen-a-padres-que-amenazaron-de-muerte-a-maestra-de-kinder\/","title":{"rendered":"Detienen a padres que amenazaron de muerte a maestra de k\u00ednder"},"content":{"rendered":"<p style=\"text-align: justify;\">Cuautitl\u00e1n Izcalli.- Autoridades de Cuautitl\u00e1n Izcalli confirmaron la detenci\u00f3n de Jes\u00fas y Laura, padres de un ni\u00f1o que agredieron a una profesora en la escuela Frida Kahlo.<\/p>\n<p style=\"text-align: justify;\">La pareja fue retenida por elementos de la Polic\u00eda de Investigaci\u00f3n (PDI) de la Fiscal\u00eda General del Estado de M\u00e9xico, cuando se present\u00f3 al Centro de Justicia de Cuautitl\u00e1n Izcalli.<\/p>\n<p style=\"text-align: justify;\">La agresi\u00f3n a la maestra de preescolar qued\u00f3 grabada por c\u00e1maras de seguridad, donde se puede ver c\u00f3mo la pareja obliga a la docente a ofrecer disculpas a su hijo.<\/p>\n<p style=\"text-align: justify;\">Seg\u00fan la profesora, el padre del menor la enca\u00f1on\u00f3 con un arma de fuego y amenaz\u00f3 con matarla.<\/p>\n<p style=\"text-align: justify;\">La docente present\u00f3 lesiones y fue certificada m\u00e9dicamente.<\/p>\n","protected":false},"excerpt":{"rendered":"<p>Cuautitl\u00e1n Izcalli.- Autoridades de Cuautitl\u00e1n Izcalli confirmaron la detenci\u00f3n de Jes\u00fas y Laura, padres de un ni\u00f1o que agredieron a una profesora en la escuela Frida Kahlo. La pareja fue retenida por elementos de la Polic\u00eda de Investigaci\u00f3n (PDI) de la Fiscal\u00eda General del Estado de M\u00e9xico, cuando se present\u00f3 al Centro de Justicia de Cuautitl\u00e1n Izcalli. La agresi\u00f3n a la maestra de preescolar qued\u00f3 grabada por c\u00e1maras de seguridad, donde se puede ver c\u00f3mo la pareja obliga a la docente a ofrecer disculpas a su hijo. Seg\u00fan la profesora, el padre del menor la enca\u00f1on\u00f3 con un arma de [&hellip;]<\/p>\n","protected":false},"author":2,"featured_media":101777,"comment_status":"closed","ping_status":"closed","sticky":false,"template":"","format":"standard","meta":{"footnotes":""},"categories":[46],"tags":[],"class_list":["post-101761","post","type-post","status-publish","format-standard","has-post-thumbnail","hentry","category-nacional","post--single"],"yoast_head":"<!-- This site is optimized with the Yoast SEO plugin v27.4 - https:\/\/yoast.com\/product\/yoast-seo-wordpress\/ -->\n<title>Detienen a padres que amenazaron de muerte a maestra de k\u00ednder - Canal 7 SLP - 2023<\/title>\n<meta name=\"robots\" content=\"index, follow, max-snippet:-1, max-image-preview:large, max-video-preview:-1\" \/>\n<link rel=\"canonical\" href=\"https:\/\/canal7slp.tv\/2023\/detienen-a-padres-que-amenazaron-de-muerte-a-maestra-de-kinder\/\" \/>\n<meta property=\"og:locale\" content=\"es_ES\" \/>\n<meta property=\"og:type\" content=\"article\" \/>\n<meta property=\"og:title\" content=\"Detienen a padres que amenazaron de muerte a maestra de k\u00ednder - Canal 7 SLP - 2023\" \/>\n<meta property=\"og:description\" content=\"Cuautitl\u00e1n Izcalli.- Autoridades de Cuautitl\u00e1n Izcalli confirmaron la detenci\u00f3n de Jes\u00fas y Laura, padres de un ni\u00f1o que agredieron a una profesora en la escuela Frida Kahlo. La pareja fue retenida por elementos de la Polic\u00eda de Investigaci\u00f3n (PDI) de la Fiscal\u00eda General del Estado de M\u00e9xico, cuando se present\u00f3 al Centro de Justicia de Cuautitl\u00e1n Izcalli. La agresi\u00f3n a la maestra de preescolar qued\u00f3 grabada por c\u00e1maras de seguridad, donde se puede ver c\u00f3mo la pareja obliga a la docente a ofrecer disculpas a su hijo. Seg\u00fan la profesora, el padre del menor la enca\u00f1on\u00f3 con un arma de [&hellip;]\" \/>\n<meta property=\"og:url\" content=\"https:\/\/canal7slp.tv\/2023\/detienen-a-padres-que-amenazaron-de-muerte-a-maestra-de-kinder\/\" \/>\n<meta property=\"og:site_name\" content=\"Canal 7 SLP - 2023\" \/>\n<meta property=\"article:publisher\" content=\"https:\/\/www.facebook.com\/noticieroscanalsiete\" \/>\n<meta property=\"article:published_time\" content=\"2023-07-20T01:23:57+00:00\" \/>\n<meta property=\"og:image\" content=\"https:\/\/canal7slp.tv\/2023\/wp-content\/uploads\/2023\/07\/01-10.jpg\" \/>\n\t<meta property=\"og:image:width\" content=\"1440\" \/>\n\t<meta property=\"og:image:height\" content=\"1080\" \/>\n\t<meta property=\"og:image:type\" content=\"image\/jpeg\" \/>\n<meta name=\"author\" content=\"Edici\u00f3n Web\" \/>\n<meta name=\"twitter:card\" content=\"summary_large_image\" \/>\n<meta name=\"twitter:creator\" content=\"@NOTICIEROS7\" \/>\n<meta name=\"twitter:site\" content=\"@NOTICIEROS7\" \/>\n<meta name=\"twitter:label1\" content=\"Escrito por\" \/>\n\t<meta name=\"twitter:data1\" content=\"Edici\u00f3n Web\" \/>\n\t<meta name=\"twitter:label2\" content=\"Tiempo de lectura\" \/>\n\t<meta name=\"twitter:data2\" content=\"1 minuto\" \/>\n<script type=\"application\/ld+json\" class=\"yoast-schema-graph\">{\"@context\":\"https:\\\/\\\/schema.org\",\"@graph\":[{\"@type\":\"Article\",\"@id\":\"https:\\\/\\\/canal7slp.tv\\\/2023\\\/detienen-a-padres-que-amenazaron-de-muerte-a-maestra-de-kinder\\\/#article\",\"isPartOf\":{\"@id\":\"https:\\\/\\\/canal7slp.tv\\\/2023\\\/detienen-a-padres-que-amenazaron-de-muerte-a-maestra-de-kinder\\\/\"},\"author\":{\"name\":\"Edici\u00f3n Web\",\"@id\":\"https:\\\/\\\/canal7slp.tv\\\/2023\\\/#\\\/schema\\\/person\\\/639c424e3584069003b11ae813915da6\"},\"headline\":\"Detienen a padres que amenazaron de muerte a maestra de k\u00ednder\",\"datePublished\":\"2023-07-20T01:23:57+00:00\",\"mainEntityOfPage\":{\"@id\":\"https:\\\/\\\/canal7slp.tv\\\/2023\\\/detienen-a-padres-que-amenazaron-de-muerte-a-maestra-de-kinder\\\/\"},\"wordCount\":142,\"publisher\":{\"@id\":\"https:\\\/\\\/canal7slp.tv\\\/2023\\\/#organization\"},\"image\":{\"@id\":\"https:\\\/\\\/canal7slp.tv\\\/2023\\\/detienen-a-padres-que-amenazaron-de-muerte-a-maestra-de-kinder\\\/#primaryimage\"},\"thumbnailUrl\":\"https:\\\/\\\/canal7slp.tv\\\/2023\\\/wp-content\\\/uploads\\\/2023\\\/07\\\/01-10.jpg\",\"articleSection\":[\"NACIONALES\"],\"inLanguage\":\"es\"},{\"@type\":\"WebPage\",\"@id\":\"https:\\\/\\\/canal7slp.tv\\\/2023\\\/detienen-a-padres-que-amenazaron-de-muerte-a-maestra-de-kinder\\\/\",\"url\":\"https:\\\/\\\/canal7slp.tv\\\/2023\\\/detienen-a-padres-que-amenazaron-de-muerte-a-maestra-de-kinder\\\/\",\"name\":\"Detienen a padres que amenazaron de muerte a maestra de k\u00ednder - Canal 7 SLP - 2023\",\"isPartOf\":{\"@id\":\"https:\\\/\\\/canal7slp.tv\\\/2023\\\/#website\"},\"primaryImageOfPage\":{\"@id\":\"https:\\\/\\\/canal7slp.tv\\\/2023\\\/detienen-a-padres-que-amenazaron-de-muerte-a-maestra-de-kinder\\\/#primaryimage\"},\"image\":{\"@id\":\"https:\\\/\\\/canal7slp.tv\\\/2023\\\/detienen-a-padres-que-amenazaron-de-muerte-a-maestra-de-kinder\\\/#primaryimage\"},\"thumbnailUrl\":\"https:\\\/\\\/canal7slp.tv\\\/2023\\\/wp-content\\\/uploads\\\/2023\\\/07\\\/01-10.jpg\",\"datePublished\":\"2023-07-20T01:23:57+00:00\",\"breadcrumb\":{\"@id\":\"https:\\\/\\\/canal7slp.tv\\\/2023\\\/detienen-a-padres-que-amenazaron-de-muerte-a-maestra-de-kinder\\\/#breadcrumb\"},\"inLanguage\":\"es\",\"potentialAction\":[{\"@type\":\"ReadAction\",\"target\":[\"https:\\\/\\\/canal7slp.tv\\\/2023\\\/detienen-a-padres-que-amenazaron-de-muerte-a-maestra-de-kinder\\\/\"]}]},{\"@type\":\"ImageObject\",\"inLanguage\":\"es\",\"@id\":\"https:\\\/\\\/canal7slp.tv\\\/2023\\\/detienen-a-padres-que-amenazaron-de-muerte-a-maestra-de-kinder\\\/#primaryimage\",\"url\":\"https:\\\/\\\/canal7slp.tv\\\/2023\\\/wp-content\\\/uploads\\\/2023\\\/07\\\/01-10.jpg\",\"contentUrl\":\"https:\\\/\\\/canal7slp.tv\\\/2023\\\/wp-content\\\/uploads\\\/2023\\\/07\\\/01-10.jpg\",\"width\":1440,\"height\":1080},{\"@type\":\"BreadcrumbList\",\"@id\":\"https:\\\/\\\/canal7slp.tv\\\/2023\\\/detienen-a-padres-que-amenazaron-de-muerte-a-maestra-de-kinder\\\/#breadcrumb\",\"itemListElement\":[{\"@type\":\"ListItem\",\"position\":1,\"name\":\"Portada\",\"item\":\"https:\\\/\\\/canal7slp.tv\\\/2023\\\/\"},{\"@type\":\"ListItem\",\"position\":2,\"name\":\"Detienen a padres que amenazaron de muerte a maestra de k\u00ednder\"}]},{\"@type\":\"WebSite\",\"@id\":\"https:\\\/\\\/canal7slp.tv\\\/2023\\\/#website\",\"url\":\"https:\\\/\\\/canal7slp.tv\\\/2023\\\/\",\"name\":\"N7 - Noticieros Canal 7\",\"description\":\"Somos Televisi\u00f3n\",\"publisher\":{\"@id\":\"https:\\\/\\\/canal7slp.tv\\\/2023\\\/#organization\"},\"potentialAction\":[{\"@type\":\"SearchAction\",\"target\":{\"@type\":\"EntryPoint\",\"urlTemplate\":\"https:\\\/\\\/canal7slp.tv\\\/2023\\\/?s={search_term_string}\"},\"query-input\":{\"@type\":\"PropertyValueSpecification\",\"valueRequired\":true,\"valueName\":\"search_term_string\"}}],\"inLanguage\":\"es\"},{\"@type\":\"Organization\",\"@id\":\"https:\\\/\\\/canal7slp.tv\\\/2023\\\/#organization\",\"name\":\"Noticieros Canal 7\",\"url\":\"https:\\\/\\\/canal7slp.tv\\\/2023\\\/\",\"logo\":{\"@type\":\"ImageObject\",\"inLanguage\":\"es\",\"@id\":\"https:\\\/\\\/canal7slp.tv\\\/2023\\\/#\\\/schema\\\/logo\\\/image\\\/\",\"url\":\"https:\\\/\\\/canal7slp.tv\\\/2023\\\/wp-content\\\/uploads\\\/2021\\\/01\\\/logo-noticieros@2x.png\",\"contentUrl\":\"https:\\\/\\\/canal7slp.tv\\\/2023\\\/wp-content\\\/uploads\\\/2021\\\/01\\\/logo-noticieros@2x.png\",\"width\":1017,\"height\":268,\"caption\":\"Noticieros Canal 7\"},\"image\":{\"@id\":\"https:\\\/\\\/canal7slp.tv\\\/2023\\\/#\\\/schema\\\/logo\\\/image\\\/\"},\"sameAs\":[\"https:\\\/\\\/www.facebook.com\\\/noticieroscanalsiete\",\"https:\\\/\\\/x.com\\\/NOTICIEROS7\",\"https:\\\/\\\/www.instagram.com\\\/canal7_slp\",\"https:\\\/\\\/www.youtube.com\\\/channel\\\/UCliiYs-gP3JfJeqdPrNdd5A\"]},{\"@type\":\"Person\",\"@id\":\"https:\\\/\\\/canal7slp.tv\\\/2023\\\/#\\\/schema\\\/person\\\/639c424e3584069003b11ae813915da6\",\"name\":\"Edici\u00f3n Web\",\"image\":{\"@type\":\"ImageObject\",\"inLanguage\":\"es\",\"@id\":\"https:\\\/\\\/secure.gravatar.com\\\/avatar\\\/eee448fc3f7164808013b816ba91ac7e43bbe82a70bebac296f8bc6f0addaa1a?s=96&d=mm&r=g\",\"url\":\"https:\\\/\\\/secure.gravatar.com\\\/avatar\\\/eee448fc3f7164808013b816ba91ac7e43bbe82a70bebac296f8bc6f0addaa1a?s=96&d=mm&r=g\",\"contentUrl\":\"https:\\\/\\\/secure.gravatar.com\\\/avatar\\\/eee448fc3f7164808013b816ba91ac7e43bbe82a70bebac296f8bc6f0addaa1a?s=96&d=mm&r=g\",\"caption\":\"Edici\u00f3n Web\"},\"url\":\"https:\\\/\\\/canal7slp.tv\\\/2023\\\/author\\\/edicionweb\\\/\"}]}<\/script>\n<!-- \/ Yoast SEO plugin. -->","yoast_head_json":{"title":"Detienen a padres que amenazaron de muerte a maestra de k\u00ednder - Canal 7 SLP - 2023","robots":{"index":"index","follow":"follow","max-snippet":"max-snippet:-1","max-image-preview":"max-image-preview:large","max-video-preview":"max-video-preview:-1"},"canonical":"https:\/\/canal7slp.tv\/2023\/detienen-a-padres-que-amenazaron-de-muerte-a-maestra-de-kinder\/","og_locale":"es_ES","og_type":"article","og_title":"Detienen a padres que amenazaron de muerte a maestra de k\u00ednder - Canal 7 SLP - 2023","og_description":"Cuautitl\u00e1n Izcalli.- Autoridades de Cuautitl\u00e1n Izcalli confirmaron la detenci\u00f3n de Jes\u00fas y Laura, padres de un ni\u00f1o que agredieron a una profesora en la escuela Frida Kahlo. La pareja fue retenida por elementos de la Polic\u00eda de Investigaci\u00f3n (PDI) de la Fiscal\u00eda General del Estado de M\u00e9xico, cuando se present\u00f3 al Centro de Justicia de Cuautitl\u00e1n Izcalli. La agresi\u00f3n a la maestra de preescolar qued\u00f3 grabada por c\u00e1maras de seguridad, donde se puede ver c\u00f3mo la pareja obliga a la docente a ofrecer disculpas a su hijo. Seg\u00fan la profesora, el padre del menor la enca\u00f1on\u00f3 con un arma de [&hellip;]","og_url":"https:\/\/canal7slp.tv\/2023\/detienen-a-padres-que-amenazaron-de-muerte-a-maestra-de-kinder\/","og_site_name":"Canal 7 SLP - 2023","article_publisher":"https:\/\/www.facebook.com\/noticieroscanalsiete","article_published_time":"2023-07-20T01:23:57+00:00","og_image":[{"width":1440,"height":1080,"url":"https:\/\/canal7slp.tv\/2023\/wp-content\/uploads\/2023\/07\/01-10.jpg","type":"image\/jpeg"}],"author":"Edici\u00f3n Web","twitter_card":"summary_large_image","twitter_creator":"@NOTICIEROS7","twitter_site":"@NOTICIEROS7","twitter_misc":{"Escrito por":"Edici\u00f3n Web","Tiempo de lectura":"1 minuto"},"schema":{"@context":"https:\/\/schema.org","@graph":[{"@type":"Article","@id":"https:\/\/canal7slp.tv\/2023\/detienen-a-padres-que-amenazaron-de-muerte-a-maestra-de-kinder\/#article","isPartOf":{"@id":"https:\/\/canal7slp.tv\/2023\/detienen-a-padres-que-amenazaron-de-muerte-a-maestra-de-kinder\/"},"author":{"name":"Edici\u00f3n Web","@id":"https:\/\/canal7slp.tv\/2023\/#\/schema\/person\/639c424e3584069003b11ae813915da6"},"headline":"Detienen a padres que amenazaron de muerte a maestra de k\u00ednder","datePublished":"2023-07-20T01:23:57+00:00","mainEntityOfPage":{"@id":"https:\/\/canal7slp.tv\/2023\/detienen-a-padres-que-amenazaron-de-muerte-a-maestra-de-kinder\/"},"wordCount":142,"publisher":{"@id":"https:\/\/canal7slp.tv\/2023\/#organization"},"image":{"@id":"https:\/\/canal7slp.tv\/2023\/detienen-a-padres-que-amenazaron-de-muerte-a-maestra-de-kinder\/#primaryimage"},"thumbnailUrl":"https:\/\/canal7slp.tv\/2023\/wp-content\/uploads\/2023\/07\/01-10.jpg","articleSection":["NACIONALES"],"inLanguage":"es"},{"@type":"WebPage","@id":"https:\/\/canal7slp.tv\/2023\/detienen-a-padres-que-amenazaron-de-muerte-a-maestra-de-kinder\/","url":"https:\/\/canal7slp.tv\/2023\/detienen-a-padres-que-amenazaron-de-muerte-a-maestra-de-kinder\/","name":"Detienen a padres que amenazaron de muerte a maestra de k\u00ednder - Canal 7 SLP - 2023","isPartOf":{"@id":"https:\/\/canal7slp.tv\/2023\/#website"},"primaryImageOfPage":{"@id":"https:\/\/canal7slp.tv\/2023\/detienen-a-padres-que-amenazaron-de-muerte-a-maestra-de-kinder\/#primaryimage"},"image":{"@id":"https:\/\/canal7slp.tv\/2023\/detienen-a-padres-que-amenazaron-de-muerte-a-maestra-de-kinder\/#primaryimage"},"thumbnailUrl":"https:\/\/canal7slp.tv\/2023\/wp-content\/uploads\/2023\/07\/01-10.jpg","datePublished":"2023-07-20T01:23:57+00:00","breadcrumb":{"@id":"https:\/\/canal7slp.tv\/2023\/detienen-a-padres-que-amenazaron-de-muerte-a-maestra-de-kinder\/#breadcrumb"},"inLanguage":"es","potentialAction":[{"@type":"ReadAction","target":["https:\/\/canal7slp.tv\/2023\/detienen-a-padres-que-amenazaron-de-muerte-a-maestra-de-kinder\/"]}]},{"@type":"ImageObject","inLanguage":"es","@id":"https:\/\/canal7slp.tv\/2023\/detienen-a-padres-que-amenazaron-de-muerte-a-maestra-de-kinder\/#primaryimage","url":"https:\/\/canal7slp.tv\/2023\/wp-content\/uploads\/2023\/07\/01-10.jpg","contentUrl":"https:\/\/canal7slp.tv\/2023\/wp-content\/uploads\/2023\/07\/01-10.jpg","width":1440,"height":1080},{"@type":"BreadcrumbList","@id":"https:\/\/canal7slp.tv\/2023\/detienen-a-padres-que-amenazaron-de-muerte-a-maestra-de-kinder\/#breadcrumb","itemListElement":[{"@type":"ListItem","position":1,"name":"Portada","item":"https:\/\/canal7slp.tv\/2023\/"},{"@type":"ListItem","position":2,"name":"Detienen a padres que amenazaron de muerte a maestra de k\u00ednder"}]},{"@type":"WebSite","@id":"https:\/\/canal7slp.tv\/2023\/#website","url":"https:\/\/canal7slp.tv\/2023\/","name":"N7 - Noticieros Canal 7","description":"Somos Televisi\u00f3n","publisher":{"@id":"https:\/\/canal7slp.tv\/2023\/#organization"},"potentialAction":[{"@type":"SearchAction","target":{"@type":"EntryPoint","urlTemplate":"https:\/\/canal7slp.tv\/2023\/?s={search_term_string}"},"query-input":{"@type":"PropertyValueSpecification","valueRequired":true,"valueName":"search_term_string"}}],"inLanguage":"es"},{"@type":"Organization","@id":"https:\/\/canal7slp.tv\/2023\/#organization","name":"Noticieros Canal 7","url":"https:\/\/canal7slp.tv\/2023\/","logo":{"@type":"ImageObject","inLanguage":"es","@id":"https:\/\/canal7slp.tv\/2023\/#\/schema\/logo\/image\/","url":"https:\/\/canal7slp.tv\/2023\/wp-content\/uploads\/2021\/01\/logo-noticieros@2x.png","contentUrl":"https:\/\/canal7slp.tv\/2023\/wp-content\/uploads\/2021\/01\/logo-noticieros@2x.png","width":1017,"height":268,"caption":"Noticieros Canal 7"},"image":{"@id":"https:\/\/canal7slp.tv\/2023\/#\/schema\/logo\/image\/"},"sameAs":["https:\/\/www.facebook.com\/noticieroscanalsiete","https:\/\/x.com\/NOTICIEROS7","https:\/\/www.instagram.com\/canal7_slp","https:\/\/www.youtube.com\/channel\/UCliiYs-gP3JfJeqdPrNdd5A"]},{"@type":"Person","@id":"https:\/\/canal7slp.tv\/2023\/#\/schema\/person\/639c424e3584069003b11ae813915da6","name":"Edici\u00f3n Web","image":{"@type":"ImageObject","inLanguage":"es","@id":"https:\/\/secure.gravatar.com\/avatar\/eee448fc3f7164808013b816ba91ac7e43bbe82a70bebac296f8bc6f0addaa1a?s=96&d=mm&r=g","url":"https:\/\/secure.gravatar.com\/avatar\/eee448fc3f7164808013b816ba91ac7e43bbe82a70bebac296f8bc6f0addaa1a?s=96&d=mm&r=g","contentUrl":"https:\/\/secure.gravatar.com\/avatar\/eee448fc3f7164808013b816ba91ac7e43bbe82a70bebac296f8bc6f0addaa1a?s=96&d=mm&r=g","caption":"Edici\u00f3n Web"},"url":"https:\/\/canal7slp.tv\/2023\/author\/edicionweb\/"}]}},"_links":{"self":[{"href":"https:\/\/canal7slp.tv\/2023\/wp-json\/wp\/v2\/posts\/101761","targetHints":{"allow":["GET"]}}],"collection":[{"href":"https:\/\/canal7slp.tv\/2023\/wp-json\/wp\/v2\/posts"}],"about":[{"href":"https:\/\/canal7slp.tv\/2023\/wp-json\/wp\/v2\/types\/post"}],"author":[{"embeddable":true,"href":"https:\/\/canal7slp.tv\/2023\/wp-json\/wp\/v2\/users\/2"}],"replies":[{"embeddable":true,"href":"https:\/\/canal7slp.tv\/2023\/wp-json\/wp\/v2\/comments?post=101761"}],"version-history":[{"count":3,"href":"https:\/\/canal7slp.tv\/2023\/wp-json\/wp\/v2\/posts\/101761\/revisions"}],"predecessor-version":[{"id":101825,"href":"https:\/\/canal7slp.tv\/2023\/wp-json\/wp\/v2\/posts\/101761\/revisions\/101825"}],"wp:featuredmedia":[{"embeddable":true,"href":"https:\/\/canal7slp.tv\/2023\/wp-json\/wp\/v2\/media\/101777"}],"wp:attachment":[{"href":"https:\/\/canal7slp.tv\/2023\/wp-json\/wp\/v2\/media?parent=101761"}],"wp:term":[{"taxonomy":"category","embeddable":true,"href":"https:\/\/canal7slp.tv\/2023\/wp-json\/wp\/v2\/categories?post=101761"},{"taxonomy":"post_tag","embeddable":true,"href":"https:\/\/canal7slp.tv\/2023\/wp-json\/wp\/v2\/tags?post=101761"}],"curies":[{"name":"wp","href":"https:\/\/api.w.org\/{rel}","templated":true}]}}