{"id":101672,"date":"2023-07-18T16:01:11","date_gmt":"2023-07-18T22:01:11","guid":{"rendered":"https:\/\/canal7slp.tv\/2023\/?p=101672"},"modified":"2023-07-18T16:01:11","modified_gmt":"2023-07-18T22:01:11","slug":"propone-ebrard-muro-cibernetico-entre-mexico-y-estados-unidos","status":"publish","type":"post","link":"https:\/\/canal7slp.tv\/2023\/propone-ebrard-muro-cibernetico-entre-mexico-y-estados-unidos\/","title":{"rendered":"Propone Ebrard muro cibern\u00e9tico entre M\u00e9xico y Estados Unidos"},"content":{"rendered":"<p style=\"text-align: justify;\">M\u00e9xico.- Marcelo Luis Ebrard Casaubon propuso la creaci\u00f3n de un \u00abmuro cibern\u00e9tico\u00bb para frenar el tr\u00e1fico de armas en la frontera entre M\u00e9xico y Estados Unidos, como parte de su estrategia de seguridad conocida como \u00abPlan \u00c1ngel\u00bb.<\/p>\n<p style=\"text-align: justify;\">Seg\u00fan Ebrard, los m\u00e1s de tres mil kil\u00f3metros de frontera entre ambos pa\u00edses podr\u00edan ser vigilados mediante drones.<\/p>\n<p style=\"text-align: justify;\">Ebrard tambi\u00e9n plante\u00f3 la creaci\u00f3n del \u00abEnlace \u00c1ngel Violeta\u00bb, con el que las mujeres puedan solicitar el apoyo de la Guardia Nacional a trav\u00e9s de su tel\u00e9fono m\u00f3vil para mejorar la seguridad de las mujeres.<\/p>\n<p style=\"text-align: justify;\">Adem\u00e1s, enfatiz\u00f3 la necesidad de multiplicar por cinco la capacidad de investigaci\u00f3n de la Fiscal\u00eda General de la Rep\u00fablica (FGR) y sus instancias estatales.<\/p>\n","protected":false},"excerpt":{"rendered":"<p>M\u00e9xico.- Marcelo Luis Ebrard Casaubon propuso la creaci\u00f3n de un \u00abmuro cibern\u00e9tico\u00bb para frenar el tr\u00e1fico de armas en la frontera entre M\u00e9xico y Estados Unidos, como parte de su estrategia de seguridad conocida como \u00abPlan \u00c1ngel\u00bb. Seg\u00fan Ebrard, los m\u00e1s de tres mil kil\u00f3metros de frontera entre ambos pa\u00edses podr\u00edan ser vigilados mediante drones. Ebrard tambi\u00e9n plante\u00f3 la creaci\u00f3n del \u00abEnlace \u00c1ngel Violeta\u00bb, con el que las mujeres puedan solicitar el apoyo de la Guardia Nacional a trav\u00e9s de su tel\u00e9fono m\u00f3vil para mejorar la seguridad de las mujeres. Adem\u00e1s, enfatiz\u00f3 la necesidad de multiplicar por cinco la capacidad [&hellip;]<\/p>\n","protected":false},"author":2,"featured_media":101685,"comment_status":"closed","ping_status":"closed","sticky":false,"template":"","format":"standard","meta":{"footnotes":""},"categories":[46],"tags":[],"class_list":["post-101672","post","type-post","status-publish","format-standard","has-post-thumbnail","hentry","category-nacional","post--single"],"yoast_head":"<!-- This site is optimized with the Yoast SEO plugin v27.4 - https:\/\/yoast.com\/product\/yoast-seo-wordpress\/ -->\n<title>Propone Ebrard muro cibern\u00e9tico entre M\u00e9xico y Estados Unidos - Canal 7 SLP - 2023<\/title>\n<meta name=\"robots\" content=\"index, follow, max-snippet:-1, max-image-preview:large, max-video-preview:-1\" \/>\n<link rel=\"canonical\" href=\"https:\/\/canal7slp.tv\/2023\/propone-ebrard-muro-cibernetico-entre-mexico-y-estados-unidos\/\" \/>\n<meta property=\"og:locale\" content=\"es_ES\" \/>\n<meta property=\"og:type\" content=\"article\" \/>\n<meta property=\"og:title\" content=\"Propone Ebrard muro cibern\u00e9tico entre M\u00e9xico y Estados Unidos - Canal 7 SLP - 2023\" \/>\n<meta property=\"og:description\" content=\"M\u00e9xico.- Marcelo Luis Ebrard Casaubon propuso la creaci\u00f3n de un \u00abmuro cibern\u00e9tico\u00bb para frenar el tr\u00e1fico de armas en la frontera entre M\u00e9xico y Estados Unidos, como parte de su estrategia de seguridad conocida como \u00abPlan \u00c1ngel\u00bb. Seg\u00fan Ebrard, los m\u00e1s de tres mil kil\u00f3metros de frontera entre ambos pa\u00edses podr\u00edan ser vigilados mediante drones. Ebrard tambi\u00e9n plante\u00f3 la creaci\u00f3n del \u00abEnlace \u00c1ngel Violeta\u00bb, con el que las mujeres puedan solicitar el apoyo de la Guardia Nacional a trav\u00e9s de su tel\u00e9fono m\u00f3vil para mejorar la seguridad de las mujeres. Adem\u00e1s, enfatiz\u00f3 la necesidad de multiplicar por cinco la capacidad [&hellip;]\" \/>\n<meta property=\"og:url\" content=\"https:\/\/canal7slp.tv\/2023\/propone-ebrard-muro-cibernetico-entre-mexico-y-estados-unidos\/\" \/>\n<meta property=\"og:site_name\" content=\"Canal 7 SLP - 2023\" \/>\n<meta property=\"article:publisher\" content=\"https:\/\/www.facebook.com\/noticieroscanalsiete\" \/>\n<meta property=\"article:published_time\" content=\"2023-07-18T22:01:11+00:00\" \/>\n<meta property=\"og:image\" content=\"https:\/\/canal7slp.tv\/2023\/wp-content\/uploads\/2023\/07\/05-16.jpg\" \/>\n\t<meta property=\"og:image:width\" content=\"1600\" \/>\n\t<meta property=\"og:image:height\" content=\"900\" \/>\n\t<meta property=\"og:image:type\" content=\"image\/jpeg\" \/>\n<meta name=\"author\" content=\"Edici\u00f3n Web\" \/>\n<meta name=\"twitter:card\" content=\"summary_large_image\" \/>\n<meta name=\"twitter:creator\" content=\"@NOTICIEROS7\" \/>\n<meta name=\"twitter:site\" content=\"@NOTICIEROS7\" \/>\n<meta name=\"twitter:label1\" content=\"Escrito por\" \/>\n\t<meta name=\"twitter:data1\" content=\"Edici\u00f3n Web\" \/>\n\t<meta name=\"twitter:label2\" content=\"Tiempo de lectura\" \/>\n\t<meta name=\"twitter:data2\" content=\"1 minuto\" \/>\n<script type=\"application\/ld+json\" class=\"yoast-schema-graph\">{\"@context\":\"https:\\\/\\\/schema.org\",\"@graph\":[{\"@type\":\"Article\",\"@id\":\"https:\\\/\\\/canal7slp.tv\\\/2023\\\/propone-ebrard-muro-cibernetico-entre-mexico-y-estados-unidos\\\/#article\",\"isPartOf\":{\"@id\":\"https:\\\/\\\/canal7slp.tv\\\/2023\\\/propone-ebrard-muro-cibernetico-entre-mexico-y-estados-unidos\\\/\"},\"author\":{\"name\":\"Edici\u00f3n Web\",\"@id\":\"https:\\\/\\\/canal7slp.tv\\\/2023\\\/#\\\/schema\\\/person\\\/639c424e3584069003b11ae813915da6\"},\"headline\":\"Propone Ebrard muro cibern\u00e9tico entre M\u00e9xico y Estados Unidos\",\"datePublished\":\"2023-07-18T22:01:11+00:00\",\"mainEntityOfPage\":{\"@id\":\"https:\\\/\\\/canal7slp.tv\\\/2023\\\/propone-ebrard-muro-cibernetico-entre-mexico-y-estados-unidos\\\/\"},\"wordCount\":145,\"publisher\":{\"@id\":\"https:\\\/\\\/canal7slp.tv\\\/2023\\\/#organization\"},\"image\":{\"@id\":\"https:\\\/\\\/canal7slp.tv\\\/2023\\\/propone-ebrard-muro-cibernetico-entre-mexico-y-estados-unidos\\\/#primaryimage\"},\"thumbnailUrl\":\"https:\\\/\\\/canal7slp.tv\\\/2023\\\/wp-content\\\/uploads\\\/2023\\\/07\\\/05-16.jpg\",\"articleSection\":[\"NACIONALES\"],\"inLanguage\":\"es\"},{\"@type\":\"WebPage\",\"@id\":\"https:\\\/\\\/canal7slp.tv\\\/2023\\\/propone-ebrard-muro-cibernetico-entre-mexico-y-estados-unidos\\\/\",\"url\":\"https:\\\/\\\/canal7slp.tv\\\/2023\\\/propone-ebrard-muro-cibernetico-entre-mexico-y-estados-unidos\\\/\",\"name\":\"Propone Ebrard muro cibern\u00e9tico entre M\u00e9xico y Estados Unidos - Canal 7 SLP - 2023\",\"isPartOf\":{\"@id\":\"https:\\\/\\\/canal7slp.tv\\\/2023\\\/#website\"},\"primaryImageOfPage\":{\"@id\":\"https:\\\/\\\/canal7slp.tv\\\/2023\\\/propone-ebrard-muro-cibernetico-entre-mexico-y-estados-unidos\\\/#primaryimage\"},\"image\":{\"@id\":\"https:\\\/\\\/canal7slp.tv\\\/2023\\\/propone-ebrard-muro-cibernetico-entre-mexico-y-estados-unidos\\\/#primaryimage\"},\"thumbnailUrl\":\"https:\\\/\\\/canal7slp.tv\\\/2023\\\/wp-content\\\/uploads\\\/2023\\\/07\\\/05-16.jpg\",\"datePublished\":\"2023-07-18T22:01:11+00:00\",\"breadcrumb\":{\"@id\":\"https:\\\/\\\/canal7slp.tv\\\/2023\\\/propone-ebrard-muro-cibernetico-entre-mexico-y-estados-unidos\\\/#breadcrumb\"},\"inLanguage\":\"es\",\"potentialAction\":[{\"@type\":\"ReadAction\",\"target\":[\"https:\\\/\\\/canal7slp.tv\\\/2023\\\/propone-ebrard-muro-cibernetico-entre-mexico-y-estados-unidos\\\/\"]}]},{\"@type\":\"ImageObject\",\"inLanguage\":\"es\",\"@id\":\"https:\\\/\\\/canal7slp.tv\\\/2023\\\/propone-ebrard-muro-cibernetico-entre-mexico-y-estados-unidos\\\/#primaryimage\",\"url\":\"https:\\\/\\\/canal7slp.tv\\\/2023\\\/wp-content\\\/uploads\\\/2023\\\/07\\\/05-16.jpg\",\"contentUrl\":\"https:\\\/\\\/canal7slp.tv\\\/2023\\\/wp-content\\\/uploads\\\/2023\\\/07\\\/05-16.jpg\",\"width\":1600,\"height\":900},{\"@type\":\"BreadcrumbList\",\"@id\":\"https:\\\/\\\/canal7slp.tv\\\/2023\\\/propone-ebrard-muro-cibernetico-entre-mexico-y-estados-unidos\\\/#breadcrumb\",\"itemListElement\":[{\"@type\":\"ListItem\",\"position\":1,\"name\":\"Portada\",\"item\":\"https:\\\/\\\/canal7slp.tv\\\/2023\\\/\"},{\"@type\":\"ListItem\",\"position\":2,\"name\":\"Propone Ebrard muro cibern\u00e9tico entre M\u00e9xico y Estados Unidos\"}]},{\"@type\":\"WebSite\",\"@id\":\"https:\\\/\\\/canal7slp.tv\\\/2023\\\/#website\",\"url\":\"https:\\\/\\\/canal7slp.tv\\\/2023\\\/\",\"name\":\"N7 - Noticieros Canal 7\",\"description\":\"Somos Televisi\u00f3n\",\"publisher\":{\"@id\":\"https:\\\/\\\/canal7slp.tv\\\/2023\\\/#organization\"},\"potentialAction\":[{\"@type\":\"SearchAction\",\"target\":{\"@type\":\"EntryPoint\",\"urlTemplate\":\"https:\\\/\\\/canal7slp.tv\\\/2023\\\/?s={search_term_string}\"},\"query-input\":{\"@type\":\"PropertyValueSpecification\",\"valueRequired\":true,\"valueName\":\"search_term_string\"}}],\"inLanguage\":\"es\"},{\"@type\":\"Organization\",\"@id\":\"https:\\\/\\\/canal7slp.tv\\\/2023\\\/#organization\",\"name\":\"Noticieros Canal 7\",\"url\":\"https:\\\/\\\/canal7slp.tv\\\/2023\\\/\",\"logo\":{\"@type\":\"ImageObject\",\"inLanguage\":\"es\",\"@id\":\"https:\\\/\\\/canal7slp.tv\\\/2023\\\/#\\\/schema\\\/logo\\\/image\\\/\",\"url\":\"https:\\\/\\\/canal7slp.tv\\\/2023\\\/wp-content\\\/uploads\\\/2021\\\/01\\\/logo-noticieros@2x.png\",\"contentUrl\":\"https:\\\/\\\/canal7slp.tv\\\/2023\\\/wp-content\\\/uploads\\\/2021\\\/01\\\/logo-noticieros@2x.png\",\"width\":1017,\"height\":268,\"caption\":\"Noticieros Canal 7\"},\"image\":{\"@id\":\"https:\\\/\\\/canal7slp.tv\\\/2023\\\/#\\\/schema\\\/logo\\\/image\\\/\"},\"sameAs\":[\"https:\\\/\\\/www.facebook.com\\\/noticieroscanalsiete\",\"https:\\\/\\\/x.com\\\/NOTICIEROS7\",\"https:\\\/\\\/www.instagram.com\\\/canal7_slp\",\"https:\\\/\\\/www.youtube.com\\\/channel\\\/UCliiYs-gP3JfJeqdPrNdd5A\"]},{\"@type\":\"Person\",\"@id\":\"https:\\\/\\\/canal7slp.tv\\\/2023\\\/#\\\/schema\\\/person\\\/639c424e3584069003b11ae813915da6\",\"name\":\"Edici\u00f3n Web\",\"image\":{\"@type\":\"ImageObject\",\"inLanguage\":\"es\",\"@id\":\"https:\\\/\\\/secure.gravatar.com\\\/avatar\\\/eee448fc3f7164808013b816ba91ac7e43bbe82a70bebac296f8bc6f0addaa1a?s=96&d=mm&r=g\",\"url\":\"https:\\\/\\\/secure.gravatar.com\\\/avatar\\\/eee448fc3f7164808013b816ba91ac7e43bbe82a70bebac296f8bc6f0addaa1a?s=96&d=mm&r=g\",\"contentUrl\":\"https:\\\/\\\/secure.gravatar.com\\\/avatar\\\/eee448fc3f7164808013b816ba91ac7e43bbe82a70bebac296f8bc6f0addaa1a?s=96&d=mm&r=g\",\"caption\":\"Edici\u00f3n Web\"},\"url\":\"https:\\\/\\\/canal7slp.tv\\\/2023\\\/author\\\/edicionweb\\\/\"}]}<\/script>\n<!-- \/ Yoast SEO plugin. -->","yoast_head_json":{"title":"Propone Ebrard muro cibern\u00e9tico entre M\u00e9xico y Estados Unidos - Canal 7 SLP - 2023","robots":{"index":"index","follow":"follow","max-snippet":"max-snippet:-1","max-image-preview":"max-image-preview:large","max-video-preview":"max-video-preview:-1"},"canonical":"https:\/\/canal7slp.tv\/2023\/propone-ebrard-muro-cibernetico-entre-mexico-y-estados-unidos\/","og_locale":"es_ES","og_type":"article","og_title":"Propone Ebrard muro cibern\u00e9tico entre M\u00e9xico y Estados Unidos - Canal 7 SLP - 2023","og_description":"M\u00e9xico.- Marcelo Luis Ebrard Casaubon propuso la creaci\u00f3n de un \u00abmuro cibern\u00e9tico\u00bb para frenar el tr\u00e1fico de armas en la frontera entre M\u00e9xico y Estados Unidos, como parte de su estrategia de seguridad conocida como \u00abPlan \u00c1ngel\u00bb. Seg\u00fan Ebrard, los m\u00e1s de tres mil kil\u00f3metros de frontera entre ambos pa\u00edses podr\u00edan ser vigilados mediante drones. Ebrard tambi\u00e9n plante\u00f3 la creaci\u00f3n del \u00abEnlace \u00c1ngel Violeta\u00bb, con el que las mujeres puedan solicitar el apoyo de la Guardia Nacional a trav\u00e9s de su tel\u00e9fono m\u00f3vil para mejorar la seguridad de las mujeres. Adem\u00e1s, enfatiz\u00f3 la necesidad de multiplicar por cinco la capacidad [&hellip;]","og_url":"https:\/\/canal7slp.tv\/2023\/propone-ebrard-muro-cibernetico-entre-mexico-y-estados-unidos\/","og_site_name":"Canal 7 SLP - 2023","article_publisher":"https:\/\/www.facebook.com\/noticieroscanalsiete","article_published_time":"2023-07-18T22:01:11+00:00","og_image":[{"width":1600,"height":900,"url":"https:\/\/canal7slp.tv\/2023\/wp-content\/uploads\/2023\/07\/05-16.jpg","type":"image\/jpeg"}],"author":"Edici\u00f3n Web","twitter_card":"summary_large_image","twitter_creator":"@NOTICIEROS7","twitter_site":"@NOTICIEROS7","twitter_misc":{"Escrito por":"Edici\u00f3n Web","Tiempo de lectura":"1 minuto"},"schema":{"@context":"https:\/\/schema.org","@graph":[{"@type":"Article","@id":"https:\/\/canal7slp.tv\/2023\/propone-ebrard-muro-cibernetico-entre-mexico-y-estados-unidos\/#article","isPartOf":{"@id":"https:\/\/canal7slp.tv\/2023\/propone-ebrard-muro-cibernetico-entre-mexico-y-estados-unidos\/"},"author":{"name":"Edici\u00f3n Web","@id":"https:\/\/canal7slp.tv\/2023\/#\/schema\/person\/639c424e3584069003b11ae813915da6"},"headline":"Propone Ebrard muro cibern\u00e9tico entre M\u00e9xico y Estados Unidos","datePublished":"2023-07-18T22:01:11+00:00","mainEntityOfPage":{"@id":"https:\/\/canal7slp.tv\/2023\/propone-ebrard-muro-cibernetico-entre-mexico-y-estados-unidos\/"},"wordCount":145,"publisher":{"@id":"https:\/\/canal7slp.tv\/2023\/#organization"},"image":{"@id":"https:\/\/canal7slp.tv\/2023\/propone-ebrard-muro-cibernetico-entre-mexico-y-estados-unidos\/#primaryimage"},"thumbnailUrl":"https:\/\/canal7slp.tv\/2023\/wp-content\/uploads\/2023\/07\/05-16.jpg","articleSection":["NACIONALES"],"inLanguage":"es"},{"@type":"WebPage","@id":"https:\/\/canal7slp.tv\/2023\/propone-ebrard-muro-cibernetico-entre-mexico-y-estados-unidos\/","url":"https:\/\/canal7slp.tv\/2023\/propone-ebrard-muro-cibernetico-entre-mexico-y-estados-unidos\/","name":"Propone Ebrard muro cibern\u00e9tico entre M\u00e9xico y Estados Unidos - Canal 7 SLP - 2023","isPartOf":{"@id":"https:\/\/canal7slp.tv\/2023\/#website"},"primaryImageOfPage":{"@id":"https:\/\/canal7slp.tv\/2023\/propone-ebrard-muro-cibernetico-entre-mexico-y-estados-unidos\/#primaryimage"},"image":{"@id":"https:\/\/canal7slp.tv\/2023\/propone-ebrard-muro-cibernetico-entre-mexico-y-estados-unidos\/#primaryimage"},"thumbnailUrl":"https:\/\/canal7slp.tv\/2023\/wp-content\/uploads\/2023\/07\/05-16.jpg","datePublished":"2023-07-18T22:01:11+00:00","breadcrumb":{"@id":"https:\/\/canal7slp.tv\/2023\/propone-ebrard-muro-cibernetico-entre-mexico-y-estados-unidos\/#breadcrumb"},"inLanguage":"es","potentialAction":[{"@type":"ReadAction","target":["https:\/\/canal7slp.tv\/2023\/propone-ebrard-muro-cibernetico-entre-mexico-y-estados-unidos\/"]}]},{"@type":"ImageObject","inLanguage":"es","@id":"https:\/\/canal7slp.tv\/2023\/propone-ebrard-muro-cibernetico-entre-mexico-y-estados-unidos\/#primaryimage","url":"https:\/\/canal7slp.tv\/2023\/wp-content\/uploads\/2023\/07\/05-16.jpg","contentUrl":"https:\/\/canal7slp.tv\/2023\/wp-content\/uploads\/2023\/07\/05-16.jpg","width":1600,"height":900},{"@type":"BreadcrumbList","@id":"https:\/\/canal7slp.tv\/2023\/propone-ebrard-muro-cibernetico-entre-mexico-y-estados-unidos\/#breadcrumb","itemListElement":[{"@type":"ListItem","position":1,"name":"Portada","item":"https:\/\/canal7slp.tv\/2023\/"},{"@type":"ListItem","position":2,"name":"Propone Ebrard muro cibern\u00e9tico entre M\u00e9xico y Estados Unidos"}]},{"@type":"WebSite","@id":"https:\/\/canal7slp.tv\/2023\/#website","url":"https:\/\/canal7slp.tv\/2023\/","name":"N7 - Noticieros Canal 7","description":"Somos Televisi\u00f3n","publisher":{"@id":"https:\/\/canal7slp.tv\/2023\/#organization"},"potentialAction":[{"@type":"SearchAction","target":{"@type":"EntryPoint","urlTemplate":"https:\/\/canal7slp.tv\/2023\/?s={search_term_string}"},"query-input":{"@type":"PropertyValueSpecification","valueRequired":true,"valueName":"search_term_string"}}],"inLanguage":"es"},{"@type":"Organization","@id":"https:\/\/canal7slp.tv\/2023\/#organization","name":"Noticieros Canal 7","url":"https:\/\/canal7slp.tv\/2023\/","logo":{"@type":"ImageObject","inLanguage":"es","@id":"https:\/\/canal7slp.tv\/2023\/#\/schema\/logo\/image\/","url":"https:\/\/canal7slp.tv\/2023\/wp-content\/uploads\/2021\/01\/logo-noticieros@2x.png","contentUrl":"https:\/\/canal7slp.tv\/2023\/wp-content\/uploads\/2021\/01\/logo-noticieros@2x.png","width":1017,"height":268,"caption":"Noticieros Canal 7"},"image":{"@id":"https:\/\/canal7slp.tv\/2023\/#\/schema\/logo\/image\/"},"sameAs":["https:\/\/www.facebook.com\/noticieroscanalsiete","https:\/\/x.com\/NOTICIEROS7","https:\/\/www.instagram.com\/canal7_slp","https:\/\/www.youtube.com\/channel\/UCliiYs-gP3JfJeqdPrNdd5A"]},{"@type":"Person","@id":"https:\/\/canal7slp.tv\/2023\/#\/schema\/person\/639c424e3584069003b11ae813915da6","name":"Edici\u00f3n Web","image":{"@type":"ImageObject","inLanguage":"es","@id":"https:\/\/secure.gravatar.com\/avatar\/eee448fc3f7164808013b816ba91ac7e43bbe82a70bebac296f8bc6f0addaa1a?s=96&d=mm&r=g","url":"https:\/\/secure.gravatar.com\/avatar\/eee448fc3f7164808013b816ba91ac7e43bbe82a70bebac296f8bc6f0addaa1a?s=96&d=mm&r=g","contentUrl":"https:\/\/secure.gravatar.com\/avatar\/eee448fc3f7164808013b816ba91ac7e43bbe82a70bebac296f8bc6f0addaa1a?s=96&d=mm&r=g","caption":"Edici\u00f3n Web"},"url":"https:\/\/canal7slp.tv\/2023\/author\/edicionweb\/"}]}},"_links":{"self":[{"href":"https:\/\/canal7slp.tv\/2023\/wp-json\/wp\/v2\/posts\/101672","targetHints":{"allow":["GET"]}}],"collection":[{"href":"https:\/\/canal7slp.tv\/2023\/wp-json\/wp\/v2\/posts"}],"about":[{"href":"https:\/\/canal7slp.tv\/2023\/wp-json\/wp\/v2\/types\/post"}],"author":[{"embeddable":true,"href":"https:\/\/canal7slp.tv\/2023\/wp-json\/wp\/v2\/users\/2"}],"replies":[{"embeddable":true,"href":"https:\/\/canal7slp.tv\/2023\/wp-json\/wp\/v2\/comments?post=101672"}],"version-history":[{"count":3,"href":"https:\/\/canal7slp.tv\/2023\/wp-json\/wp\/v2\/posts\/101672\/revisions"}],"predecessor-version":[{"id":101700,"href":"https:\/\/canal7slp.tv\/2023\/wp-json\/wp\/v2\/posts\/101672\/revisions\/101700"}],"wp:featuredmedia":[{"embeddable":true,"href":"https:\/\/canal7slp.tv\/2023\/wp-json\/wp\/v2\/media\/101685"}],"wp:attachment":[{"href":"https:\/\/canal7slp.tv\/2023\/wp-json\/wp\/v2\/media?parent=101672"}],"wp:term":[{"taxonomy":"category","embeddable":true,"href":"https:\/\/canal7slp.tv\/2023\/wp-json\/wp\/v2\/categories?post=101672"},{"taxonomy":"post_tag","embeddable":true,"href":"https:\/\/canal7slp.tv\/2023\/wp-json\/wp\/v2\/tags?post=101672"}],"curies":[{"name":"wp","href":"https:\/\/api.w.org\/{rel}","templated":true}]}}