{"id":101628,"date":"2023-07-17T18:22:37","date_gmt":"2023-07-18T00:22:37","guid":{"rendered":"https:\/\/canal7slp.tv\/2023\/?p=101628"},"modified":"2023-07-17T18:22:37","modified_gmt":"2023-07-18T00:22:37","slug":"claman-justicia-por-nelson-matus-periodista-asesinado-a-tiros-en-acapulco","status":"publish","type":"post","link":"https:\/\/canal7slp.tv\/2023\/claman-justicia-por-nelson-matus-periodista-asesinado-a-tiros-en-acapulco\/","title":{"rendered":"Claman justicia por Nelson Matus, periodista asesinado a tiros en Acapulco"},"content":{"rendered":"<p style=\"text-align: justify;\">Acapulco.- Nelson Matus Pe\u00f1a, fundador del portal Lo Real de Guerrero, fue asesinado la tarde de este s\u00e1bado en el estacionamiento de una tienda en Acapulco Guerrero.<\/p>\n<p style=\"text-align: justify;\">Seg\u00fan los primeros reportes, los agresores se acercaron a su veh\u00edculo y dispararon en varias ocasiones.<\/p>\n<p style=\"text-align: justify;\">El director del medio local falleci\u00f3 en el lugar, a pesar de la llegada de diferentes cuerpos de emergencia para auxiliarlo.<\/p>\n<p style=\"text-align: justify;\">El portal de Matus Pe\u00f1a se especializaba en cubrir nota roja en el puerto y en agosto de 2019 sali\u00f3 ileso de un ataque en su contra.<\/p>\n<p style=\"text-align: justify;\">Im\u00e1genes compartidas en redes sociales muestran c\u00f3mo su cuerpo qued\u00f3 tirado cerca de la puerta de su carro.<\/p>\n","protected":false},"excerpt":{"rendered":"<p>Acapulco.- Nelson Matus Pe\u00f1a, fundador del portal Lo Real de Guerrero, fue asesinado la tarde de este s\u00e1bado en el estacionamiento de una tienda en Acapulco Guerrero. Seg\u00fan los primeros reportes, los agresores se acercaron a su veh\u00edculo y dispararon en varias ocasiones. El director del medio local falleci\u00f3 en el lugar, a pesar de la llegada de diferentes cuerpos de emergencia para auxiliarlo. El portal de Matus Pe\u00f1a se especializaba en cubrir nota roja en el puerto y en agosto de 2019 sali\u00f3 ileso de un ataque en su contra. Im\u00e1genes compartidas en redes sociales muestran c\u00f3mo su cuerpo [&hellip;]<\/p>\n","protected":false},"author":2,"featured_media":101629,"comment_status":"closed","ping_status":"closed","sticky":false,"template":"","format":"standard","meta":{"footnotes":""},"categories":[46],"tags":[],"class_list":["post-101628","post","type-post","status-publish","format-standard","has-post-thumbnail","hentry","category-nacional","post--single"],"yoast_head":"<!-- This site is optimized with the Yoast SEO plugin v27.5 - https:\/\/yoast.com\/product\/yoast-seo-wordpress\/ -->\n<title>Claman justicia por Nelson Matus, periodista asesinado a tiros en Acapulco - Canal 7 SLP - 2023<\/title>\n<meta name=\"robots\" content=\"index, follow, max-snippet:-1, max-image-preview:large, max-video-preview:-1\" \/>\n<link rel=\"canonical\" href=\"https:\/\/canal7slp.tv\/2023\/claman-justicia-por-nelson-matus-periodista-asesinado-a-tiros-en-acapulco\/\" \/>\n<meta property=\"og:locale\" content=\"es_ES\" \/>\n<meta property=\"og:type\" content=\"article\" \/>\n<meta property=\"og:title\" content=\"Claman justicia por Nelson Matus, periodista asesinado a tiros en Acapulco - Canal 7 SLP - 2023\" \/>\n<meta property=\"og:description\" content=\"Acapulco.- Nelson Matus Pe\u00f1a, fundador del portal Lo Real de Guerrero, fue asesinado la tarde de este s\u00e1bado en el estacionamiento de una tienda en Acapulco Guerrero. Seg\u00fan los primeros reportes, los agresores se acercaron a su veh\u00edculo y dispararon en varias ocasiones. El director del medio local falleci\u00f3 en el lugar, a pesar de la llegada de diferentes cuerpos de emergencia para auxiliarlo. El portal de Matus Pe\u00f1a se especializaba en cubrir nota roja en el puerto y en agosto de 2019 sali\u00f3 ileso de un ataque en su contra. Im\u00e1genes compartidas en redes sociales muestran c\u00f3mo su cuerpo [&hellip;]\" \/>\n<meta property=\"og:url\" content=\"https:\/\/canal7slp.tv\/2023\/claman-justicia-por-nelson-matus-periodista-asesinado-a-tiros-en-acapulco\/\" \/>\n<meta property=\"og:site_name\" content=\"Canal 7 SLP - 2023\" \/>\n<meta property=\"article:publisher\" content=\"https:\/\/www.facebook.com\/noticieroscanalsiete\" \/>\n<meta property=\"article:published_time\" content=\"2023-07-18T00:22:37+00:00\" \/>\n<meta property=\"og:image\" content=\"https:\/\/canal7slp.tv\/2023\/wp-content\/uploads\/2023\/07\/1605.jpg\" \/>\n\t<meta property=\"og:image:width\" content=\"1024\" \/>\n\t<meta property=\"og:image:height\" content=\"576\" \/>\n\t<meta property=\"og:image:type\" content=\"image\/jpeg\" \/>\n<meta name=\"author\" content=\"Edici\u00f3n Web\" \/>\n<meta name=\"twitter:card\" content=\"summary_large_image\" \/>\n<meta name=\"twitter:creator\" content=\"@NOTICIEROS7\" \/>\n<meta name=\"twitter:site\" content=\"@NOTICIEROS7\" \/>\n<meta name=\"twitter:label1\" content=\"Escrito por\" \/>\n\t<meta name=\"twitter:data1\" content=\"Edici\u00f3n Web\" \/>\n\t<meta name=\"twitter:label2\" content=\"Tiempo de lectura\" \/>\n\t<meta name=\"twitter:data2\" content=\"1 minuto\" \/>\n<script type=\"application\/ld+json\" class=\"yoast-schema-graph\">{\"@context\":\"https:\\\/\\\/schema.org\",\"@graph\":[{\"@type\":\"Article\",\"@id\":\"https:\\\/\\\/canal7slp.tv\\\/2023\\\/claman-justicia-por-nelson-matus-periodista-asesinado-a-tiros-en-acapulco\\\/#article\",\"isPartOf\":{\"@id\":\"https:\\\/\\\/canal7slp.tv\\\/2023\\\/claman-justicia-por-nelson-matus-periodista-asesinado-a-tiros-en-acapulco\\\/\"},\"author\":{\"name\":\"Edici\u00f3n Web\",\"@id\":\"https:\\\/\\\/canal7slp.tv\\\/2023\\\/#\\\/schema\\\/person\\\/639c424e3584069003b11ae813915da6\"},\"headline\":\"Claman justicia por Nelson Matus, periodista asesinado a tiros en Acapulco\",\"datePublished\":\"2023-07-18T00:22:37+00:00\",\"mainEntityOfPage\":{\"@id\":\"https:\\\/\\\/canal7slp.tv\\\/2023\\\/claman-justicia-por-nelson-matus-periodista-asesinado-a-tiros-en-acapulco\\\/\"},\"wordCount\":127,\"publisher\":{\"@id\":\"https:\\\/\\\/canal7slp.tv\\\/2023\\\/#organization\"},\"image\":{\"@id\":\"https:\\\/\\\/canal7slp.tv\\\/2023\\\/claman-justicia-por-nelson-matus-periodista-asesinado-a-tiros-en-acapulco\\\/#primaryimage\"},\"thumbnailUrl\":\"https:\\\/\\\/canal7slp.tv\\\/2023\\\/wp-content\\\/uploads\\\/2023\\\/07\\\/1605.jpg\",\"articleSection\":[\"NACIONALES\"],\"inLanguage\":\"es\"},{\"@type\":\"WebPage\",\"@id\":\"https:\\\/\\\/canal7slp.tv\\\/2023\\\/claman-justicia-por-nelson-matus-periodista-asesinado-a-tiros-en-acapulco\\\/\",\"url\":\"https:\\\/\\\/canal7slp.tv\\\/2023\\\/claman-justicia-por-nelson-matus-periodista-asesinado-a-tiros-en-acapulco\\\/\",\"name\":\"Claman justicia por Nelson Matus, periodista asesinado a tiros en Acapulco - Canal 7 SLP - 2023\",\"isPartOf\":{\"@id\":\"https:\\\/\\\/canal7slp.tv\\\/2023\\\/#website\"},\"primaryImageOfPage\":{\"@id\":\"https:\\\/\\\/canal7slp.tv\\\/2023\\\/claman-justicia-por-nelson-matus-periodista-asesinado-a-tiros-en-acapulco\\\/#primaryimage\"},\"image\":{\"@id\":\"https:\\\/\\\/canal7slp.tv\\\/2023\\\/claman-justicia-por-nelson-matus-periodista-asesinado-a-tiros-en-acapulco\\\/#primaryimage\"},\"thumbnailUrl\":\"https:\\\/\\\/canal7slp.tv\\\/2023\\\/wp-content\\\/uploads\\\/2023\\\/07\\\/1605.jpg\",\"datePublished\":\"2023-07-18T00:22:37+00:00\",\"breadcrumb\":{\"@id\":\"https:\\\/\\\/canal7slp.tv\\\/2023\\\/claman-justicia-por-nelson-matus-periodista-asesinado-a-tiros-en-acapulco\\\/#breadcrumb\"},\"inLanguage\":\"es\",\"potentialAction\":[{\"@type\":\"ReadAction\",\"target\":[\"https:\\\/\\\/canal7slp.tv\\\/2023\\\/claman-justicia-por-nelson-matus-periodista-asesinado-a-tiros-en-acapulco\\\/\"]}]},{\"@type\":\"ImageObject\",\"inLanguage\":\"es\",\"@id\":\"https:\\\/\\\/canal7slp.tv\\\/2023\\\/claman-justicia-por-nelson-matus-periodista-asesinado-a-tiros-en-acapulco\\\/#primaryimage\",\"url\":\"https:\\\/\\\/canal7slp.tv\\\/2023\\\/wp-content\\\/uploads\\\/2023\\\/07\\\/1605.jpg\",\"contentUrl\":\"https:\\\/\\\/canal7slp.tv\\\/2023\\\/wp-content\\\/uploads\\\/2023\\\/07\\\/1605.jpg\",\"width\":1024,\"height\":576},{\"@type\":\"BreadcrumbList\",\"@id\":\"https:\\\/\\\/canal7slp.tv\\\/2023\\\/claman-justicia-por-nelson-matus-periodista-asesinado-a-tiros-en-acapulco\\\/#breadcrumb\",\"itemListElement\":[{\"@type\":\"ListItem\",\"position\":1,\"name\":\"Portada\",\"item\":\"https:\\\/\\\/canal7slp.tv\\\/2023\\\/\"},{\"@type\":\"ListItem\",\"position\":2,\"name\":\"Claman justicia por Nelson Matus, periodista asesinado a tiros en Acapulco\"}]},{\"@type\":\"WebSite\",\"@id\":\"https:\\\/\\\/canal7slp.tv\\\/2023\\\/#website\",\"url\":\"https:\\\/\\\/canal7slp.tv\\\/2023\\\/\",\"name\":\"N7 - Noticieros Canal 7\",\"description\":\"Somos Televisi\u00f3n\",\"publisher\":{\"@id\":\"https:\\\/\\\/canal7slp.tv\\\/2023\\\/#organization\"},\"potentialAction\":[{\"@type\":\"SearchAction\",\"target\":{\"@type\":\"EntryPoint\",\"urlTemplate\":\"https:\\\/\\\/canal7slp.tv\\\/2023\\\/?s={search_term_string}\"},\"query-input\":{\"@type\":\"PropertyValueSpecification\",\"valueRequired\":true,\"valueName\":\"search_term_string\"}}],\"inLanguage\":\"es\"},{\"@type\":\"Organization\",\"@id\":\"https:\\\/\\\/canal7slp.tv\\\/2023\\\/#organization\",\"name\":\"Noticieros Canal 7\",\"url\":\"https:\\\/\\\/canal7slp.tv\\\/2023\\\/\",\"logo\":{\"@type\":\"ImageObject\",\"inLanguage\":\"es\",\"@id\":\"https:\\\/\\\/canal7slp.tv\\\/2023\\\/#\\\/schema\\\/logo\\\/image\\\/\",\"url\":\"https:\\\/\\\/canal7slp.tv\\\/2023\\\/wp-content\\\/uploads\\\/2021\\\/01\\\/logo-noticieros@2x.png\",\"contentUrl\":\"https:\\\/\\\/canal7slp.tv\\\/2023\\\/wp-content\\\/uploads\\\/2021\\\/01\\\/logo-noticieros@2x.png\",\"width\":1017,\"height\":268,\"caption\":\"Noticieros Canal 7\"},\"image\":{\"@id\":\"https:\\\/\\\/canal7slp.tv\\\/2023\\\/#\\\/schema\\\/logo\\\/image\\\/\"},\"sameAs\":[\"https:\\\/\\\/www.facebook.com\\\/noticieroscanalsiete\",\"https:\\\/\\\/x.com\\\/NOTICIEROS7\",\"https:\\\/\\\/www.instagram.com\\\/canal7_slp\",\"https:\\\/\\\/www.youtube.com\\\/channel\\\/UCliiYs-gP3JfJeqdPrNdd5A\"]},{\"@type\":\"Person\",\"@id\":\"https:\\\/\\\/canal7slp.tv\\\/2023\\\/#\\\/schema\\\/person\\\/639c424e3584069003b11ae813915da6\",\"name\":\"Edici\u00f3n Web\",\"image\":{\"@type\":\"ImageObject\",\"inLanguage\":\"es\",\"@id\":\"https:\\\/\\\/secure.gravatar.com\\\/avatar\\\/eee448fc3f7164808013b816ba91ac7e43bbe82a70bebac296f8bc6f0addaa1a?s=96&d=mm&r=g\",\"url\":\"https:\\\/\\\/secure.gravatar.com\\\/avatar\\\/eee448fc3f7164808013b816ba91ac7e43bbe82a70bebac296f8bc6f0addaa1a?s=96&d=mm&r=g\",\"contentUrl\":\"https:\\\/\\\/secure.gravatar.com\\\/avatar\\\/eee448fc3f7164808013b816ba91ac7e43bbe82a70bebac296f8bc6f0addaa1a?s=96&d=mm&r=g\",\"caption\":\"Edici\u00f3n Web\"},\"url\":\"https:\\\/\\\/canal7slp.tv\\\/2023\\\/author\\\/edicionweb\\\/\"}]}<\/script>\n<!-- \/ Yoast SEO plugin. -->","yoast_head_json":{"title":"Claman justicia por Nelson Matus, periodista asesinado a tiros en Acapulco - Canal 7 SLP - 2023","robots":{"index":"index","follow":"follow","max-snippet":"max-snippet:-1","max-image-preview":"max-image-preview:large","max-video-preview":"max-video-preview:-1"},"canonical":"https:\/\/canal7slp.tv\/2023\/claman-justicia-por-nelson-matus-periodista-asesinado-a-tiros-en-acapulco\/","og_locale":"es_ES","og_type":"article","og_title":"Claman justicia por Nelson Matus, periodista asesinado a tiros en Acapulco - Canal 7 SLP - 2023","og_description":"Acapulco.- Nelson Matus Pe\u00f1a, fundador del portal Lo Real de Guerrero, fue asesinado la tarde de este s\u00e1bado en el estacionamiento de una tienda en Acapulco Guerrero. Seg\u00fan los primeros reportes, los agresores se acercaron a su veh\u00edculo y dispararon en varias ocasiones. El director del medio local falleci\u00f3 en el lugar, a pesar de la llegada de diferentes cuerpos de emergencia para auxiliarlo. El portal de Matus Pe\u00f1a se especializaba en cubrir nota roja en el puerto y en agosto de 2019 sali\u00f3 ileso de un ataque en su contra. Im\u00e1genes compartidas en redes sociales muestran c\u00f3mo su cuerpo [&hellip;]","og_url":"https:\/\/canal7slp.tv\/2023\/claman-justicia-por-nelson-matus-periodista-asesinado-a-tiros-en-acapulco\/","og_site_name":"Canal 7 SLP - 2023","article_publisher":"https:\/\/www.facebook.com\/noticieroscanalsiete","article_published_time":"2023-07-18T00:22:37+00:00","og_image":[{"width":1024,"height":576,"url":"https:\/\/canal7slp.tv\/2023\/wp-content\/uploads\/2023\/07\/1605.jpg","type":"image\/jpeg"}],"author":"Edici\u00f3n Web","twitter_card":"summary_large_image","twitter_creator":"@NOTICIEROS7","twitter_site":"@NOTICIEROS7","twitter_misc":{"Escrito por":"Edici\u00f3n Web","Tiempo de lectura":"1 minuto"},"schema":{"@context":"https:\/\/schema.org","@graph":[{"@type":"Article","@id":"https:\/\/canal7slp.tv\/2023\/claman-justicia-por-nelson-matus-periodista-asesinado-a-tiros-en-acapulco\/#article","isPartOf":{"@id":"https:\/\/canal7slp.tv\/2023\/claman-justicia-por-nelson-matus-periodista-asesinado-a-tiros-en-acapulco\/"},"author":{"name":"Edici\u00f3n Web","@id":"https:\/\/canal7slp.tv\/2023\/#\/schema\/person\/639c424e3584069003b11ae813915da6"},"headline":"Claman justicia por Nelson Matus, periodista asesinado a tiros en Acapulco","datePublished":"2023-07-18T00:22:37+00:00","mainEntityOfPage":{"@id":"https:\/\/canal7slp.tv\/2023\/claman-justicia-por-nelson-matus-periodista-asesinado-a-tiros-en-acapulco\/"},"wordCount":127,"publisher":{"@id":"https:\/\/canal7slp.tv\/2023\/#organization"},"image":{"@id":"https:\/\/canal7slp.tv\/2023\/claman-justicia-por-nelson-matus-periodista-asesinado-a-tiros-en-acapulco\/#primaryimage"},"thumbnailUrl":"https:\/\/canal7slp.tv\/2023\/wp-content\/uploads\/2023\/07\/1605.jpg","articleSection":["NACIONALES"],"inLanguage":"es"},{"@type":"WebPage","@id":"https:\/\/canal7slp.tv\/2023\/claman-justicia-por-nelson-matus-periodista-asesinado-a-tiros-en-acapulco\/","url":"https:\/\/canal7slp.tv\/2023\/claman-justicia-por-nelson-matus-periodista-asesinado-a-tiros-en-acapulco\/","name":"Claman justicia por Nelson Matus, periodista asesinado a tiros en Acapulco - Canal 7 SLP - 2023","isPartOf":{"@id":"https:\/\/canal7slp.tv\/2023\/#website"},"primaryImageOfPage":{"@id":"https:\/\/canal7slp.tv\/2023\/claman-justicia-por-nelson-matus-periodista-asesinado-a-tiros-en-acapulco\/#primaryimage"},"image":{"@id":"https:\/\/canal7slp.tv\/2023\/claman-justicia-por-nelson-matus-periodista-asesinado-a-tiros-en-acapulco\/#primaryimage"},"thumbnailUrl":"https:\/\/canal7slp.tv\/2023\/wp-content\/uploads\/2023\/07\/1605.jpg","datePublished":"2023-07-18T00:22:37+00:00","breadcrumb":{"@id":"https:\/\/canal7slp.tv\/2023\/claman-justicia-por-nelson-matus-periodista-asesinado-a-tiros-en-acapulco\/#breadcrumb"},"inLanguage":"es","potentialAction":[{"@type":"ReadAction","target":["https:\/\/canal7slp.tv\/2023\/claman-justicia-por-nelson-matus-periodista-asesinado-a-tiros-en-acapulco\/"]}]},{"@type":"ImageObject","inLanguage":"es","@id":"https:\/\/canal7slp.tv\/2023\/claman-justicia-por-nelson-matus-periodista-asesinado-a-tiros-en-acapulco\/#primaryimage","url":"https:\/\/canal7slp.tv\/2023\/wp-content\/uploads\/2023\/07\/1605.jpg","contentUrl":"https:\/\/canal7slp.tv\/2023\/wp-content\/uploads\/2023\/07\/1605.jpg","width":1024,"height":576},{"@type":"BreadcrumbList","@id":"https:\/\/canal7slp.tv\/2023\/claman-justicia-por-nelson-matus-periodista-asesinado-a-tiros-en-acapulco\/#breadcrumb","itemListElement":[{"@type":"ListItem","position":1,"name":"Portada","item":"https:\/\/canal7slp.tv\/2023\/"},{"@type":"ListItem","position":2,"name":"Claman justicia por Nelson Matus, periodista asesinado a tiros en Acapulco"}]},{"@type":"WebSite","@id":"https:\/\/canal7slp.tv\/2023\/#website","url":"https:\/\/canal7slp.tv\/2023\/","name":"N7 - Noticieros Canal 7","description":"Somos Televisi\u00f3n","publisher":{"@id":"https:\/\/canal7slp.tv\/2023\/#organization"},"potentialAction":[{"@type":"SearchAction","target":{"@type":"EntryPoint","urlTemplate":"https:\/\/canal7slp.tv\/2023\/?s={search_term_string}"},"query-input":{"@type":"PropertyValueSpecification","valueRequired":true,"valueName":"search_term_string"}}],"inLanguage":"es"},{"@type":"Organization","@id":"https:\/\/canal7slp.tv\/2023\/#organization","name":"Noticieros Canal 7","url":"https:\/\/canal7slp.tv\/2023\/","logo":{"@type":"ImageObject","inLanguage":"es","@id":"https:\/\/canal7slp.tv\/2023\/#\/schema\/logo\/image\/","url":"https:\/\/canal7slp.tv\/2023\/wp-content\/uploads\/2021\/01\/logo-noticieros@2x.png","contentUrl":"https:\/\/canal7slp.tv\/2023\/wp-content\/uploads\/2021\/01\/logo-noticieros@2x.png","width":1017,"height":268,"caption":"Noticieros Canal 7"},"image":{"@id":"https:\/\/canal7slp.tv\/2023\/#\/schema\/logo\/image\/"},"sameAs":["https:\/\/www.facebook.com\/noticieroscanalsiete","https:\/\/x.com\/NOTICIEROS7","https:\/\/www.instagram.com\/canal7_slp","https:\/\/www.youtube.com\/channel\/UCliiYs-gP3JfJeqdPrNdd5A"]},{"@type":"Person","@id":"https:\/\/canal7slp.tv\/2023\/#\/schema\/person\/639c424e3584069003b11ae813915da6","name":"Edici\u00f3n Web","image":{"@type":"ImageObject","inLanguage":"es","@id":"https:\/\/secure.gravatar.com\/avatar\/eee448fc3f7164808013b816ba91ac7e43bbe82a70bebac296f8bc6f0addaa1a?s=96&d=mm&r=g","url":"https:\/\/secure.gravatar.com\/avatar\/eee448fc3f7164808013b816ba91ac7e43bbe82a70bebac296f8bc6f0addaa1a?s=96&d=mm&r=g","contentUrl":"https:\/\/secure.gravatar.com\/avatar\/eee448fc3f7164808013b816ba91ac7e43bbe82a70bebac296f8bc6f0addaa1a?s=96&d=mm&r=g","caption":"Edici\u00f3n Web"},"url":"https:\/\/canal7slp.tv\/2023\/author\/edicionweb\/"}]}},"_links":{"self":[{"href":"https:\/\/canal7slp.tv\/2023\/wp-json\/wp\/v2\/posts\/101628","targetHints":{"allow":["GET"]}}],"collection":[{"href":"https:\/\/canal7slp.tv\/2023\/wp-json\/wp\/v2\/posts"}],"about":[{"href":"https:\/\/canal7slp.tv\/2023\/wp-json\/wp\/v2\/types\/post"}],"author":[{"embeddable":true,"href":"https:\/\/canal7slp.tv\/2023\/wp-json\/wp\/v2\/users\/2"}],"replies":[{"embeddable":true,"href":"https:\/\/canal7slp.tv\/2023\/wp-json\/wp\/v2\/comments?post=101628"}],"version-history":[{"count":1,"href":"https:\/\/canal7slp.tv\/2023\/wp-json\/wp\/v2\/posts\/101628\/revisions"}],"predecessor-version":[{"id":101630,"href":"https:\/\/canal7slp.tv\/2023\/wp-json\/wp\/v2\/posts\/101628\/revisions\/101630"}],"wp:featuredmedia":[{"embeddable":true,"href":"https:\/\/canal7slp.tv\/2023\/wp-json\/wp\/v2\/media\/101629"}],"wp:attachment":[{"href":"https:\/\/canal7slp.tv\/2023\/wp-json\/wp\/v2\/media?parent=101628"}],"wp:term":[{"taxonomy":"category","embeddable":true,"href":"https:\/\/canal7slp.tv\/2023\/wp-json\/wp\/v2\/categories?post=101628"},{"taxonomy":"post_tag","embeddable":true,"href":"https:\/\/canal7slp.tv\/2023\/wp-json\/wp\/v2\/tags?post=101628"}],"curies":[{"name":"wp","href":"https:\/\/api.w.org\/{rel}","templated":true}]}}