{"id":101621,"date":"2023-07-17T17:57:34","date_gmt":"2023-07-17T23:57:34","guid":{"rendered":"https:\/\/canal7slp.tv\/2023\/?p=101621"},"modified":"2023-07-17T17:57:34","modified_gmt":"2023-07-17T23:57:34","slug":"sorprende-sismo-a-habitantes-de-guerrero","status":"publish","type":"post","link":"https:\/\/canal7slp.tv\/2023\/sorprende-sismo-a-habitantes-de-guerrero\/","title":{"rendered":"Sorprende sismo a habitantes de Guerrero"},"content":{"rendered":"<p style=\"text-align: justify;\">Altamirano.- La ma\u00f1ana de este 16 de julio, el Servicio Sismol\u00f3gico Nacional (SSN) emiti\u00f3 una alerta debido al sismo de 5.2 grados que se registr\u00f3 en Ciudad Altamirano, Guerrero.<\/p>\n<p style=\"text-align: justify;\">El movimiento tel\u00farico ocurri\u00f3 a las 7:44 AM y se pudo sentir en diversas regiones del estado coste\u00f1o, as\u00ed como en Morelos, Michoac\u00e1n, el Estado y la Ciudad de M\u00e9xico.<\/p>\n<p style=\"text-align: justify;\">Seg\u00fan las autoridades, el sismo se gener\u00f3 a 10 kil\u00f3metros de profundidad en un lugar a 18 kil\u00f3metros al oeste de Ciudad Altamirano.<\/p>\n<p style=\"text-align: justify;\">El Centro de Alerta de Tsunamis de la Secretar\u00eda de Marina descart\u00f3 peligro de maremoto en las costas de Guerrero, pues el epicentro se encuentra alejado de las aguas del Oc\u00e9ano Pac\u00edfico.<\/p>\n","protected":false},"excerpt":{"rendered":"<p>Altamirano.- La ma\u00f1ana de este 16 de julio, el Servicio Sismol\u00f3gico Nacional (SSN) emiti\u00f3 una alerta debido al sismo de 5.2 grados que se registr\u00f3 en Ciudad Altamirano, Guerrero. El movimiento tel\u00farico ocurri\u00f3 a las 7:44 AM y se pudo sentir en diversas regiones del estado coste\u00f1o, as\u00ed como en Morelos, Michoac\u00e1n, el Estado y la Ciudad de M\u00e9xico. Seg\u00fan las autoridades, el sismo se gener\u00f3 a 10 kil\u00f3metros de profundidad en un lugar a 18 kil\u00f3metros al oeste de Ciudad Altamirano. El Centro de Alerta de Tsunamis de la Secretar\u00eda de Marina descart\u00f3 peligro de maremoto en las costas [&hellip;]<\/p>\n","protected":false},"author":2,"featured_media":101622,"comment_status":"closed","ping_status":"closed","sticky":false,"template":"","format":"standard","meta":{"footnotes":""},"categories":[46],"tags":[],"class_list":["post-101621","post","type-post","status-publish","format-standard","has-post-thumbnail","hentry","category-nacional","post--single"],"yoast_head":"<!-- This site is optimized with the Yoast SEO plugin v27.5 - https:\/\/yoast.com\/product\/yoast-seo-wordpress\/ -->\n<title>Sorprende sismo a habitantes de Guerrero - Canal 7 SLP - 2023<\/title>\n<meta name=\"robots\" content=\"index, follow, max-snippet:-1, max-image-preview:large, max-video-preview:-1\" \/>\n<link rel=\"canonical\" href=\"https:\/\/canal7slp.tv\/2023\/sorprende-sismo-a-habitantes-de-guerrero\/\" \/>\n<meta property=\"og:locale\" content=\"es_ES\" \/>\n<meta property=\"og:type\" content=\"article\" \/>\n<meta property=\"og:title\" content=\"Sorprende sismo a habitantes de Guerrero - Canal 7 SLP - 2023\" \/>\n<meta property=\"og:description\" content=\"Altamirano.- La ma\u00f1ana de este 16 de julio, el Servicio Sismol\u00f3gico Nacional (SSN) emiti\u00f3 una alerta debido al sismo de 5.2 grados que se registr\u00f3 en Ciudad Altamirano, Guerrero. El movimiento tel\u00farico ocurri\u00f3 a las 7:44 AM y se pudo sentir en diversas regiones del estado coste\u00f1o, as\u00ed como en Morelos, Michoac\u00e1n, el Estado y la Ciudad de M\u00e9xico. Seg\u00fan las autoridades, el sismo se gener\u00f3 a 10 kil\u00f3metros de profundidad en un lugar a 18 kil\u00f3metros al oeste de Ciudad Altamirano. El Centro de Alerta de Tsunamis de la Secretar\u00eda de Marina descart\u00f3 peligro de maremoto en las costas [&hellip;]\" \/>\n<meta property=\"og:url\" content=\"https:\/\/canal7slp.tv\/2023\/sorprende-sismo-a-habitantes-de-guerrero\/\" \/>\n<meta property=\"og:site_name\" content=\"Canal 7 SLP - 2023\" \/>\n<meta property=\"article:publisher\" content=\"https:\/\/www.facebook.com\/noticieroscanalsiete\" \/>\n<meta property=\"article:published_time\" content=\"2023-07-17T23:57:34+00:00\" \/>\n<meta property=\"og:image\" content=\"https:\/\/canal7slp.tv\/2023\/wp-content\/uploads\/2023\/07\/1602.jpeg\" \/>\n\t<meta property=\"og:image:width\" content=\"940\" \/>\n\t<meta property=\"og:image:height\" content=\"470\" \/>\n\t<meta property=\"og:image:type\" content=\"image\/jpeg\" \/>\n<meta name=\"author\" content=\"Edici\u00f3n Web\" \/>\n<meta name=\"twitter:card\" content=\"summary_large_image\" \/>\n<meta name=\"twitter:creator\" content=\"@NOTICIEROS7\" \/>\n<meta name=\"twitter:site\" content=\"@NOTICIEROS7\" \/>\n<meta name=\"twitter:label1\" content=\"Escrito por\" \/>\n\t<meta name=\"twitter:data1\" content=\"Edici\u00f3n Web\" \/>\n\t<meta name=\"twitter:label2\" content=\"Tiempo de lectura\" \/>\n\t<meta name=\"twitter:data2\" content=\"1 minuto\" \/>\n<script type=\"application\/ld+json\" class=\"yoast-schema-graph\">{\"@context\":\"https:\\\/\\\/schema.org\",\"@graph\":[{\"@type\":\"Article\",\"@id\":\"https:\\\/\\\/canal7slp.tv\\\/2023\\\/sorprende-sismo-a-habitantes-de-guerrero\\\/#article\",\"isPartOf\":{\"@id\":\"https:\\\/\\\/canal7slp.tv\\\/2023\\\/sorprende-sismo-a-habitantes-de-guerrero\\\/\"},\"author\":{\"name\":\"Edici\u00f3n Web\",\"@id\":\"https:\\\/\\\/canal7slp.tv\\\/2023\\\/#\\\/schema\\\/person\\\/639c424e3584069003b11ae813915da6\"},\"headline\":\"Sorprende sismo a habitantes de Guerrero\",\"datePublished\":\"2023-07-17T23:57:34+00:00\",\"mainEntityOfPage\":{\"@id\":\"https:\\\/\\\/canal7slp.tv\\\/2023\\\/sorprende-sismo-a-habitantes-de-guerrero\\\/\"},\"wordCount\":128,\"publisher\":{\"@id\":\"https:\\\/\\\/canal7slp.tv\\\/2023\\\/#organization\"},\"image\":{\"@id\":\"https:\\\/\\\/canal7slp.tv\\\/2023\\\/sorprende-sismo-a-habitantes-de-guerrero\\\/#primaryimage\"},\"thumbnailUrl\":\"https:\\\/\\\/canal7slp.tv\\\/2023\\\/wp-content\\\/uploads\\\/2023\\\/07\\\/1602.jpeg\",\"articleSection\":[\"NACIONALES\"],\"inLanguage\":\"es\"},{\"@type\":\"WebPage\",\"@id\":\"https:\\\/\\\/canal7slp.tv\\\/2023\\\/sorprende-sismo-a-habitantes-de-guerrero\\\/\",\"url\":\"https:\\\/\\\/canal7slp.tv\\\/2023\\\/sorprende-sismo-a-habitantes-de-guerrero\\\/\",\"name\":\"Sorprende sismo a habitantes de Guerrero - Canal 7 SLP - 2023\",\"isPartOf\":{\"@id\":\"https:\\\/\\\/canal7slp.tv\\\/2023\\\/#website\"},\"primaryImageOfPage\":{\"@id\":\"https:\\\/\\\/canal7slp.tv\\\/2023\\\/sorprende-sismo-a-habitantes-de-guerrero\\\/#primaryimage\"},\"image\":{\"@id\":\"https:\\\/\\\/canal7slp.tv\\\/2023\\\/sorprende-sismo-a-habitantes-de-guerrero\\\/#primaryimage\"},\"thumbnailUrl\":\"https:\\\/\\\/canal7slp.tv\\\/2023\\\/wp-content\\\/uploads\\\/2023\\\/07\\\/1602.jpeg\",\"datePublished\":\"2023-07-17T23:57:34+00:00\",\"breadcrumb\":{\"@id\":\"https:\\\/\\\/canal7slp.tv\\\/2023\\\/sorprende-sismo-a-habitantes-de-guerrero\\\/#breadcrumb\"},\"inLanguage\":\"es\",\"potentialAction\":[{\"@type\":\"ReadAction\",\"target\":[\"https:\\\/\\\/canal7slp.tv\\\/2023\\\/sorprende-sismo-a-habitantes-de-guerrero\\\/\"]}]},{\"@type\":\"ImageObject\",\"inLanguage\":\"es\",\"@id\":\"https:\\\/\\\/canal7slp.tv\\\/2023\\\/sorprende-sismo-a-habitantes-de-guerrero\\\/#primaryimage\",\"url\":\"https:\\\/\\\/canal7slp.tv\\\/2023\\\/wp-content\\\/uploads\\\/2023\\\/07\\\/1602.jpeg\",\"contentUrl\":\"https:\\\/\\\/canal7slp.tv\\\/2023\\\/wp-content\\\/uploads\\\/2023\\\/07\\\/1602.jpeg\",\"width\":940,\"height\":470},{\"@type\":\"BreadcrumbList\",\"@id\":\"https:\\\/\\\/canal7slp.tv\\\/2023\\\/sorprende-sismo-a-habitantes-de-guerrero\\\/#breadcrumb\",\"itemListElement\":[{\"@type\":\"ListItem\",\"position\":1,\"name\":\"Portada\",\"item\":\"https:\\\/\\\/canal7slp.tv\\\/2023\\\/\"},{\"@type\":\"ListItem\",\"position\":2,\"name\":\"Sorprende sismo a habitantes de Guerrero\"}]},{\"@type\":\"WebSite\",\"@id\":\"https:\\\/\\\/canal7slp.tv\\\/2023\\\/#website\",\"url\":\"https:\\\/\\\/canal7slp.tv\\\/2023\\\/\",\"name\":\"N7 - Noticieros Canal 7\",\"description\":\"Somos Televisi\u00f3n\",\"publisher\":{\"@id\":\"https:\\\/\\\/canal7slp.tv\\\/2023\\\/#organization\"},\"potentialAction\":[{\"@type\":\"SearchAction\",\"target\":{\"@type\":\"EntryPoint\",\"urlTemplate\":\"https:\\\/\\\/canal7slp.tv\\\/2023\\\/?s={search_term_string}\"},\"query-input\":{\"@type\":\"PropertyValueSpecification\",\"valueRequired\":true,\"valueName\":\"search_term_string\"}}],\"inLanguage\":\"es\"},{\"@type\":\"Organization\",\"@id\":\"https:\\\/\\\/canal7slp.tv\\\/2023\\\/#organization\",\"name\":\"Noticieros Canal 7\",\"url\":\"https:\\\/\\\/canal7slp.tv\\\/2023\\\/\",\"logo\":{\"@type\":\"ImageObject\",\"inLanguage\":\"es\",\"@id\":\"https:\\\/\\\/canal7slp.tv\\\/2023\\\/#\\\/schema\\\/logo\\\/image\\\/\",\"url\":\"https:\\\/\\\/canal7slp.tv\\\/2023\\\/wp-content\\\/uploads\\\/2021\\\/01\\\/logo-noticieros@2x.png\",\"contentUrl\":\"https:\\\/\\\/canal7slp.tv\\\/2023\\\/wp-content\\\/uploads\\\/2021\\\/01\\\/logo-noticieros@2x.png\",\"width\":1017,\"height\":268,\"caption\":\"Noticieros Canal 7\"},\"image\":{\"@id\":\"https:\\\/\\\/canal7slp.tv\\\/2023\\\/#\\\/schema\\\/logo\\\/image\\\/\"},\"sameAs\":[\"https:\\\/\\\/www.facebook.com\\\/noticieroscanalsiete\",\"https:\\\/\\\/x.com\\\/NOTICIEROS7\",\"https:\\\/\\\/www.instagram.com\\\/canal7_slp\",\"https:\\\/\\\/www.youtube.com\\\/channel\\\/UCliiYs-gP3JfJeqdPrNdd5A\"]},{\"@type\":\"Person\",\"@id\":\"https:\\\/\\\/canal7slp.tv\\\/2023\\\/#\\\/schema\\\/person\\\/639c424e3584069003b11ae813915da6\",\"name\":\"Edici\u00f3n Web\",\"image\":{\"@type\":\"ImageObject\",\"inLanguage\":\"es\",\"@id\":\"https:\\\/\\\/secure.gravatar.com\\\/avatar\\\/eee448fc3f7164808013b816ba91ac7e43bbe82a70bebac296f8bc6f0addaa1a?s=96&d=mm&r=g\",\"url\":\"https:\\\/\\\/secure.gravatar.com\\\/avatar\\\/eee448fc3f7164808013b816ba91ac7e43bbe82a70bebac296f8bc6f0addaa1a?s=96&d=mm&r=g\",\"contentUrl\":\"https:\\\/\\\/secure.gravatar.com\\\/avatar\\\/eee448fc3f7164808013b816ba91ac7e43bbe82a70bebac296f8bc6f0addaa1a?s=96&d=mm&r=g\",\"caption\":\"Edici\u00f3n Web\"},\"url\":\"https:\\\/\\\/canal7slp.tv\\\/2023\\\/author\\\/edicionweb\\\/\"}]}<\/script>\n<!-- \/ Yoast SEO plugin. -->","yoast_head_json":{"title":"Sorprende sismo a habitantes de Guerrero - Canal 7 SLP - 2023","robots":{"index":"index","follow":"follow","max-snippet":"max-snippet:-1","max-image-preview":"max-image-preview:large","max-video-preview":"max-video-preview:-1"},"canonical":"https:\/\/canal7slp.tv\/2023\/sorprende-sismo-a-habitantes-de-guerrero\/","og_locale":"es_ES","og_type":"article","og_title":"Sorprende sismo a habitantes de Guerrero - Canal 7 SLP - 2023","og_description":"Altamirano.- La ma\u00f1ana de este 16 de julio, el Servicio Sismol\u00f3gico Nacional (SSN) emiti\u00f3 una alerta debido al sismo de 5.2 grados que se registr\u00f3 en Ciudad Altamirano, Guerrero. El movimiento tel\u00farico ocurri\u00f3 a las 7:44 AM y se pudo sentir en diversas regiones del estado coste\u00f1o, as\u00ed como en Morelos, Michoac\u00e1n, el Estado y la Ciudad de M\u00e9xico. Seg\u00fan las autoridades, el sismo se gener\u00f3 a 10 kil\u00f3metros de profundidad en un lugar a 18 kil\u00f3metros al oeste de Ciudad Altamirano. El Centro de Alerta de Tsunamis de la Secretar\u00eda de Marina descart\u00f3 peligro de maremoto en las costas [&hellip;]","og_url":"https:\/\/canal7slp.tv\/2023\/sorprende-sismo-a-habitantes-de-guerrero\/","og_site_name":"Canal 7 SLP - 2023","article_publisher":"https:\/\/www.facebook.com\/noticieroscanalsiete","article_published_time":"2023-07-17T23:57:34+00:00","og_image":[{"width":940,"height":470,"url":"https:\/\/canal7slp.tv\/2023\/wp-content\/uploads\/2023\/07\/1602.jpeg","type":"image\/jpeg"}],"author":"Edici\u00f3n Web","twitter_card":"summary_large_image","twitter_creator":"@NOTICIEROS7","twitter_site":"@NOTICIEROS7","twitter_misc":{"Escrito por":"Edici\u00f3n Web","Tiempo de lectura":"1 minuto"},"schema":{"@context":"https:\/\/schema.org","@graph":[{"@type":"Article","@id":"https:\/\/canal7slp.tv\/2023\/sorprende-sismo-a-habitantes-de-guerrero\/#article","isPartOf":{"@id":"https:\/\/canal7slp.tv\/2023\/sorprende-sismo-a-habitantes-de-guerrero\/"},"author":{"name":"Edici\u00f3n Web","@id":"https:\/\/canal7slp.tv\/2023\/#\/schema\/person\/639c424e3584069003b11ae813915da6"},"headline":"Sorprende sismo a habitantes de Guerrero","datePublished":"2023-07-17T23:57:34+00:00","mainEntityOfPage":{"@id":"https:\/\/canal7slp.tv\/2023\/sorprende-sismo-a-habitantes-de-guerrero\/"},"wordCount":128,"publisher":{"@id":"https:\/\/canal7slp.tv\/2023\/#organization"},"image":{"@id":"https:\/\/canal7slp.tv\/2023\/sorprende-sismo-a-habitantes-de-guerrero\/#primaryimage"},"thumbnailUrl":"https:\/\/canal7slp.tv\/2023\/wp-content\/uploads\/2023\/07\/1602.jpeg","articleSection":["NACIONALES"],"inLanguage":"es"},{"@type":"WebPage","@id":"https:\/\/canal7slp.tv\/2023\/sorprende-sismo-a-habitantes-de-guerrero\/","url":"https:\/\/canal7slp.tv\/2023\/sorprende-sismo-a-habitantes-de-guerrero\/","name":"Sorprende sismo a habitantes de Guerrero - Canal 7 SLP - 2023","isPartOf":{"@id":"https:\/\/canal7slp.tv\/2023\/#website"},"primaryImageOfPage":{"@id":"https:\/\/canal7slp.tv\/2023\/sorprende-sismo-a-habitantes-de-guerrero\/#primaryimage"},"image":{"@id":"https:\/\/canal7slp.tv\/2023\/sorprende-sismo-a-habitantes-de-guerrero\/#primaryimage"},"thumbnailUrl":"https:\/\/canal7slp.tv\/2023\/wp-content\/uploads\/2023\/07\/1602.jpeg","datePublished":"2023-07-17T23:57:34+00:00","breadcrumb":{"@id":"https:\/\/canal7slp.tv\/2023\/sorprende-sismo-a-habitantes-de-guerrero\/#breadcrumb"},"inLanguage":"es","potentialAction":[{"@type":"ReadAction","target":["https:\/\/canal7slp.tv\/2023\/sorprende-sismo-a-habitantes-de-guerrero\/"]}]},{"@type":"ImageObject","inLanguage":"es","@id":"https:\/\/canal7slp.tv\/2023\/sorprende-sismo-a-habitantes-de-guerrero\/#primaryimage","url":"https:\/\/canal7slp.tv\/2023\/wp-content\/uploads\/2023\/07\/1602.jpeg","contentUrl":"https:\/\/canal7slp.tv\/2023\/wp-content\/uploads\/2023\/07\/1602.jpeg","width":940,"height":470},{"@type":"BreadcrumbList","@id":"https:\/\/canal7slp.tv\/2023\/sorprende-sismo-a-habitantes-de-guerrero\/#breadcrumb","itemListElement":[{"@type":"ListItem","position":1,"name":"Portada","item":"https:\/\/canal7slp.tv\/2023\/"},{"@type":"ListItem","position":2,"name":"Sorprende sismo a habitantes de Guerrero"}]},{"@type":"WebSite","@id":"https:\/\/canal7slp.tv\/2023\/#website","url":"https:\/\/canal7slp.tv\/2023\/","name":"N7 - Noticieros Canal 7","description":"Somos Televisi\u00f3n","publisher":{"@id":"https:\/\/canal7slp.tv\/2023\/#organization"},"potentialAction":[{"@type":"SearchAction","target":{"@type":"EntryPoint","urlTemplate":"https:\/\/canal7slp.tv\/2023\/?s={search_term_string}"},"query-input":{"@type":"PropertyValueSpecification","valueRequired":true,"valueName":"search_term_string"}}],"inLanguage":"es"},{"@type":"Organization","@id":"https:\/\/canal7slp.tv\/2023\/#organization","name":"Noticieros Canal 7","url":"https:\/\/canal7slp.tv\/2023\/","logo":{"@type":"ImageObject","inLanguage":"es","@id":"https:\/\/canal7slp.tv\/2023\/#\/schema\/logo\/image\/","url":"https:\/\/canal7slp.tv\/2023\/wp-content\/uploads\/2021\/01\/logo-noticieros@2x.png","contentUrl":"https:\/\/canal7slp.tv\/2023\/wp-content\/uploads\/2021\/01\/logo-noticieros@2x.png","width":1017,"height":268,"caption":"Noticieros Canal 7"},"image":{"@id":"https:\/\/canal7slp.tv\/2023\/#\/schema\/logo\/image\/"},"sameAs":["https:\/\/www.facebook.com\/noticieroscanalsiete","https:\/\/x.com\/NOTICIEROS7","https:\/\/www.instagram.com\/canal7_slp","https:\/\/www.youtube.com\/channel\/UCliiYs-gP3JfJeqdPrNdd5A"]},{"@type":"Person","@id":"https:\/\/canal7slp.tv\/2023\/#\/schema\/person\/639c424e3584069003b11ae813915da6","name":"Edici\u00f3n Web","image":{"@type":"ImageObject","inLanguage":"es","@id":"https:\/\/secure.gravatar.com\/avatar\/eee448fc3f7164808013b816ba91ac7e43bbe82a70bebac296f8bc6f0addaa1a?s=96&d=mm&r=g","url":"https:\/\/secure.gravatar.com\/avatar\/eee448fc3f7164808013b816ba91ac7e43bbe82a70bebac296f8bc6f0addaa1a?s=96&d=mm&r=g","contentUrl":"https:\/\/secure.gravatar.com\/avatar\/eee448fc3f7164808013b816ba91ac7e43bbe82a70bebac296f8bc6f0addaa1a?s=96&d=mm&r=g","caption":"Edici\u00f3n Web"},"url":"https:\/\/canal7slp.tv\/2023\/author\/edicionweb\/"}]}},"_links":{"self":[{"href":"https:\/\/canal7slp.tv\/2023\/wp-json\/wp\/v2\/posts\/101621","targetHints":{"allow":["GET"]}}],"collection":[{"href":"https:\/\/canal7slp.tv\/2023\/wp-json\/wp\/v2\/posts"}],"about":[{"href":"https:\/\/canal7slp.tv\/2023\/wp-json\/wp\/v2\/types\/post"}],"author":[{"embeddable":true,"href":"https:\/\/canal7slp.tv\/2023\/wp-json\/wp\/v2\/users\/2"}],"replies":[{"embeddable":true,"href":"https:\/\/canal7slp.tv\/2023\/wp-json\/wp\/v2\/comments?post=101621"}],"version-history":[{"count":1,"href":"https:\/\/canal7slp.tv\/2023\/wp-json\/wp\/v2\/posts\/101621\/revisions"}],"predecessor-version":[{"id":101623,"href":"https:\/\/canal7slp.tv\/2023\/wp-json\/wp\/v2\/posts\/101621\/revisions\/101623"}],"wp:featuredmedia":[{"embeddable":true,"href":"https:\/\/canal7slp.tv\/2023\/wp-json\/wp\/v2\/media\/101622"}],"wp:attachment":[{"href":"https:\/\/canal7slp.tv\/2023\/wp-json\/wp\/v2\/media?parent=101621"}],"wp:term":[{"taxonomy":"category","embeddable":true,"href":"https:\/\/canal7slp.tv\/2023\/wp-json\/wp\/v2\/categories?post=101621"},{"taxonomy":"post_tag","embeddable":true,"href":"https:\/\/canal7slp.tv\/2023\/wp-json\/wp\/v2\/tags?post=101621"}],"curies":[{"name":"wp","href":"https:\/\/api.w.org\/{rel}","templated":true}]}}