{"id":101604,"date":"2023-07-17T17:09:12","date_gmt":"2023-07-17T23:09:12","guid":{"rendered":"https:\/\/canal7slp.tv\/2023\/?p=101604"},"modified":"2023-07-17T17:09:12","modified_gmt":"2023-07-17T23:09:12","slug":"niegan-que-proximo-evento-de-claudia-sheinbaum-en-slp-sea-partidista","status":"publish","type":"post","link":"https:\/\/canal7slp.tv\/2023\/niegan-que-proximo-evento-de-claudia-sheinbaum-en-slp-sea-partidista\/","title":{"rendered":"Niegan que pr\u00f3ximo evento de Claudia Sheinbaum en SLP sea partidista"},"content":{"rendered":"<p style=\"text-align: justify;\">SLP.- Aun cuando la Comisi\u00f3n de Quejas y Denuncias del Instituto Nacional Electoral dict\u00f3 una medida cautelar en la que resuelve esta ma\u00f1ana que los aspirantes de MORENA a la presidencia s\u00ed est\u00e1n realizando actos anticipados de campa\u00f1a, los coordinadores de Claudia Sheinbaum en San Luis Potos\u00ed aseguran que el encuentro que sostendr\u00e1 este mi\u00e9rcoles 19 ante cientos de simpatizantes en las instalaciones de la FENAPO, no ser\u00e1 un evento partidista.<\/p>\n<p style=\"text-align: justify;\">Y es que el resolutivo del INE ordena que las asambleas informativas de las llamadas corcholatas deben ser en recintos cerrados \u00f3 instalaciones propias del partido, y dirigidos \u00fanicamente a militantes \u00f3 simpatizantes.<\/p>\n<p style=\"text-align: justify;\">Al detallar la agenda de la exjefa de gobierno de la ciudad de M\u00e9xico informaron que a las 15 horas del pr\u00f3ximo 19 de Julio estar\u00e1 en las instalaciones de la FeNaPo.<\/p>\n<p style=\"text-align: justify;\">Dijeron tambi\u00e9n que previamente sostendr\u00e1 una reuni\u00f3n con empresarios potosinos antes de tener un encuentro masivo que su vocera en San Luis, Gabriela Torres, reiter\u00f3 que de ninguna manera ser\u00e1 un acto partidista.<\/p>\n<p>Por: Claudio Ibarra<\/p>\n","protected":false},"excerpt":{"rendered":"<p>SLP.- Aun cuando la Comisi\u00f3n de Quejas y Denuncias del Instituto Nacional Electoral dict\u00f3 una medida cautelar en la que resuelve esta ma\u00f1ana que los aspirantes de MORENA a la presidencia s\u00ed est\u00e1n realizando actos anticipados de campa\u00f1a, los coordinadores de Claudia Sheinbaum en San Luis Potos\u00ed aseguran que el encuentro que sostendr\u00e1 este mi\u00e9rcoles 19 ante cientos de simpatizantes en las instalaciones de la FENAPO, no ser\u00e1 un evento partidista. Y es que el resolutivo del INE ordena que las asambleas informativas de las llamadas corcholatas deben ser en recintos cerrados \u00f3 instalaciones propias del partido, y dirigidos \u00fanicamente [&hellip;]<\/p>\n","protected":false},"author":2,"featured_media":101612,"comment_status":"closed","ping_status":"closed","sticky":false,"template":"","format":"video","meta":{"footnotes":""},"categories":[5,45],"tags":[],"class_list":["post-101604","post","type-post","status-publish","format-video","has-post-thumbnail","hentry","category-destacadas","category-localesyregionales","post_format-post-format-video","post--single"],"yoast_head":"<!-- This site is optimized with the Yoast SEO plugin v27.5 - https:\/\/yoast.com\/product\/yoast-seo-wordpress\/ -->\n<title>Niegan que pr\u00f3ximo evento de Claudia Sheinbaum en SLP sea partidista - Canal 7 SLP - 2023<\/title>\n<meta name=\"robots\" content=\"index, follow, max-snippet:-1, max-image-preview:large, max-video-preview:-1\" \/>\n<link rel=\"canonical\" href=\"https:\/\/canal7slp.tv\/2023\/niegan-que-proximo-evento-de-claudia-sheinbaum-en-slp-sea-partidista\/\" \/>\n<meta property=\"og:locale\" content=\"es_ES\" \/>\n<meta property=\"og:type\" content=\"article\" \/>\n<meta property=\"og:title\" content=\"Niegan que pr\u00f3ximo evento de Claudia Sheinbaum en SLP sea partidista - Canal 7 SLP - 2023\" \/>\n<meta property=\"og:description\" content=\"SLP.- Aun cuando la Comisi\u00f3n de Quejas y Denuncias del Instituto Nacional Electoral dict\u00f3 una medida cautelar en la que resuelve esta ma\u00f1ana que los aspirantes de MORENA a la presidencia s\u00ed est\u00e1n realizando actos anticipados de campa\u00f1a, los coordinadores de Claudia Sheinbaum en San Luis Potos\u00ed aseguran que el encuentro que sostendr\u00e1 este mi\u00e9rcoles 19 ante cientos de simpatizantes en las instalaciones de la FENAPO, no ser\u00e1 un evento partidista. Y es que el resolutivo del INE ordena que las asambleas informativas de las llamadas corcholatas deben ser en recintos cerrados \u00f3 instalaciones propias del partido, y dirigidos \u00fanicamente [&hellip;]\" \/>\n<meta property=\"og:url\" content=\"https:\/\/canal7slp.tv\/2023\/niegan-que-proximo-evento-de-claudia-sheinbaum-en-slp-sea-partidista\/\" \/>\n<meta property=\"og:site_name\" content=\"Canal 7 SLP - 2023\" \/>\n<meta property=\"article:publisher\" content=\"https:\/\/www.facebook.com\/noticieroscanalsiete\" \/>\n<meta property=\"article:published_time\" content=\"2023-07-17T23:09:12+00:00\" \/>\n<meta property=\"og:image\" content=\"https:\/\/canal7slp.tv\/2023\/wp-content\/uploads\/2023\/07\/Claudio02Masivo.jpg\" \/>\n\t<meta property=\"og:image:width\" content=\"1280\" \/>\n\t<meta property=\"og:image:height\" content=\"720\" \/>\n\t<meta property=\"og:image:type\" content=\"image\/jpeg\" \/>\n<meta name=\"author\" content=\"Edici\u00f3n Web\" \/>\n<meta name=\"twitter:card\" content=\"summary_large_image\" \/>\n<meta name=\"twitter:creator\" content=\"@NOTICIEROS7\" \/>\n<meta name=\"twitter:site\" content=\"@NOTICIEROS7\" \/>\n<meta name=\"twitter:label1\" content=\"Escrito por\" \/>\n\t<meta name=\"twitter:data1\" content=\"Edici\u00f3n Web\" \/>\n\t<meta name=\"twitter:label2\" content=\"Tiempo de lectura\" \/>\n\t<meta name=\"twitter:data2\" content=\"1 minuto\" \/>\n<script type=\"application\/ld+json\" class=\"yoast-schema-graph\">{\"@context\":\"https:\\\/\\\/schema.org\",\"@graph\":[{\"@type\":\"Article\",\"@id\":\"https:\\\/\\\/canal7slp.tv\\\/2023\\\/niegan-que-proximo-evento-de-claudia-sheinbaum-en-slp-sea-partidista\\\/#article\",\"isPartOf\":{\"@id\":\"https:\\\/\\\/canal7slp.tv\\\/2023\\\/niegan-que-proximo-evento-de-claudia-sheinbaum-en-slp-sea-partidista\\\/\"},\"author\":{\"name\":\"Edici\u00f3n Web\",\"@id\":\"https:\\\/\\\/canal7slp.tv\\\/2023\\\/#\\\/schema\\\/person\\\/639c424e3584069003b11ae813915da6\"},\"headline\":\"Niegan que pr\u00f3ximo evento de Claudia Sheinbaum en SLP sea partidista\",\"datePublished\":\"2023-07-17T23:09:12+00:00\",\"mainEntityOfPage\":{\"@id\":\"https:\\\/\\\/canal7slp.tv\\\/2023\\\/niegan-que-proximo-evento-de-claudia-sheinbaum-en-slp-sea-partidista\\\/\"},\"wordCount\":189,\"publisher\":{\"@id\":\"https:\\\/\\\/canal7slp.tv\\\/2023\\\/#organization\"},\"image\":{\"@id\":\"https:\\\/\\\/canal7slp.tv\\\/2023\\\/niegan-que-proximo-evento-de-claudia-sheinbaum-en-slp-sea-partidista\\\/#primaryimage\"},\"thumbnailUrl\":\"https:\\\/\\\/canal7slp.tv\\\/2023\\\/wp-content\\\/uploads\\\/2023\\\/07\\\/Claudio02Masivo.jpg\",\"articleSection\":[\"DESTACADAS\",\"LOCALES Y REGIONALES\"],\"inLanguage\":\"es\"},{\"@type\":\"WebPage\",\"@id\":\"https:\\\/\\\/canal7slp.tv\\\/2023\\\/niegan-que-proximo-evento-de-claudia-sheinbaum-en-slp-sea-partidista\\\/\",\"url\":\"https:\\\/\\\/canal7slp.tv\\\/2023\\\/niegan-que-proximo-evento-de-claudia-sheinbaum-en-slp-sea-partidista\\\/\",\"name\":\"Niegan que pr\u00f3ximo evento de Claudia Sheinbaum en SLP sea partidista - Canal 7 SLP - 2023\",\"isPartOf\":{\"@id\":\"https:\\\/\\\/canal7slp.tv\\\/2023\\\/#website\"},\"primaryImageOfPage\":{\"@id\":\"https:\\\/\\\/canal7slp.tv\\\/2023\\\/niegan-que-proximo-evento-de-claudia-sheinbaum-en-slp-sea-partidista\\\/#primaryimage\"},\"image\":{\"@id\":\"https:\\\/\\\/canal7slp.tv\\\/2023\\\/niegan-que-proximo-evento-de-claudia-sheinbaum-en-slp-sea-partidista\\\/#primaryimage\"},\"thumbnailUrl\":\"https:\\\/\\\/canal7slp.tv\\\/2023\\\/wp-content\\\/uploads\\\/2023\\\/07\\\/Claudio02Masivo.jpg\",\"datePublished\":\"2023-07-17T23:09:12+00:00\",\"breadcrumb\":{\"@id\":\"https:\\\/\\\/canal7slp.tv\\\/2023\\\/niegan-que-proximo-evento-de-claudia-sheinbaum-en-slp-sea-partidista\\\/#breadcrumb\"},\"inLanguage\":\"es\",\"potentialAction\":[{\"@type\":\"ReadAction\",\"target\":[\"https:\\\/\\\/canal7slp.tv\\\/2023\\\/niegan-que-proximo-evento-de-claudia-sheinbaum-en-slp-sea-partidista\\\/\"]}]},{\"@type\":\"ImageObject\",\"inLanguage\":\"es\",\"@id\":\"https:\\\/\\\/canal7slp.tv\\\/2023\\\/niegan-que-proximo-evento-de-claudia-sheinbaum-en-slp-sea-partidista\\\/#primaryimage\",\"url\":\"https:\\\/\\\/canal7slp.tv\\\/2023\\\/wp-content\\\/uploads\\\/2023\\\/07\\\/Claudio02Masivo.jpg\",\"contentUrl\":\"https:\\\/\\\/canal7slp.tv\\\/2023\\\/wp-content\\\/uploads\\\/2023\\\/07\\\/Claudio02Masivo.jpg\",\"width\":1280,\"height\":720},{\"@type\":\"BreadcrumbList\",\"@id\":\"https:\\\/\\\/canal7slp.tv\\\/2023\\\/niegan-que-proximo-evento-de-claudia-sheinbaum-en-slp-sea-partidista\\\/#breadcrumb\",\"itemListElement\":[{\"@type\":\"ListItem\",\"position\":1,\"name\":\"Portada\",\"item\":\"https:\\\/\\\/canal7slp.tv\\\/2023\\\/\"},{\"@type\":\"ListItem\",\"position\":2,\"name\":\"Niegan que pr\u00f3ximo evento de Claudia Sheinbaum en SLP sea partidista\"}]},{\"@type\":\"WebSite\",\"@id\":\"https:\\\/\\\/canal7slp.tv\\\/2023\\\/#website\",\"url\":\"https:\\\/\\\/canal7slp.tv\\\/2023\\\/\",\"name\":\"N7 - Noticieros Canal 7\",\"description\":\"Somos Televisi\u00f3n\",\"publisher\":{\"@id\":\"https:\\\/\\\/canal7slp.tv\\\/2023\\\/#organization\"},\"potentialAction\":[{\"@type\":\"SearchAction\",\"target\":{\"@type\":\"EntryPoint\",\"urlTemplate\":\"https:\\\/\\\/canal7slp.tv\\\/2023\\\/?s={search_term_string}\"},\"query-input\":{\"@type\":\"PropertyValueSpecification\",\"valueRequired\":true,\"valueName\":\"search_term_string\"}}],\"inLanguage\":\"es\"},{\"@type\":\"Organization\",\"@id\":\"https:\\\/\\\/canal7slp.tv\\\/2023\\\/#organization\",\"name\":\"Noticieros Canal 7\",\"url\":\"https:\\\/\\\/canal7slp.tv\\\/2023\\\/\",\"logo\":{\"@type\":\"ImageObject\",\"inLanguage\":\"es\",\"@id\":\"https:\\\/\\\/canal7slp.tv\\\/2023\\\/#\\\/schema\\\/logo\\\/image\\\/\",\"url\":\"https:\\\/\\\/canal7slp.tv\\\/2023\\\/wp-content\\\/uploads\\\/2021\\\/01\\\/logo-noticieros@2x.png\",\"contentUrl\":\"https:\\\/\\\/canal7slp.tv\\\/2023\\\/wp-content\\\/uploads\\\/2021\\\/01\\\/logo-noticieros@2x.png\",\"width\":1017,\"height\":268,\"caption\":\"Noticieros Canal 7\"},\"image\":{\"@id\":\"https:\\\/\\\/canal7slp.tv\\\/2023\\\/#\\\/schema\\\/logo\\\/image\\\/\"},\"sameAs\":[\"https:\\\/\\\/www.facebook.com\\\/noticieroscanalsiete\",\"https:\\\/\\\/x.com\\\/NOTICIEROS7\",\"https:\\\/\\\/www.instagram.com\\\/canal7_slp\",\"https:\\\/\\\/www.youtube.com\\\/channel\\\/UCliiYs-gP3JfJeqdPrNdd5A\"]},{\"@type\":\"Person\",\"@id\":\"https:\\\/\\\/canal7slp.tv\\\/2023\\\/#\\\/schema\\\/person\\\/639c424e3584069003b11ae813915da6\",\"name\":\"Edici\u00f3n Web\",\"image\":{\"@type\":\"ImageObject\",\"inLanguage\":\"es\",\"@id\":\"https:\\\/\\\/secure.gravatar.com\\\/avatar\\\/eee448fc3f7164808013b816ba91ac7e43bbe82a70bebac296f8bc6f0addaa1a?s=96&d=mm&r=g\",\"url\":\"https:\\\/\\\/secure.gravatar.com\\\/avatar\\\/eee448fc3f7164808013b816ba91ac7e43bbe82a70bebac296f8bc6f0addaa1a?s=96&d=mm&r=g\",\"contentUrl\":\"https:\\\/\\\/secure.gravatar.com\\\/avatar\\\/eee448fc3f7164808013b816ba91ac7e43bbe82a70bebac296f8bc6f0addaa1a?s=96&d=mm&r=g\",\"caption\":\"Edici\u00f3n Web\"},\"url\":\"https:\\\/\\\/canal7slp.tv\\\/2023\\\/author\\\/edicionweb\\\/\"}]}<\/script>\n<!-- \/ Yoast SEO plugin. -->","yoast_head_json":{"title":"Niegan que pr\u00f3ximo evento de Claudia Sheinbaum en SLP sea partidista - Canal 7 SLP - 2023","robots":{"index":"index","follow":"follow","max-snippet":"max-snippet:-1","max-image-preview":"max-image-preview:large","max-video-preview":"max-video-preview:-1"},"canonical":"https:\/\/canal7slp.tv\/2023\/niegan-que-proximo-evento-de-claudia-sheinbaum-en-slp-sea-partidista\/","og_locale":"es_ES","og_type":"article","og_title":"Niegan que pr\u00f3ximo evento de Claudia Sheinbaum en SLP sea partidista - Canal 7 SLP - 2023","og_description":"SLP.- Aun cuando la Comisi\u00f3n de Quejas y Denuncias del Instituto Nacional Electoral dict\u00f3 una medida cautelar en la que resuelve esta ma\u00f1ana que los aspirantes de MORENA a la presidencia s\u00ed est\u00e1n realizando actos anticipados de campa\u00f1a, los coordinadores de Claudia Sheinbaum en San Luis Potos\u00ed aseguran que el encuentro que sostendr\u00e1 este mi\u00e9rcoles 19 ante cientos de simpatizantes en las instalaciones de la FENAPO, no ser\u00e1 un evento partidista. Y es que el resolutivo del INE ordena que las asambleas informativas de las llamadas corcholatas deben ser en recintos cerrados \u00f3 instalaciones propias del partido, y dirigidos \u00fanicamente [&hellip;]","og_url":"https:\/\/canal7slp.tv\/2023\/niegan-que-proximo-evento-de-claudia-sheinbaum-en-slp-sea-partidista\/","og_site_name":"Canal 7 SLP - 2023","article_publisher":"https:\/\/www.facebook.com\/noticieroscanalsiete","article_published_time":"2023-07-17T23:09:12+00:00","og_image":[{"width":1280,"height":720,"url":"https:\/\/canal7slp.tv\/2023\/wp-content\/uploads\/2023\/07\/Claudio02Masivo.jpg","type":"image\/jpeg"}],"author":"Edici\u00f3n Web","twitter_card":"summary_large_image","twitter_creator":"@NOTICIEROS7","twitter_site":"@NOTICIEROS7","twitter_misc":{"Escrito por":"Edici\u00f3n Web","Tiempo de lectura":"1 minuto"},"schema":{"@context":"https:\/\/schema.org","@graph":[{"@type":"Article","@id":"https:\/\/canal7slp.tv\/2023\/niegan-que-proximo-evento-de-claudia-sheinbaum-en-slp-sea-partidista\/#article","isPartOf":{"@id":"https:\/\/canal7slp.tv\/2023\/niegan-que-proximo-evento-de-claudia-sheinbaum-en-slp-sea-partidista\/"},"author":{"name":"Edici\u00f3n Web","@id":"https:\/\/canal7slp.tv\/2023\/#\/schema\/person\/639c424e3584069003b11ae813915da6"},"headline":"Niegan que pr\u00f3ximo evento de Claudia Sheinbaum en SLP sea partidista","datePublished":"2023-07-17T23:09:12+00:00","mainEntityOfPage":{"@id":"https:\/\/canal7slp.tv\/2023\/niegan-que-proximo-evento-de-claudia-sheinbaum-en-slp-sea-partidista\/"},"wordCount":189,"publisher":{"@id":"https:\/\/canal7slp.tv\/2023\/#organization"},"image":{"@id":"https:\/\/canal7slp.tv\/2023\/niegan-que-proximo-evento-de-claudia-sheinbaum-en-slp-sea-partidista\/#primaryimage"},"thumbnailUrl":"https:\/\/canal7slp.tv\/2023\/wp-content\/uploads\/2023\/07\/Claudio02Masivo.jpg","articleSection":["DESTACADAS","LOCALES Y REGIONALES"],"inLanguage":"es"},{"@type":"WebPage","@id":"https:\/\/canal7slp.tv\/2023\/niegan-que-proximo-evento-de-claudia-sheinbaum-en-slp-sea-partidista\/","url":"https:\/\/canal7slp.tv\/2023\/niegan-que-proximo-evento-de-claudia-sheinbaum-en-slp-sea-partidista\/","name":"Niegan que pr\u00f3ximo evento de Claudia Sheinbaum en SLP sea partidista - Canal 7 SLP - 2023","isPartOf":{"@id":"https:\/\/canal7slp.tv\/2023\/#website"},"primaryImageOfPage":{"@id":"https:\/\/canal7slp.tv\/2023\/niegan-que-proximo-evento-de-claudia-sheinbaum-en-slp-sea-partidista\/#primaryimage"},"image":{"@id":"https:\/\/canal7slp.tv\/2023\/niegan-que-proximo-evento-de-claudia-sheinbaum-en-slp-sea-partidista\/#primaryimage"},"thumbnailUrl":"https:\/\/canal7slp.tv\/2023\/wp-content\/uploads\/2023\/07\/Claudio02Masivo.jpg","datePublished":"2023-07-17T23:09:12+00:00","breadcrumb":{"@id":"https:\/\/canal7slp.tv\/2023\/niegan-que-proximo-evento-de-claudia-sheinbaum-en-slp-sea-partidista\/#breadcrumb"},"inLanguage":"es","potentialAction":[{"@type":"ReadAction","target":["https:\/\/canal7slp.tv\/2023\/niegan-que-proximo-evento-de-claudia-sheinbaum-en-slp-sea-partidista\/"]}]},{"@type":"ImageObject","inLanguage":"es","@id":"https:\/\/canal7slp.tv\/2023\/niegan-que-proximo-evento-de-claudia-sheinbaum-en-slp-sea-partidista\/#primaryimage","url":"https:\/\/canal7slp.tv\/2023\/wp-content\/uploads\/2023\/07\/Claudio02Masivo.jpg","contentUrl":"https:\/\/canal7slp.tv\/2023\/wp-content\/uploads\/2023\/07\/Claudio02Masivo.jpg","width":1280,"height":720},{"@type":"BreadcrumbList","@id":"https:\/\/canal7slp.tv\/2023\/niegan-que-proximo-evento-de-claudia-sheinbaum-en-slp-sea-partidista\/#breadcrumb","itemListElement":[{"@type":"ListItem","position":1,"name":"Portada","item":"https:\/\/canal7slp.tv\/2023\/"},{"@type":"ListItem","position":2,"name":"Niegan que pr\u00f3ximo evento de Claudia Sheinbaum en SLP sea partidista"}]},{"@type":"WebSite","@id":"https:\/\/canal7slp.tv\/2023\/#website","url":"https:\/\/canal7slp.tv\/2023\/","name":"N7 - Noticieros Canal 7","description":"Somos Televisi\u00f3n","publisher":{"@id":"https:\/\/canal7slp.tv\/2023\/#organization"},"potentialAction":[{"@type":"SearchAction","target":{"@type":"EntryPoint","urlTemplate":"https:\/\/canal7slp.tv\/2023\/?s={search_term_string}"},"query-input":{"@type":"PropertyValueSpecification","valueRequired":true,"valueName":"search_term_string"}}],"inLanguage":"es"},{"@type":"Organization","@id":"https:\/\/canal7slp.tv\/2023\/#organization","name":"Noticieros Canal 7","url":"https:\/\/canal7slp.tv\/2023\/","logo":{"@type":"ImageObject","inLanguage":"es","@id":"https:\/\/canal7slp.tv\/2023\/#\/schema\/logo\/image\/","url":"https:\/\/canal7slp.tv\/2023\/wp-content\/uploads\/2021\/01\/logo-noticieros@2x.png","contentUrl":"https:\/\/canal7slp.tv\/2023\/wp-content\/uploads\/2021\/01\/logo-noticieros@2x.png","width":1017,"height":268,"caption":"Noticieros Canal 7"},"image":{"@id":"https:\/\/canal7slp.tv\/2023\/#\/schema\/logo\/image\/"},"sameAs":["https:\/\/www.facebook.com\/noticieroscanalsiete","https:\/\/x.com\/NOTICIEROS7","https:\/\/www.instagram.com\/canal7_slp","https:\/\/www.youtube.com\/channel\/UCliiYs-gP3JfJeqdPrNdd5A"]},{"@type":"Person","@id":"https:\/\/canal7slp.tv\/2023\/#\/schema\/person\/639c424e3584069003b11ae813915da6","name":"Edici\u00f3n Web","image":{"@type":"ImageObject","inLanguage":"es","@id":"https:\/\/secure.gravatar.com\/avatar\/eee448fc3f7164808013b816ba91ac7e43bbe82a70bebac296f8bc6f0addaa1a?s=96&d=mm&r=g","url":"https:\/\/secure.gravatar.com\/avatar\/eee448fc3f7164808013b816ba91ac7e43bbe82a70bebac296f8bc6f0addaa1a?s=96&d=mm&r=g","contentUrl":"https:\/\/secure.gravatar.com\/avatar\/eee448fc3f7164808013b816ba91ac7e43bbe82a70bebac296f8bc6f0addaa1a?s=96&d=mm&r=g","caption":"Edici\u00f3n Web"},"url":"https:\/\/canal7slp.tv\/2023\/author\/edicionweb\/"}]}},"_links":{"self":[{"href":"https:\/\/canal7slp.tv\/2023\/wp-json\/wp\/v2\/posts\/101604","targetHints":{"allow":["GET"]}}],"collection":[{"href":"https:\/\/canal7slp.tv\/2023\/wp-json\/wp\/v2\/posts"}],"about":[{"href":"https:\/\/canal7slp.tv\/2023\/wp-json\/wp\/v2\/types\/post"}],"author":[{"embeddable":true,"href":"https:\/\/canal7slp.tv\/2023\/wp-json\/wp\/v2\/users\/2"}],"replies":[{"embeddable":true,"href":"https:\/\/canal7slp.tv\/2023\/wp-json\/wp\/v2\/comments?post=101604"}],"version-history":[{"count":2,"href":"https:\/\/canal7slp.tv\/2023\/wp-json\/wp\/v2\/posts\/101604\/revisions"}],"predecessor-version":[{"id":101613,"href":"https:\/\/canal7slp.tv\/2023\/wp-json\/wp\/v2\/posts\/101604\/revisions\/101613"}],"wp:featuredmedia":[{"embeddable":true,"href":"https:\/\/canal7slp.tv\/2023\/wp-json\/wp\/v2\/media\/101612"}],"wp:attachment":[{"href":"https:\/\/canal7slp.tv\/2023\/wp-json\/wp\/v2\/media?parent=101604"}],"wp:term":[{"taxonomy":"category","embeddable":true,"href":"https:\/\/canal7slp.tv\/2023\/wp-json\/wp\/v2\/categories?post=101604"},{"taxonomy":"post_tag","embeddable":true,"href":"https:\/\/canal7slp.tv\/2023\/wp-json\/wp\/v2\/tags?post=101604"}],"curies":[{"name":"wp","href":"https:\/\/api.w.org\/{rel}","templated":true}]}}