{"id":101590,"date":"2023-07-17T17:22:57","date_gmt":"2023-07-17T23:22:57","guid":{"rendered":"https:\/\/canal7slp.tv\/2023\/?p=101590"},"modified":"2023-07-17T17:22:57","modified_gmt":"2023-07-17T23:22:57","slug":"sege-reconoce-trayectoria-de-personal-administrativo-de-hasta-40-anos-de-servicio","status":"publish","type":"post","link":"https:\/\/canal7slp.tv\/2023\/sege-reconoce-trayectoria-de-personal-administrativo-de-hasta-40-anos-de-servicio\/","title":{"rendered":"SEGE reconoce trayectoria de personal administrativo, de hasta 40 a\u00f1os de servicio"},"content":{"rendered":"<ul>\n<li>Autoridades otorgaron est\u00edmulos y dict\u00e1menes escalafonarios.<\/li>\n<\/ul>\n<p style=\"text-align: justify;\">SLP.- La administraci\u00f3n del Poder Ejecutivo local v\u00eda la Secretar\u00eda de Educaci\u00f3n de Gobierno del Estado entreg\u00f3 reconocimientos por antig\u00fcedad a miembros del personal de apoyo y asistencia de planteles educativos, as\u00ed lo inform\u00f3 el titular del Sindicato Nacional de Trabajadores de la Educaci\u00f3n Secci\u00f3n 26, Juan Carlos B\u00e1rcenas Ram\u00edrez.<\/p>\n<p style=\"text-align: justify;\">\u201cEl d\u00eda de hoy realmente importante entregar a la Secci\u00f3n 26 m\u00e1s de 58 premios al personal de apoyo que se ganaron por su desempe\u00f1o, por su trabajo, por su calidad, por su reconocimiento con los mismos compa\u00f1eros un premio municipal\u201d.<\/p>\n<p style=\"text-align: justify;\">Se entregaron dict\u00e1menes escalafonarios por igual.<\/p>\n<p style=\"text-align: justify;\">\u201cTendremos el reconocimiento de 30 dict\u00e1menes escalafonarios en donde se les dar\u00e1 su basificaci\u00f3n y su estabilidad laboral como trabajadores\u201d.<\/p>\n<p style=\"text-align: justify;\">Por su parte, el gobernador del estado, Ricardo Gallardo, destac\u00f3 la relevancia del evento.<\/p>\n<p style=\"text-align: justify;\">\u201cHoy festejo todas las nivelaciones salariales que se est\u00e1n dando, festejamos que hoy muchos de ustedes sean galardonados porque es el principio para que sus familias est\u00e9n bien\u201d.<\/p>\n<p>Por: Juan Carlos Contreras<\/p>\n","protected":false},"excerpt":{"rendered":"<p>Autoridades otorgaron est\u00edmulos y dict\u00e1menes escalafonarios. SLP.- La administraci\u00f3n del Poder Ejecutivo local v\u00eda la Secretar\u00eda de Educaci\u00f3n de Gobierno del Estado entreg\u00f3 reconocimientos por antig\u00fcedad a miembros del personal de apoyo y asistencia de planteles educativos, as\u00ed lo inform\u00f3 el titular del Sindicato Nacional de Trabajadores de la Educaci\u00f3n Secci\u00f3n 26, Juan Carlos B\u00e1rcenas Ram\u00edrez. \u201cEl d\u00eda de hoy realmente importante entregar a la Secci\u00f3n 26 m\u00e1s de 58 premios al personal de apoyo que se ganaron por su desempe\u00f1o, por su trabajo, por su calidad, por su reconocimiento con los mismos compa\u00f1eros un premio municipal\u201d. Se entregaron dict\u00e1menes [&hellip;]<\/p>\n","protected":false},"author":2,"featured_media":101616,"comment_status":"closed","ping_status":"closed","sticky":false,"template":"","format":"video","meta":{"footnotes":""},"categories":[5,45],"tags":[],"class_list":["post-101590","post","type-post","status-publish","format-video","has-post-thumbnail","hentry","category-destacadas","category-localesyregionales","post_format-post-format-video","post--single"],"yoast_head":"<!-- This site is optimized with the Yoast SEO plugin v27.5 - https:\/\/yoast.com\/product\/yoast-seo-wordpress\/ -->\n<title>SEGE reconoce trayectoria de personal administrativo, de hasta 40 a\u00f1os de servicio - Canal 7 SLP - 2023<\/title>\n<meta name=\"robots\" content=\"index, follow, max-snippet:-1, max-image-preview:large, max-video-preview:-1\" \/>\n<link rel=\"canonical\" href=\"https:\/\/canal7slp.tv\/2023\/sege-reconoce-trayectoria-de-personal-administrativo-de-hasta-40-anos-de-servicio\/\" \/>\n<meta property=\"og:locale\" content=\"es_ES\" \/>\n<meta property=\"og:type\" content=\"article\" \/>\n<meta property=\"og:title\" content=\"SEGE reconoce trayectoria de personal administrativo, de hasta 40 a\u00f1os de servicio - Canal 7 SLP - 2023\" \/>\n<meta property=\"og:description\" content=\"Autoridades otorgaron est\u00edmulos y dict\u00e1menes escalafonarios. SLP.- La administraci\u00f3n del Poder Ejecutivo local v\u00eda la Secretar\u00eda de Educaci\u00f3n de Gobierno del Estado entreg\u00f3 reconocimientos por antig\u00fcedad a miembros del personal de apoyo y asistencia de planteles educativos, as\u00ed lo inform\u00f3 el titular del Sindicato Nacional de Trabajadores de la Educaci\u00f3n Secci\u00f3n 26, Juan Carlos B\u00e1rcenas Ram\u00edrez. \u201cEl d\u00eda de hoy realmente importante entregar a la Secci\u00f3n 26 m\u00e1s de 58 premios al personal de apoyo que se ganaron por su desempe\u00f1o, por su trabajo, por su calidad, por su reconocimiento con los mismos compa\u00f1eros un premio municipal\u201d. Se entregaron dict\u00e1menes [&hellip;]\" \/>\n<meta property=\"og:url\" content=\"https:\/\/canal7slp.tv\/2023\/sege-reconoce-trayectoria-de-personal-administrativo-de-hasta-40-anos-de-servicio\/\" \/>\n<meta property=\"og:site_name\" content=\"Canal 7 SLP - 2023\" \/>\n<meta property=\"article:publisher\" content=\"https:\/\/www.facebook.com\/noticieroscanalsiete\" \/>\n<meta property=\"article:published_time\" content=\"2023-07-17T23:22:57+00:00\" \/>\n<meta property=\"og:image\" content=\"https:\/\/canal7slp.tv\/2023\/wp-content\/uploads\/2023\/07\/Poky02EventoEstimulos.jpg\" \/>\n\t<meta property=\"og:image:width\" content=\"1280\" \/>\n\t<meta property=\"og:image:height\" content=\"720\" \/>\n\t<meta property=\"og:image:type\" content=\"image\/jpeg\" \/>\n<meta name=\"author\" content=\"Edici\u00f3n Web\" \/>\n<meta name=\"twitter:card\" content=\"summary_large_image\" \/>\n<meta name=\"twitter:creator\" content=\"@NOTICIEROS7\" \/>\n<meta name=\"twitter:site\" content=\"@NOTICIEROS7\" \/>\n<meta name=\"twitter:label1\" content=\"Escrito por\" \/>\n\t<meta name=\"twitter:data1\" content=\"Edici\u00f3n Web\" \/>\n\t<meta name=\"twitter:label2\" content=\"Tiempo de lectura\" \/>\n\t<meta name=\"twitter:data2\" content=\"1 minuto\" \/>\n<script type=\"application\/ld+json\" class=\"yoast-schema-graph\">{\"@context\":\"https:\\\/\\\/schema.org\",\"@graph\":[{\"@type\":\"Article\",\"@id\":\"https:\\\/\\\/canal7slp.tv\\\/2023\\\/sege-reconoce-trayectoria-de-personal-administrativo-de-hasta-40-anos-de-servicio\\\/#article\",\"isPartOf\":{\"@id\":\"https:\\\/\\\/canal7slp.tv\\\/2023\\\/sege-reconoce-trayectoria-de-personal-administrativo-de-hasta-40-anos-de-servicio\\\/\"},\"author\":{\"name\":\"Edici\u00f3n Web\",\"@id\":\"https:\\\/\\\/canal7slp.tv\\\/2023\\\/#\\\/schema\\\/person\\\/639c424e3584069003b11ae813915da6\"},\"headline\":\"SEGE reconoce trayectoria de personal administrativo, de hasta 40 a\u00f1os de servicio\",\"datePublished\":\"2023-07-17T23:22:57+00:00\",\"mainEntityOfPage\":{\"@id\":\"https:\\\/\\\/canal7slp.tv\\\/2023\\\/sege-reconoce-trayectoria-de-personal-administrativo-de-hasta-40-anos-de-servicio\\\/\"},\"wordCount\":199,\"publisher\":{\"@id\":\"https:\\\/\\\/canal7slp.tv\\\/2023\\\/#organization\"},\"image\":{\"@id\":\"https:\\\/\\\/canal7slp.tv\\\/2023\\\/sege-reconoce-trayectoria-de-personal-administrativo-de-hasta-40-anos-de-servicio\\\/#primaryimage\"},\"thumbnailUrl\":\"https:\\\/\\\/canal7slp.tv\\\/2023\\\/wp-content\\\/uploads\\\/2023\\\/07\\\/Poky02EventoEstimulos.jpg\",\"articleSection\":[\"DESTACADAS\",\"LOCALES Y REGIONALES\"],\"inLanguage\":\"es\"},{\"@type\":\"WebPage\",\"@id\":\"https:\\\/\\\/canal7slp.tv\\\/2023\\\/sege-reconoce-trayectoria-de-personal-administrativo-de-hasta-40-anos-de-servicio\\\/\",\"url\":\"https:\\\/\\\/canal7slp.tv\\\/2023\\\/sege-reconoce-trayectoria-de-personal-administrativo-de-hasta-40-anos-de-servicio\\\/\",\"name\":\"SEGE reconoce trayectoria de personal administrativo, de hasta 40 a\u00f1os de servicio - Canal 7 SLP - 2023\",\"isPartOf\":{\"@id\":\"https:\\\/\\\/canal7slp.tv\\\/2023\\\/#website\"},\"primaryImageOfPage\":{\"@id\":\"https:\\\/\\\/canal7slp.tv\\\/2023\\\/sege-reconoce-trayectoria-de-personal-administrativo-de-hasta-40-anos-de-servicio\\\/#primaryimage\"},\"image\":{\"@id\":\"https:\\\/\\\/canal7slp.tv\\\/2023\\\/sege-reconoce-trayectoria-de-personal-administrativo-de-hasta-40-anos-de-servicio\\\/#primaryimage\"},\"thumbnailUrl\":\"https:\\\/\\\/canal7slp.tv\\\/2023\\\/wp-content\\\/uploads\\\/2023\\\/07\\\/Poky02EventoEstimulos.jpg\",\"datePublished\":\"2023-07-17T23:22:57+00:00\",\"breadcrumb\":{\"@id\":\"https:\\\/\\\/canal7slp.tv\\\/2023\\\/sege-reconoce-trayectoria-de-personal-administrativo-de-hasta-40-anos-de-servicio\\\/#breadcrumb\"},\"inLanguage\":\"es\",\"potentialAction\":[{\"@type\":\"ReadAction\",\"target\":[\"https:\\\/\\\/canal7slp.tv\\\/2023\\\/sege-reconoce-trayectoria-de-personal-administrativo-de-hasta-40-anos-de-servicio\\\/\"]}]},{\"@type\":\"ImageObject\",\"inLanguage\":\"es\",\"@id\":\"https:\\\/\\\/canal7slp.tv\\\/2023\\\/sege-reconoce-trayectoria-de-personal-administrativo-de-hasta-40-anos-de-servicio\\\/#primaryimage\",\"url\":\"https:\\\/\\\/canal7slp.tv\\\/2023\\\/wp-content\\\/uploads\\\/2023\\\/07\\\/Poky02EventoEstimulos.jpg\",\"contentUrl\":\"https:\\\/\\\/canal7slp.tv\\\/2023\\\/wp-content\\\/uploads\\\/2023\\\/07\\\/Poky02EventoEstimulos.jpg\",\"width\":1280,\"height\":720},{\"@type\":\"BreadcrumbList\",\"@id\":\"https:\\\/\\\/canal7slp.tv\\\/2023\\\/sege-reconoce-trayectoria-de-personal-administrativo-de-hasta-40-anos-de-servicio\\\/#breadcrumb\",\"itemListElement\":[{\"@type\":\"ListItem\",\"position\":1,\"name\":\"Portada\",\"item\":\"https:\\\/\\\/canal7slp.tv\\\/2023\\\/\"},{\"@type\":\"ListItem\",\"position\":2,\"name\":\"SEGE reconoce trayectoria de personal administrativo, de hasta 40 a\u00f1os de servicio\"}]},{\"@type\":\"WebSite\",\"@id\":\"https:\\\/\\\/canal7slp.tv\\\/2023\\\/#website\",\"url\":\"https:\\\/\\\/canal7slp.tv\\\/2023\\\/\",\"name\":\"N7 - Noticieros Canal 7\",\"description\":\"Somos Televisi\u00f3n\",\"publisher\":{\"@id\":\"https:\\\/\\\/canal7slp.tv\\\/2023\\\/#organization\"},\"potentialAction\":[{\"@type\":\"SearchAction\",\"target\":{\"@type\":\"EntryPoint\",\"urlTemplate\":\"https:\\\/\\\/canal7slp.tv\\\/2023\\\/?s={search_term_string}\"},\"query-input\":{\"@type\":\"PropertyValueSpecification\",\"valueRequired\":true,\"valueName\":\"search_term_string\"}}],\"inLanguage\":\"es\"},{\"@type\":\"Organization\",\"@id\":\"https:\\\/\\\/canal7slp.tv\\\/2023\\\/#organization\",\"name\":\"Noticieros Canal 7\",\"url\":\"https:\\\/\\\/canal7slp.tv\\\/2023\\\/\",\"logo\":{\"@type\":\"ImageObject\",\"inLanguage\":\"es\",\"@id\":\"https:\\\/\\\/canal7slp.tv\\\/2023\\\/#\\\/schema\\\/logo\\\/image\\\/\",\"url\":\"https:\\\/\\\/canal7slp.tv\\\/2023\\\/wp-content\\\/uploads\\\/2021\\\/01\\\/logo-noticieros@2x.png\",\"contentUrl\":\"https:\\\/\\\/canal7slp.tv\\\/2023\\\/wp-content\\\/uploads\\\/2021\\\/01\\\/logo-noticieros@2x.png\",\"width\":1017,\"height\":268,\"caption\":\"Noticieros Canal 7\"},\"image\":{\"@id\":\"https:\\\/\\\/canal7slp.tv\\\/2023\\\/#\\\/schema\\\/logo\\\/image\\\/\"},\"sameAs\":[\"https:\\\/\\\/www.facebook.com\\\/noticieroscanalsiete\",\"https:\\\/\\\/x.com\\\/NOTICIEROS7\",\"https:\\\/\\\/www.instagram.com\\\/canal7_slp\",\"https:\\\/\\\/www.youtube.com\\\/channel\\\/UCliiYs-gP3JfJeqdPrNdd5A\"]},{\"@type\":\"Person\",\"@id\":\"https:\\\/\\\/canal7slp.tv\\\/2023\\\/#\\\/schema\\\/person\\\/639c424e3584069003b11ae813915da6\",\"name\":\"Edici\u00f3n Web\",\"image\":{\"@type\":\"ImageObject\",\"inLanguage\":\"es\",\"@id\":\"https:\\\/\\\/secure.gravatar.com\\\/avatar\\\/eee448fc3f7164808013b816ba91ac7e43bbe82a70bebac296f8bc6f0addaa1a?s=96&d=mm&r=g\",\"url\":\"https:\\\/\\\/secure.gravatar.com\\\/avatar\\\/eee448fc3f7164808013b816ba91ac7e43bbe82a70bebac296f8bc6f0addaa1a?s=96&d=mm&r=g\",\"contentUrl\":\"https:\\\/\\\/secure.gravatar.com\\\/avatar\\\/eee448fc3f7164808013b816ba91ac7e43bbe82a70bebac296f8bc6f0addaa1a?s=96&d=mm&r=g\",\"caption\":\"Edici\u00f3n Web\"},\"url\":\"https:\\\/\\\/canal7slp.tv\\\/2023\\\/author\\\/edicionweb\\\/\"}]}<\/script>\n<!-- \/ Yoast SEO plugin. -->","yoast_head_json":{"title":"SEGE reconoce trayectoria de personal administrativo, de hasta 40 a\u00f1os de servicio - Canal 7 SLP - 2023","robots":{"index":"index","follow":"follow","max-snippet":"max-snippet:-1","max-image-preview":"max-image-preview:large","max-video-preview":"max-video-preview:-1"},"canonical":"https:\/\/canal7slp.tv\/2023\/sege-reconoce-trayectoria-de-personal-administrativo-de-hasta-40-anos-de-servicio\/","og_locale":"es_ES","og_type":"article","og_title":"SEGE reconoce trayectoria de personal administrativo, de hasta 40 a\u00f1os de servicio - Canal 7 SLP - 2023","og_description":"Autoridades otorgaron est\u00edmulos y dict\u00e1menes escalafonarios. SLP.- La administraci\u00f3n del Poder Ejecutivo local v\u00eda la Secretar\u00eda de Educaci\u00f3n de Gobierno del Estado entreg\u00f3 reconocimientos por antig\u00fcedad a miembros del personal de apoyo y asistencia de planteles educativos, as\u00ed lo inform\u00f3 el titular del Sindicato Nacional de Trabajadores de la Educaci\u00f3n Secci\u00f3n 26, Juan Carlos B\u00e1rcenas Ram\u00edrez. \u201cEl d\u00eda de hoy realmente importante entregar a la Secci\u00f3n 26 m\u00e1s de 58 premios al personal de apoyo que se ganaron por su desempe\u00f1o, por su trabajo, por su calidad, por su reconocimiento con los mismos compa\u00f1eros un premio municipal\u201d. Se entregaron dict\u00e1menes [&hellip;]","og_url":"https:\/\/canal7slp.tv\/2023\/sege-reconoce-trayectoria-de-personal-administrativo-de-hasta-40-anos-de-servicio\/","og_site_name":"Canal 7 SLP - 2023","article_publisher":"https:\/\/www.facebook.com\/noticieroscanalsiete","article_published_time":"2023-07-17T23:22:57+00:00","og_image":[{"width":1280,"height":720,"url":"https:\/\/canal7slp.tv\/2023\/wp-content\/uploads\/2023\/07\/Poky02EventoEstimulos.jpg","type":"image\/jpeg"}],"author":"Edici\u00f3n Web","twitter_card":"summary_large_image","twitter_creator":"@NOTICIEROS7","twitter_site":"@NOTICIEROS7","twitter_misc":{"Escrito por":"Edici\u00f3n Web","Tiempo de lectura":"1 minuto"},"schema":{"@context":"https:\/\/schema.org","@graph":[{"@type":"Article","@id":"https:\/\/canal7slp.tv\/2023\/sege-reconoce-trayectoria-de-personal-administrativo-de-hasta-40-anos-de-servicio\/#article","isPartOf":{"@id":"https:\/\/canal7slp.tv\/2023\/sege-reconoce-trayectoria-de-personal-administrativo-de-hasta-40-anos-de-servicio\/"},"author":{"name":"Edici\u00f3n Web","@id":"https:\/\/canal7slp.tv\/2023\/#\/schema\/person\/639c424e3584069003b11ae813915da6"},"headline":"SEGE reconoce trayectoria de personal administrativo, de hasta 40 a\u00f1os de servicio","datePublished":"2023-07-17T23:22:57+00:00","mainEntityOfPage":{"@id":"https:\/\/canal7slp.tv\/2023\/sege-reconoce-trayectoria-de-personal-administrativo-de-hasta-40-anos-de-servicio\/"},"wordCount":199,"publisher":{"@id":"https:\/\/canal7slp.tv\/2023\/#organization"},"image":{"@id":"https:\/\/canal7slp.tv\/2023\/sege-reconoce-trayectoria-de-personal-administrativo-de-hasta-40-anos-de-servicio\/#primaryimage"},"thumbnailUrl":"https:\/\/canal7slp.tv\/2023\/wp-content\/uploads\/2023\/07\/Poky02EventoEstimulos.jpg","articleSection":["DESTACADAS","LOCALES Y REGIONALES"],"inLanguage":"es"},{"@type":"WebPage","@id":"https:\/\/canal7slp.tv\/2023\/sege-reconoce-trayectoria-de-personal-administrativo-de-hasta-40-anos-de-servicio\/","url":"https:\/\/canal7slp.tv\/2023\/sege-reconoce-trayectoria-de-personal-administrativo-de-hasta-40-anos-de-servicio\/","name":"SEGE reconoce trayectoria de personal administrativo, de hasta 40 a\u00f1os de servicio - Canal 7 SLP - 2023","isPartOf":{"@id":"https:\/\/canal7slp.tv\/2023\/#website"},"primaryImageOfPage":{"@id":"https:\/\/canal7slp.tv\/2023\/sege-reconoce-trayectoria-de-personal-administrativo-de-hasta-40-anos-de-servicio\/#primaryimage"},"image":{"@id":"https:\/\/canal7slp.tv\/2023\/sege-reconoce-trayectoria-de-personal-administrativo-de-hasta-40-anos-de-servicio\/#primaryimage"},"thumbnailUrl":"https:\/\/canal7slp.tv\/2023\/wp-content\/uploads\/2023\/07\/Poky02EventoEstimulos.jpg","datePublished":"2023-07-17T23:22:57+00:00","breadcrumb":{"@id":"https:\/\/canal7slp.tv\/2023\/sege-reconoce-trayectoria-de-personal-administrativo-de-hasta-40-anos-de-servicio\/#breadcrumb"},"inLanguage":"es","potentialAction":[{"@type":"ReadAction","target":["https:\/\/canal7slp.tv\/2023\/sege-reconoce-trayectoria-de-personal-administrativo-de-hasta-40-anos-de-servicio\/"]}]},{"@type":"ImageObject","inLanguage":"es","@id":"https:\/\/canal7slp.tv\/2023\/sege-reconoce-trayectoria-de-personal-administrativo-de-hasta-40-anos-de-servicio\/#primaryimage","url":"https:\/\/canal7slp.tv\/2023\/wp-content\/uploads\/2023\/07\/Poky02EventoEstimulos.jpg","contentUrl":"https:\/\/canal7slp.tv\/2023\/wp-content\/uploads\/2023\/07\/Poky02EventoEstimulos.jpg","width":1280,"height":720},{"@type":"BreadcrumbList","@id":"https:\/\/canal7slp.tv\/2023\/sege-reconoce-trayectoria-de-personal-administrativo-de-hasta-40-anos-de-servicio\/#breadcrumb","itemListElement":[{"@type":"ListItem","position":1,"name":"Portada","item":"https:\/\/canal7slp.tv\/2023\/"},{"@type":"ListItem","position":2,"name":"SEGE reconoce trayectoria de personal administrativo, de hasta 40 a\u00f1os de servicio"}]},{"@type":"WebSite","@id":"https:\/\/canal7slp.tv\/2023\/#website","url":"https:\/\/canal7slp.tv\/2023\/","name":"N7 - Noticieros Canal 7","description":"Somos Televisi\u00f3n","publisher":{"@id":"https:\/\/canal7slp.tv\/2023\/#organization"},"potentialAction":[{"@type":"SearchAction","target":{"@type":"EntryPoint","urlTemplate":"https:\/\/canal7slp.tv\/2023\/?s={search_term_string}"},"query-input":{"@type":"PropertyValueSpecification","valueRequired":true,"valueName":"search_term_string"}}],"inLanguage":"es"},{"@type":"Organization","@id":"https:\/\/canal7slp.tv\/2023\/#organization","name":"Noticieros Canal 7","url":"https:\/\/canal7slp.tv\/2023\/","logo":{"@type":"ImageObject","inLanguage":"es","@id":"https:\/\/canal7slp.tv\/2023\/#\/schema\/logo\/image\/","url":"https:\/\/canal7slp.tv\/2023\/wp-content\/uploads\/2021\/01\/logo-noticieros@2x.png","contentUrl":"https:\/\/canal7slp.tv\/2023\/wp-content\/uploads\/2021\/01\/logo-noticieros@2x.png","width":1017,"height":268,"caption":"Noticieros Canal 7"},"image":{"@id":"https:\/\/canal7slp.tv\/2023\/#\/schema\/logo\/image\/"},"sameAs":["https:\/\/www.facebook.com\/noticieroscanalsiete","https:\/\/x.com\/NOTICIEROS7","https:\/\/www.instagram.com\/canal7_slp","https:\/\/www.youtube.com\/channel\/UCliiYs-gP3JfJeqdPrNdd5A"]},{"@type":"Person","@id":"https:\/\/canal7slp.tv\/2023\/#\/schema\/person\/639c424e3584069003b11ae813915da6","name":"Edici\u00f3n Web","image":{"@type":"ImageObject","inLanguage":"es","@id":"https:\/\/secure.gravatar.com\/avatar\/eee448fc3f7164808013b816ba91ac7e43bbe82a70bebac296f8bc6f0addaa1a?s=96&d=mm&r=g","url":"https:\/\/secure.gravatar.com\/avatar\/eee448fc3f7164808013b816ba91ac7e43bbe82a70bebac296f8bc6f0addaa1a?s=96&d=mm&r=g","contentUrl":"https:\/\/secure.gravatar.com\/avatar\/eee448fc3f7164808013b816ba91ac7e43bbe82a70bebac296f8bc6f0addaa1a?s=96&d=mm&r=g","caption":"Edici\u00f3n Web"},"url":"https:\/\/canal7slp.tv\/2023\/author\/edicionweb\/"}]}},"_links":{"self":[{"href":"https:\/\/canal7slp.tv\/2023\/wp-json\/wp\/v2\/posts\/101590","targetHints":{"allow":["GET"]}}],"collection":[{"href":"https:\/\/canal7slp.tv\/2023\/wp-json\/wp\/v2\/posts"}],"about":[{"href":"https:\/\/canal7slp.tv\/2023\/wp-json\/wp\/v2\/types\/post"}],"author":[{"embeddable":true,"href":"https:\/\/canal7slp.tv\/2023\/wp-json\/wp\/v2\/users\/2"}],"replies":[{"embeddable":true,"href":"https:\/\/canal7slp.tv\/2023\/wp-json\/wp\/v2\/comments?post=101590"}],"version-history":[{"count":2,"href":"https:\/\/canal7slp.tv\/2023\/wp-json\/wp\/v2\/posts\/101590\/revisions"}],"predecessor-version":[{"id":101617,"href":"https:\/\/canal7slp.tv\/2023\/wp-json\/wp\/v2\/posts\/101590\/revisions\/101617"}],"wp:featuredmedia":[{"embeddable":true,"href":"https:\/\/canal7slp.tv\/2023\/wp-json\/wp\/v2\/media\/101616"}],"wp:attachment":[{"href":"https:\/\/canal7slp.tv\/2023\/wp-json\/wp\/v2\/media?parent=101590"}],"wp:term":[{"taxonomy":"category","embeddable":true,"href":"https:\/\/canal7slp.tv\/2023\/wp-json\/wp\/v2\/categories?post=101590"},{"taxonomy":"post_tag","embeddable":true,"href":"https:\/\/canal7slp.tv\/2023\/wp-json\/wp\/v2\/tags?post=101590"}],"curies":[{"name":"wp","href":"https:\/\/api.w.org\/{rel}","templated":true}]}}