{"id":79922,"date":"2022-11-30T23:24:08","date_gmt":"2022-12-01T05:24:08","guid":{"rendered":"https:\/\/canal7slp.tv\/2022\/?p=79922"},"modified":"2022-11-30T23:24:08","modified_gmt":"2022-12-01T05:24:08","slug":"reactivacion-del-sistema-preventivo-necesidad-de-la-fiscalia-especializada-en-feminicidios-y-montos-por-recuperacion-del-dano-reporto-la-fiscalia","status":"publish","type":"post","link":"https:\/\/canal7slp.tv\/2022\/reactivacion-del-sistema-preventivo-necesidad-de-la-fiscalia-especializada-en-feminicidios-y-montos-por-recuperacion-del-dano-reporto-la-fiscalia\/","title":{"rendered":"Reactivaci\u00f3n del sistema preventivo, necesidad de la Fiscal\u00eda Especializada en Feminicidios y montos por recuperaci\u00f3n del da\u00f1o, report\u00f3 la Fiscal\u00eda"},"content":{"rendered":"<p style=\"text-align: justify;\">SLP.- Como parte de su comparecencia, el titular de la Fiscal\u00eda General del Estado, Jos\u00e9 Luis Ruiz Contreras inform\u00f3 que se impulsaron acciones para reactivar el sistema de prevenci\u00f3n del delito en la instituci\u00f3n -pese que el organismo es de procuraci\u00f3n de justicia-.<\/p>\n<p style=\"text-align: justify;\">Afirm\u00f3 que dicho proceder deriv\u00f3 en la disminuci\u00f3n de indicadores. Y dio ejemplos.<\/p>\n<p style=\"text-align: justify;\">Asever\u00f3 que diversas bandas que incurren en robo de veh\u00edculos han sido desarticuladas.<\/p>\n<p style=\"text-align: justify;\">Afirm\u00f3 que un plan de persecuci\u00f3n penal ser\u00eda distribuido y posteriormente abord\u00f3 los casos de feminicidio.<\/p>\n<p>Se dijo consciente de la necesidad de una Fiscal\u00eda Especializada en la materia.<\/p>\n<p style=\"text-align: justify;\">Se refiri\u00f3 a la recuperaci\u00f3n del da\u00f1o y en materia de hechos de corrupci\u00f3n se alcanzaron 60 millones de pesos.<\/p>\n<p style=\"text-align: justify;\">En medios alternos de soluci\u00f3n de conflictos, en sede ministerial se tuvo una recuperaci\u00f3n de m\u00e1s de 41 millones de pesos -\u00fanicamente en la capital- y al interior, alrededor de 27 millones.<\/p>\n<p style=\"text-align: justify;\">Por otro lado, el funcionario record\u00f3 que la violencia familiar ha sido constante.<\/p>\n<p style=\"text-align: justify;\">Posteriormente ahond\u00f3 en la importancia de abatir el rezago.<\/p>\n<p>Por: Paulina Rodr\u00edguez<\/p>\n","protected":false},"excerpt":{"rendered":"<p>SLP.- Como parte de su comparecencia, el titular de la Fiscal\u00eda General del Estado, Jos\u00e9 Luis Ruiz Contreras inform\u00f3 que se impulsaron acciones para reactivar el sistema de prevenci\u00f3n del delito en la instituci\u00f3n -pese que el organismo es de procuraci\u00f3n de justicia-. Afirm\u00f3 que dicho proceder deriv\u00f3 en la disminuci\u00f3n de indicadores. Y dio ejemplos. Asever\u00f3 que diversas bandas que incurren en robo de veh\u00edculos han sido desarticuladas. Afirm\u00f3 que un plan de persecuci\u00f3n penal ser\u00eda distribuido y posteriormente abord\u00f3 los casos de feminicidio. Se dijo consciente de la necesidad de una Fiscal\u00eda Especializada en la materia. Se refiri\u00f3 [&hellip;]<\/p>\n","protected":false},"author":2,"featured_media":79928,"comment_status":"closed","ping_status":"closed","sticky":false,"template":"","format":"video","meta":{"footnotes":""},"categories":[3,5,45],"tags":[],"class_list":["post-79922","post","type-post","status-publish","format-video","has-post-thumbnail","hentry","category-congreso","category-destacadas","category-localesyregionales","post_format-post-format-video","post--single"],"yoast_head":"<!-- This site is optimized with the Yoast SEO plugin v27.5 - https:\/\/yoast.com\/product\/yoast-seo-wordpress\/ -->\n<title>Reactivaci\u00f3n del sistema preventivo, necesidad de la Fiscal\u00eda Especializada en Feminicidios y montos por recuperaci\u00f3n del da\u00f1o, report\u00f3 la Fiscal\u00eda - Canal 7 SLP - 2022<\/title>\n<meta name=\"robots\" content=\"index, follow, max-snippet:-1, max-image-preview:large, max-video-preview:-1\" \/>\n<link rel=\"canonical\" href=\"https:\/\/canal7slp.tv\/2022\/reactivacion-del-sistema-preventivo-necesidad-de-la-fiscalia-especializada-en-feminicidios-y-montos-por-recuperacion-del-dano-reporto-la-fiscalia\/\" \/>\n<meta property=\"og:locale\" content=\"es_ES\" \/>\n<meta property=\"og:type\" content=\"article\" \/>\n<meta property=\"og:title\" content=\"Reactivaci\u00f3n del sistema preventivo, necesidad de la Fiscal\u00eda Especializada en Feminicidios y montos por recuperaci\u00f3n del da\u00f1o, report\u00f3 la Fiscal\u00eda - Canal 7 SLP - 2022\" \/>\n<meta property=\"og:description\" content=\"SLP.- Como parte de su comparecencia, el titular de la Fiscal\u00eda General del Estado, Jos\u00e9 Luis Ruiz Contreras inform\u00f3 que se impulsaron acciones para reactivar el sistema de prevenci\u00f3n del delito en la instituci\u00f3n -pese que el organismo es de procuraci\u00f3n de justicia-. Afirm\u00f3 que dicho proceder deriv\u00f3 en la disminuci\u00f3n de indicadores. Y dio ejemplos. Asever\u00f3 que diversas bandas que incurren en robo de veh\u00edculos han sido desarticuladas. Afirm\u00f3 que un plan de persecuci\u00f3n penal ser\u00eda distribuido y posteriormente abord\u00f3 los casos de feminicidio. Se dijo consciente de la necesidad de una Fiscal\u00eda Especializada en la materia. Se refiri\u00f3 [&hellip;]\" \/>\n<meta property=\"og:url\" content=\"https:\/\/canal7slp.tv\/2022\/reactivacion-del-sistema-preventivo-necesidad-de-la-fiscalia-especializada-en-feminicidios-y-montos-por-recuperacion-del-dano-reporto-la-fiscalia\/\" \/>\n<meta property=\"og:site_name\" content=\"Canal 7 SLP - 2022\" \/>\n<meta property=\"article:publisher\" content=\"https:\/\/www.facebook.com\/noticieroscanalsiete\" \/>\n<meta property=\"article:published_time\" content=\"2022-12-01T05:24:08+00:00\" \/>\n<meta property=\"og:image\" content=\"https:\/\/canal7slp.tv\/2022\/wp-content\/uploads\/2022\/11\/Pau03Fiscal.jpg\" \/>\n\t<meta property=\"og:image:width\" content=\"888\" \/>\n\t<meta property=\"og:image:height\" content=\"500\" \/>\n\t<meta property=\"og:image:type\" content=\"image\/jpeg\" \/>\n<meta name=\"author\" content=\"Edici\u00f3n Web\" \/>\n<meta name=\"twitter:card\" content=\"summary_large_image\" \/>\n<meta name=\"twitter:creator\" content=\"@NOTICIEROS7\" \/>\n<meta name=\"twitter:site\" content=\"@NOTICIEROS7\" \/>\n<meta name=\"twitter:label1\" content=\"Escrito por\" \/>\n\t<meta name=\"twitter:data1\" content=\"Edici\u00f3n Web\" \/>\n\t<meta name=\"twitter:label2\" content=\"Tiempo de lectura\" \/>\n\t<meta name=\"twitter:data2\" content=\"1 minuto\" \/>\n<script type=\"application\/ld+json\" class=\"yoast-schema-graph\">{\"@context\":\"https:\\\/\\\/schema.org\",\"@graph\":[{\"@type\":\"Article\",\"@id\":\"https:\\\/\\\/canal7slp.tv\\\/2022\\\/reactivacion-del-sistema-preventivo-necesidad-de-la-fiscalia-especializada-en-feminicidios-y-montos-por-recuperacion-del-dano-reporto-la-fiscalia\\\/#article\",\"isPartOf\":{\"@id\":\"https:\\\/\\\/canal7slp.tv\\\/2022\\\/reactivacion-del-sistema-preventivo-necesidad-de-la-fiscalia-especializada-en-feminicidios-y-montos-por-recuperacion-del-dano-reporto-la-fiscalia\\\/\"},\"author\":{\"name\":\"Edici\u00f3n Web\",\"@id\":\"https:\\\/\\\/canal7slp.tv\\\/2022\\\/#\\\/schema\\\/person\\\/429704152a21f5f856ce29aa69a238da\"},\"headline\":\"Reactivaci\u00f3n del sistema preventivo, necesidad de la Fiscal\u00eda Especializada en Feminicidios y montos por recuperaci\u00f3n del da\u00f1o, report\u00f3 la Fiscal\u00eda\",\"datePublished\":\"2022-12-01T05:24:08+00:00\",\"mainEntityOfPage\":{\"@id\":\"https:\\\/\\\/canal7slp.tv\\\/2022\\\/reactivacion-del-sistema-preventivo-necesidad-de-la-fiscalia-especializada-en-feminicidios-y-montos-por-recuperacion-del-dano-reporto-la-fiscalia\\\/\"},\"wordCount\":215,\"publisher\":{\"@id\":\"https:\\\/\\\/canal7slp.tv\\\/2022\\\/#organization\"},\"image\":{\"@id\":\"https:\\\/\\\/canal7slp.tv\\\/2022\\\/reactivacion-del-sistema-preventivo-necesidad-de-la-fiscalia-especializada-en-feminicidios-y-montos-por-recuperacion-del-dano-reporto-la-fiscalia\\\/#primaryimage\"},\"thumbnailUrl\":\"https:\\\/\\\/canal7slp.tv\\\/2022\\\/wp-content\\\/uploads\\\/2022\\\/11\\\/Pau03Fiscal.jpg\",\"articleSection\":[\"CONGRESO\",\"DESTACADAS\",\"LOCALES Y REGIONALES\"],\"inLanguage\":\"es\"},{\"@type\":\"WebPage\",\"@id\":\"https:\\\/\\\/canal7slp.tv\\\/2022\\\/reactivacion-del-sistema-preventivo-necesidad-de-la-fiscalia-especializada-en-feminicidios-y-montos-por-recuperacion-del-dano-reporto-la-fiscalia\\\/\",\"url\":\"https:\\\/\\\/canal7slp.tv\\\/2022\\\/reactivacion-del-sistema-preventivo-necesidad-de-la-fiscalia-especializada-en-feminicidios-y-montos-por-recuperacion-del-dano-reporto-la-fiscalia\\\/\",\"name\":\"Reactivaci\u00f3n del sistema preventivo, necesidad de la Fiscal\u00eda Especializada en Feminicidios y montos por recuperaci\u00f3n del da\u00f1o, report\u00f3 la Fiscal\u00eda - Canal 7 SLP - 2022\",\"isPartOf\":{\"@id\":\"https:\\\/\\\/canal7slp.tv\\\/2022\\\/#website\"},\"primaryImageOfPage\":{\"@id\":\"https:\\\/\\\/canal7slp.tv\\\/2022\\\/reactivacion-del-sistema-preventivo-necesidad-de-la-fiscalia-especializada-en-feminicidios-y-montos-por-recuperacion-del-dano-reporto-la-fiscalia\\\/#primaryimage\"},\"image\":{\"@id\":\"https:\\\/\\\/canal7slp.tv\\\/2022\\\/reactivacion-del-sistema-preventivo-necesidad-de-la-fiscalia-especializada-en-feminicidios-y-montos-por-recuperacion-del-dano-reporto-la-fiscalia\\\/#primaryimage\"},\"thumbnailUrl\":\"https:\\\/\\\/canal7slp.tv\\\/2022\\\/wp-content\\\/uploads\\\/2022\\\/11\\\/Pau03Fiscal.jpg\",\"datePublished\":\"2022-12-01T05:24:08+00:00\",\"breadcrumb\":{\"@id\":\"https:\\\/\\\/canal7slp.tv\\\/2022\\\/reactivacion-del-sistema-preventivo-necesidad-de-la-fiscalia-especializada-en-feminicidios-y-montos-por-recuperacion-del-dano-reporto-la-fiscalia\\\/#breadcrumb\"},\"inLanguage\":\"es\",\"potentialAction\":[{\"@type\":\"ReadAction\",\"target\":[\"https:\\\/\\\/canal7slp.tv\\\/2022\\\/reactivacion-del-sistema-preventivo-necesidad-de-la-fiscalia-especializada-en-feminicidios-y-montos-por-recuperacion-del-dano-reporto-la-fiscalia\\\/\"]}]},{\"@type\":\"ImageObject\",\"inLanguage\":\"es\",\"@id\":\"https:\\\/\\\/canal7slp.tv\\\/2022\\\/reactivacion-del-sistema-preventivo-necesidad-de-la-fiscalia-especializada-en-feminicidios-y-montos-por-recuperacion-del-dano-reporto-la-fiscalia\\\/#primaryimage\",\"url\":\"https:\\\/\\\/canal7slp.tv\\\/2022\\\/wp-content\\\/uploads\\\/2022\\\/11\\\/Pau03Fiscal.jpg\",\"contentUrl\":\"https:\\\/\\\/canal7slp.tv\\\/2022\\\/wp-content\\\/uploads\\\/2022\\\/11\\\/Pau03Fiscal.jpg\",\"width\":888,\"height\":500},{\"@type\":\"BreadcrumbList\",\"@id\":\"https:\\\/\\\/canal7slp.tv\\\/2022\\\/reactivacion-del-sistema-preventivo-necesidad-de-la-fiscalia-especializada-en-feminicidios-y-montos-por-recuperacion-del-dano-reporto-la-fiscalia\\\/#breadcrumb\",\"itemListElement\":[{\"@type\":\"ListItem\",\"position\":1,\"name\":\"Portada\",\"item\":\"https:\\\/\\\/canal7slp.tv\\\/2022\\\/\"},{\"@type\":\"ListItem\",\"position\":2,\"name\":\"Reactivaci\u00f3n del sistema preventivo, necesidad de la Fiscal\u00eda Especializada en Feminicidios y montos por recuperaci\u00f3n del da\u00f1o, report\u00f3 la Fiscal\u00eda\"}]},{\"@type\":\"WebSite\",\"@id\":\"https:\\\/\\\/canal7slp.tv\\\/2022\\\/#website\",\"url\":\"https:\\\/\\\/canal7slp.tv\\\/2022\\\/\",\"name\":\"N7 - Noticieros Canal 7\",\"description\":\"Somos Televisi\u00f3n\",\"publisher\":{\"@id\":\"https:\\\/\\\/canal7slp.tv\\\/2022\\\/#organization\"},\"potentialAction\":[{\"@type\":\"SearchAction\",\"target\":{\"@type\":\"EntryPoint\",\"urlTemplate\":\"https:\\\/\\\/canal7slp.tv\\\/2022\\\/?s={search_term_string}\"},\"query-input\":{\"@type\":\"PropertyValueSpecification\",\"valueRequired\":true,\"valueName\":\"search_term_string\"}}],\"inLanguage\":\"es\"},{\"@type\":\"Organization\",\"@id\":\"https:\\\/\\\/canal7slp.tv\\\/2022\\\/#organization\",\"name\":\"Noticieros Canal 7\",\"url\":\"https:\\\/\\\/canal7slp.tv\\\/2022\\\/\",\"logo\":{\"@type\":\"ImageObject\",\"inLanguage\":\"es\",\"@id\":\"https:\\\/\\\/canal7slp.tv\\\/2022\\\/#\\\/schema\\\/logo\\\/image\\\/\",\"url\":\"https:\\\/\\\/canal7slp.tv\\\/2022\\\/wp-content\\\/uploads\\\/2021\\\/01\\\/logo-noticieros@2x.png\",\"contentUrl\":\"https:\\\/\\\/canal7slp.tv\\\/2022\\\/wp-content\\\/uploads\\\/2021\\\/01\\\/logo-noticieros@2x.png\",\"width\":1017,\"height\":268,\"caption\":\"Noticieros Canal 7\"},\"image\":{\"@id\":\"https:\\\/\\\/canal7slp.tv\\\/2022\\\/#\\\/schema\\\/logo\\\/image\\\/\"},\"sameAs\":[\"https:\\\/\\\/www.facebook.com\\\/noticieroscanalsiete\",\"https:\\\/\\\/x.com\\\/NOTICIEROS7\",\"https:\\\/\\\/www.instagram.com\\\/canal7_slp\",\"https:\\\/\\\/www.youtube.com\\\/channel\\\/UCliiYs-gP3JfJeqdPrNdd5A\"]},{\"@type\":\"Person\",\"@id\":\"https:\\\/\\\/canal7slp.tv\\\/2022\\\/#\\\/schema\\\/person\\\/429704152a21f5f856ce29aa69a238da\",\"name\":\"Edici\u00f3n Web\",\"image\":{\"@type\":\"ImageObject\",\"inLanguage\":\"es\",\"@id\":\"https:\\\/\\\/secure.gravatar.com\\\/avatar\\\/eee448fc3f7164808013b816ba91ac7e43bbe82a70bebac296f8bc6f0addaa1a?s=96&d=mm&r=g\",\"url\":\"https:\\\/\\\/secure.gravatar.com\\\/avatar\\\/eee448fc3f7164808013b816ba91ac7e43bbe82a70bebac296f8bc6f0addaa1a?s=96&d=mm&r=g\",\"contentUrl\":\"https:\\\/\\\/secure.gravatar.com\\\/avatar\\\/eee448fc3f7164808013b816ba91ac7e43bbe82a70bebac296f8bc6f0addaa1a?s=96&d=mm&r=g\",\"caption\":\"Edici\u00f3n Web\"},\"url\":\"https:\\\/\\\/canal7slp.tv\\\/2022\\\/author\\\/edicionweb\\\/\"}]}<\/script>\n<!-- \/ Yoast SEO plugin. -->","yoast_head_json":{"title":"Reactivaci\u00f3n del sistema preventivo, necesidad de la Fiscal\u00eda Especializada en Feminicidios y montos por recuperaci\u00f3n del da\u00f1o, report\u00f3 la Fiscal\u00eda - Canal 7 SLP - 2022","robots":{"index":"index","follow":"follow","max-snippet":"max-snippet:-1","max-image-preview":"max-image-preview:large","max-video-preview":"max-video-preview:-1"},"canonical":"https:\/\/canal7slp.tv\/2022\/reactivacion-del-sistema-preventivo-necesidad-de-la-fiscalia-especializada-en-feminicidios-y-montos-por-recuperacion-del-dano-reporto-la-fiscalia\/","og_locale":"es_ES","og_type":"article","og_title":"Reactivaci\u00f3n del sistema preventivo, necesidad de la Fiscal\u00eda Especializada en Feminicidios y montos por recuperaci\u00f3n del da\u00f1o, report\u00f3 la Fiscal\u00eda - Canal 7 SLP - 2022","og_description":"SLP.- Como parte de su comparecencia, el titular de la Fiscal\u00eda General del Estado, Jos\u00e9 Luis Ruiz Contreras inform\u00f3 que se impulsaron acciones para reactivar el sistema de prevenci\u00f3n del delito en la instituci\u00f3n -pese que el organismo es de procuraci\u00f3n de justicia-. Afirm\u00f3 que dicho proceder deriv\u00f3 en la disminuci\u00f3n de indicadores. Y dio ejemplos. Asever\u00f3 que diversas bandas que incurren en robo de veh\u00edculos han sido desarticuladas. Afirm\u00f3 que un plan de persecuci\u00f3n penal ser\u00eda distribuido y posteriormente abord\u00f3 los casos de feminicidio. Se dijo consciente de la necesidad de una Fiscal\u00eda Especializada en la materia. Se refiri\u00f3 [&hellip;]","og_url":"https:\/\/canal7slp.tv\/2022\/reactivacion-del-sistema-preventivo-necesidad-de-la-fiscalia-especializada-en-feminicidios-y-montos-por-recuperacion-del-dano-reporto-la-fiscalia\/","og_site_name":"Canal 7 SLP - 2022","article_publisher":"https:\/\/www.facebook.com\/noticieroscanalsiete","article_published_time":"2022-12-01T05:24:08+00:00","og_image":[{"width":888,"height":500,"url":"https:\/\/canal7slp.tv\/2022\/wp-content\/uploads\/2022\/11\/Pau03Fiscal.jpg","type":"image\/jpeg"}],"author":"Edici\u00f3n Web","twitter_card":"summary_large_image","twitter_creator":"@NOTICIEROS7","twitter_site":"@NOTICIEROS7","twitter_misc":{"Escrito por":"Edici\u00f3n Web","Tiempo de lectura":"1 minuto"},"schema":{"@context":"https:\/\/schema.org","@graph":[{"@type":"Article","@id":"https:\/\/canal7slp.tv\/2022\/reactivacion-del-sistema-preventivo-necesidad-de-la-fiscalia-especializada-en-feminicidios-y-montos-por-recuperacion-del-dano-reporto-la-fiscalia\/#article","isPartOf":{"@id":"https:\/\/canal7slp.tv\/2022\/reactivacion-del-sistema-preventivo-necesidad-de-la-fiscalia-especializada-en-feminicidios-y-montos-por-recuperacion-del-dano-reporto-la-fiscalia\/"},"author":{"name":"Edici\u00f3n Web","@id":"https:\/\/canal7slp.tv\/2022\/#\/schema\/person\/429704152a21f5f856ce29aa69a238da"},"headline":"Reactivaci\u00f3n del sistema preventivo, necesidad de la Fiscal\u00eda Especializada en Feminicidios y montos por recuperaci\u00f3n del da\u00f1o, report\u00f3 la Fiscal\u00eda","datePublished":"2022-12-01T05:24:08+00:00","mainEntityOfPage":{"@id":"https:\/\/canal7slp.tv\/2022\/reactivacion-del-sistema-preventivo-necesidad-de-la-fiscalia-especializada-en-feminicidios-y-montos-por-recuperacion-del-dano-reporto-la-fiscalia\/"},"wordCount":215,"publisher":{"@id":"https:\/\/canal7slp.tv\/2022\/#organization"},"image":{"@id":"https:\/\/canal7slp.tv\/2022\/reactivacion-del-sistema-preventivo-necesidad-de-la-fiscalia-especializada-en-feminicidios-y-montos-por-recuperacion-del-dano-reporto-la-fiscalia\/#primaryimage"},"thumbnailUrl":"https:\/\/canal7slp.tv\/2022\/wp-content\/uploads\/2022\/11\/Pau03Fiscal.jpg","articleSection":["CONGRESO","DESTACADAS","LOCALES Y REGIONALES"],"inLanguage":"es"},{"@type":"WebPage","@id":"https:\/\/canal7slp.tv\/2022\/reactivacion-del-sistema-preventivo-necesidad-de-la-fiscalia-especializada-en-feminicidios-y-montos-por-recuperacion-del-dano-reporto-la-fiscalia\/","url":"https:\/\/canal7slp.tv\/2022\/reactivacion-del-sistema-preventivo-necesidad-de-la-fiscalia-especializada-en-feminicidios-y-montos-por-recuperacion-del-dano-reporto-la-fiscalia\/","name":"Reactivaci\u00f3n del sistema preventivo, necesidad de la Fiscal\u00eda Especializada en Feminicidios y montos por recuperaci\u00f3n del da\u00f1o, report\u00f3 la Fiscal\u00eda - Canal 7 SLP - 2022","isPartOf":{"@id":"https:\/\/canal7slp.tv\/2022\/#website"},"primaryImageOfPage":{"@id":"https:\/\/canal7slp.tv\/2022\/reactivacion-del-sistema-preventivo-necesidad-de-la-fiscalia-especializada-en-feminicidios-y-montos-por-recuperacion-del-dano-reporto-la-fiscalia\/#primaryimage"},"image":{"@id":"https:\/\/canal7slp.tv\/2022\/reactivacion-del-sistema-preventivo-necesidad-de-la-fiscalia-especializada-en-feminicidios-y-montos-por-recuperacion-del-dano-reporto-la-fiscalia\/#primaryimage"},"thumbnailUrl":"https:\/\/canal7slp.tv\/2022\/wp-content\/uploads\/2022\/11\/Pau03Fiscal.jpg","datePublished":"2022-12-01T05:24:08+00:00","breadcrumb":{"@id":"https:\/\/canal7slp.tv\/2022\/reactivacion-del-sistema-preventivo-necesidad-de-la-fiscalia-especializada-en-feminicidios-y-montos-por-recuperacion-del-dano-reporto-la-fiscalia\/#breadcrumb"},"inLanguage":"es","potentialAction":[{"@type":"ReadAction","target":["https:\/\/canal7slp.tv\/2022\/reactivacion-del-sistema-preventivo-necesidad-de-la-fiscalia-especializada-en-feminicidios-y-montos-por-recuperacion-del-dano-reporto-la-fiscalia\/"]}]},{"@type":"ImageObject","inLanguage":"es","@id":"https:\/\/canal7slp.tv\/2022\/reactivacion-del-sistema-preventivo-necesidad-de-la-fiscalia-especializada-en-feminicidios-y-montos-por-recuperacion-del-dano-reporto-la-fiscalia\/#primaryimage","url":"https:\/\/canal7slp.tv\/2022\/wp-content\/uploads\/2022\/11\/Pau03Fiscal.jpg","contentUrl":"https:\/\/canal7slp.tv\/2022\/wp-content\/uploads\/2022\/11\/Pau03Fiscal.jpg","width":888,"height":500},{"@type":"BreadcrumbList","@id":"https:\/\/canal7slp.tv\/2022\/reactivacion-del-sistema-preventivo-necesidad-de-la-fiscalia-especializada-en-feminicidios-y-montos-por-recuperacion-del-dano-reporto-la-fiscalia\/#breadcrumb","itemListElement":[{"@type":"ListItem","position":1,"name":"Portada","item":"https:\/\/canal7slp.tv\/2022\/"},{"@type":"ListItem","position":2,"name":"Reactivaci\u00f3n del sistema preventivo, necesidad de la Fiscal\u00eda Especializada en Feminicidios y montos por recuperaci\u00f3n del da\u00f1o, report\u00f3 la Fiscal\u00eda"}]},{"@type":"WebSite","@id":"https:\/\/canal7slp.tv\/2022\/#website","url":"https:\/\/canal7slp.tv\/2022\/","name":"N7 - Noticieros Canal 7","description":"Somos Televisi\u00f3n","publisher":{"@id":"https:\/\/canal7slp.tv\/2022\/#organization"},"potentialAction":[{"@type":"SearchAction","target":{"@type":"EntryPoint","urlTemplate":"https:\/\/canal7slp.tv\/2022\/?s={search_term_string}"},"query-input":{"@type":"PropertyValueSpecification","valueRequired":true,"valueName":"search_term_string"}}],"inLanguage":"es"},{"@type":"Organization","@id":"https:\/\/canal7slp.tv\/2022\/#organization","name":"Noticieros Canal 7","url":"https:\/\/canal7slp.tv\/2022\/","logo":{"@type":"ImageObject","inLanguage":"es","@id":"https:\/\/canal7slp.tv\/2022\/#\/schema\/logo\/image\/","url":"https:\/\/canal7slp.tv\/2022\/wp-content\/uploads\/2021\/01\/logo-noticieros@2x.png","contentUrl":"https:\/\/canal7slp.tv\/2022\/wp-content\/uploads\/2021\/01\/logo-noticieros@2x.png","width":1017,"height":268,"caption":"Noticieros Canal 7"},"image":{"@id":"https:\/\/canal7slp.tv\/2022\/#\/schema\/logo\/image\/"},"sameAs":["https:\/\/www.facebook.com\/noticieroscanalsiete","https:\/\/x.com\/NOTICIEROS7","https:\/\/www.instagram.com\/canal7_slp","https:\/\/www.youtube.com\/channel\/UCliiYs-gP3JfJeqdPrNdd5A"]},{"@type":"Person","@id":"https:\/\/canal7slp.tv\/2022\/#\/schema\/person\/429704152a21f5f856ce29aa69a238da","name":"Edici\u00f3n Web","image":{"@type":"ImageObject","inLanguage":"es","@id":"https:\/\/secure.gravatar.com\/avatar\/eee448fc3f7164808013b816ba91ac7e43bbe82a70bebac296f8bc6f0addaa1a?s=96&d=mm&r=g","url":"https:\/\/secure.gravatar.com\/avatar\/eee448fc3f7164808013b816ba91ac7e43bbe82a70bebac296f8bc6f0addaa1a?s=96&d=mm&r=g","contentUrl":"https:\/\/secure.gravatar.com\/avatar\/eee448fc3f7164808013b816ba91ac7e43bbe82a70bebac296f8bc6f0addaa1a?s=96&d=mm&r=g","caption":"Edici\u00f3n Web"},"url":"https:\/\/canal7slp.tv\/2022\/author\/edicionweb\/"}]}},"amp_enabled":true,"_links":{"self":[{"href":"https:\/\/canal7slp.tv\/2022\/wp-json\/wp\/v2\/posts\/79922","targetHints":{"allow":["GET"]}}],"collection":[{"href":"https:\/\/canal7slp.tv\/2022\/wp-json\/wp\/v2\/posts"}],"about":[{"href":"https:\/\/canal7slp.tv\/2022\/wp-json\/wp\/v2\/types\/post"}],"author":[{"embeddable":true,"href":"https:\/\/canal7slp.tv\/2022\/wp-json\/wp\/v2\/users\/2"}],"replies":[{"embeddable":true,"href":"https:\/\/canal7slp.tv\/2022\/wp-json\/wp\/v2\/comments?post=79922"}],"version-history":[{"count":2,"href":"https:\/\/canal7slp.tv\/2022\/wp-json\/wp\/v2\/posts\/79922\/revisions"}],"predecessor-version":[{"id":79929,"href":"https:\/\/canal7slp.tv\/2022\/wp-json\/wp\/v2\/posts\/79922\/revisions\/79929"}],"wp:featuredmedia":[{"embeddable":true,"href":"https:\/\/canal7slp.tv\/2022\/wp-json\/wp\/v2\/media\/79928"}],"wp:attachment":[{"href":"https:\/\/canal7slp.tv\/2022\/wp-json\/wp\/v2\/media?parent=79922"}],"wp:term":[{"taxonomy":"category","embeddable":true,"href":"https:\/\/canal7slp.tv\/2022\/wp-json\/wp\/v2\/categories?post=79922"},{"taxonomy":"post_tag","embeddable":true,"href":"https:\/\/canal7slp.tv\/2022\/wp-json\/wp\/v2\/tags?post=79922"}],"curies":[{"name":"wp","href":"https:\/\/api.w.org\/{rel}","templated":true}]}}