{"id":79030,"date":"2022-11-22T11:20:38","date_gmt":"2022-11-22T17:20:38","guid":{"rendered":"https:\/\/canal7slp.tv\/2022\/?p=79030"},"modified":"2022-11-22T11:20:38","modified_gmt":"2022-11-22T17:20:38","slug":"inicia-vacunacion-contra-vph-para-ninas-de-13-a-14-anos-en-todo-el-estado","status":"publish","type":"post","link":"https:\/\/canal7slp.tv\/2022\/inicia-vacunacion-contra-vph-para-ninas-de-13-a-14-anos-en-todo-el-estado\/","title":{"rendered":"Inicia vacunaci\u00f3n contra VPH para ni\u00f1as de 13 a 14 a\u00f1os en todo el estado."},"content":{"rendered":"<ul>\n<li style=\"text-align: justify;\">Las escuelas secundarias y Jurisdicciones Sanitarias estar\u00e1n informando de las fechas de vacunaci\u00f3n; una vez que la jornada arranc\u00f3 el 21 de noviembre y concluir\u00e1 el nueve de diciembre.<\/li>\n<\/ul>\n<p style=\"text-align: justify;\">SLP.- Resultado de la estrategia para garantizar la salud, inici\u00f3 este 21 de noviembre la campa\u00f1a Nacional de Vacunaci\u00f3n, donde ni\u00f1as de 13 y 14 a\u00f1os, pueden recibir la vacuna que protege contra el Virus del Papiloma Humano (VPH).<\/p>\n<p style=\"text-align: justify;\">La vacunaci\u00f3n se realizar\u00e1 en escuelas secundarias en todo el estado.<\/p>\n<p style=\"text-align: justify;\">La directora de Salud P\u00fablica de los Servicios de Salud, Luc\u00eda Gabriela Rosales Ortu\u00f1o detall\u00f3 que aunque en a\u00f1os anteriores la vacuna de VPH se aplicaba a ni\u00f1as de 9 y 10 a\u00f1os; este a\u00f1o, de acuerdo a los lineamientos establecidos por la Secretar\u00eda de Salud, se cambi\u00f3 el rango de edad con el objetivo de recuperar la cobertura de vacunaci\u00f3n para las adolescentes de 13 y 14 a\u00f1os que quedaron rezagadas de este esquema debido a la pandemia.<\/p>\n<p style=\"text-align: justify;\">Adem\u00e1s, la vacunaci\u00f3n contra el VPH tambi\u00e9n est\u00e1 dirigida a mujeres cisg\u00e9nero y transg\u00e9nero que viven con el Virus de Inmunodeficiencia Humana (VIH), para lo que podr\u00e1n acudir a los Centros Ambulatorios para la Prevenci\u00f3n y Atenci\u00f3n en SIDA e Infecciones de Transmisi\u00f3n Sexual (CAPASITS).<\/p>\n<p style=\"text-align: justify;\">El Virus del Papiloma Humano es una infecci\u00f3n de transmisi\u00f3n sexual, es tan com\u00fan que casi todos los hombres y todas las mujeres sexualmente activos lo contraen en alg\u00fan momento de su vida, hay distintos tipos y algunos pueden causar problemas de salud como verrugas genitales o c\u00e1nceres, la mayor\u00eda de los casos de c\u00e1ncer de cuello uterino est\u00e1n asociados a este virus.<\/p>\n<p style=\"text-align: justify;\">La vacuna contra el VPH previene el c\u00e1ncer de cuello del \u00fatero si se recibe antes de que las ni\u00f1as o las mujeres se expongan al virus y previene tambi\u00e9n c\u00e1ncer de vagina y vulva.<br \/>\nTambi\u00e9n verrugas genitales, los c\u00e1nceres anales, en la boca, garganta, cabeza y cuello en mujeres y hombres.<\/p>\n<p style=\"text-align: justify;\">Existe mejor respuesta a la vacuna a una edad temprana, que mayor.<\/p>\n","protected":false},"excerpt":{"rendered":"<p>Las escuelas secundarias y Jurisdicciones Sanitarias estar\u00e1n informando de las fechas de vacunaci\u00f3n; una vez que la jornada arranc\u00f3 el 21 de noviembre y concluir\u00e1 el nueve de diciembre. SLP.- Resultado de la estrategia para garantizar la salud, inici\u00f3 este 21 de noviembre la campa\u00f1a Nacional de Vacunaci\u00f3n, donde ni\u00f1as de 13 y 14 a\u00f1os, pueden recibir la vacuna que protege contra el Virus del Papiloma Humano (VPH). La vacunaci\u00f3n se realizar\u00e1 en escuelas secundarias en todo el estado. La directora de Salud P\u00fablica de los Servicios de Salud, Luc\u00eda Gabriela Rosales Ortu\u00f1o detall\u00f3 que aunque en a\u00f1os anteriores la [&hellip;]<\/p>\n","protected":false},"author":2,"featured_media":79031,"comment_status":"closed","ping_status":"closed","sticky":false,"template":"","format":"standard","meta":{"footnotes":""},"categories":[1],"tags":[],"class_list":["post-79030","post","type-post","status-publish","format-standard","has-post-thumbnail","hentry","category-uncategorized","post--single"],"yoast_head":"<!-- This site is optimized with the Yoast SEO plugin v27.5 - https:\/\/yoast.com\/product\/yoast-seo-wordpress\/ -->\n<title>Inicia vacunaci\u00f3n contra VPH para ni\u00f1as de 13 a 14 a\u00f1os en todo el estado. - Canal 7 SLP - 2022<\/title>\n<meta name=\"robots\" content=\"index, follow, max-snippet:-1, max-image-preview:large, max-video-preview:-1\" \/>\n<link rel=\"canonical\" href=\"https:\/\/canal7slp.tv\/2022\/inicia-vacunacion-contra-vph-para-ninas-de-13-a-14-anos-en-todo-el-estado\/\" \/>\n<meta property=\"og:locale\" content=\"es_ES\" \/>\n<meta property=\"og:type\" content=\"article\" \/>\n<meta property=\"og:title\" content=\"Inicia vacunaci\u00f3n contra VPH para ni\u00f1as de 13 a 14 a\u00f1os en todo el estado. - Canal 7 SLP - 2022\" \/>\n<meta property=\"og:description\" content=\"Las escuelas secundarias y Jurisdicciones Sanitarias estar\u00e1n informando de las fechas de vacunaci\u00f3n; una vez que la jornada arranc\u00f3 el 21 de noviembre y concluir\u00e1 el nueve de diciembre. SLP.- Resultado de la estrategia para garantizar la salud, inici\u00f3 este 21 de noviembre la campa\u00f1a Nacional de Vacunaci\u00f3n, donde ni\u00f1as de 13 y 14 a\u00f1os, pueden recibir la vacuna que protege contra el Virus del Papiloma Humano (VPH). La vacunaci\u00f3n se realizar\u00e1 en escuelas secundarias en todo el estado. La directora de Salud P\u00fablica de los Servicios de Salud, Luc\u00eda Gabriela Rosales Ortu\u00f1o detall\u00f3 que aunque en a\u00f1os anteriores la [&hellip;]\" \/>\n<meta property=\"og:url\" content=\"https:\/\/canal7slp.tv\/2022\/inicia-vacunacion-contra-vph-para-ninas-de-13-a-14-anos-en-todo-el-estado\/\" \/>\n<meta property=\"og:site_name\" content=\"Canal 7 SLP - 2022\" \/>\n<meta property=\"article:publisher\" content=\"https:\/\/www.facebook.com\/noticieroscanalsiete\" \/>\n<meta property=\"article:published_time\" content=\"2022-11-22T17:20:38+00:00\" \/>\n<meta property=\"og:image\" content=\"https:\/\/canal7slp.tv\/2022\/wp-content\/uploads\/2022\/11\/papiloma.jpg\" \/>\n\t<meta property=\"og:image:width\" content=\"542\" \/>\n\t<meta property=\"og:image:height\" content=\"343\" \/>\n\t<meta property=\"og:image:type\" content=\"image\/jpeg\" \/>\n<meta name=\"author\" content=\"Edici\u00f3n Web\" \/>\n<meta name=\"twitter:card\" content=\"summary_large_image\" \/>\n<meta name=\"twitter:creator\" content=\"@NOTICIEROS7\" \/>\n<meta name=\"twitter:site\" content=\"@NOTICIEROS7\" \/>\n<meta name=\"twitter:label1\" content=\"Escrito por\" \/>\n\t<meta name=\"twitter:data1\" content=\"Edici\u00f3n Web\" \/>\n\t<meta name=\"twitter:label2\" content=\"Tiempo de lectura\" \/>\n\t<meta name=\"twitter:data2\" content=\"2 minutos\" \/>\n<script type=\"application\/ld+json\" class=\"yoast-schema-graph\">{\"@context\":\"https:\\\/\\\/schema.org\",\"@graph\":[{\"@type\":\"Article\",\"@id\":\"https:\\\/\\\/canal7slp.tv\\\/2022\\\/inicia-vacunacion-contra-vph-para-ninas-de-13-a-14-anos-en-todo-el-estado\\\/#article\",\"isPartOf\":{\"@id\":\"https:\\\/\\\/canal7slp.tv\\\/2022\\\/inicia-vacunacion-contra-vph-para-ninas-de-13-a-14-anos-en-todo-el-estado\\\/\"},\"author\":{\"name\":\"Edici\u00f3n Web\",\"@id\":\"https:\\\/\\\/canal7slp.tv\\\/2022\\\/#\\\/schema\\\/person\\\/429704152a21f5f856ce29aa69a238da\"},\"headline\":\"Inicia vacunaci\u00f3n contra VPH para ni\u00f1as de 13 a 14 a\u00f1os en todo el estado.\",\"datePublished\":\"2022-11-22T17:20:38+00:00\",\"mainEntityOfPage\":{\"@id\":\"https:\\\/\\\/canal7slp.tv\\\/2022\\\/inicia-vacunacion-contra-vph-para-ninas-de-13-a-14-anos-en-todo-el-estado\\\/\"},\"wordCount\":379,\"publisher\":{\"@id\":\"https:\\\/\\\/canal7slp.tv\\\/2022\\\/#organization\"},\"image\":{\"@id\":\"https:\\\/\\\/canal7slp.tv\\\/2022\\\/inicia-vacunacion-contra-vph-para-ninas-de-13-a-14-anos-en-todo-el-estado\\\/#primaryimage\"},\"thumbnailUrl\":\"https:\\\/\\\/canal7slp.tv\\\/2022\\\/wp-content\\\/uploads\\\/2022\\\/11\\\/papiloma.jpg\",\"articleSection\":[\"Uncategorized\"],\"inLanguage\":\"es\"},{\"@type\":\"WebPage\",\"@id\":\"https:\\\/\\\/canal7slp.tv\\\/2022\\\/inicia-vacunacion-contra-vph-para-ninas-de-13-a-14-anos-en-todo-el-estado\\\/\",\"url\":\"https:\\\/\\\/canal7slp.tv\\\/2022\\\/inicia-vacunacion-contra-vph-para-ninas-de-13-a-14-anos-en-todo-el-estado\\\/\",\"name\":\"Inicia vacunaci\u00f3n contra VPH para ni\u00f1as de 13 a 14 a\u00f1os en todo el estado. - Canal 7 SLP - 2022\",\"isPartOf\":{\"@id\":\"https:\\\/\\\/canal7slp.tv\\\/2022\\\/#website\"},\"primaryImageOfPage\":{\"@id\":\"https:\\\/\\\/canal7slp.tv\\\/2022\\\/inicia-vacunacion-contra-vph-para-ninas-de-13-a-14-anos-en-todo-el-estado\\\/#primaryimage\"},\"image\":{\"@id\":\"https:\\\/\\\/canal7slp.tv\\\/2022\\\/inicia-vacunacion-contra-vph-para-ninas-de-13-a-14-anos-en-todo-el-estado\\\/#primaryimage\"},\"thumbnailUrl\":\"https:\\\/\\\/canal7slp.tv\\\/2022\\\/wp-content\\\/uploads\\\/2022\\\/11\\\/papiloma.jpg\",\"datePublished\":\"2022-11-22T17:20:38+00:00\",\"breadcrumb\":{\"@id\":\"https:\\\/\\\/canal7slp.tv\\\/2022\\\/inicia-vacunacion-contra-vph-para-ninas-de-13-a-14-anos-en-todo-el-estado\\\/#breadcrumb\"},\"inLanguage\":\"es\",\"potentialAction\":[{\"@type\":\"ReadAction\",\"target\":[\"https:\\\/\\\/canal7slp.tv\\\/2022\\\/inicia-vacunacion-contra-vph-para-ninas-de-13-a-14-anos-en-todo-el-estado\\\/\"]}]},{\"@type\":\"ImageObject\",\"inLanguage\":\"es\",\"@id\":\"https:\\\/\\\/canal7slp.tv\\\/2022\\\/inicia-vacunacion-contra-vph-para-ninas-de-13-a-14-anos-en-todo-el-estado\\\/#primaryimage\",\"url\":\"https:\\\/\\\/canal7slp.tv\\\/2022\\\/wp-content\\\/uploads\\\/2022\\\/11\\\/papiloma.jpg\",\"contentUrl\":\"https:\\\/\\\/canal7slp.tv\\\/2022\\\/wp-content\\\/uploads\\\/2022\\\/11\\\/papiloma.jpg\",\"width\":542,\"height\":343},{\"@type\":\"BreadcrumbList\",\"@id\":\"https:\\\/\\\/canal7slp.tv\\\/2022\\\/inicia-vacunacion-contra-vph-para-ninas-de-13-a-14-anos-en-todo-el-estado\\\/#breadcrumb\",\"itemListElement\":[{\"@type\":\"ListItem\",\"position\":1,\"name\":\"Portada\",\"item\":\"https:\\\/\\\/canal7slp.tv\\\/2022\\\/\"},{\"@type\":\"ListItem\",\"position\":2,\"name\":\"Inicia vacunaci\u00f3n contra VPH para ni\u00f1as de 13 a 14 a\u00f1os en todo el estado.\"}]},{\"@type\":\"WebSite\",\"@id\":\"https:\\\/\\\/canal7slp.tv\\\/2022\\\/#website\",\"url\":\"https:\\\/\\\/canal7slp.tv\\\/2022\\\/\",\"name\":\"N7 - Noticieros Canal 7\",\"description\":\"Somos Televisi\u00f3n\",\"publisher\":{\"@id\":\"https:\\\/\\\/canal7slp.tv\\\/2022\\\/#organization\"},\"potentialAction\":[{\"@type\":\"SearchAction\",\"target\":{\"@type\":\"EntryPoint\",\"urlTemplate\":\"https:\\\/\\\/canal7slp.tv\\\/2022\\\/?s={search_term_string}\"},\"query-input\":{\"@type\":\"PropertyValueSpecification\",\"valueRequired\":true,\"valueName\":\"search_term_string\"}}],\"inLanguage\":\"es\"},{\"@type\":\"Organization\",\"@id\":\"https:\\\/\\\/canal7slp.tv\\\/2022\\\/#organization\",\"name\":\"Noticieros Canal 7\",\"url\":\"https:\\\/\\\/canal7slp.tv\\\/2022\\\/\",\"logo\":{\"@type\":\"ImageObject\",\"inLanguage\":\"es\",\"@id\":\"https:\\\/\\\/canal7slp.tv\\\/2022\\\/#\\\/schema\\\/logo\\\/image\\\/\",\"url\":\"https:\\\/\\\/canal7slp.tv\\\/2022\\\/wp-content\\\/uploads\\\/2021\\\/01\\\/logo-noticieros@2x.png\",\"contentUrl\":\"https:\\\/\\\/canal7slp.tv\\\/2022\\\/wp-content\\\/uploads\\\/2021\\\/01\\\/logo-noticieros@2x.png\",\"width\":1017,\"height\":268,\"caption\":\"Noticieros Canal 7\"},\"image\":{\"@id\":\"https:\\\/\\\/canal7slp.tv\\\/2022\\\/#\\\/schema\\\/logo\\\/image\\\/\"},\"sameAs\":[\"https:\\\/\\\/www.facebook.com\\\/noticieroscanalsiete\",\"https:\\\/\\\/x.com\\\/NOTICIEROS7\",\"https:\\\/\\\/www.instagram.com\\\/canal7_slp\",\"https:\\\/\\\/www.youtube.com\\\/channel\\\/UCliiYs-gP3JfJeqdPrNdd5A\"]},{\"@type\":\"Person\",\"@id\":\"https:\\\/\\\/canal7slp.tv\\\/2022\\\/#\\\/schema\\\/person\\\/429704152a21f5f856ce29aa69a238da\",\"name\":\"Edici\u00f3n Web\",\"image\":{\"@type\":\"ImageObject\",\"inLanguage\":\"es\",\"@id\":\"https:\\\/\\\/secure.gravatar.com\\\/avatar\\\/eee448fc3f7164808013b816ba91ac7e43bbe82a70bebac296f8bc6f0addaa1a?s=96&d=mm&r=g\",\"url\":\"https:\\\/\\\/secure.gravatar.com\\\/avatar\\\/eee448fc3f7164808013b816ba91ac7e43bbe82a70bebac296f8bc6f0addaa1a?s=96&d=mm&r=g\",\"contentUrl\":\"https:\\\/\\\/secure.gravatar.com\\\/avatar\\\/eee448fc3f7164808013b816ba91ac7e43bbe82a70bebac296f8bc6f0addaa1a?s=96&d=mm&r=g\",\"caption\":\"Edici\u00f3n Web\"},\"url\":\"https:\\\/\\\/canal7slp.tv\\\/2022\\\/author\\\/edicionweb\\\/\"}]}<\/script>\n<!-- \/ Yoast SEO plugin. -->","yoast_head_json":{"title":"Inicia vacunaci\u00f3n contra VPH para ni\u00f1as de 13 a 14 a\u00f1os en todo el estado. - Canal 7 SLP - 2022","robots":{"index":"index","follow":"follow","max-snippet":"max-snippet:-1","max-image-preview":"max-image-preview:large","max-video-preview":"max-video-preview:-1"},"canonical":"https:\/\/canal7slp.tv\/2022\/inicia-vacunacion-contra-vph-para-ninas-de-13-a-14-anos-en-todo-el-estado\/","og_locale":"es_ES","og_type":"article","og_title":"Inicia vacunaci\u00f3n contra VPH para ni\u00f1as de 13 a 14 a\u00f1os en todo el estado. - Canal 7 SLP - 2022","og_description":"Las escuelas secundarias y Jurisdicciones Sanitarias estar\u00e1n informando de las fechas de vacunaci\u00f3n; una vez que la jornada arranc\u00f3 el 21 de noviembre y concluir\u00e1 el nueve de diciembre. SLP.- Resultado de la estrategia para garantizar la salud, inici\u00f3 este 21 de noviembre la campa\u00f1a Nacional de Vacunaci\u00f3n, donde ni\u00f1as de 13 y 14 a\u00f1os, pueden recibir la vacuna que protege contra el Virus del Papiloma Humano (VPH). La vacunaci\u00f3n se realizar\u00e1 en escuelas secundarias en todo el estado. La directora de Salud P\u00fablica de los Servicios de Salud, Luc\u00eda Gabriela Rosales Ortu\u00f1o detall\u00f3 que aunque en a\u00f1os anteriores la [&hellip;]","og_url":"https:\/\/canal7slp.tv\/2022\/inicia-vacunacion-contra-vph-para-ninas-de-13-a-14-anos-en-todo-el-estado\/","og_site_name":"Canal 7 SLP - 2022","article_publisher":"https:\/\/www.facebook.com\/noticieroscanalsiete","article_published_time":"2022-11-22T17:20:38+00:00","og_image":[{"width":542,"height":343,"url":"https:\/\/canal7slp.tv\/2022\/wp-content\/uploads\/2022\/11\/papiloma.jpg","type":"image\/jpeg"}],"author":"Edici\u00f3n Web","twitter_card":"summary_large_image","twitter_creator":"@NOTICIEROS7","twitter_site":"@NOTICIEROS7","twitter_misc":{"Escrito por":"Edici\u00f3n Web","Tiempo de lectura":"2 minutos"},"schema":{"@context":"https:\/\/schema.org","@graph":[{"@type":"Article","@id":"https:\/\/canal7slp.tv\/2022\/inicia-vacunacion-contra-vph-para-ninas-de-13-a-14-anos-en-todo-el-estado\/#article","isPartOf":{"@id":"https:\/\/canal7slp.tv\/2022\/inicia-vacunacion-contra-vph-para-ninas-de-13-a-14-anos-en-todo-el-estado\/"},"author":{"name":"Edici\u00f3n Web","@id":"https:\/\/canal7slp.tv\/2022\/#\/schema\/person\/429704152a21f5f856ce29aa69a238da"},"headline":"Inicia vacunaci\u00f3n contra VPH para ni\u00f1as de 13 a 14 a\u00f1os en todo el estado.","datePublished":"2022-11-22T17:20:38+00:00","mainEntityOfPage":{"@id":"https:\/\/canal7slp.tv\/2022\/inicia-vacunacion-contra-vph-para-ninas-de-13-a-14-anos-en-todo-el-estado\/"},"wordCount":379,"publisher":{"@id":"https:\/\/canal7slp.tv\/2022\/#organization"},"image":{"@id":"https:\/\/canal7slp.tv\/2022\/inicia-vacunacion-contra-vph-para-ninas-de-13-a-14-anos-en-todo-el-estado\/#primaryimage"},"thumbnailUrl":"https:\/\/canal7slp.tv\/2022\/wp-content\/uploads\/2022\/11\/papiloma.jpg","articleSection":["Uncategorized"],"inLanguage":"es"},{"@type":"WebPage","@id":"https:\/\/canal7slp.tv\/2022\/inicia-vacunacion-contra-vph-para-ninas-de-13-a-14-anos-en-todo-el-estado\/","url":"https:\/\/canal7slp.tv\/2022\/inicia-vacunacion-contra-vph-para-ninas-de-13-a-14-anos-en-todo-el-estado\/","name":"Inicia vacunaci\u00f3n contra VPH para ni\u00f1as de 13 a 14 a\u00f1os en todo el estado. - Canal 7 SLP - 2022","isPartOf":{"@id":"https:\/\/canal7slp.tv\/2022\/#website"},"primaryImageOfPage":{"@id":"https:\/\/canal7slp.tv\/2022\/inicia-vacunacion-contra-vph-para-ninas-de-13-a-14-anos-en-todo-el-estado\/#primaryimage"},"image":{"@id":"https:\/\/canal7slp.tv\/2022\/inicia-vacunacion-contra-vph-para-ninas-de-13-a-14-anos-en-todo-el-estado\/#primaryimage"},"thumbnailUrl":"https:\/\/canal7slp.tv\/2022\/wp-content\/uploads\/2022\/11\/papiloma.jpg","datePublished":"2022-11-22T17:20:38+00:00","breadcrumb":{"@id":"https:\/\/canal7slp.tv\/2022\/inicia-vacunacion-contra-vph-para-ninas-de-13-a-14-anos-en-todo-el-estado\/#breadcrumb"},"inLanguage":"es","potentialAction":[{"@type":"ReadAction","target":["https:\/\/canal7slp.tv\/2022\/inicia-vacunacion-contra-vph-para-ninas-de-13-a-14-anos-en-todo-el-estado\/"]}]},{"@type":"ImageObject","inLanguage":"es","@id":"https:\/\/canal7slp.tv\/2022\/inicia-vacunacion-contra-vph-para-ninas-de-13-a-14-anos-en-todo-el-estado\/#primaryimage","url":"https:\/\/canal7slp.tv\/2022\/wp-content\/uploads\/2022\/11\/papiloma.jpg","contentUrl":"https:\/\/canal7slp.tv\/2022\/wp-content\/uploads\/2022\/11\/papiloma.jpg","width":542,"height":343},{"@type":"BreadcrumbList","@id":"https:\/\/canal7slp.tv\/2022\/inicia-vacunacion-contra-vph-para-ninas-de-13-a-14-anos-en-todo-el-estado\/#breadcrumb","itemListElement":[{"@type":"ListItem","position":1,"name":"Portada","item":"https:\/\/canal7slp.tv\/2022\/"},{"@type":"ListItem","position":2,"name":"Inicia vacunaci\u00f3n contra VPH para ni\u00f1as de 13 a 14 a\u00f1os en todo el estado."}]},{"@type":"WebSite","@id":"https:\/\/canal7slp.tv\/2022\/#website","url":"https:\/\/canal7slp.tv\/2022\/","name":"N7 - Noticieros Canal 7","description":"Somos Televisi\u00f3n","publisher":{"@id":"https:\/\/canal7slp.tv\/2022\/#organization"},"potentialAction":[{"@type":"SearchAction","target":{"@type":"EntryPoint","urlTemplate":"https:\/\/canal7slp.tv\/2022\/?s={search_term_string}"},"query-input":{"@type":"PropertyValueSpecification","valueRequired":true,"valueName":"search_term_string"}}],"inLanguage":"es"},{"@type":"Organization","@id":"https:\/\/canal7slp.tv\/2022\/#organization","name":"Noticieros Canal 7","url":"https:\/\/canal7slp.tv\/2022\/","logo":{"@type":"ImageObject","inLanguage":"es","@id":"https:\/\/canal7slp.tv\/2022\/#\/schema\/logo\/image\/","url":"https:\/\/canal7slp.tv\/2022\/wp-content\/uploads\/2021\/01\/logo-noticieros@2x.png","contentUrl":"https:\/\/canal7slp.tv\/2022\/wp-content\/uploads\/2021\/01\/logo-noticieros@2x.png","width":1017,"height":268,"caption":"Noticieros Canal 7"},"image":{"@id":"https:\/\/canal7slp.tv\/2022\/#\/schema\/logo\/image\/"},"sameAs":["https:\/\/www.facebook.com\/noticieroscanalsiete","https:\/\/x.com\/NOTICIEROS7","https:\/\/www.instagram.com\/canal7_slp","https:\/\/www.youtube.com\/channel\/UCliiYs-gP3JfJeqdPrNdd5A"]},{"@type":"Person","@id":"https:\/\/canal7slp.tv\/2022\/#\/schema\/person\/429704152a21f5f856ce29aa69a238da","name":"Edici\u00f3n Web","image":{"@type":"ImageObject","inLanguage":"es","@id":"https:\/\/secure.gravatar.com\/avatar\/eee448fc3f7164808013b816ba91ac7e43bbe82a70bebac296f8bc6f0addaa1a?s=96&d=mm&r=g","url":"https:\/\/secure.gravatar.com\/avatar\/eee448fc3f7164808013b816ba91ac7e43bbe82a70bebac296f8bc6f0addaa1a?s=96&d=mm&r=g","contentUrl":"https:\/\/secure.gravatar.com\/avatar\/eee448fc3f7164808013b816ba91ac7e43bbe82a70bebac296f8bc6f0addaa1a?s=96&d=mm&r=g","caption":"Edici\u00f3n Web"},"url":"https:\/\/canal7slp.tv\/2022\/author\/edicionweb\/"}]}},"amp_enabled":true,"_links":{"self":[{"href":"https:\/\/canal7slp.tv\/2022\/wp-json\/wp\/v2\/posts\/79030","targetHints":{"allow":["GET"]}}],"collection":[{"href":"https:\/\/canal7slp.tv\/2022\/wp-json\/wp\/v2\/posts"}],"about":[{"href":"https:\/\/canal7slp.tv\/2022\/wp-json\/wp\/v2\/types\/post"}],"author":[{"embeddable":true,"href":"https:\/\/canal7slp.tv\/2022\/wp-json\/wp\/v2\/users\/2"}],"replies":[{"embeddable":true,"href":"https:\/\/canal7slp.tv\/2022\/wp-json\/wp\/v2\/comments?post=79030"}],"version-history":[{"count":1,"href":"https:\/\/canal7slp.tv\/2022\/wp-json\/wp\/v2\/posts\/79030\/revisions"}],"predecessor-version":[{"id":79032,"href":"https:\/\/canal7slp.tv\/2022\/wp-json\/wp\/v2\/posts\/79030\/revisions\/79032"}],"wp:featuredmedia":[{"embeddable":true,"href":"https:\/\/canal7slp.tv\/2022\/wp-json\/wp\/v2\/media\/79031"}],"wp:attachment":[{"href":"https:\/\/canal7slp.tv\/2022\/wp-json\/wp\/v2\/media?parent=79030"}],"wp:term":[{"taxonomy":"category","embeddable":true,"href":"https:\/\/canal7slp.tv\/2022\/wp-json\/wp\/v2\/categories?post=79030"},{"taxonomy":"post_tag","embeddable":true,"href":"https:\/\/canal7slp.tv\/2022\/wp-json\/wp\/v2\/tags?post=79030"}],"curies":[{"name":"wp","href":"https:\/\/api.w.org\/{rel}","templated":true}]}}