{"id":76249,"date":"2022-10-21T12:18:08","date_gmt":"2022-10-21T18:18:08","guid":{"rendered":"https:\/\/canal7slp.tv\/2022\/?p=76249"},"modified":"2022-10-21T12:18:08","modified_gmt":"2022-10-21T18:18:08","slug":"confirma-gobierno-posible-cambio-de-ernesto-barajas-abrego-hacia-el-ayuntamiento-soledense","status":"publish","type":"post","link":"https:\/\/canal7slp.tv\/2022\/confirma-gobierno-posible-cambio-de-ernesto-barajas-abrego-hacia-el-ayuntamiento-soledense\/","title":{"rendered":"Confirma Gobierno posible cambio de Ernesto Barajas \u00c1brego hacia el Ayuntamiento Soledense\u00a0"},"content":{"rendered":"<ul>\n<li style=\"text-align: justify;\">El probable retorno del actual titular de la CEFIM obedecer\u00eda a la necesidad de fortalecer la administraci\u00f3n que encabeza Leonor Noyola Cervantes<\/li>\n<\/ul>\n<p style=\"text-align: justify;\">SLP.- En entrevista, el gobernador del estado de San Luis Potos\u00ed, Jos\u00e9 Ricardo Gallardo Cardona, confirm\u00f3 que se analiza la posibilidad de un cambio m\u00e1s al interior de su gabinete.<\/p>\n<p style=\"text-align: justify;\">Se tratar\u00eda de Ernesto Barajas \u00c1brego, quien actualmente se desempe\u00f1a como titular de la Coordinaci\u00f3n Estatal para el Fortalecimiento Institucional de los Municipios, quien se dice podr\u00eda regresar como funcionario del ayuntamiento soledense.<\/p>\n<p style=\"text-align: justify;\">\u00abAhorita lo estamos analizando, estamos platicando con la presidenta municipal si se pudiera prestarle al funcionario, la verdad es que la presidenta est\u00e1 insistiendo mucho en que quiere reforzar su gabinete con Ernesto Barajas, hay que ponerle nombre y bueno, la verdad es que vamos a analizar si es que se puede ir a Soledad, pero bueno, ahorita a ver qu\u00e9 me dice la presidenta\u00bb, dijo.<\/p>\n<p style=\"text-align: justify;\">Gallardo Cardona tambi\u00e9n se pronunci\u00f3 en contra de los comentarios negativos que han surgido en redes sociales tras el nombramiento de la nueva secretaria de turismo y la directora del Instituto Potosino del Deporte.<\/p>\n<p style=\"text-align: justify;\">\u00abInvitar a la poblaci\u00f3n a que deje de hacer ese tipo de comentarios, se les debe respeto a todas las mujeres por igual, j\u00f3venes, adultas mayores, cualquier tema es de respeto y la verdad es que son comentarios fuera de la realidad, la gente est\u00e1 contenta con las mujeres j\u00f3venes trabajando, y hay que dejarlas que hagan las cosas\u00bb, agreg\u00f3.<\/p>\n<p style=\"text-align: justify;\">Es por eso que pidi\u00f3 a la sociedad en general un voto de confianza para que las nuevas funcionarias den los resultados que se exigen.<\/p>\n<p style=\"text-align: justify;\">\u00abHay que abrir m\u00e1s plataformas para llevar a m\u00e1s mujeres al poder, hoy creo que estamos en un gran momento en el estado para poder impulsar a mujeres nuevas, que vengan de la IP a dar resultados y esperemos que los den, ya s\u00ed no los dan que las juzguen, pero no pueden prejuzgar a alguien por ser mujer\u00bb, termin\u00f3.<\/p>\n<p style=\"text-align: justify;\">\n","protected":false},"excerpt":{"rendered":"<p>El probable retorno del actual titular de la CEFIM obedecer\u00eda a la necesidad de fortalecer la administraci\u00f3n que encabeza Leonor Noyola Cervantes SLP.- En entrevista, el gobernador del estado de San Luis Potos\u00ed, Jos\u00e9 Ricardo Gallardo Cardona, confirm\u00f3 que se analiza la posibilidad de un cambio m\u00e1s al interior de su gabinete. Se tratar\u00eda de Ernesto Barajas \u00c1brego, quien actualmente se desempe\u00f1a como titular de la Coordinaci\u00f3n Estatal para el Fortalecimiento Institucional de los Municipios, quien se dice podr\u00eda regresar como funcionario del ayuntamiento soledense. \u00abAhorita lo estamos analizando, estamos platicando con la presidenta municipal si se pudiera prestarle al [&hellip;]<\/p>\n","protected":false},"author":2,"featured_media":76250,"comment_status":"closed","ping_status":"closed","sticky":false,"template":"","format":"standard","meta":{"footnotes":""},"categories":[45],"tags":[],"class_list":["post-76249","post","type-post","status-publish","format-standard","has-post-thumbnail","hentry","category-localesyregionales","post--single"],"yoast_head":"<!-- This site is optimized with the Yoast SEO plugin v27.4 - https:\/\/yoast.com\/product\/yoast-seo-wordpress\/ -->\n<title>Confirma Gobierno posible cambio de Ernesto Barajas \u00c1brego hacia el Ayuntamiento Soledense\u00a0 - Canal 7 SLP - 2022<\/title>\n<meta name=\"robots\" content=\"index, follow, max-snippet:-1, max-image-preview:large, max-video-preview:-1\" \/>\n<link rel=\"canonical\" href=\"https:\/\/canal7slp.tv\/2022\/confirma-gobierno-posible-cambio-de-ernesto-barajas-abrego-hacia-el-ayuntamiento-soledense\/\" \/>\n<meta property=\"og:locale\" content=\"es_ES\" \/>\n<meta property=\"og:type\" content=\"article\" \/>\n<meta property=\"og:title\" content=\"Confirma Gobierno posible cambio de Ernesto Barajas \u00c1brego hacia el Ayuntamiento Soledense\u00a0 - Canal 7 SLP - 2022\" \/>\n<meta property=\"og:description\" content=\"El probable retorno del actual titular de la CEFIM obedecer\u00eda a la necesidad de fortalecer la administraci\u00f3n que encabeza Leonor Noyola Cervantes SLP.- En entrevista, el gobernador del estado de San Luis Potos\u00ed, Jos\u00e9 Ricardo Gallardo Cardona, confirm\u00f3 que se analiza la posibilidad de un cambio m\u00e1s al interior de su gabinete. Se tratar\u00eda de Ernesto Barajas \u00c1brego, quien actualmente se desempe\u00f1a como titular de la Coordinaci\u00f3n Estatal para el Fortalecimiento Institucional de los Municipios, quien se dice podr\u00eda regresar como funcionario del ayuntamiento soledense. \u00abAhorita lo estamos analizando, estamos platicando con la presidenta municipal si se pudiera prestarle al [&hellip;]\" \/>\n<meta property=\"og:url\" content=\"https:\/\/canal7slp.tv\/2022\/confirma-gobierno-posible-cambio-de-ernesto-barajas-abrego-hacia-el-ayuntamiento-soledense\/\" \/>\n<meta property=\"og:site_name\" content=\"Canal 7 SLP - 2022\" \/>\n<meta property=\"article:publisher\" content=\"https:\/\/www.facebook.com\/noticieroscanalsiete\" \/>\n<meta property=\"article:published_time\" content=\"2022-10-21T18:18:08+00:00\" \/>\n<meta property=\"og:image\" content=\"https:\/\/canal7slp.tv\/2022\/wp-content\/uploads\/2022\/10\/barajas.jpg\" \/>\n\t<meta property=\"og:image:width\" content=\"706\" \/>\n\t<meta property=\"og:image:height\" content=\"455\" \/>\n\t<meta property=\"og:image:type\" content=\"image\/jpeg\" \/>\n<meta name=\"author\" content=\"Edici\u00f3n Web\" \/>\n<meta name=\"twitter:card\" content=\"summary_large_image\" \/>\n<meta name=\"twitter:creator\" content=\"@NOTICIEROS7\" \/>\n<meta name=\"twitter:site\" content=\"@NOTICIEROS7\" \/>\n<meta name=\"twitter:label1\" content=\"Escrito por\" \/>\n\t<meta name=\"twitter:data1\" content=\"Edici\u00f3n Web\" \/>\n\t<meta name=\"twitter:label2\" content=\"Tiempo de lectura\" \/>\n\t<meta name=\"twitter:data2\" content=\"2 minutos\" \/>\n<script type=\"application\/ld+json\" class=\"yoast-schema-graph\">{\"@context\":\"https:\\\/\\\/schema.org\",\"@graph\":[{\"@type\":\"Article\",\"@id\":\"https:\\\/\\\/canal7slp.tv\\\/2022\\\/confirma-gobierno-posible-cambio-de-ernesto-barajas-abrego-hacia-el-ayuntamiento-soledense\\\/#article\",\"isPartOf\":{\"@id\":\"https:\\\/\\\/canal7slp.tv\\\/2022\\\/confirma-gobierno-posible-cambio-de-ernesto-barajas-abrego-hacia-el-ayuntamiento-soledense\\\/\"},\"author\":{\"name\":\"Edici\u00f3n Web\",\"@id\":\"https:\\\/\\\/canal7slp.tv\\\/2022\\\/#\\\/schema\\\/person\\\/429704152a21f5f856ce29aa69a238da\"},\"headline\":\"Confirma Gobierno posible cambio de Ernesto Barajas \u00c1brego hacia el Ayuntamiento Soledense\u00a0\",\"datePublished\":\"2022-10-21T18:18:08+00:00\",\"mainEntityOfPage\":{\"@id\":\"https:\\\/\\\/canal7slp.tv\\\/2022\\\/confirma-gobierno-posible-cambio-de-ernesto-barajas-abrego-hacia-el-ayuntamiento-soledense\\\/\"},\"wordCount\":356,\"publisher\":{\"@id\":\"https:\\\/\\\/canal7slp.tv\\\/2022\\\/#organization\"},\"image\":{\"@id\":\"https:\\\/\\\/canal7slp.tv\\\/2022\\\/confirma-gobierno-posible-cambio-de-ernesto-barajas-abrego-hacia-el-ayuntamiento-soledense\\\/#primaryimage\"},\"thumbnailUrl\":\"https:\\\/\\\/canal7slp.tv\\\/2022\\\/wp-content\\\/uploads\\\/2022\\\/10\\\/barajas.jpg\",\"articleSection\":[\"LOCALES Y REGIONALES\"],\"inLanguage\":\"es\"},{\"@type\":\"WebPage\",\"@id\":\"https:\\\/\\\/canal7slp.tv\\\/2022\\\/confirma-gobierno-posible-cambio-de-ernesto-barajas-abrego-hacia-el-ayuntamiento-soledense\\\/\",\"url\":\"https:\\\/\\\/canal7slp.tv\\\/2022\\\/confirma-gobierno-posible-cambio-de-ernesto-barajas-abrego-hacia-el-ayuntamiento-soledense\\\/\",\"name\":\"Confirma Gobierno posible cambio de Ernesto Barajas \u00c1brego hacia el Ayuntamiento Soledense\u00a0 - Canal 7 SLP - 2022\",\"isPartOf\":{\"@id\":\"https:\\\/\\\/canal7slp.tv\\\/2022\\\/#website\"},\"primaryImageOfPage\":{\"@id\":\"https:\\\/\\\/canal7slp.tv\\\/2022\\\/confirma-gobierno-posible-cambio-de-ernesto-barajas-abrego-hacia-el-ayuntamiento-soledense\\\/#primaryimage\"},\"image\":{\"@id\":\"https:\\\/\\\/canal7slp.tv\\\/2022\\\/confirma-gobierno-posible-cambio-de-ernesto-barajas-abrego-hacia-el-ayuntamiento-soledense\\\/#primaryimage\"},\"thumbnailUrl\":\"https:\\\/\\\/canal7slp.tv\\\/2022\\\/wp-content\\\/uploads\\\/2022\\\/10\\\/barajas.jpg\",\"datePublished\":\"2022-10-21T18:18:08+00:00\",\"breadcrumb\":{\"@id\":\"https:\\\/\\\/canal7slp.tv\\\/2022\\\/confirma-gobierno-posible-cambio-de-ernesto-barajas-abrego-hacia-el-ayuntamiento-soledense\\\/#breadcrumb\"},\"inLanguage\":\"es\",\"potentialAction\":[{\"@type\":\"ReadAction\",\"target\":[\"https:\\\/\\\/canal7slp.tv\\\/2022\\\/confirma-gobierno-posible-cambio-de-ernesto-barajas-abrego-hacia-el-ayuntamiento-soledense\\\/\"]}]},{\"@type\":\"ImageObject\",\"inLanguage\":\"es\",\"@id\":\"https:\\\/\\\/canal7slp.tv\\\/2022\\\/confirma-gobierno-posible-cambio-de-ernesto-barajas-abrego-hacia-el-ayuntamiento-soledense\\\/#primaryimage\",\"url\":\"https:\\\/\\\/canal7slp.tv\\\/2022\\\/wp-content\\\/uploads\\\/2022\\\/10\\\/barajas.jpg\",\"contentUrl\":\"https:\\\/\\\/canal7slp.tv\\\/2022\\\/wp-content\\\/uploads\\\/2022\\\/10\\\/barajas.jpg\",\"width\":706,\"height\":455},{\"@type\":\"BreadcrumbList\",\"@id\":\"https:\\\/\\\/canal7slp.tv\\\/2022\\\/confirma-gobierno-posible-cambio-de-ernesto-barajas-abrego-hacia-el-ayuntamiento-soledense\\\/#breadcrumb\",\"itemListElement\":[{\"@type\":\"ListItem\",\"position\":1,\"name\":\"Portada\",\"item\":\"https:\\\/\\\/canal7slp.tv\\\/2022\\\/\"},{\"@type\":\"ListItem\",\"position\":2,\"name\":\"Confirma Gobierno posible cambio de Ernesto Barajas \u00c1brego hacia el Ayuntamiento Soledense\u00a0\"}]},{\"@type\":\"WebSite\",\"@id\":\"https:\\\/\\\/canal7slp.tv\\\/2022\\\/#website\",\"url\":\"https:\\\/\\\/canal7slp.tv\\\/2022\\\/\",\"name\":\"N7 - Noticieros Canal 7\",\"description\":\"Somos Televisi\u00f3n\",\"publisher\":{\"@id\":\"https:\\\/\\\/canal7slp.tv\\\/2022\\\/#organization\"},\"potentialAction\":[{\"@type\":\"SearchAction\",\"target\":{\"@type\":\"EntryPoint\",\"urlTemplate\":\"https:\\\/\\\/canal7slp.tv\\\/2022\\\/?s={search_term_string}\"},\"query-input\":{\"@type\":\"PropertyValueSpecification\",\"valueRequired\":true,\"valueName\":\"search_term_string\"}}],\"inLanguage\":\"es\"},{\"@type\":\"Organization\",\"@id\":\"https:\\\/\\\/canal7slp.tv\\\/2022\\\/#organization\",\"name\":\"Noticieros Canal 7\",\"url\":\"https:\\\/\\\/canal7slp.tv\\\/2022\\\/\",\"logo\":{\"@type\":\"ImageObject\",\"inLanguage\":\"es\",\"@id\":\"https:\\\/\\\/canal7slp.tv\\\/2022\\\/#\\\/schema\\\/logo\\\/image\\\/\",\"url\":\"https:\\\/\\\/canal7slp.tv\\\/2022\\\/wp-content\\\/uploads\\\/2021\\\/01\\\/logo-noticieros@2x.png\",\"contentUrl\":\"https:\\\/\\\/canal7slp.tv\\\/2022\\\/wp-content\\\/uploads\\\/2021\\\/01\\\/logo-noticieros@2x.png\",\"width\":1017,\"height\":268,\"caption\":\"Noticieros Canal 7\"},\"image\":{\"@id\":\"https:\\\/\\\/canal7slp.tv\\\/2022\\\/#\\\/schema\\\/logo\\\/image\\\/\"},\"sameAs\":[\"https:\\\/\\\/www.facebook.com\\\/noticieroscanalsiete\",\"https:\\\/\\\/x.com\\\/NOTICIEROS7\",\"https:\\\/\\\/www.instagram.com\\\/canal7_slp\",\"https:\\\/\\\/www.youtube.com\\\/channel\\\/UCliiYs-gP3JfJeqdPrNdd5A\"]},{\"@type\":\"Person\",\"@id\":\"https:\\\/\\\/canal7slp.tv\\\/2022\\\/#\\\/schema\\\/person\\\/429704152a21f5f856ce29aa69a238da\",\"name\":\"Edici\u00f3n Web\",\"image\":{\"@type\":\"ImageObject\",\"inLanguage\":\"es\",\"@id\":\"https:\\\/\\\/secure.gravatar.com\\\/avatar\\\/eee448fc3f7164808013b816ba91ac7e43bbe82a70bebac296f8bc6f0addaa1a?s=96&d=mm&r=g\",\"url\":\"https:\\\/\\\/secure.gravatar.com\\\/avatar\\\/eee448fc3f7164808013b816ba91ac7e43bbe82a70bebac296f8bc6f0addaa1a?s=96&d=mm&r=g\",\"contentUrl\":\"https:\\\/\\\/secure.gravatar.com\\\/avatar\\\/eee448fc3f7164808013b816ba91ac7e43bbe82a70bebac296f8bc6f0addaa1a?s=96&d=mm&r=g\",\"caption\":\"Edici\u00f3n Web\"},\"url\":\"https:\\\/\\\/canal7slp.tv\\\/2022\\\/author\\\/edicionweb\\\/\"}]}<\/script>\n<!-- \/ Yoast SEO plugin. -->","yoast_head_json":{"title":"Confirma Gobierno posible cambio de Ernesto Barajas \u00c1brego hacia el Ayuntamiento Soledense\u00a0 - Canal 7 SLP - 2022","robots":{"index":"index","follow":"follow","max-snippet":"max-snippet:-1","max-image-preview":"max-image-preview:large","max-video-preview":"max-video-preview:-1"},"canonical":"https:\/\/canal7slp.tv\/2022\/confirma-gobierno-posible-cambio-de-ernesto-barajas-abrego-hacia-el-ayuntamiento-soledense\/","og_locale":"es_ES","og_type":"article","og_title":"Confirma Gobierno posible cambio de Ernesto Barajas \u00c1brego hacia el Ayuntamiento Soledense\u00a0 - Canal 7 SLP - 2022","og_description":"El probable retorno del actual titular de la CEFIM obedecer\u00eda a la necesidad de fortalecer la administraci\u00f3n que encabeza Leonor Noyola Cervantes SLP.- En entrevista, el gobernador del estado de San Luis Potos\u00ed, Jos\u00e9 Ricardo Gallardo Cardona, confirm\u00f3 que se analiza la posibilidad de un cambio m\u00e1s al interior de su gabinete. Se tratar\u00eda de Ernesto Barajas \u00c1brego, quien actualmente se desempe\u00f1a como titular de la Coordinaci\u00f3n Estatal para el Fortalecimiento Institucional de los Municipios, quien se dice podr\u00eda regresar como funcionario del ayuntamiento soledense. \u00abAhorita lo estamos analizando, estamos platicando con la presidenta municipal si se pudiera prestarle al [&hellip;]","og_url":"https:\/\/canal7slp.tv\/2022\/confirma-gobierno-posible-cambio-de-ernesto-barajas-abrego-hacia-el-ayuntamiento-soledense\/","og_site_name":"Canal 7 SLP - 2022","article_publisher":"https:\/\/www.facebook.com\/noticieroscanalsiete","article_published_time":"2022-10-21T18:18:08+00:00","og_image":[{"width":706,"height":455,"url":"https:\/\/canal7slp.tv\/2022\/wp-content\/uploads\/2022\/10\/barajas.jpg","type":"image\/jpeg"}],"author":"Edici\u00f3n Web","twitter_card":"summary_large_image","twitter_creator":"@NOTICIEROS7","twitter_site":"@NOTICIEROS7","twitter_misc":{"Escrito por":"Edici\u00f3n Web","Tiempo de lectura":"2 minutos"},"schema":{"@context":"https:\/\/schema.org","@graph":[{"@type":"Article","@id":"https:\/\/canal7slp.tv\/2022\/confirma-gobierno-posible-cambio-de-ernesto-barajas-abrego-hacia-el-ayuntamiento-soledense\/#article","isPartOf":{"@id":"https:\/\/canal7slp.tv\/2022\/confirma-gobierno-posible-cambio-de-ernesto-barajas-abrego-hacia-el-ayuntamiento-soledense\/"},"author":{"name":"Edici\u00f3n Web","@id":"https:\/\/canal7slp.tv\/2022\/#\/schema\/person\/429704152a21f5f856ce29aa69a238da"},"headline":"Confirma Gobierno posible cambio de Ernesto Barajas \u00c1brego hacia el Ayuntamiento Soledense\u00a0","datePublished":"2022-10-21T18:18:08+00:00","mainEntityOfPage":{"@id":"https:\/\/canal7slp.tv\/2022\/confirma-gobierno-posible-cambio-de-ernesto-barajas-abrego-hacia-el-ayuntamiento-soledense\/"},"wordCount":356,"publisher":{"@id":"https:\/\/canal7slp.tv\/2022\/#organization"},"image":{"@id":"https:\/\/canal7slp.tv\/2022\/confirma-gobierno-posible-cambio-de-ernesto-barajas-abrego-hacia-el-ayuntamiento-soledense\/#primaryimage"},"thumbnailUrl":"https:\/\/canal7slp.tv\/2022\/wp-content\/uploads\/2022\/10\/barajas.jpg","articleSection":["LOCALES Y REGIONALES"],"inLanguage":"es"},{"@type":"WebPage","@id":"https:\/\/canal7slp.tv\/2022\/confirma-gobierno-posible-cambio-de-ernesto-barajas-abrego-hacia-el-ayuntamiento-soledense\/","url":"https:\/\/canal7slp.tv\/2022\/confirma-gobierno-posible-cambio-de-ernesto-barajas-abrego-hacia-el-ayuntamiento-soledense\/","name":"Confirma Gobierno posible cambio de Ernesto Barajas \u00c1brego hacia el Ayuntamiento Soledense\u00a0 - Canal 7 SLP - 2022","isPartOf":{"@id":"https:\/\/canal7slp.tv\/2022\/#website"},"primaryImageOfPage":{"@id":"https:\/\/canal7slp.tv\/2022\/confirma-gobierno-posible-cambio-de-ernesto-barajas-abrego-hacia-el-ayuntamiento-soledense\/#primaryimage"},"image":{"@id":"https:\/\/canal7slp.tv\/2022\/confirma-gobierno-posible-cambio-de-ernesto-barajas-abrego-hacia-el-ayuntamiento-soledense\/#primaryimage"},"thumbnailUrl":"https:\/\/canal7slp.tv\/2022\/wp-content\/uploads\/2022\/10\/barajas.jpg","datePublished":"2022-10-21T18:18:08+00:00","breadcrumb":{"@id":"https:\/\/canal7slp.tv\/2022\/confirma-gobierno-posible-cambio-de-ernesto-barajas-abrego-hacia-el-ayuntamiento-soledense\/#breadcrumb"},"inLanguage":"es","potentialAction":[{"@type":"ReadAction","target":["https:\/\/canal7slp.tv\/2022\/confirma-gobierno-posible-cambio-de-ernesto-barajas-abrego-hacia-el-ayuntamiento-soledense\/"]}]},{"@type":"ImageObject","inLanguage":"es","@id":"https:\/\/canal7slp.tv\/2022\/confirma-gobierno-posible-cambio-de-ernesto-barajas-abrego-hacia-el-ayuntamiento-soledense\/#primaryimage","url":"https:\/\/canal7slp.tv\/2022\/wp-content\/uploads\/2022\/10\/barajas.jpg","contentUrl":"https:\/\/canal7slp.tv\/2022\/wp-content\/uploads\/2022\/10\/barajas.jpg","width":706,"height":455},{"@type":"BreadcrumbList","@id":"https:\/\/canal7slp.tv\/2022\/confirma-gobierno-posible-cambio-de-ernesto-barajas-abrego-hacia-el-ayuntamiento-soledense\/#breadcrumb","itemListElement":[{"@type":"ListItem","position":1,"name":"Portada","item":"https:\/\/canal7slp.tv\/2022\/"},{"@type":"ListItem","position":2,"name":"Confirma Gobierno posible cambio de Ernesto Barajas \u00c1brego hacia el Ayuntamiento Soledense\u00a0"}]},{"@type":"WebSite","@id":"https:\/\/canal7slp.tv\/2022\/#website","url":"https:\/\/canal7slp.tv\/2022\/","name":"N7 - Noticieros Canal 7","description":"Somos Televisi\u00f3n","publisher":{"@id":"https:\/\/canal7slp.tv\/2022\/#organization"},"potentialAction":[{"@type":"SearchAction","target":{"@type":"EntryPoint","urlTemplate":"https:\/\/canal7slp.tv\/2022\/?s={search_term_string}"},"query-input":{"@type":"PropertyValueSpecification","valueRequired":true,"valueName":"search_term_string"}}],"inLanguage":"es"},{"@type":"Organization","@id":"https:\/\/canal7slp.tv\/2022\/#organization","name":"Noticieros Canal 7","url":"https:\/\/canal7slp.tv\/2022\/","logo":{"@type":"ImageObject","inLanguage":"es","@id":"https:\/\/canal7slp.tv\/2022\/#\/schema\/logo\/image\/","url":"https:\/\/canal7slp.tv\/2022\/wp-content\/uploads\/2021\/01\/logo-noticieros@2x.png","contentUrl":"https:\/\/canal7slp.tv\/2022\/wp-content\/uploads\/2021\/01\/logo-noticieros@2x.png","width":1017,"height":268,"caption":"Noticieros Canal 7"},"image":{"@id":"https:\/\/canal7slp.tv\/2022\/#\/schema\/logo\/image\/"},"sameAs":["https:\/\/www.facebook.com\/noticieroscanalsiete","https:\/\/x.com\/NOTICIEROS7","https:\/\/www.instagram.com\/canal7_slp","https:\/\/www.youtube.com\/channel\/UCliiYs-gP3JfJeqdPrNdd5A"]},{"@type":"Person","@id":"https:\/\/canal7slp.tv\/2022\/#\/schema\/person\/429704152a21f5f856ce29aa69a238da","name":"Edici\u00f3n Web","image":{"@type":"ImageObject","inLanguage":"es","@id":"https:\/\/secure.gravatar.com\/avatar\/eee448fc3f7164808013b816ba91ac7e43bbe82a70bebac296f8bc6f0addaa1a?s=96&d=mm&r=g","url":"https:\/\/secure.gravatar.com\/avatar\/eee448fc3f7164808013b816ba91ac7e43bbe82a70bebac296f8bc6f0addaa1a?s=96&d=mm&r=g","contentUrl":"https:\/\/secure.gravatar.com\/avatar\/eee448fc3f7164808013b816ba91ac7e43bbe82a70bebac296f8bc6f0addaa1a?s=96&d=mm&r=g","caption":"Edici\u00f3n Web"},"url":"https:\/\/canal7slp.tv\/2022\/author\/edicionweb\/"}]}},"amp_enabled":true,"_links":{"self":[{"href":"https:\/\/canal7slp.tv\/2022\/wp-json\/wp\/v2\/posts\/76249","targetHints":{"allow":["GET"]}}],"collection":[{"href":"https:\/\/canal7slp.tv\/2022\/wp-json\/wp\/v2\/posts"}],"about":[{"href":"https:\/\/canal7slp.tv\/2022\/wp-json\/wp\/v2\/types\/post"}],"author":[{"embeddable":true,"href":"https:\/\/canal7slp.tv\/2022\/wp-json\/wp\/v2\/users\/2"}],"replies":[{"embeddable":true,"href":"https:\/\/canal7slp.tv\/2022\/wp-json\/wp\/v2\/comments?post=76249"}],"version-history":[{"count":1,"href":"https:\/\/canal7slp.tv\/2022\/wp-json\/wp\/v2\/posts\/76249\/revisions"}],"predecessor-version":[{"id":76251,"href":"https:\/\/canal7slp.tv\/2022\/wp-json\/wp\/v2\/posts\/76249\/revisions\/76251"}],"wp:featuredmedia":[{"embeddable":true,"href":"https:\/\/canal7slp.tv\/2022\/wp-json\/wp\/v2\/media\/76250"}],"wp:attachment":[{"href":"https:\/\/canal7slp.tv\/2022\/wp-json\/wp\/v2\/media?parent=76249"}],"wp:term":[{"taxonomy":"category","embeddable":true,"href":"https:\/\/canal7slp.tv\/2022\/wp-json\/wp\/v2\/categories?post=76249"},{"taxonomy":"post_tag","embeddable":true,"href":"https:\/\/canal7slp.tv\/2022\/wp-json\/wp\/v2\/tags?post=76249"}],"curies":[{"name":"wp","href":"https:\/\/api.w.org\/{rel}","templated":true}]}}