{"id":76221,"date":"2022-10-20T18:08:42","date_gmt":"2022-10-21T00:08:42","guid":{"rendered":"https:\/\/canal7slp.tv\/2022\/?p=76221"},"modified":"2022-10-20T18:08:42","modified_gmt":"2022-10-21T00:08:42","slug":"por-feminicidio-agravado-contra-nina-de-tres-anos-fiscalia-aprehende-a-madre-y-padrastro","status":"publish","type":"post","link":"https:\/\/canal7slp.tv\/2022\/por-feminicidio-agravado-contra-nina-de-tres-anos-fiscalia-aprehende-a-madre-y-padrastro\/","title":{"rendered":"Por feminicidio agravado contra ni\u00f1a de tres a\u00f1os, Fiscal\u00eda aprehende a madre y padrastro"},"content":{"rendered":"<ul>\n<li style=\"text-align: justify;\">El hecho se present\u00f3 en la colonia Juli\u00e1n Carrillo de la capital potosina<\/li>\n<\/ul>\n<p style=\"text-align: justify;\">SLP.- La Fiscal\u00eda General del Estado (FGE) efectu\u00f3 la detenci\u00f3n de un hombre y una mujer, se\u00f1alados de participar en la muerte de una ni\u00f1a de tres a\u00f1os de edad, en la capital de San Luis Potos\u00ed.<\/p>\n<p>En la primera hora del 27 de agosto, la Polic\u00eda de Investigaci\u00f3n (PDI) tuvo conocimiento del ingreso de una infante sin signos vitales a la Cruz Roja, traslad\u00e1ndose de inmediato al lugar para iniciar las indagaciones.<\/p>\n<p>El cuerpo fue trasladado a las instalaciones del Servicio M\u00e9dico Legal (Semele), debido a huellas de violencia f\u00edsica.<\/p>\n<p style=\"text-align: justify;\">As\u00ed fue como se dio inicio a una carpeta de investigaci\u00f3n bajo el protocolo de feminicidio.<\/p>\n<p>Con los actos realizados por la instituci\u00f3n de procuraci\u00f3n de justicia se aportaron datos de prueba y pudieron obtener \u00f3rdenes de aprehensi\u00f3n por el delito de feminicidio agravado.<\/p>\n<p style=\"text-align: justify;\">Jorge \u201cN\u201d, de 27 a\u00f1os; y Norma \u201cN\u201d, de 20, padrastro y madre de la v\u00edctima, fueron asegurados en la calle Carlos Diez Guti\u00e9rrez de la colonia Juli\u00e1n Carrillo en San Luis Potos\u00ed y trasladados al Centro de Reinserci\u00f3n Social de La Pila, donde estar\u00e1n a disposici\u00f3n de un Juez de Control para que \u00e9ste defina su situaci\u00f3n jur\u00eddica.<\/p>\n","protected":false},"excerpt":{"rendered":"<p>El hecho se present\u00f3 en la colonia Juli\u00e1n Carrillo de la capital potosina SLP.- La Fiscal\u00eda General del Estado (FGE) efectu\u00f3 la detenci\u00f3n de un hombre y una mujer, se\u00f1alados de participar en la muerte de una ni\u00f1a de tres a\u00f1os de edad, en la capital de San Luis Potos\u00ed. En la primera hora del 27 de agosto, la Polic\u00eda de Investigaci\u00f3n (PDI) tuvo conocimiento del ingreso de una infante sin signos vitales a la Cruz Roja, traslad\u00e1ndose de inmediato al lugar para iniciar las indagaciones. El cuerpo fue trasladado a las instalaciones del Servicio M\u00e9dico Legal (Semele), debido a [&hellip;]<\/p>\n","protected":false},"author":2,"featured_media":76223,"comment_status":"closed","ping_status":"closed","sticky":false,"template":"","format":"standard","meta":{"footnotes":""},"categories":[48],"tags":[],"class_list":["post-76221","post","type-post","status-publish","format-standard","has-post-thumbnail","hentry","category-reporte7","post--single"],"yoast_head":"<!-- This site is optimized with the Yoast SEO plugin v27.4 - https:\/\/yoast.com\/product\/yoast-seo-wordpress\/ -->\n<title>Por feminicidio agravado contra ni\u00f1a de tres a\u00f1os, Fiscal\u00eda aprehende a madre y padrastro - Canal 7 SLP - 2022<\/title>\n<meta name=\"robots\" content=\"index, follow, max-snippet:-1, max-image-preview:large, max-video-preview:-1\" \/>\n<link rel=\"canonical\" href=\"https:\/\/canal7slp.tv\/2022\/por-feminicidio-agravado-contra-nina-de-tres-anos-fiscalia-aprehende-a-madre-y-padrastro\/\" \/>\n<meta property=\"og:locale\" content=\"es_ES\" \/>\n<meta property=\"og:type\" content=\"article\" \/>\n<meta property=\"og:title\" content=\"Por feminicidio agravado contra ni\u00f1a de tres a\u00f1os, Fiscal\u00eda aprehende a madre y padrastro - Canal 7 SLP - 2022\" \/>\n<meta property=\"og:description\" content=\"El hecho se present\u00f3 en la colonia Juli\u00e1n Carrillo de la capital potosina SLP.- La Fiscal\u00eda General del Estado (FGE) efectu\u00f3 la detenci\u00f3n de un hombre y una mujer, se\u00f1alados de participar en la muerte de una ni\u00f1a de tres a\u00f1os de edad, en la capital de San Luis Potos\u00ed. En la primera hora del 27 de agosto, la Polic\u00eda de Investigaci\u00f3n (PDI) tuvo conocimiento del ingreso de una infante sin signos vitales a la Cruz Roja, traslad\u00e1ndose de inmediato al lugar para iniciar las indagaciones. El cuerpo fue trasladado a las instalaciones del Servicio M\u00e9dico Legal (Semele), debido a [&hellip;]\" \/>\n<meta property=\"og:url\" content=\"https:\/\/canal7slp.tv\/2022\/por-feminicidio-agravado-contra-nina-de-tres-anos-fiscalia-aprehende-a-madre-y-padrastro\/\" \/>\n<meta property=\"og:site_name\" content=\"Canal 7 SLP - 2022\" \/>\n<meta property=\"article:publisher\" content=\"https:\/\/www.facebook.com\/noticieroscanalsiete\" \/>\n<meta property=\"article:published_time\" content=\"2022-10-21T00:08:42+00:00\" \/>\n<meta property=\"og:image\" content=\"https:\/\/canal7slp.tv\/2022\/wp-content\/uploads\/2022\/10\/zz1-3.jpg\" \/>\n\t<meta property=\"og:image:width\" content=\"691\" \/>\n\t<meta property=\"og:image:height\" content=\"399\" \/>\n\t<meta property=\"og:image:type\" content=\"image\/jpeg\" \/>\n<meta name=\"author\" content=\"Edici\u00f3n Web\" \/>\n<meta name=\"twitter:card\" content=\"summary_large_image\" \/>\n<meta name=\"twitter:creator\" content=\"@NOTICIEROS7\" \/>\n<meta name=\"twitter:site\" content=\"@NOTICIEROS7\" \/>\n<meta name=\"twitter:label1\" content=\"Escrito por\" \/>\n\t<meta name=\"twitter:data1\" content=\"Edici\u00f3n Web\" \/>\n\t<meta name=\"twitter:label2\" content=\"Tiempo de lectura\" \/>\n\t<meta name=\"twitter:data2\" content=\"1 minuto\" \/>\n<script type=\"application\/ld+json\" class=\"yoast-schema-graph\">{\"@context\":\"https:\\\/\\\/schema.org\",\"@graph\":[{\"@type\":\"Article\",\"@id\":\"https:\\\/\\\/canal7slp.tv\\\/2022\\\/por-feminicidio-agravado-contra-nina-de-tres-anos-fiscalia-aprehende-a-madre-y-padrastro\\\/#article\",\"isPartOf\":{\"@id\":\"https:\\\/\\\/canal7slp.tv\\\/2022\\\/por-feminicidio-agravado-contra-nina-de-tres-anos-fiscalia-aprehende-a-madre-y-padrastro\\\/\"},\"author\":{\"name\":\"Edici\u00f3n Web\",\"@id\":\"https:\\\/\\\/canal7slp.tv\\\/2022\\\/#\\\/schema\\\/person\\\/429704152a21f5f856ce29aa69a238da\"},\"headline\":\"Por feminicidio agravado contra ni\u00f1a de tres a\u00f1os, Fiscal\u00eda aprehende a madre y padrastro\",\"datePublished\":\"2022-10-21T00:08:42+00:00\",\"mainEntityOfPage\":{\"@id\":\"https:\\\/\\\/canal7slp.tv\\\/2022\\\/por-feminicidio-agravado-contra-nina-de-tres-anos-fiscalia-aprehende-a-madre-y-padrastro\\\/\"},\"wordCount\":246,\"publisher\":{\"@id\":\"https:\\\/\\\/canal7slp.tv\\\/2022\\\/#organization\"},\"image\":{\"@id\":\"https:\\\/\\\/canal7slp.tv\\\/2022\\\/por-feminicidio-agravado-contra-nina-de-tres-anos-fiscalia-aprehende-a-madre-y-padrastro\\\/#primaryimage\"},\"thumbnailUrl\":\"https:\\\/\\\/canal7slp.tv\\\/2022\\\/wp-content\\\/uploads\\\/2022\\\/10\\\/zz1-3.jpg\",\"articleSection\":[\"REPORTE 7\"],\"inLanguage\":\"es\"},{\"@type\":\"WebPage\",\"@id\":\"https:\\\/\\\/canal7slp.tv\\\/2022\\\/por-feminicidio-agravado-contra-nina-de-tres-anos-fiscalia-aprehende-a-madre-y-padrastro\\\/\",\"url\":\"https:\\\/\\\/canal7slp.tv\\\/2022\\\/por-feminicidio-agravado-contra-nina-de-tres-anos-fiscalia-aprehende-a-madre-y-padrastro\\\/\",\"name\":\"Por feminicidio agravado contra ni\u00f1a de tres a\u00f1os, Fiscal\u00eda aprehende a madre y padrastro - Canal 7 SLP - 2022\",\"isPartOf\":{\"@id\":\"https:\\\/\\\/canal7slp.tv\\\/2022\\\/#website\"},\"primaryImageOfPage\":{\"@id\":\"https:\\\/\\\/canal7slp.tv\\\/2022\\\/por-feminicidio-agravado-contra-nina-de-tres-anos-fiscalia-aprehende-a-madre-y-padrastro\\\/#primaryimage\"},\"image\":{\"@id\":\"https:\\\/\\\/canal7slp.tv\\\/2022\\\/por-feminicidio-agravado-contra-nina-de-tres-anos-fiscalia-aprehende-a-madre-y-padrastro\\\/#primaryimage\"},\"thumbnailUrl\":\"https:\\\/\\\/canal7slp.tv\\\/2022\\\/wp-content\\\/uploads\\\/2022\\\/10\\\/zz1-3.jpg\",\"datePublished\":\"2022-10-21T00:08:42+00:00\",\"breadcrumb\":{\"@id\":\"https:\\\/\\\/canal7slp.tv\\\/2022\\\/por-feminicidio-agravado-contra-nina-de-tres-anos-fiscalia-aprehende-a-madre-y-padrastro\\\/#breadcrumb\"},\"inLanguage\":\"es\",\"potentialAction\":[{\"@type\":\"ReadAction\",\"target\":[\"https:\\\/\\\/canal7slp.tv\\\/2022\\\/por-feminicidio-agravado-contra-nina-de-tres-anos-fiscalia-aprehende-a-madre-y-padrastro\\\/\"]}]},{\"@type\":\"ImageObject\",\"inLanguage\":\"es\",\"@id\":\"https:\\\/\\\/canal7slp.tv\\\/2022\\\/por-feminicidio-agravado-contra-nina-de-tres-anos-fiscalia-aprehende-a-madre-y-padrastro\\\/#primaryimage\",\"url\":\"https:\\\/\\\/canal7slp.tv\\\/2022\\\/wp-content\\\/uploads\\\/2022\\\/10\\\/zz1-3.jpg\",\"contentUrl\":\"https:\\\/\\\/canal7slp.tv\\\/2022\\\/wp-content\\\/uploads\\\/2022\\\/10\\\/zz1-3.jpg\",\"width\":691,\"height\":399},{\"@type\":\"BreadcrumbList\",\"@id\":\"https:\\\/\\\/canal7slp.tv\\\/2022\\\/por-feminicidio-agravado-contra-nina-de-tres-anos-fiscalia-aprehende-a-madre-y-padrastro\\\/#breadcrumb\",\"itemListElement\":[{\"@type\":\"ListItem\",\"position\":1,\"name\":\"Portada\",\"item\":\"https:\\\/\\\/canal7slp.tv\\\/2022\\\/\"},{\"@type\":\"ListItem\",\"position\":2,\"name\":\"Por feminicidio agravado contra ni\u00f1a de tres a\u00f1os, Fiscal\u00eda aprehende a madre y padrastro\"}]},{\"@type\":\"WebSite\",\"@id\":\"https:\\\/\\\/canal7slp.tv\\\/2022\\\/#website\",\"url\":\"https:\\\/\\\/canal7slp.tv\\\/2022\\\/\",\"name\":\"N7 - Noticieros Canal 7\",\"description\":\"Somos Televisi\u00f3n\",\"publisher\":{\"@id\":\"https:\\\/\\\/canal7slp.tv\\\/2022\\\/#organization\"},\"potentialAction\":[{\"@type\":\"SearchAction\",\"target\":{\"@type\":\"EntryPoint\",\"urlTemplate\":\"https:\\\/\\\/canal7slp.tv\\\/2022\\\/?s={search_term_string}\"},\"query-input\":{\"@type\":\"PropertyValueSpecification\",\"valueRequired\":true,\"valueName\":\"search_term_string\"}}],\"inLanguage\":\"es\"},{\"@type\":\"Organization\",\"@id\":\"https:\\\/\\\/canal7slp.tv\\\/2022\\\/#organization\",\"name\":\"Noticieros Canal 7\",\"url\":\"https:\\\/\\\/canal7slp.tv\\\/2022\\\/\",\"logo\":{\"@type\":\"ImageObject\",\"inLanguage\":\"es\",\"@id\":\"https:\\\/\\\/canal7slp.tv\\\/2022\\\/#\\\/schema\\\/logo\\\/image\\\/\",\"url\":\"https:\\\/\\\/canal7slp.tv\\\/2022\\\/wp-content\\\/uploads\\\/2021\\\/01\\\/logo-noticieros@2x.png\",\"contentUrl\":\"https:\\\/\\\/canal7slp.tv\\\/2022\\\/wp-content\\\/uploads\\\/2021\\\/01\\\/logo-noticieros@2x.png\",\"width\":1017,\"height\":268,\"caption\":\"Noticieros Canal 7\"},\"image\":{\"@id\":\"https:\\\/\\\/canal7slp.tv\\\/2022\\\/#\\\/schema\\\/logo\\\/image\\\/\"},\"sameAs\":[\"https:\\\/\\\/www.facebook.com\\\/noticieroscanalsiete\",\"https:\\\/\\\/x.com\\\/NOTICIEROS7\",\"https:\\\/\\\/www.instagram.com\\\/canal7_slp\",\"https:\\\/\\\/www.youtube.com\\\/channel\\\/UCliiYs-gP3JfJeqdPrNdd5A\"]},{\"@type\":\"Person\",\"@id\":\"https:\\\/\\\/canal7slp.tv\\\/2022\\\/#\\\/schema\\\/person\\\/429704152a21f5f856ce29aa69a238da\",\"name\":\"Edici\u00f3n Web\",\"image\":{\"@type\":\"ImageObject\",\"inLanguage\":\"es\",\"@id\":\"https:\\\/\\\/secure.gravatar.com\\\/avatar\\\/eee448fc3f7164808013b816ba91ac7e43bbe82a70bebac296f8bc6f0addaa1a?s=96&d=mm&r=g\",\"url\":\"https:\\\/\\\/secure.gravatar.com\\\/avatar\\\/eee448fc3f7164808013b816ba91ac7e43bbe82a70bebac296f8bc6f0addaa1a?s=96&d=mm&r=g\",\"contentUrl\":\"https:\\\/\\\/secure.gravatar.com\\\/avatar\\\/eee448fc3f7164808013b816ba91ac7e43bbe82a70bebac296f8bc6f0addaa1a?s=96&d=mm&r=g\",\"caption\":\"Edici\u00f3n Web\"},\"url\":\"https:\\\/\\\/canal7slp.tv\\\/2022\\\/author\\\/edicionweb\\\/\"}]}<\/script>\n<!-- \/ Yoast SEO plugin. -->","yoast_head_json":{"title":"Por feminicidio agravado contra ni\u00f1a de tres a\u00f1os, Fiscal\u00eda aprehende a madre y padrastro - Canal 7 SLP - 2022","robots":{"index":"index","follow":"follow","max-snippet":"max-snippet:-1","max-image-preview":"max-image-preview:large","max-video-preview":"max-video-preview:-1"},"canonical":"https:\/\/canal7slp.tv\/2022\/por-feminicidio-agravado-contra-nina-de-tres-anos-fiscalia-aprehende-a-madre-y-padrastro\/","og_locale":"es_ES","og_type":"article","og_title":"Por feminicidio agravado contra ni\u00f1a de tres a\u00f1os, Fiscal\u00eda aprehende a madre y padrastro - Canal 7 SLP - 2022","og_description":"El hecho se present\u00f3 en la colonia Juli\u00e1n Carrillo de la capital potosina SLP.- La Fiscal\u00eda General del Estado (FGE) efectu\u00f3 la detenci\u00f3n de un hombre y una mujer, se\u00f1alados de participar en la muerte de una ni\u00f1a de tres a\u00f1os de edad, en la capital de San Luis Potos\u00ed. En la primera hora del 27 de agosto, la Polic\u00eda de Investigaci\u00f3n (PDI) tuvo conocimiento del ingreso de una infante sin signos vitales a la Cruz Roja, traslad\u00e1ndose de inmediato al lugar para iniciar las indagaciones. El cuerpo fue trasladado a las instalaciones del Servicio M\u00e9dico Legal (Semele), debido a [&hellip;]","og_url":"https:\/\/canal7slp.tv\/2022\/por-feminicidio-agravado-contra-nina-de-tres-anos-fiscalia-aprehende-a-madre-y-padrastro\/","og_site_name":"Canal 7 SLP - 2022","article_publisher":"https:\/\/www.facebook.com\/noticieroscanalsiete","article_published_time":"2022-10-21T00:08:42+00:00","og_image":[{"width":691,"height":399,"url":"https:\/\/canal7slp.tv\/2022\/wp-content\/uploads\/2022\/10\/zz1-3.jpg","type":"image\/jpeg"}],"author":"Edici\u00f3n Web","twitter_card":"summary_large_image","twitter_creator":"@NOTICIEROS7","twitter_site":"@NOTICIEROS7","twitter_misc":{"Escrito por":"Edici\u00f3n Web","Tiempo de lectura":"1 minuto"},"schema":{"@context":"https:\/\/schema.org","@graph":[{"@type":"Article","@id":"https:\/\/canal7slp.tv\/2022\/por-feminicidio-agravado-contra-nina-de-tres-anos-fiscalia-aprehende-a-madre-y-padrastro\/#article","isPartOf":{"@id":"https:\/\/canal7slp.tv\/2022\/por-feminicidio-agravado-contra-nina-de-tres-anos-fiscalia-aprehende-a-madre-y-padrastro\/"},"author":{"name":"Edici\u00f3n Web","@id":"https:\/\/canal7slp.tv\/2022\/#\/schema\/person\/429704152a21f5f856ce29aa69a238da"},"headline":"Por feminicidio agravado contra ni\u00f1a de tres a\u00f1os, Fiscal\u00eda aprehende a madre y padrastro","datePublished":"2022-10-21T00:08:42+00:00","mainEntityOfPage":{"@id":"https:\/\/canal7slp.tv\/2022\/por-feminicidio-agravado-contra-nina-de-tres-anos-fiscalia-aprehende-a-madre-y-padrastro\/"},"wordCount":246,"publisher":{"@id":"https:\/\/canal7slp.tv\/2022\/#organization"},"image":{"@id":"https:\/\/canal7slp.tv\/2022\/por-feminicidio-agravado-contra-nina-de-tres-anos-fiscalia-aprehende-a-madre-y-padrastro\/#primaryimage"},"thumbnailUrl":"https:\/\/canal7slp.tv\/2022\/wp-content\/uploads\/2022\/10\/zz1-3.jpg","articleSection":["REPORTE 7"],"inLanguage":"es"},{"@type":"WebPage","@id":"https:\/\/canal7slp.tv\/2022\/por-feminicidio-agravado-contra-nina-de-tres-anos-fiscalia-aprehende-a-madre-y-padrastro\/","url":"https:\/\/canal7slp.tv\/2022\/por-feminicidio-agravado-contra-nina-de-tres-anos-fiscalia-aprehende-a-madre-y-padrastro\/","name":"Por feminicidio agravado contra ni\u00f1a de tres a\u00f1os, Fiscal\u00eda aprehende a madre y padrastro - Canal 7 SLP - 2022","isPartOf":{"@id":"https:\/\/canal7slp.tv\/2022\/#website"},"primaryImageOfPage":{"@id":"https:\/\/canal7slp.tv\/2022\/por-feminicidio-agravado-contra-nina-de-tres-anos-fiscalia-aprehende-a-madre-y-padrastro\/#primaryimage"},"image":{"@id":"https:\/\/canal7slp.tv\/2022\/por-feminicidio-agravado-contra-nina-de-tres-anos-fiscalia-aprehende-a-madre-y-padrastro\/#primaryimage"},"thumbnailUrl":"https:\/\/canal7slp.tv\/2022\/wp-content\/uploads\/2022\/10\/zz1-3.jpg","datePublished":"2022-10-21T00:08:42+00:00","breadcrumb":{"@id":"https:\/\/canal7slp.tv\/2022\/por-feminicidio-agravado-contra-nina-de-tres-anos-fiscalia-aprehende-a-madre-y-padrastro\/#breadcrumb"},"inLanguage":"es","potentialAction":[{"@type":"ReadAction","target":["https:\/\/canal7slp.tv\/2022\/por-feminicidio-agravado-contra-nina-de-tres-anos-fiscalia-aprehende-a-madre-y-padrastro\/"]}]},{"@type":"ImageObject","inLanguage":"es","@id":"https:\/\/canal7slp.tv\/2022\/por-feminicidio-agravado-contra-nina-de-tres-anos-fiscalia-aprehende-a-madre-y-padrastro\/#primaryimage","url":"https:\/\/canal7slp.tv\/2022\/wp-content\/uploads\/2022\/10\/zz1-3.jpg","contentUrl":"https:\/\/canal7slp.tv\/2022\/wp-content\/uploads\/2022\/10\/zz1-3.jpg","width":691,"height":399},{"@type":"BreadcrumbList","@id":"https:\/\/canal7slp.tv\/2022\/por-feminicidio-agravado-contra-nina-de-tres-anos-fiscalia-aprehende-a-madre-y-padrastro\/#breadcrumb","itemListElement":[{"@type":"ListItem","position":1,"name":"Portada","item":"https:\/\/canal7slp.tv\/2022\/"},{"@type":"ListItem","position":2,"name":"Por feminicidio agravado contra ni\u00f1a de tres a\u00f1os, Fiscal\u00eda aprehende a madre y padrastro"}]},{"@type":"WebSite","@id":"https:\/\/canal7slp.tv\/2022\/#website","url":"https:\/\/canal7slp.tv\/2022\/","name":"N7 - Noticieros Canal 7","description":"Somos Televisi\u00f3n","publisher":{"@id":"https:\/\/canal7slp.tv\/2022\/#organization"},"potentialAction":[{"@type":"SearchAction","target":{"@type":"EntryPoint","urlTemplate":"https:\/\/canal7slp.tv\/2022\/?s={search_term_string}"},"query-input":{"@type":"PropertyValueSpecification","valueRequired":true,"valueName":"search_term_string"}}],"inLanguage":"es"},{"@type":"Organization","@id":"https:\/\/canal7slp.tv\/2022\/#organization","name":"Noticieros Canal 7","url":"https:\/\/canal7slp.tv\/2022\/","logo":{"@type":"ImageObject","inLanguage":"es","@id":"https:\/\/canal7slp.tv\/2022\/#\/schema\/logo\/image\/","url":"https:\/\/canal7slp.tv\/2022\/wp-content\/uploads\/2021\/01\/logo-noticieros@2x.png","contentUrl":"https:\/\/canal7slp.tv\/2022\/wp-content\/uploads\/2021\/01\/logo-noticieros@2x.png","width":1017,"height":268,"caption":"Noticieros Canal 7"},"image":{"@id":"https:\/\/canal7slp.tv\/2022\/#\/schema\/logo\/image\/"},"sameAs":["https:\/\/www.facebook.com\/noticieroscanalsiete","https:\/\/x.com\/NOTICIEROS7","https:\/\/www.instagram.com\/canal7_slp","https:\/\/www.youtube.com\/channel\/UCliiYs-gP3JfJeqdPrNdd5A"]},{"@type":"Person","@id":"https:\/\/canal7slp.tv\/2022\/#\/schema\/person\/429704152a21f5f856ce29aa69a238da","name":"Edici\u00f3n Web","image":{"@type":"ImageObject","inLanguage":"es","@id":"https:\/\/secure.gravatar.com\/avatar\/eee448fc3f7164808013b816ba91ac7e43bbe82a70bebac296f8bc6f0addaa1a?s=96&d=mm&r=g","url":"https:\/\/secure.gravatar.com\/avatar\/eee448fc3f7164808013b816ba91ac7e43bbe82a70bebac296f8bc6f0addaa1a?s=96&d=mm&r=g","contentUrl":"https:\/\/secure.gravatar.com\/avatar\/eee448fc3f7164808013b816ba91ac7e43bbe82a70bebac296f8bc6f0addaa1a?s=96&d=mm&r=g","caption":"Edici\u00f3n Web"},"url":"https:\/\/canal7slp.tv\/2022\/author\/edicionweb\/"}]}},"amp_enabled":true,"_links":{"self":[{"href":"https:\/\/canal7slp.tv\/2022\/wp-json\/wp\/v2\/posts\/76221","targetHints":{"allow":["GET"]}}],"collection":[{"href":"https:\/\/canal7slp.tv\/2022\/wp-json\/wp\/v2\/posts"}],"about":[{"href":"https:\/\/canal7slp.tv\/2022\/wp-json\/wp\/v2\/types\/post"}],"author":[{"embeddable":true,"href":"https:\/\/canal7slp.tv\/2022\/wp-json\/wp\/v2\/users\/2"}],"replies":[{"embeddable":true,"href":"https:\/\/canal7slp.tv\/2022\/wp-json\/wp\/v2\/comments?post=76221"}],"version-history":[{"count":2,"href":"https:\/\/canal7slp.tv\/2022\/wp-json\/wp\/v2\/posts\/76221\/revisions"}],"predecessor-version":[{"id":76224,"href":"https:\/\/canal7slp.tv\/2022\/wp-json\/wp\/v2\/posts\/76221\/revisions\/76224"}],"wp:featuredmedia":[{"embeddable":true,"href":"https:\/\/canal7slp.tv\/2022\/wp-json\/wp\/v2\/media\/76223"}],"wp:attachment":[{"href":"https:\/\/canal7slp.tv\/2022\/wp-json\/wp\/v2\/media?parent=76221"}],"wp:term":[{"taxonomy":"category","embeddable":true,"href":"https:\/\/canal7slp.tv\/2022\/wp-json\/wp\/v2\/categories?post=76221"},{"taxonomy":"post_tag","embeddable":true,"href":"https:\/\/canal7slp.tv\/2022\/wp-json\/wp\/v2\/tags?post=76221"}],"curies":[{"name":"wp","href":"https:\/\/api.w.org\/{rel}","templated":true}]}}