{"id":76210,"date":"2022-10-20T19:02:58","date_gmt":"2022-10-21T01:02:58","guid":{"rendered":"https:\/\/canal7slp.tv\/2022\/?p=76210"},"modified":"2022-10-20T19:02:58","modified_gmt":"2022-10-21T01:02:58","slug":"descartan-autoridades-que-intendente-de-jardin-de-ninos-acusado-de-violar-a-menor-haya-sido-detenido","status":"publish","type":"post","link":"https:\/\/canal7slp.tv\/2022\/descartan-autoridades-que-intendente-de-jardin-de-ninos-acusado-de-violar-a-menor-haya-sido-detenido\/","title":{"rendered":"Descartan autoridades que intendente de jard\u00edn de ni\u00f1os, acusado de violar a menor, haya sido detenido."},"content":{"rendered":"<p style=\"text-align: justify;\">SGS.- Luego de que padres de familia del jard\u00edn de ni\u00f1os \u201cSim\u00f3n Bol\u00edvar\u201d, ubicada en la colonia Benito Ju\u00e1rez del municipio de Soledad de Graciano S\u00e1nchez, se manifestaran el pasado lunes por la violaci\u00f3n de un menor presuntamente cometida por el intendente de este centro educativo el secretario de Educaci\u00f3n Publica del gobierno del estado Juan Carlos Torres Cedillo, asegur\u00f3 que ya se reuni\u00f3 con la mam\u00e1 del menor afectado.<\/p>\n<p style=\"text-align: justify;\">Al decir que se le ofreci\u00f3 todo el apoyo y la orientaci\u00f3n que requieran afirm\u00f3 tambi\u00e9n que como medida precautoria dos maestras de este k\u00ednder fueron separadas de su cargo, en tanto la Fiscal\u00eda General del Estado deslinda responsabilidades.<\/p>\n<p style=\"text-align: justify;\"><span style=\"font-size: 1.21429rem;\">El secretario de Educaci\u00f3n indic\u00f3 que el \u00e1rea jur\u00eddica de la dependencia a su cargo est\u00e1 analizando lo que corresponde a su competencia en este caso, al reiterar que ser\u00e1 la Fiscal\u00eda General del Estado la que determinar\u00e1 la culpabilidad del \u00f3 los responsables de estos hechos.<\/span><\/p>\n<p style=\"text-align: justify;\">Asimismo, el funcionario estatal desminti\u00f3 tambi\u00e9n la versi\u00f3n de que el presunto culpable fue detenido en Zacatecas al decir que habl\u00f3 directamente con el Fiscal de aquel estado, para corroborar esta versi\u00f3n.<\/p>\n<p>Por: Claudio Ibarra<\/p>\n","protected":false},"excerpt":{"rendered":"<p>SGS.- Luego de que padres de familia del jard\u00edn de ni\u00f1os \u201cSim\u00f3n Bol\u00edvar\u201d, ubicada en la colonia Benito Ju\u00e1rez del municipio de Soledad de Graciano S\u00e1nchez, se manifestaran el pasado lunes por la violaci\u00f3n de un menor presuntamente cometida por el intendente de este centro educativo el secretario de Educaci\u00f3n Publica del gobierno del estado Juan Carlos Torres Cedillo, asegur\u00f3 que ya se reuni\u00f3 con la mam\u00e1 del menor afectado. Al decir que se le ofreci\u00f3 todo el apoyo y la orientaci\u00f3n que requieran afirm\u00f3 tambi\u00e9n que como medida precautoria dos maestras de este k\u00ednder fueron separadas de su cargo, [&hellip;]<\/p>\n","protected":false},"author":2,"featured_media":76240,"comment_status":"closed","ping_status":"closed","sticky":false,"template":"","format":"video","meta":{"footnotes":""},"categories":[5,45],"tags":[],"class_list":["post-76210","post","type-post","status-publish","format-video","has-post-thumbnail","hentry","category-destacadas","category-localesyregionales","post_format-post-format-video","post--single"],"yoast_head":"<!-- This site is optimized with the Yoast SEO plugin v27.4 - https:\/\/yoast.com\/product\/yoast-seo-wordpress\/ -->\n<title>Descartan autoridades que intendente de jard\u00edn de ni\u00f1os, acusado de violar a menor, haya sido detenido. - Canal 7 SLP - 2022<\/title>\n<meta name=\"robots\" content=\"index, follow, max-snippet:-1, max-image-preview:large, max-video-preview:-1\" \/>\n<link rel=\"canonical\" href=\"https:\/\/canal7slp.tv\/2022\/descartan-autoridades-que-intendente-de-jardin-de-ninos-acusado-de-violar-a-menor-haya-sido-detenido\/\" \/>\n<meta property=\"og:locale\" content=\"es_ES\" \/>\n<meta property=\"og:type\" content=\"article\" \/>\n<meta property=\"og:title\" content=\"Descartan autoridades que intendente de jard\u00edn de ni\u00f1os, acusado de violar a menor, haya sido detenido. - Canal 7 SLP - 2022\" \/>\n<meta property=\"og:description\" content=\"SGS.- Luego de que padres de familia del jard\u00edn de ni\u00f1os \u201cSim\u00f3n Bol\u00edvar\u201d, ubicada en la colonia Benito Ju\u00e1rez del municipio de Soledad de Graciano S\u00e1nchez, se manifestaran el pasado lunes por la violaci\u00f3n de un menor presuntamente cometida por el intendente de este centro educativo el secretario de Educaci\u00f3n Publica del gobierno del estado Juan Carlos Torres Cedillo, asegur\u00f3 que ya se reuni\u00f3 con la mam\u00e1 del menor afectado. Al decir que se le ofreci\u00f3 todo el apoyo y la orientaci\u00f3n que requieran afirm\u00f3 tambi\u00e9n que como medida precautoria dos maestras de este k\u00ednder fueron separadas de su cargo, [&hellip;]\" \/>\n<meta property=\"og:url\" content=\"https:\/\/canal7slp.tv\/2022\/descartan-autoridades-que-intendente-de-jardin-de-ninos-acusado-de-violar-a-menor-haya-sido-detenido\/\" \/>\n<meta property=\"og:site_name\" content=\"Canal 7 SLP - 2022\" \/>\n<meta property=\"article:publisher\" content=\"https:\/\/www.facebook.com\/noticieroscanalsiete\" \/>\n<meta property=\"article:published_time\" content=\"2022-10-21T01:02:58+00:00\" \/>\n<meta property=\"og:image\" content=\"https:\/\/canal7slp.tv\/2022\/wp-content\/uploads\/2022\/10\/Claudio04Apoyos.jpg\" \/>\n\t<meta property=\"og:image:width\" content=\"888\" \/>\n\t<meta property=\"og:image:height\" content=\"500\" \/>\n\t<meta property=\"og:image:type\" content=\"image\/jpeg\" \/>\n<meta name=\"author\" content=\"Edici\u00f3n Web\" \/>\n<meta name=\"twitter:card\" content=\"summary_large_image\" \/>\n<meta name=\"twitter:creator\" content=\"@NOTICIEROS7\" \/>\n<meta name=\"twitter:site\" content=\"@NOTICIEROS7\" \/>\n<meta name=\"twitter:label1\" content=\"Escrito por\" \/>\n\t<meta name=\"twitter:data1\" content=\"Edici\u00f3n Web\" \/>\n\t<meta name=\"twitter:label2\" content=\"Tiempo de lectura\" \/>\n\t<meta name=\"twitter:data2\" content=\"1 minuto\" \/>\n<script type=\"application\/ld+json\" class=\"yoast-schema-graph\">{\"@context\":\"https:\\\/\\\/schema.org\",\"@graph\":[{\"@type\":\"Article\",\"@id\":\"https:\\\/\\\/canal7slp.tv\\\/2022\\\/descartan-autoridades-que-intendente-de-jardin-de-ninos-acusado-de-violar-a-menor-haya-sido-detenido\\\/#article\",\"isPartOf\":{\"@id\":\"https:\\\/\\\/canal7slp.tv\\\/2022\\\/descartan-autoridades-que-intendente-de-jardin-de-ninos-acusado-de-violar-a-menor-haya-sido-detenido\\\/\"},\"author\":{\"name\":\"Edici\u00f3n Web\",\"@id\":\"https:\\\/\\\/canal7slp.tv\\\/2022\\\/#\\\/schema\\\/person\\\/429704152a21f5f856ce29aa69a238da\"},\"headline\":\"Descartan autoridades que intendente de jard\u00edn de ni\u00f1os, acusado de violar a menor, haya sido detenido.\",\"datePublished\":\"2022-10-21T01:02:58+00:00\",\"mainEntityOfPage\":{\"@id\":\"https:\\\/\\\/canal7slp.tv\\\/2022\\\/descartan-autoridades-que-intendente-de-jardin-de-ninos-acusado-de-violar-a-menor-haya-sido-detenido\\\/\"},\"wordCount\":227,\"publisher\":{\"@id\":\"https:\\\/\\\/canal7slp.tv\\\/2022\\\/#organization\"},\"image\":{\"@id\":\"https:\\\/\\\/canal7slp.tv\\\/2022\\\/descartan-autoridades-que-intendente-de-jardin-de-ninos-acusado-de-violar-a-menor-haya-sido-detenido\\\/#primaryimage\"},\"thumbnailUrl\":\"https:\\\/\\\/canal7slp.tv\\\/2022\\\/wp-content\\\/uploads\\\/2022\\\/10\\\/Claudio04Apoyos.jpg\",\"articleSection\":[\"DESTACADAS\",\"LOCALES Y REGIONALES\"],\"inLanguage\":\"es\"},{\"@type\":\"WebPage\",\"@id\":\"https:\\\/\\\/canal7slp.tv\\\/2022\\\/descartan-autoridades-que-intendente-de-jardin-de-ninos-acusado-de-violar-a-menor-haya-sido-detenido\\\/\",\"url\":\"https:\\\/\\\/canal7slp.tv\\\/2022\\\/descartan-autoridades-que-intendente-de-jardin-de-ninos-acusado-de-violar-a-menor-haya-sido-detenido\\\/\",\"name\":\"Descartan autoridades que intendente de jard\u00edn de ni\u00f1os, acusado de violar a menor, haya sido detenido. - Canal 7 SLP - 2022\",\"isPartOf\":{\"@id\":\"https:\\\/\\\/canal7slp.tv\\\/2022\\\/#website\"},\"primaryImageOfPage\":{\"@id\":\"https:\\\/\\\/canal7slp.tv\\\/2022\\\/descartan-autoridades-que-intendente-de-jardin-de-ninos-acusado-de-violar-a-menor-haya-sido-detenido\\\/#primaryimage\"},\"image\":{\"@id\":\"https:\\\/\\\/canal7slp.tv\\\/2022\\\/descartan-autoridades-que-intendente-de-jardin-de-ninos-acusado-de-violar-a-menor-haya-sido-detenido\\\/#primaryimage\"},\"thumbnailUrl\":\"https:\\\/\\\/canal7slp.tv\\\/2022\\\/wp-content\\\/uploads\\\/2022\\\/10\\\/Claudio04Apoyos.jpg\",\"datePublished\":\"2022-10-21T01:02:58+00:00\",\"breadcrumb\":{\"@id\":\"https:\\\/\\\/canal7slp.tv\\\/2022\\\/descartan-autoridades-que-intendente-de-jardin-de-ninos-acusado-de-violar-a-menor-haya-sido-detenido\\\/#breadcrumb\"},\"inLanguage\":\"es\",\"potentialAction\":[{\"@type\":\"ReadAction\",\"target\":[\"https:\\\/\\\/canal7slp.tv\\\/2022\\\/descartan-autoridades-que-intendente-de-jardin-de-ninos-acusado-de-violar-a-menor-haya-sido-detenido\\\/\"]}]},{\"@type\":\"ImageObject\",\"inLanguage\":\"es\",\"@id\":\"https:\\\/\\\/canal7slp.tv\\\/2022\\\/descartan-autoridades-que-intendente-de-jardin-de-ninos-acusado-de-violar-a-menor-haya-sido-detenido\\\/#primaryimage\",\"url\":\"https:\\\/\\\/canal7slp.tv\\\/2022\\\/wp-content\\\/uploads\\\/2022\\\/10\\\/Claudio04Apoyos.jpg\",\"contentUrl\":\"https:\\\/\\\/canal7slp.tv\\\/2022\\\/wp-content\\\/uploads\\\/2022\\\/10\\\/Claudio04Apoyos.jpg\",\"width\":888,\"height\":500},{\"@type\":\"BreadcrumbList\",\"@id\":\"https:\\\/\\\/canal7slp.tv\\\/2022\\\/descartan-autoridades-que-intendente-de-jardin-de-ninos-acusado-de-violar-a-menor-haya-sido-detenido\\\/#breadcrumb\",\"itemListElement\":[{\"@type\":\"ListItem\",\"position\":1,\"name\":\"Portada\",\"item\":\"https:\\\/\\\/canal7slp.tv\\\/2022\\\/\"},{\"@type\":\"ListItem\",\"position\":2,\"name\":\"Descartan autoridades que intendente de jard\u00edn de ni\u00f1os, acusado de violar a menor, haya sido detenido.\"}]},{\"@type\":\"WebSite\",\"@id\":\"https:\\\/\\\/canal7slp.tv\\\/2022\\\/#website\",\"url\":\"https:\\\/\\\/canal7slp.tv\\\/2022\\\/\",\"name\":\"N7 - Noticieros Canal 7\",\"description\":\"Somos Televisi\u00f3n\",\"publisher\":{\"@id\":\"https:\\\/\\\/canal7slp.tv\\\/2022\\\/#organization\"},\"potentialAction\":[{\"@type\":\"SearchAction\",\"target\":{\"@type\":\"EntryPoint\",\"urlTemplate\":\"https:\\\/\\\/canal7slp.tv\\\/2022\\\/?s={search_term_string}\"},\"query-input\":{\"@type\":\"PropertyValueSpecification\",\"valueRequired\":true,\"valueName\":\"search_term_string\"}}],\"inLanguage\":\"es\"},{\"@type\":\"Organization\",\"@id\":\"https:\\\/\\\/canal7slp.tv\\\/2022\\\/#organization\",\"name\":\"Noticieros Canal 7\",\"url\":\"https:\\\/\\\/canal7slp.tv\\\/2022\\\/\",\"logo\":{\"@type\":\"ImageObject\",\"inLanguage\":\"es\",\"@id\":\"https:\\\/\\\/canal7slp.tv\\\/2022\\\/#\\\/schema\\\/logo\\\/image\\\/\",\"url\":\"https:\\\/\\\/canal7slp.tv\\\/2022\\\/wp-content\\\/uploads\\\/2021\\\/01\\\/logo-noticieros@2x.png\",\"contentUrl\":\"https:\\\/\\\/canal7slp.tv\\\/2022\\\/wp-content\\\/uploads\\\/2021\\\/01\\\/logo-noticieros@2x.png\",\"width\":1017,\"height\":268,\"caption\":\"Noticieros Canal 7\"},\"image\":{\"@id\":\"https:\\\/\\\/canal7slp.tv\\\/2022\\\/#\\\/schema\\\/logo\\\/image\\\/\"},\"sameAs\":[\"https:\\\/\\\/www.facebook.com\\\/noticieroscanalsiete\",\"https:\\\/\\\/x.com\\\/NOTICIEROS7\",\"https:\\\/\\\/www.instagram.com\\\/canal7_slp\",\"https:\\\/\\\/www.youtube.com\\\/channel\\\/UCliiYs-gP3JfJeqdPrNdd5A\"]},{\"@type\":\"Person\",\"@id\":\"https:\\\/\\\/canal7slp.tv\\\/2022\\\/#\\\/schema\\\/person\\\/429704152a21f5f856ce29aa69a238da\",\"name\":\"Edici\u00f3n Web\",\"image\":{\"@type\":\"ImageObject\",\"inLanguage\":\"es\",\"@id\":\"https:\\\/\\\/secure.gravatar.com\\\/avatar\\\/eee448fc3f7164808013b816ba91ac7e43bbe82a70bebac296f8bc6f0addaa1a?s=96&d=mm&r=g\",\"url\":\"https:\\\/\\\/secure.gravatar.com\\\/avatar\\\/eee448fc3f7164808013b816ba91ac7e43bbe82a70bebac296f8bc6f0addaa1a?s=96&d=mm&r=g\",\"contentUrl\":\"https:\\\/\\\/secure.gravatar.com\\\/avatar\\\/eee448fc3f7164808013b816ba91ac7e43bbe82a70bebac296f8bc6f0addaa1a?s=96&d=mm&r=g\",\"caption\":\"Edici\u00f3n Web\"},\"url\":\"https:\\\/\\\/canal7slp.tv\\\/2022\\\/author\\\/edicionweb\\\/\"}]}<\/script>\n<!-- \/ Yoast SEO plugin. -->","yoast_head_json":{"title":"Descartan autoridades que intendente de jard\u00edn de ni\u00f1os, acusado de violar a menor, haya sido detenido. - Canal 7 SLP - 2022","robots":{"index":"index","follow":"follow","max-snippet":"max-snippet:-1","max-image-preview":"max-image-preview:large","max-video-preview":"max-video-preview:-1"},"canonical":"https:\/\/canal7slp.tv\/2022\/descartan-autoridades-que-intendente-de-jardin-de-ninos-acusado-de-violar-a-menor-haya-sido-detenido\/","og_locale":"es_ES","og_type":"article","og_title":"Descartan autoridades que intendente de jard\u00edn de ni\u00f1os, acusado de violar a menor, haya sido detenido. - Canal 7 SLP - 2022","og_description":"SGS.- Luego de que padres de familia del jard\u00edn de ni\u00f1os \u201cSim\u00f3n Bol\u00edvar\u201d, ubicada en la colonia Benito Ju\u00e1rez del municipio de Soledad de Graciano S\u00e1nchez, se manifestaran el pasado lunes por la violaci\u00f3n de un menor presuntamente cometida por el intendente de este centro educativo el secretario de Educaci\u00f3n Publica del gobierno del estado Juan Carlos Torres Cedillo, asegur\u00f3 que ya se reuni\u00f3 con la mam\u00e1 del menor afectado. Al decir que se le ofreci\u00f3 todo el apoyo y la orientaci\u00f3n que requieran afirm\u00f3 tambi\u00e9n que como medida precautoria dos maestras de este k\u00ednder fueron separadas de su cargo, [&hellip;]","og_url":"https:\/\/canal7slp.tv\/2022\/descartan-autoridades-que-intendente-de-jardin-de-ninos-acusado-de-violar-a-menor-haya-sido-detenido\/","og_site_name":"Canal 7 SLP - 2022","article_publisher":"https:\/\/www.facebook.com\/noticieroscanalsiete","article_published_time":"2022-10-21T01:02:58+00:00","og_image":[{"width":888,"height":500,"url":"https:\/\/canal7slp.tv\/2022\/wp-content\/uploads\/2022\/10\/Claudio04Apoyos.jpg","type":"image\/jpeg"}],"author":"Edici\u00f3n Web","twitter_card":"summary_large_image","twitter_creator":"@NOTICIEROS7","twitter_site":"@NOTICIEROS7","twitter_misc":{"Escrito por":"Edici\u00f3n Web","Tiempo de lectura":"1 minuto"},"schema":{"@context":"https:\/\/schema.org","@graph":[{"@type":"Article","@id":"https:\/\/canal7slp.tv\/2022\/descartan-autoridades-que-intendente-de-jardin-de-ninos-acusado-de-violar-a-menor-haya-sido-detenido\/#article","isPartOf":{"@id":"https:\/\/canal7slp.tv\/2022\/descartan-autoridades-que-intendente-de-jardin-de-ninos-acusado-de-violar-a-menor-haya-sido-detenido\/"},"author":{"name":"Edici\u00f3n Web","@id":"https:\/\/canal7slp.tv\/2022\/#\/schema\/person\/429704152a21f5f856ce29aa69a238da"},"headline":"Descartan autoridades que intendente de jard\u00edn de ni\u00f1os, acusado de violar a menor, haya sido detenido.","datePublished":"2022-10-21T01:02:58+00:00","mainEntityOfPage":{"@id":"https:\/\/canal7slp.tv\/2022\/descartan-autoridades-que-intendente-de-jardin-de-ninos-acusado-de-violar-a-menor-haya-sido-detenido\/"},"wordCount":227,"publisher":{"@id":"https:\/\/canal7slp.tv\/2022\/#organization"},"image":{"@id":"https:\/\/canal7slp.tv\/2022\/descartan-autoridades-que-intendente-de-jardin-de-ninos-acusado-de-violar-a-menor-haya-sido-detenido\/#primaryimage"},"thumbnailUrl":"https:\/\/canal7slp.tv\/2022\/wp-content\/uploads\/2022\/10\/Claudio04Apoyos.jpg","articleSection":["DESTACADAS","LOCALES Y REGIONALES"],"inLanguage":"es"},{"@type":"WebPage","@id":"https:\/\/canal7slp.tv\/2022\/descartan-autoridades-que-intendente-de-jardin-de-ninos-acusado-de-violar-a-menor-haya-sido-detenido\/","url":"https:\/\/canal7slp.tv\/2022\/descartan-autoridades-que-intendente-de-jardin-de-ninos-acusado-de-violar-a-menor-haya-sido-detenido\/","name":"Descartan autoridades que intendente de jard\u00edn de ni\u00f1os, acusado de violar a menor, haya sido detenido. - Canal 7 SLP - 2022","isPartOf":{"@id":"https:\/\/canal7slp.tv\/2022\/#website"},"primaryImageOfPage":{"@id":"https:\/\/canal7slp.tv\/2022\/descartan-autoridades-que-intendente-de-jardin-de-ninos-acusado-de-violar-a-menor-haya-sido-detenido\/#primaryimage"},"image":{"@id":"https:\/\/canal7slp.tv\/2022\/descartan-autoridades-que-intendente-de-jardin-de-ninos-acusado-de-violar-a-menor-haya-sido-detenido\/#primaryimage"},"thumbnailUrl":"https:\/\/canal7slp.tv\/2022\/wp-content\/uploads\/2022\/10\/Claudio04Apoyos.jpg","datePublished":"2022-10-21T01:02:58+00:00","breadcrumb":{"@id":"https:\/\/canal7slp.tv\/2022\/descartan-autoridades-que-intendente-de-jardin-de-ninos-acusado-de-violar-a-menor-haya-sido-detenido\/#breadcrumb"},"inLanguage":"es","potentialAction":[{"@type":"ReadAction","target":["https:\/\/canal7slp.tv\/2022\/descartan-autoridades-que-intendente-de-jardin-de-ninos-acusado-de-violar-a-menor-haya-sido-detenido\/"]}]},{"@type":"ImageObject","inLanguage":"es","@id":"https:\/\/canal7slp.tv\/2022\/descartan-autoridades-que-intendente-de-jardin-de-ninos-acusado-de-violar-a-menor-haya-sido-detenido\/#primaryimage","url":"https:\/\/canal7slp.tv\/2022\/wp-content\/uploads\/2022\/10\/Claudio04Apoyos.jpg","contentUrl":"https:\/\/canal7slp.tv\/2022\/wp-content\/uploads\/2022\/10\/Claudio04Apoyos.jpg","width":888,"height":500},{"@type":"BreadcrumbList","@id":"https:\/\/canal7slp.tv\/2022\/descartan-autoridades-que-intendente-de-jardin-de-ninos-acusado-de-violar-a-menor-haya-sido-detenido\/#breadcrumb","itemListElement":[{"@type":"ListItem","position":1,"name":"Portada","item":"https:\/\/canal7slp.tv\/2022\/"},{"@type":"ListItem","position":2,"name":"Descartan autoridades que intendente de jard\u00edn de ni\u00f1os, acusado de violar a menor, haya sido detenido."}]},{"@type":"WebSite","@id":"https:\/\/canal7slp.tv\/2022\/#website","url":"https:\/\/canal7slp.tv\/2022\/","name":"N7 - Noticieros Canal 7","description":"Somos Televisi\u00f3n","publisher":{"@id":"https:\/\/canal7slp.tv\/2022\/#organization"},"potentialAction":[{"@type":"SearchAction","target":{"@type":"EntryPoint","urlTemplate":"https:\/\/canal7slp.tv\/2022\/?s={search_term_string}"},"query-input":{"@type":"PropertyValueSpecification","valueRequired":true,"valueName":"search_term_string"}}],"inLanguage":"es"},{"@type":"Organization","@id":"https:\/\/canal7slp.tv\/2022\/#organization","name":"Noticieros Canal 7","url":"https:\/\/canal7slp.tv\/2022\/","logo":{"@type":"ImageObject","inLanguage":"es","@id":"https:\/\/canal7slp.tv\/2022\/#\/schema\/logo\/image\/","url":"https:\/\/canal7slp.tv\/2022\/wp-content\/uploads\/2021\/01\/logo-noticieros@2x.png","contentUrl":"https:\/\/canal7slp.tv\/2022\/wp-content\/uploads\/2021\/01\/logo-noticieros@2x.png","width":1017,"height":268,"caption":"Noticieros Canal 7"},"image":{"@id":"https:\/\/canal7slp.tv\/2022\/#\/schema\/logo\/image\/"},"sameAs":["https:\/\/www.facebook.com\/noticieroscanalsiete","https:\/\/x.com\/NOTICIEROS7","https:\/\/www.instagram.com\/canal7_slp","https:\/\/www.youtube.com\/channel\/UCliiYs-gP3JfJeqdPrNdd5A"]},{"@type":"Person","@id":"https:\/\/canal7slp.tv\/2022\/#\/schema\/person\/429704152a21f5f856ce29aa69a238da","name":"Edici\u00f3n Web","image":{"@type":"ImageObject","inLanguage":"es","@id":"https:\/\/secure.gravatar.com\/avatar\/eee448fc3f7164808013b816ba91ac7e43bbe82a70bebac296f8bc6f0addaa1a?s=96&d=mm&r=g","url":"https:\/\/secure.gravatar.com\/avatar\/eee448fc3f7164808013b816ba91ac7e43bbe82a70bebac296f8bc6f0addaa1a?s=96&d=mm&r=g","contentUrl":"https:\/\/secure.gravatar.com\/avatar\/eee448fc3f7164808013b816ba91ac7e43bbe82a70bebac296f8bc6f0addaa1a?s=96&d=mm&r=g","caption":"Edici\u00f3n Web"},"url":"https:\/\/canal7slp.tv\/2022\/author\/edicionweb\/"}]}},"amp_enabled":true,"_links":{"self":[{"href":"https:\/\/canal7slp.tv\/2022\/wp-json\/wp\/v2\/posts\/76210","targetHints":{"allow":["GET"]}}],"collection":[{"href":"https:\/\/canal7slp.tv\/2022\/wp-json\/wp\/v2\/posts"}],"about":[{"href":"https:\/\/canal7slp.tv\/2022\/wp-json\/wp\/v2\/types\/post"}],"author":[{"embeddable":true,"href":"https:\/\/canal7slp.tv\/2022\/wp-json\/wp\/v2\/users\/2"}],"replies":[{"embeddable":true,"href":"https:\/\/canal7slp.tv\/2022\/wp-json\/wp\/v2\/comments?post=76210"}],"version-history":[{"count":3,"href":"https:\/\/canal7slp.tv\/2022\/wp-json\/wp\/v2\/posts\/76210\/revisions"}],"predecessor-version":[{"id":76241,"href":"https:\/\/canal7slp.tv\/2022\/wp-json\/wp\/v2\/posts\/76210\/revisions\/76241"}],"wp:featuredmedia":[{"embeddable":true,"href":"https:\/\/canal7slp.tv\/2022\/wp-json\/wp\/v2\/media\/76240"}],"wp:attachment":[{"href":"https:\/\/canal7slp.tv\/2022\/wp-json\/wp\/v2\/media?parent=76210"}],"wp:term":[{"taxonomy":"category","embeddable":true,"href":"https:\/\/canal7slp.tv\/2022\/wp-json\/wp\/v2\/categories?post=76210"},{"taxonomy":"post_tag","embeddable":true,"href":"https:\/\/canal7slp.tv\/2022\/wp-json\/wp\/v2\/tags?post=76210"}],"curies":[{"name":"wp","href":"https:\/\/api.w.org\/{rel}","templated":true}]}}