{"id":76208,"date":"2022-10-20T18:58:32","date_gmt":"2022-10-21T00:58:32","guid":{"rendered":"https:\/\/canal7slp.tv\/2022\/?p=76208"},"modified":"2022-10-20T18:58:32","modified_gmt":"2022-10-21T00:58:32","slug":"posibles-cambios-en-la-administracion-soledense-serian-informados-la-siguiente-semana","status":"publish","type":"post","link":"https:\/\/canal7slp.tv\/2022\/posibles-cambios-en-la-administracion-soledense-serian-informados-la-siguiente-semana\/","title":{"rendered":"Posibles cambios en la administraci\u00f3n soledense ser\u00edan informados la siguiente semana."},"content":{"rendered":"<p style=\"text-align: justify;\">SGS.- Ante versiones de posibles cambios \u00f3 reacomodos en su equipo de colaboradores en donde se menciona que el titular de la Coordinaci\u00f3n Estatal Para el Fortalecimiento Institucional de los Municipios, Ernesto Barajas \u00c1brego, se reincorpora probablemente a la secretaria general del ayuntamiento, cargo que ocup\u00f3 anteriormente, la presidenta municipal de Soledad de Graciano S\u00e1nchez, no confirm\u00f3 pero tampoco desminti\u00f3 esta versi\u00f3n al decir que ser\u00e1 la pr\u00f3xima semana cuando dar\u00e1 informaci\u00f3n al respecto.<\/p>\n<p style=\"text-align: justify;\">Al insist\u00edrsele sobre este tema la alcaldesa soledense dijo que solo son especulaciones aunque tambi\u00e9n dijo que se hace una revisi\u00f3n constante del desempe\u00f1o de sus colaboradores, en cada una de las \u00e1reas del ayuntamiento.<\/p>\n<p style=\"text-align: justify;\">Asimismo, tras la salida de Aurora Mancilla de la direcci\u00f3n de Turismo municipal para ocupar el mismo cargo pero en el gabinete del gobernador del estado Noyola Cervantes dijo que actualmente, hay una encargada de despacho que supervisa que todo est\u00e9 en orden en esta dependencia.<\/p>\n<p style=\"text-align: justify;\">La presidenta municipal de Soledad reiter\u00f3 que ser\u00e1 hasta la pr\u00f3xima semana cuando est\u00e9 en condiciones de informar sobre posibles cambios en su equipo de colaboradores, al decir que mientras tanto, se hace una evaluaci\u00f3n de cada uno de ellos en el desempe\u00f1o de sus funciones.<\/p>\n<p style=\"text-align: justify;\">Por: Claudio Ibarra<\/p>\n","protected":false},"excerpt":{"rendered":"<p>SGS.- Ante versiones de posibles cambios \u00f3 reacomodos en su equipo de colaboradores en donde se menciona que el titular de la Coordinaci\u00f3n Estatal Para el Fortalecimiento Institucional de los Municipios, Ernesto Barajas \u00c1brego, se reincorpora probablemente a la secretaria general del ayuntamiento, cargo que ocup\u00f3 anteriormente, la presidenta municipal de Soledad de Graciano S\u00e1nchez, no confirm\u00f3 pero tampoco desminti\u00f3 esta versi\u00f3n al decir que ser\u00e1 la pr\u00f3xima semana cuando dar\u00e1 informaci\u00f3n al respecto. Al insist\u00edrsele sobre este tema la alcaldesa soledense dijo que solo son especulaciones aunque tambi\u00e9n dijo que se hace una revisi\u00f3n constante del desempe\u00f1o de sus [&hellip;]<\/p>\n","protected":false},"author":2,"featured_media":76238,"comment_status":"closed","ping_status":"closed","sticky":false,"template":"","format":"video","meta":{"footnotes":""},"categories":[512,5,45],"tags":[],"class_list":["post-76208","post","type-post","status-publish","format-video","has-post-thumbnail","hentry","category-ayosgs","category-destacadas","category-localesyregionales","post_format-post-format-video","post--single"],"yoast_head":"<!-- This site is optimized with the Yoast SEO plugin v27.4 - https:\/\/yoast.com\/product\/yoast-seo-wordpress\/ -->\n<title>Posibles cambios en la administraci\u00f3n soledense ser\u00edan informados la siguiente semana. - Canal 7 SLP - 2022<\/title>\n<meta name=\"robots\" content=\"index, follow, max-snippet:-1, max-image-preview:large, max-video-preview:-1\" \/>\n<link rel=\"canonical\" href=\"https:\/\/canal7slp.tv\/2022\/posibles-cambios-en-la-administracion-soledense-serian-informados-la-siguiente-semana\/\" \/>\n<meta property=\"og:locale\" content=\"es_ES\" \/>\n<meta property=\"og:type\" content=\"article\" \/>\n<meta property=\"og:title\" content=\"Posibles cambios en la administraci\u00f3n soledense ser\u00edan informados la siguiente semana. - Canal 7 SLP - 2022\" \/>\n<meta property=\"og:description\" content=\"SGS.- Ante versiones de posibles cambios \u00f3 reacomodos en su equipo de colaboradores en donde se menciona que el titular de la Coordinaci\u00f3n Estatal Para el Fortalecimiento Institucional de los Municipios, Ernesto Barajas \u00c1brego, se reincorpora probablemente a la secretaria general del ayuntamiento, cargo que ocup\u00f3 anteriormente, la presidenta municipal de Soledad de Graciano S\u00e1nchez, no confirm\u00f3 pero tampoco desminti\u00f3 esta versi\u00f3n al decir que ser\u00e1 la pr\u00f3xima semana cuando dar\u00e1 informaci\u00f3n al respecto. Al insist\u00edrsele sobre este tema la alcaldesa soledense dijo que solo son especulaciones aunque tambi\u00e9n dijo que se hace una revisi\u00f3n constante del desempe\u00f1o de sus [&hellip;]\" \/>\n<meta property=\"og:url\" content=\"https:\/\/canal7slp.tv\/2022\/posibles-cambios-en-la-administracion-soledense-serian-informados-la-siguiente-semana\/\" \/>\n<meta property=\"og:site_name\" content=\"Canal 7 SLP - 2022\" \/>\n<meta property=\"article:publisher\" content=\"https:\/\/www.facebook.com\/noticieroscanalsiete\" \/>\n<meta property=\"article:published_time\" content=\"2022-10-21T00:58:32+00:00\" \/>\n<meta property=\"og:image\" content=\"https:\/\/canal7slp.tv\/2022\/wp-content\/uploads\/2022\/10\/Claudio03Colaboradores.jpg\" \/>\n\t<meta property=\"og:image:width\" content=\"888\" \/>\n\t<meta property=\"og:image:height\" content=\"500\" \/>\n\t<meta property=\"og:image:type\" content=\"image\/jpeg\" \/>\n<meta name=\"author\" content=\"Edici\u00f3n Web\" \/>\n<meta name=\"twitter:card\" content=\"summary_large_image\" \/>\n<meta name=\"twitter:creator\" content=\"@NOTICIEROS7\" \/>\n<meta name=\"twitter:site\" content=\"@NOTICIEROS7\" \/>\n<meta name=\"twitter:label1\" content=\"Escrito por\" \/>\n\t<meta name=\"twitter:data1\" content=\"Edici\u00f3n Web\" \/>\n\t<meta name=\"twitter:label2\" content=\"Tiempo de lectura\" \/>\n\t<meta name=\"twitter:data2\" content=\"1 minuto\" \/>\n<script type=\"application\/ld+json\" class=\"yoast-schema-graph\">{\"@context\":\"https:\\\/\\\/schema.org\",\"@graph\":[{\"@type\":\"Article\",\"@id\":\"https:\\\/\\\/canal7slp.tv\\\/2022\\\/posibles-cambios-en-la-administracion-soledense-serian-informados-la-siguiente-semana\\\/#article\",\"isPartOf\":{\"@id\":\"https:\\\/\\\/canal7slp.tv\\\/2022\\\/posibles-cambios-en-la-administracion-soledense-serian-informados-la-siguiente-semana\\\/\"},\"author\":{\"name\":\"Edici\u00f3n Web\",\"@id\":\"https:\\\/\\\/canal7slp.tv\\\/2022\\\/#\\\/schema\\\/person\\\/429704152a21f5f856ce29aa69a238da\"},\"headline\":\"Posibles cambios en la administraci\u00f3n soledense ser\u00edan informados la siguiente semana.\",\"datePublished\":\"2022-10-21T00:58:32+00:00\",\"mainEntityOfPage\":{\"@id\":\"https:\\\/\\\/canal7slp.tv\\\/2022\\\/posibles-cambios-en-la-administracion-soledense-serian-informados-la-siguiente-semana\\\/\"},\"wordCount\":230,\"publisher\":{\"@id\":\"https:\\\/\\\/canal7slp.tv\\\/2022\\\/#organization\"},\"image\":{\"@id\":\"https:\\\/\\\/canal7slp.tv\\\/2022\\\/posibles-cambios-en-la-administracion-soledense-serian-informados-la-siguiente-semana\\\/#primaryimage\"},\"thumbnailUrl\":\"https:\\\/\\\/canal7slp.tv\\\/2022\\\/wp-content\\\/uploads\\\/2022\\\/10\\\/Claudio03Colaboradores.jpg\",\"articleSection\":[\"AYOSGS\",\"DESTACADAS\",\"LOCALES Y REGIONALES\"],\"inLanguage\":\"es\"},{\"@type\":\"WebPage\",\"@id\":\"https:\\\/\\\/canal7slp.tv\\\/2022\\\/posibles-cambios-en-la-administracion-soledense-serian-informados-la-siguiente-semana\\\/\",\"url\":\"https:\\\/\\\/canal7slp.tv\\\/2022\\\/posibles-cambios-en-la-administracion-soledense-serian-informados-la-siguiente-semana\\\/\",\"name\":\"Posibles cambios en la administraci\u00f3n soledense ser\u00edan informados la siguiente semana. - Canal 7 SLP - 2022\",\"isPartOf\":{\"@id\":\"https:\\\/\\\/canal7slp.tv\\\/2022\\\/#website\"},\"primaryImageOfPage\":{\"@id\":\"https:\\\/\\\/canal7slp.tv\\\/2022\\\/posibles-cambios-en-la-administracion-soledense-serian-informados-la-siguiente-semana\\\/#primaryimage\"},\"image\":{\"@id\":\"https:\\\/\\\/canal7slp.tv\\\/2022\\\/posibles-cambios-en-la-administracion-soledense-serian-informados-la-siguiente-semana\\\/#primaryimage\"},\"thumbnailUrl\":\"https:\\\/\\\/canal7slp.tv\\\/2022\\\/wp-content\\\/uploads\\\/2022\\\/10\\\/Claudio03Colaboradores.jpg\",\"datePublished\":\"2022-10-21T00:58:32+00:00\",\"breadcrumb\":{\"@id\":\"https:\\\/\\\/canal7slp.tv\\\/2022\\\/posibles-cambios-en-la-administracion-soledense-serian-informados-la-siguiente-semana\\\/#breadcrumb\"},\"inLanguage\":\"es\",\"potentialAction\":[{\"@type\":\"ReadAction\",\"target\":[\"https:\\\/\\\/canal7slp.tv\\\/2022\\\/posibles-cambios-en-la-administracion-soledense-serian-informados-la-siguiente-semana\\\/\"]}]},{\"@type\":\"ImageObject\",\"inLanguage\":\"es\",\"@id\":\"https:\\\/\\\/canal7slp.tv\\\/2022\\\/posibles-cambios-en-la-administracion-soledense-serian-informados-la-siguiente-semana\\\/#primaryimage\",\"url\":\"https:\\\/\\\/canal7slp.tv\\\/2022\\\/wp-content\\\/uploads\\\/2022\\\/10\\\/Claudio03Colaboradores.jpg\",\"contentUrl\":\"https:\\\/\\\/canal7slp.tv\\\/2022\\\/wp-content\\\/uploads\\\/2022\\\/10\\\/Claudio03Colaboradores.jpg\",\"width\":888,\"height\":500},{\"@type\":\"BreadcrumbList\",\"@id\":\"https:\\\/\\\/canal7slp.tv\\\/2022\\\/posibles-cambios-en-la-administracion-soledense-serian-informados-la-siguiente-semana\\\/#breadcrumb\",\"itemListElement\":[{\"@type\":\"ListItem\",\"position\":1,\"name\":\"Portada\",\"item\":\"https:\\\/\\\/canal7slp.tv\\\/2022\\\/\"},{\"@type\":\"ListItem\",\"position\":2,\"name\":\"Posibles cambios en la administraci\u00f3n soledense ser\u00edan informados la siguiente semana.\"}]},{\"@type\":\"WebSite\",\"@id\":\"https:\\\/\\\/canal7slp.tv\\\/2022\\\/#website\",\"url\":\"https:\\\/\\\/canal7slp.tv\\\/2022\\\/\",\"name\":\"N7 - Noticieros Canal 7\",\"description\":\"Somos Televisi\u00f3n\",\"publisher\":{\"@id\":\"https:\\\/\\\/canal7slp.tv\\\/2022\\\/#organization\"},\"potentialAction\":[{\"@type\":\"SearchAction\",\"target\":{\"@type\":\"EntryPoint\",\"urlTemplate\":\"https:\\\/\\\/canal7slp.tv\\\/2022\\\/?s={search_term_string}\"},\"query-input\":{\"@type\":\"PropertyValueSpecification\",\"valueRequired\":true,\"valueName\":\"search_term_string\"}}],\"inLanguage\":\"es\"},{\"@type\":\"Organization\",\"@id\":\"https:\\\/\\\/canal7slp.tv\\\/2022\\\/#organization\",\"name\":\"Noticieros Canal 7\",\"url\":\"https:\\\/\\\/canal7slp.tv\\\/2022\\\/\",\"logo\":{\"@type\":\"ImageObject\",\"inLanguage\":\"es\",\"@id\":\"https:\\\/\\\/canal7slp.tv\\\/2022\\\/#\\\/schema\\\/logo\\\/image\\\/\",\"url\":\"https:\\\/\\\/canal7slp.tv\\\/2022\\\/wp-content\\\/uploads\\\/2021\\\/01\\\/logo-noticieros@2x.png\",\"contentUrl\":\"https:\\\/\\\/canal7slp.tv\\\/2022\\\/wp-content\\\/uploads\\\/2021\\\/01\\\/logo-noticieros@2x.png\",\"width\":1017,\"height\":268,\"caption\":\"Noticieros Canal 7\"},\"image\":{\"@id\":\"https:\\\/\\\/canal7slp.tv\\\/2022\\\/#\\\/schema\\\/logo\\\/image\\\/\"},\"sameAs\":[\"https:\\\/\\\/www.facebook.com\\\/noticieroscanalsiete\",\"https:\\\/\\\/x.com\\\/NOTICIEROS7\",\"https:\\\/\\\/www.instagram.com\\\/canal7_slp\",\"https:\\\/\\\/www.youtube.com\\\/channel\\\/UCliiYs-gP3JfJeqdPrNdd5A\"]},{\"@type\":\"Person\",\"@id\":\"https:\\\/\\\/canal7slp.tv\\\/2022\\\/#\\\/schema\\\/person\\\/429704152a21f5f856ce29aa69a238da\",\"name\":\"Edici\u00f3n Web\",\"image\":{\"@type\":\"ImageObject\",\"inLanguage\":\"es\",\"@id\":\"https:\\\/\\\/secure.gravatar.com\\\/avatar\\\/eee448fc3f7164808013b816ba91ac7e43bbe82a70bebac296f8bc6f0addaa1a?s=96&d=mm&r=g\",\"url\":\"https:\\\/\\\/secure.gravatar.com\\\/avatar\\\/eee448fc3f7164808013b816ba91ac7e43bbe82a70bebac296f8bc6f0addaa1a?s=96&d=mm&r=g\",\"contentUrl\":\"https:\\\/\\\/secure.gravatar.com\\\/avatar\\\/eee448fc3f7164808013b816ba91ac7e43bbe82a70bebac296f8bc6f0addaa1a?s=96&d=mm&r=g\",\"caption\":\"Edici\u00f3n Web\"},\"url\":\"https:\\\/\\\/canal7slp.tv\\\/2022\\\/author\\\/edicionweb\\\/\"}]}<\/script>\n<!-- \/ Yoast SEO plugin. -->","yoast_head_json":{"title":"Posibles cambios en la administraci\u00f3n soledense ser\u00edan informados la siguiente semana. - Canal 7 SLP - 2022","robots":{"index":"index","follow":"follow","max-snippet":"max-snippet:-1","max-image-preview":"max-image-preview:large","max-video-preview":"max-video-preview:-1"},"canonical":"https:\/\/canal7slp.tv\/2022\/posibles-cambios-en-la-administracion-soledense-serian-informados-la-siguiente-semana\/","og_locale":"es_ES","og_type":"article","og_title":"Posibles cambios en la administraci\u00f3n soledense ser\u00edan informados la siguiente semana. - Canal 7 SLP - 2022","og_description":"SGS.- Ante versiones de posibles cambios \u00f3 reacomodos en su equipo de colaboradores en donde se menciona que el titular de la Coordinaci\u00f3n Estatal Para el Fortalecimiento Institucional de los Municipios, Ernesto Barajas \u00c1brego, se reincorpora probablemente a la secretaria general del ayuntamiento, cargo que ocup\u00f3 anteriormente, la presidenta municipal de Soledad de Graciano S\u00e1nchez, no confirm\u00f3 pero tampoco desminti\u00f3 esta versi\u00f3n al decir que ser\u00e1 la pr\u00f3xima semana cuando dar\u00e1 informaci\u00f3n al respecto. Al insist\u00edrsele sobre este tema la alcaldesa soledense dijo que solo son especulaciones aunque tambi\u00e9n dijo que se hace una revisi\u00f3n constante del desempe\u00f1o de sus [&hellip;]","og_url":"https:\/\/canal7slp.tv\/2022\/posibles-cambios-en-la-administracion-soledense-serian-informados-la-siguiente-semana\/","og_site_name":"Canal 7 SLP - 2022","article_publisher":"https:\/\/www.facebook.com\/noticieroscanalsiete","article_published_time":"2022-10-21T00:58:32+00:00","og_image":[{"width":888,"height":500,"url":"https:\/\/canal7slp.tv\/2022\/wp-content\/uploads\/2022\/10\/Claudio03Colaboradores.jpg","type":"image\/jpeg"}],"author":"Edici\u00f3n Web","twitter_card":"summary_large_image","twitter_creator":"@NOTICIEROS7","twitter_site":"@NOTICIEROS7","twitter_misc":{"Escrito por":"Edici\u00f3n Web","Tiempo de lectura":"1 minuto"},"schema":{"@context":"https:\/\/schema.org","@graph":[{"@type":"Article","@id":"https:\/\/canal7slp.tv\/2022\/posibles-cambios-en-la-administracion-soledense-serian-informados-la-siguiente-semana\/#article","isPartOf":{"@id":"https:\/\/canal7slp.tv\/2022\/posibles-cambios-en-la-administracion-soledense-serian-informados-la-siguiente-semana\/"},"author":{"name":"Edici\u00f3n Web","@id":"https:\/\/canal7slp.tv\/2022\/#\/schema\/person\/429704152a21f5f856ce29aa69a238da"},"headline":"Posibles cambios en la administraci\u00f3n soledense ser\u00edan informados la siguiente semana.","datePublished":"2022-10-21T00:58:32+00:00","mainEntityOfPage":{"@id":"https:\/\/canal7slp.tv\/2022\/posibles-cambios-en-la-administracion-soledense-serian-informados-la-siguiente-semana\/"},"wordCount":230,"publisher":{"@id":"https:\/\/canal7slp.tv\/2022\/#organization"},"image":{"@id":"https:\/\/canal7slp.tv\/2022\/posibles-cambios-en-la-administracion-soledense-serian-informados-la-siguiente-semana\/#primaryimage"},"thumbnailUrl":"https:\/\/canal7slp.tv\/2022\/wp-content\/uploads\/2022\/10\/Claudio03Colaboradores.jpg","articleSection":["AYOSGS","DESTACADAS","LOCALES Y REGIONALES"],"inLanguage":"es"},{"@type":"WebPage","@id":"https:\/\/canal7slp.tv\/2022\/posibles-cambios-en-la-administracion-soledense-serian-informados-la-siguiente-semana\/","url":"https:\/\/canal7slp.tv\/2022\/posibles-cambios-en-la-administracion-soledense-serian-informados-la-siguiente-semana\/","name":"Posibles cambios en la administraci\u00f3n soledense ser\u00edan informados la siguiente semana. - Canal 7 SLP - 2022","isPartOf":{"@id":"https:\/\/canal7slp.tv\/2022\/#website"},"primaryImageOfPage":{"@id":"https:\/\/canal7slp.tv\/2022\/posibles-cambios-en-la-administracion-soledense-serian-informados-la-siguiente-semana\/#primaryimage"},"image":{"@id":"https:\/\/canal7slp.tv\/2022\/posibles-cambios-en-la-administracion-soledense-serian-informados-la-siguiente-semana\/#primaryimage"},"thumbnailUrl":"https:\/\/canal7slp.tv\/2022\/wp-content\/uploads\/2022\/10\/Claudio03Colaboradores.jpg","datePublished":"2022-10-21T00:58:32+00:00","breadcrumb":{"@id":"https:\/\/canal7slp.tv\/2022\/posibles-cambios-en-la-administracion-soledense-serian-informados-la-siguiente-semana\/#breadcrumb"},"inLanguage":"es","potentialAction":[{"@type":"ReadAction","target":["https:\/\/canal7slp.tv\/2022\/posibles-cambios-en-la-administracion-soledense-serian-informados-la-siguiente-semana\/"]}]},{"@type":"ImageObject","inLanguage":"es","@id":"https:\/\/canal7slp.tv\/2022\/posibles-cambios-en-la-administracion-soledense-serian-informados-la-siguiente-semana\/#primaryimage","url":"https:\/\/canal7slp.tv\/2022\/wp-content\/uploads\/2022\/10\/Claudio03Colaboradores.jpg","contentUrl":"https:\/\/canal7slp.tv\/2022\/wp-content\/uploads\/2022\/10\/Claudio03Colaboradores.jpg","width":888,"height":500},{"@type":"BreadcrumbList","@id":"https:\/\/canal7slp.tv\/2022\/posibles-cambios-en-la-administracion-soledense-serian-informados-la-siguiente-semana\/#breadcrumb","itemListElement":[{"@type":"ListItem","position":1,"name":"Portada","item":"https:\/\/canal7slp.tv\/2022\/"},{"@type":"ListItem","position":2,"name":"Posibles cambios en la administraci\u00f3n soledense ser\u00edan informados la siguiente semana."}]},{"@type":"WebSite","@id":"https:\/\/canal7slp.tv\/2022\/#website","url":"https:\/\/canal7slp.tv\/2022\/","name":"N7 - Noticieros Canal 7","description":"Somos Televisi\u00f3n","publisher":{"@id":"https:\/\/canal7slp.tv\/2022\/#organization"},"potentialAction":[{"@type":"SearchAction","target":{"@type":"EntryPoint","urlTemplate":"https:\/\/canal7slp.tv\/2022\/?s={search_term_string}"},"query-input":{"@type":"PropertyValueSpecification","valueRequired":true,"valueName":"search_term_string"}}],"inLanguage":"es"},{"@type":"Organization","@id":"https:\/\/canal7slp.tv\/2022\/#organization","name":"Noticieros Canal 7","url":"https:\/\/canal7slp.tv\/2022\/","logo":{"@type":"ImageObject","inLanguage":"es","@id":"https:\/\/canal7slp.tv\/2022\/#\/schema\/logo\/image\/","url":"https:\/\/canal7slp.tv\/2022\/wp-content\/uploads\/2021\/01\/logo-noticieros@2x.png","contentUrl":"https:\/\/canal7slp.tv\/2022\/wp-content\/uploads\/2021\/01\/logo-noticieros@2x.png","width":1017,"height":268,"caption":"Noticieros Canal 7"},"image":{"@id":"https:\/\/canal7slp.tv\/2022\/#\/schema\/logo\/image\/"},"sameAs":["https:\/\/www.facebook.com\/noticieroscanalsiete","https:\/\/x.com\/NOTICIEROS7","https:\/\/www.instagram.com\/canal7_slp","https:\/\/www.youtube.com\/channel\/UCliiYs-gP3JfJeqdPrNdd5A"]},{"@type":"Person","@id":"https:\/\/canal7slp.tv\/2022\/#\/schema\/person\/429704152a21f5f856ce29aa69a238da","name":"Edici\u00f3n Web","image":{"@type":"ImageObject","inLanguage":"es","@id":"https:\/\/secure.gravatar.com\/avatar\/eee448fc3f7164808013b816ba91ac7e43bbe82a70bebac296f8bc6f0addaa1a?s=96&d=mm&r=g","url":"https:\/\/secure.gravatar.com\/avatar\/eee448fc3f7164808013b816ba91ac7e43bbe82a70bebac296f8bc6f0addaa1a?s=96&d=mm&r=g","contentUrl":"https:\/\/secure.gravatar.com\/avatar\/eee448fc3f7164808013b816ba91ac7e43bbe82a70bebac296f8bc6f0addaa1a?s=96&d=mm&r=g","caption":"Edici\u00f3n Web"},"url":"https:\/\/canal7slp.tv\/2022\/author\/edicionweb\/"}]}},"amp_enabled":true,"_links":{"self":[{"href":"https:\/\/canal7slp.tv\/2022\/wp-json\/wp\/v2\/posts\/76208","targetHints":{"allow":["GET"]}}],"collection":[{"href":"https:\/\/canal7slp.tv\/2022\/wp-json\/wp\/v2\/posts"}],"about":[{"href":"https:\/\/canal7slp.tv\/2022\/wp-json\/wp\/v2\/types\/post"}],"author":[{"embeddable":true,"href":"https:\/\/canal7slp.tv\/2022\/wp-json\/wp\/v2\/users\/2"}],"replies":[{"embeddable":true,"href":"https:\/\/canal7slp.tv\/2022\/wp-json\/wp\/v2\/comments?post=76208"}],"version-history":[{"count":3,"href":"https:\/\/canal7slp.tv\/2022\/wp-json\/wp\/v2\/posts\/76208\/revisions"}],"predecessor-version":[{"id":76239,"href":"https:\/\/canal7slp.tv\/2022\/wp-json\/wp\/v2\/posts\/76208\/revisions\/76239"}],"wp:featuredmedia":[{"embeddable":true,"href":"https:\/\/canal7slp.tv\/2022\/wp-json\/wp\/v2\/media\/76238"}],"wp:attachment":[{"href":"https:\/\/canal7slp.tv\/2022\/wp-json\/wp\/v2\/media?parent=76208"}],"wp:term":[{"taxonomy":"category","embeddable":true,"href":"https:\/\/canal7slp.tv\/2022\/wp-json\/wp\/v2\/categories?post=76208"},{"taxonomy":"post_tag","embeddable":true,"href":"https:\/\/canal7slp.tv\/2022\/wp-json\/wp\/v2\/tags?post=76208"}],"curies":[{"name":"wp","href":"https:\/\/api.w.org\/{rel}","templated":true}]}}