{"id":76207,"date":"2022-10-20T18:54:44","date_gmt":"2022-10-21T00:54:44","guid":{"rendered":"https:\/\/canal7slp.tv\/2022\/?p=76207"},"modified":"2022-10-20T18:54:44","modified_gmt":"2022-10-21T00:54:44","slug":"en-secundaria-de-la-colonia-las-palmas-se-llevo-a-cabo-una-edicion-mas-del-programa-escuela-segura","status":"publish","type":"post","link":"https:\/\/canal7slp.tv\/2022\/en-secundaria-de-la-colonia-las-palmas-se-llevo-a-cabo-una-edicion-mas-del-programa-escuela-segura\/","title":{"rendered":"En secundaria de la colonia Las Palmas se llev\u00f3 a cabo una edici\u00f3n m\u00e1s del programa \u201cEscuela Segura\u201d."},"content":{"rendered":"<p style=\"text-align: justify;\">SGS.- En la escuela secundaria \u201cIgnacio Manuel Altamirano\u201d de la colonia Las Palmas perteneciente al municipio de Soledad de Graciano S\u00e1nchez, se llev\u00f3 a cabo una edici\u00f3n m\u00e1s del Programa \u201cEscuela Segura\u201d.<\/p>\n<p style=\"text-align: justify;\">En su mensaje el director de este centro educativo destac\u00f3 la importancia de que los alumnos pero tambi\u00e9n los padres de familia, tengan conocimiento de las medidas que se deben de tomar en caso de alguna contingencia que ponga en riesgo su integridad.<\/p>\n<p style=\"text-align: justify;\">En el marco de este evento personal de Protecci\u00f3n Civil hizo una demostraci\u00f3n ante los alumnos de que como se debe de combatir un incendio, y las rutas de evacuaci\u00f3n a seguir en caso de una emergencia.<\/p>\n<p style=\"text-align: justify;\">Por su parte, el Secretario de Educaci\u00f3n P\u00fablica del gobierno del estado Juan Carlos Torres Cedillo record\u00f3 que el objetivo del programa \u201cEscuelas Seguras\u201d es que tanto alumnos, padres de familia y maestros, tengan conocimiento de las estrategias a seguir, para preservar la seguridad al interior de los centros educativos.<\/p>\n<p>Por: Claudio Ibarra<\/p>\n","protected":false},"excerpt":{"rendered":"<p>SGS.- En la escuela secundaria \u201cIgnacio Manuel Altamirano\u201d de la colonia Las Palmas perteneciente al municipio de Soledad de Graciano S\u00e1nchez, se llev\u00f3 a cabo una edici\u00f3n m\u00e1s del Programa \u201cEscuela Segura\u201d. En su mensaje el director de este centro educativo destac\u00f3 la importancia de que los alumnos pero tambi\u00e9n los padres de familia, tengan conocimiento de las medidas que se deben de tomar en caso de alguna contingencia que ponga en riesgo su integridad. En el marco de este evento personal de Protecci\u00f3n Civil hizo una demostraci\u00f3n ante los alumnos de que como se debe de combatir un incendio, [&hellip;]<\/p>\n","protected":false},"author":2,"featured_media":76236,"comment_status":"closed","ping_status":"closed","sticky":false,"template":"","format":"video","meta":{"footnotes":""},"categories":[512,5,45],"tags":[],"class_list":["post-76207","post","type-post","status-publish","format-video","has-post-thumbnail","hentry","category-ayosgs","category-destacadas","category-localesyregionales","post_format-post-format-video","post--single"],"yoast_head":"<!-- This site is optimized with the Yoast SEO plugin v27.4 - https:\/\/yoast.com\/product\/yoast-seo-wordpress\/ -->\n<title>En secundaria de la colonia Las Palmas se llev\u00f3 a cabo una edici\u00f3n m\u00e1s del programa \u201cEscuela Segura\u201d. - Canal 7 SLP - 2022<\/title>\n<meta name=\"robots\" content=\"index, follow, max-snippet:-1, max-image-preview:large, max-video-preview:-1\" \/>\n<link rel=\"canonical\" href=\"https:\/\/canal7slp.tv\/2022\/en-secundaria-de-la-colonia-las-palmas-se-llevo-a-cabo-una-edicion-mas-del-programa-escuela-segura\/\" \/>\n<meta property=\"og:locale\" content=\"es_ES\" \/>\n<meta property=\"og:type\" content=\"article\" \/>\n<meta property=\"og:title\" content=\"En secundaria de la colonia Las Palmas se llev\u00f3 a cabo una edici\u00f3n m\u00e1s del programa \u201cEscuela Segura\u201d. - Canal 7 SLP - 2022\" \/>\n<meta property=\"og:description\" content=\"SGS.- En la escuela secundaria \u201cIgnacio Manuel Altamirano\u201d de la colonia Las Palmas perteneciente al municipio de Soledad de Graciano S\u00e1nchez, se llev\u00f3 a cabo una edici\u00f3n m\u00e1s del Programa \u201cEscuela Segura\u201d. En su mensaje el director de este centro educativo destac\u00f3 la importancia de que los alumnos pero tambi\u00e9n los padres de familia, tengan conocimiento de las medidas que se deben de tomar en caso de alguna contingencia que ponga en riesgo su integridad. En el marco de este evento personal de Protecci\u00f3n Civil hizo una demostraci\u00f3n ante los alumnos de que como se debe de combatir un incendio, [&hellip;]\" \/>\n<meta property=\"og:url\" content=\"https:\/\/canal7slp.tv\/2022\/en-secundaria-de-la-colonia-las-palmas-se-llevo-a-cabo-una-edicion-mas-del-programa-escuela-segura\/\" \/>\n<meta property=\"og:site_name\" content=\"Canal 7 SLP - 2022\" \/>\n<meta property=\"article:publisher\" content=\"https:\/\/www.facebook.com\/noticieroscanalsiete\" \/>\n<meta property=\"article:published_time\" content=\"2022-10-21T00:54:44+00:00\" \/>\n<meta property=\"og:image\" content=\"https:\/\/canal7slp.tv\/2022\/wp-content\/uploads\/2022\/10\/Claudio02Seguras.jpg\" \/>\n\t<meta property=\"og:image:width\" content=\"888\" \/>\n\t<meta property=\"og:image:height\" content=\"500\" \/>\n\t<meta property=\"og:image:type\" content=\"image\/jpeg\" \/>\n<meta name=\"author\" content=\"Edici\u00f3n Web\" \/>\n<meta name=\"twitter:card\" content=\"summary_large_image\" \/>\n<meta name=\"twitter:creator\" content=\"@NOTICIEROS7\" \/>\n<meta name=\"twitter:site\" content=\"@NOTICIEROS7\" \/>\n<meta name=\"twitter:label1\" content=\"Escrito por\" \/>\n\t<meta name=\"twitter:data1\" content=\"Edici\u00f3n Web\" \/>\n\t<meta name=\"twitter:label2\" content=\"Tiempo de lectura\" \/>\n\t<meta name=\"twitter:data2\" content=\"1 minuto\" \/>\n<script type=\"application\/ld+json\" class=\"yoast-schema-graph\">{\"@context\":\"https:\\\/\\\/schema.org\",\"@graph\":[{\"@type\":\"Article\",\"@id\":\"https:\\\/\\\/canal7slp.tv\\\/2022\\\/en-secundaria-de-la-colonia-las-palmas-se-llevo-a-cabo-una-edicion-mas-del-programa-escuela-segura\\\/#article\",\"isPartOf\":{\"@id\":\"https:\\\/\\\/canal7slp.tv\\\/2022\\\/en-secundaria-de-la-colonia-las-palmas-se-llevo-a-cabo-una-edicion-mas-del-programa-escuela-segura\\\/\"},\"author\":{\"name\":\"Edici\u00f3n Web\",\"@id\":\"https:\\\/\\\/canal7slp.tv\\\/2022\\\/#\\\/schema\\\/person\\\/429704152a21f5f856ce29aa69a238da\"},\"headline\":\"En secundaria de la colonia Las Palmas se llev\u00f3 a cabo una edici\u00f3n m\u00e1s del programa \u201cEscuela Segura\u201d.\",\"datePublished\":\"2022-10-21T00:54:44+00:00\",\"mainEntityOfPage\":{\"@id\":\"https:\\\/\\\/canal7slp.tv\\\/2022\\\/en-secundaria-de-la-colonia-las-palmas-se-llevo-a-cabo-una-edicion-mas-del-programa-escuela-segura\\\/\"},\"wordCount\":195,\"publisher\":{\"@id\":\"https:\\\/\\\/canal7slp.tv\\\/2022\\\/#organization\"},\"image\":{\"@id\":\"https:\\\/\\\/canal7slp.tv\\\/2022\\\/en-secundaria-de-la-colonia-las-palmas-se-llevo-a-cabo-una-edicion-mas-del-programa-escuela-segura\\\/#primaryimage\"},\"thumbnailUrl\":\"https:\\\/\\\/canal7slp.tv\\\/2022\\\/wp-content\\\/uploads\\\/2022\\\/10\\\/Claudio02Seguras.jpg\",\"articleSection\":[\"AYOSGS\",\"DESTACADAS\",\"LOCALES Y REGIONALES\"],\"inLanguage\":\"es\"},{\"@type\":\"WebPage\",\"@id\":\"https:\\\/\\\/canal7slp.tv\\\/2022\\\/en-secundaria-de-la-colonia-las-palmas-se-llevo-a-cabo-una-edicion-mas-del-programa-escuela-segura\\\/\",\"url\":\"https:\\\/\\\/canal7slp.tv\\\/2022\\\/en-secundaria-de-la-colonia-las-palmas-se-llevo-a-cabo-una-edicion-mas-del-programa-escuela-segura\\\/\",\"name\":\"En secundaria de la colonia Las Palmas se llev\u00f3 a cabo una edici\u00f3n m\u00e1s del programa \u201cEscuela Segura\u201d. - Canal 7 SLP - 2022\",\"isPartOf\":{\"@id\":\"https:\\\/\\\/canal7slp.tv\\\/2022\\\/#website\"},\"primaryImageOfPage\":{\"@id\":\"https:\\\/\\\/canal7slp.tv\\\/2022\\\/en-secundaria-de-la-colonia-las-palmas-se-llevo-a-cabo-una-edicion-mas-del-programa-escuela-segura\\\/#primaryimage\"},\"image\":{\"@id\":\"https:\\\/\\\/canal7slp.tv\\\/2022\\\/en-secundaria-de-la-colonia-las-palmas-se-llevo-a-cabo-una-edicion-mas-del-programa-escuela-segura\\\/#primaryimage\"},\"thumbnailUrl\":\"https:\\\/\\\/canal7slp.tv\\\/2022\\\/wp-content\\\/uploads\\\/2022\\\/10\\\/Claudio02Seguras.jpg\",\"datePublished\":\"2022-10-21T00:54:44+00:00\",\"breadcrumb\":{\"@id\":\"https:\\\/\\\/canal7slp.tv\\\/2022\\\/en-secundaria-de-la-colonia-las-palmas-se-llevo-a-cabo-una-edicion-mas-del-programa-escuela-segura\\\/#breadcrumb\"},\"inLanguage\":\"es\",\"potentialAction\":[{\"@type\":\"ReadAction\",\"target\":[\"https:\\\/\\\/canal7slp.tv\\\/2022\\\/en-secundaria-de-la-colonia-las-palmas-se-llevo-a-cabo-una-edicion-mas-del-programa-escuela-segura\\\/\"]}]},{\"@type\":\"ImageObject\",\"inLanguage\":\"es\",\"@id\":\"https:\\\/\\\/canal7slp.tv\\\/2022\\\/en-secundaria-de-la-colonia-las-palmas-se-llevo-a-cabo-una-edicion-mas-del-programa-escuela-segura\\\/#primaryimage\",\"url\":\"https:\\\/\\\/canal7slp.tv\\\/2022\\\/wp-content\\\/uploads\\\/2022\\\/10\\\/Claudio02Seguras.jpg\",\"contentUrl\":\"https:\\\/\\\/canal7slp.tv\\\/2022\\\/wp-content\\\/uploads\\\/2022\\\/10\\\/Claudio02Seguras.jpg\",\"width\":888,\"height\":500},{\"@type\":\"BreadcrumbList\",\"@id\":\"https:\\\/\\\/canal7slp.tv\\\/2022\\\/en-secundaria-de-la-colonia-las-palmas-se-llevo-a-cabo-una-edicion-mas-del-programa-escuela-segura\\\/#breadcrumb\",\"itemListElement\":[{\"@type\":\"ListItem\",\"position\":1,\"name\":\"Portada\",\"item\":\"https:\\\/\\\/canal7slp.tv\\\/2022\\\/\"},{\"@type\":\"ListItem\",\"position\":2,\"name\":\"En secundaria de la colonia Las Palmas se llev\u00f3 a cabo una edici\u00f3n m\u00e1s del programa \u201cEscuela Segura\u201d.\"}]},{\"@type\":\"WebSite\",\"@id\":\"https:\\\/\\\/canal7slp.tv\\\/2022\\\/#website\",\"url\":\"https:\\\/\\\/canal7slp.tv\\\/2022\\\/\",\"name\":\"N7 - Noticieros Canal 7\",\"description\":\"Somos Televisi\u00f3n\",\"publisher\":{\"@id\":\"https:\\\/\\\/canal7slp.tv\\\/2022\\\/#organization\"},\"potentialAction\":[{\"@type\":\"SearchAction\",\"target\":{\"@type\":\"EntryPoint\",\"urlTemplate\":\"https:\\\/\\\/canal7slp.tv\\\/2022\\\/?s={search_term_string}\"},\"query-input\":{\"@type\":\"PropertyValueSpecification\",\"valueRequired\":true,\"valueName\":\"search_term_string\"}}],\"inLanguage\":\"es\"},{\"@type\":\"Organization\",\"@id\":\"https:\\\/\\\/canal7slp.tv\\\/2022\\\/#organization\",\"name\":\"Noticieros Canal 7\",\"url\":\"https:\\\/\\\/canal7slp.tv\\\/2022\\\/\",\"logo\":{\"@type\":\"ImageObject\",\"inLanguage\":\"es\",\"@id\":\"https:\\\/\\\/canal7slp.tv\\\/2022\\\/#\\\/schema\\\/logo\\\/image\\\/\",\"url\":\"https:\\\/\\\/canal7slp.tv\\\/2022\\\/wp-content\\\/uploads\\\/2021\\\/01\\\/logo-noticieros@2x.png\",\"contentUrl\":\"https:\\\/\\\/canal7slp.tv\\\/2022\\\/wp-content\\\/uploads\\\/2021\\\/01\\\/logo-noticieros@2x.png\",\"width\":1017,\"height\":268,\"caption\":\"Noticieros Canal 7\"},\"image\":{\"@id\":\"https:\\\/\\\/canal7slp.tv\\\/2022\\\/#\\\/schema\\\/logo\\\/image\\\/\"},\"sameAs\":[\"https:\\\/\\\/www.facebook.com\\\/noticieroscanalsiete\",\"https:\\\/\\\/x.com\\\/NOTICIEROS7\",\"https:\\\/\\\/www.instagram.com\\\/canal7_slp\",\"https:\\\/\\\/www.youtube.com\\\/channel\\\/UCliiYs-gP3JfJeqdPrNdd5A\"]},{\"@type\":\"Person\",\"@id\":\"https:\\\/\\\/canal7slp.tv\\\/2022\\\/#\\\/schema\\\/person\\\/429704152a21f5f856ce29aa69a238da\",\"name\":\"Edici\u00f3n Web\",\"image\":{\"@type\":\"ImageObject\",\"inLanguage\":\"es\",\"@id\":\"https:\\\/\\\/secure.gravatar.com\\\/avatar\\\/eee448fc3f7164808013b816ba91ac7e43bbe82a70bebac296f8bc6f0addaa1a?s=96&d=mm&r=g\",\"url\":\"https:\\\/\\\/secure.gravatar.com\\\/avatar\\\/eee448fc3f7164808013b816ba91ac7e43bbe82a70bebac296f8bc6f0addaa1a?s=96&d=mm&r=g\",\"contentUrl\":\"https:\\\/\\\/secure.gravatar.com\\\/avatar\\\/eee448fc3f7164808013b816ba91ac7e43bbe82a70bebac296f8bc6f0addaa1a?s=96&d=mm&r=g\",\"caption\":\"Edici\u00f3n Web\"},\"url\":\"https:\\\/\\\/canal7slp.tv\\\/2022\\\/author\\\/edicionweb\\\/\"}]}<\/script>\n<!-- \/ Yoast SEO plugin. -->","yoast_head_json":{"title":"En secundaria de la colonia Las Palmas se llev\u00f3 a cabo una edici\u00f3n m\u00e1s del programa \u201cEscuela Segura\u201d. - Canal 7 SLP - 2022","robots":{"index":"index","follow":"follow","max-snippet":"max-snippet:-1","max-image-preview":"max-image-preview:large","max-video-preview":"max-video-preview:-1"},"canonical":"https:\/\/canal7slp.tv\/2022\/en-secundaria-de-la-colonia-las-palmas-se-llevo-a-cabo-una-edicion-mas-del-programa-escuela-segura\/","og_locale":"es_ES","og_type":"article","og_title":"En secundaria de la colonia Las Palmas se llev\u00f3 a cabo una edici\u00f3n m\u00e1s del programa \u201cEscuela Segura\u201d. - Canal 7 SLP - 2022","og_description":"SGS.- En la escuela secundaria \u201cIgnacio Manuel Altamirano\u201d de la colonia Las Palmas perteneciente al municipio de Soledad de Graciano S\u00e1nchez, se llev\u00f3 a cabo una edici\u00f3n m\u00e1s del Programa \u201cEscuela Segura\u201d. En su mensaje el director de este centro educativo destac\u00f3 la importancia de que los alumnos pero tambi\u00e9n los padres de familia, tengan conocimiento de las medidas que se deben de tomar en caso de alguna contingencia que ponga en riesgo su integridad. En el marco de este evento personal de Protecci\u00f3n Civil hizo una demostraci\u00f3n ante los alumnos de que como se debe de combatir un incendio, [&hellip;]","og_url":"https:\/\/canal7slp.tv\/2022\/en-secundaria-de-la-colonia-las-palmas-se-llevo-a-cabo-una-edicion-mas-del-programa-escuela-segura\/","og_site_name":"Canal 7 SLP - 2022","article_publisher":"https:\/\/www.facebook.com\/noticieroscanalsiete","article_published_time":"2022-10-21T00:54:44+00:00","og_image":[{"width":888,"height":500,"url":"https:\/\/canal7slp.tv\/2022\/wp-content\/uploads\/2022\/10\/Claudio02Seguras.jpg","type":"image\/jpeg"}],"author":"Edici\u00f3n Web","twitter_card":"summary_large_image","twitter_creator":"@NOTICIEROS7","twitter_site":"@NOTICIEROS7","twitter_misc":{"Escrito por":"Edici\u00f3n Web","Tiempo de lectura":"1 minuto"},"schema":{"@context":"https:\/\/schema.org","@graph":[{"@type":"Article","@id":"https:\/\/canal7slp.tv\/2022\/en-secundaria-de-la-colonia-las-palmas-se-llevo-a-cabo-una-edicion-mas-del-programa-escuela-segura\/#article","isPartOf":{"@id":"https:\/\/canal7slp.tv\/2022\/en-secundaria-de-la-colonia-las-palmas-se-llevo-a-cabo-una-edicion-mas-del-programa-escuela-segura\/"},"author":{"name":"Edici\u00f3n Web","@id":"https:\/\/canal7slp.tv\/2022\/#\/schema\/person\/429704152a21f5f856ce29aa69a238da"},"headline":"En secundaria de la colonia Las Palmas se llev\u00f3 a cabo una edici\u00f3n m\u00e1s del programa \u201cEscuela Segura\u201d.","datePublished":"2022-10-21T00:54:44+00:00","mainEntityOfPage":{"@id":"https:\/\/canal7slp.tv\/2022\/en-secundaria-de-la-colonia-las-palmas-se-llevo-a-cabo-una-edicion-mas-del-programa-escuela-segura\/"},"wordCount":195,"publisher":{"@id":"https:\/\/canal7slp.tv\/2022\/#organization"},"image":{"@id":"https:\/\/canal7slp.tv\/2022\/en-secundaria-de-la-colonia-las-palmas-se-llevo-a-cabo-una-edicion-mas-del-programa-escuela-segura\/#primaryimage"},"thumbnailUrl":"https:\/\/canal7slp.tv\/2022\/wp-content\/uploads\/2022\/10\/Claudio02Seguras.jpg","articleSection":["AYOSGS","DESTACADAS","LOCALES Y REGIONALES"],"inLanguage":"es"},{"@type":"WebPage","@id":"https:\/\/canal7slp.tv\/2022\/en-secundaria-de-la-colonia-las-palmas-se-llevo-a-cabo-una-edicion-mas-del-programa-escuela-segura\/","url":"https:\/\/canal7slp.tv\/2022\/en-secundaria-de-la-colonia-las-palmas-se-llevo-a-cabo-una-edicion-mas-del-programa-escuela-segura\/","name":"En secundaria de la colonia Las Palmas se llev\u00f3 a cabo una edici\u00f3n m\u00e1s del programa \u201cEscuela Segura\u201d. - Canal 7 SLP - 2022","isPartOf":{"@id":"https:\/\/canal7slp.tv\/2022\/#website"},"primaryImageOfPage":{"@id":"https:\/\/canal7slp.tv\/2022\/en-secundaria-de-la-colonia-las-palmas-se-llevo-a-cabo-una-edicion-mas-del-programa-escuela-segura\/#primaryimage"},"image":{"@id":"https:\/\/canal7slp.tv\/2022\/en-secundaria-de-la-colonia-las-palmas-se-llevo-a-cabo-una-edicion-mas-del-programa-escuela-segura\/#primaryimage"},"thumbnailUrl":"https:\/\/canal7slp.tv\/2022\/wp-content\/uploads\/2022\/10\/Claudio02Seguras.jpg","datePublished":"2022-10-21T00:54:44+00:00","breadcrumb":{"@id":"https:\/\/canal7slp.tv\/2022\/en-secundaria-de-la-colonia-las-palmas-se-llevo-a-cabo-una-edicion-mas-del-programa-escuela-segura\/#breadcrumb"},"inLanguage":"es","potentialAction":[{"@type":"ReadAction","target":["https:\/\/canal7slp.tv\/2022\/en-secundaria-de-la-colonia-las-palmas-se-llevo-a-cabo-una-edicion-mas-del-programa-escuela-segura\/"]}]},{"@type":"ImageObject","inLanguage":"es","@id":"https:\/\/canal7slp.tv\/2022\/en-secundaria-de-la-colonia-las-palmas-se-llevo-a-cabo-una-edicion-mas-del-programa-escuela-segura\/#primaryimage","url":"https:\/\/canal7slp.tv\/2022\/wp-content\/uploads\/2022\/10\/Claudio02Seguras.jpg","contentUrl":"https:\/\/canal7slp.tv\/2022\/wp-content\/uploads\/2022\/10\/Claudio02Seguras.jpg","width":888,"height":500},{"@type":"BreadcrumbList","@id":"https:\/\/canal7slp.tv\/2022\/en-secundaria-de-la-colonia-las-palmas-se-llevo-a-cabo-una-edicion-mas-del-programa-escuela-segura\/#breadcrumb","itemListElement":[{"@type":"ListItem","position":1,"name":"Portada","item":"https:\/\/canal7slp.tv\/2022\/"},{"@type":"ListItem","position":2,"name":"En secundaria de la colonia Las Palmas se llev\u00f3 a cabo una edici\u00f3n m\u00e1s del programa \u201cEscuela Segura\u201d."}]},{"@type":"WebSite","@id":"https:\/\/canal7slp.tv\/2022\/#website","url":"https:\/\/canal7slp.tv\/2022\/","name":"N7 - Noticieros Canal 7","description":"Somos Televisi\u00f3n","publisher":{"@id":"https:\/\/canal7slp.tv\/2022\/#organization"},"potentialAction":[{"@type":"SearchAction","target":{"@type":"EntryPoint","urlTemplate":"https:\/\/canal7slp.tv\/2022\/?s={search_term_string}"},"query-input":{"@type":"PropertyValueSpecification","valueRequired":true,"valueName":"search_term_string"}}],"inLanguage":"es"},{"@type":"Organization","@id":"https:\/\/canal7slp.tv\/2022\/#organization","name":"Noticieros Canal 7","url":"https:\/\/canal7slp.tv\/2022\/","logo":{"@type":"ImageObject","inLanguage":"es","@id":"https:\/\/canal7slp.tv\/2022\/#\/schema\/logo\/image\/","url":"https:\/\/canal7slp.tv\/2022\/wp-content\/uploads\/2021\/01\/logo-noticieros@2x.png","contentUrl":"https:\/\/canal7slp.tv\/2022\/wp-content\/uploads\/2021\/01\/logo-noticieros@2x.png","width":1017,"height":268,"caption":"Noticieros Canal 7"},"image":{"@id":"https:\/\/canal7slp.tv\/2022\/#\/schema\/logo\/image\/"},"sameAs":["https:\/\/www.facebook.com\/noticieroscanalsiete","https:\/\/x.com\/NOTICIEROS7","https:\/\/www.instagram.com\/canal7_slp","https:\/\/www.youtube.com\/channel\/UCliiYs-gP3JfJeqdPrNdd5A"]},{"@type":"Person","@id":"https:\/\/canal7slp.tv\/2022\/#\/schema\/person\/429704152a21f5f856ce29aa69a238da","name":"Edici\u00f3n Web","image":{"@type":"ImageObject","inLanguage":"es","@id":"https:\/\/secure.gravatar.com\/avatar\/eee448fc3f7164808013b816ba91ac7e43bbe82a70bebac296f8bc6f0addaa1a?s=96&d=mm&r=g","url":"https:\/\/secure.gravatar.com\/avatar\/eee448fc3f7164808013b816ba91ac7e43bbe82a70bebac296f8bc6f0addaa1a?s=96&d=mm&r=g","contentUrl":"https:\/\/secure.gravatar.com\/avatar\/eee448fc3f7164808013b816ba91ac7e43bbe82a70bebac296f8bc6f0addaa1a?s=96&d=mm&r=g","caption":"Edici\u00f3n Web"},"url":"https:\/\/canal7slp.tv\/2022\/author\/edicionweb\/"}]}},"amp_enabled":true,"_links":{"self":[{"href":"https:\/\/canal7slp.tv\/2022\/wp-json\/wp\/v2\/posts\/76207","targetHints":{"allow":["GET"]}}],"collection":[{"href":"https:\/\/canal7slp.tv\/2022\/wp-json\/wp\/v2\/posts"}],"about":[{"href":"https:\/\/canal7slp.tv\/2022\/wp-json\/wp\/v2\/types\/post"}],"author":[{"embeddable":true,"href":"https:\/\/canal7slp.tv\/2022\/wp-json\/wp\/v2\/users\/2"}],"replies":[{"embeddable":true,"href":"https:\/\/canal7slp.tv\/2022\/wp-json\/wp\/v2\/comments?post=76207"}],"version-history":[{"count":3,"href":"https:\/\/canal7slp.tv\/2022\/wp-json\/wp\/v2\/posts\/76207\/revisions"}],"predecessor-version":[{"id":76237,"href":"https:\/\/canal7slp.tv\/2022\/wp-json\/wp\/v2\/posts\/76207\/revisions\/76237"}],"wp:featuredmedia":[{"embeddable":true,"href":"https:\/\/canal7slp.tv\/2022\/wp-json\/wp\/v2\/media\/76236"}],"wp:attachment":[{"href":"https:\/\/canal7slp.tv\/2022\/wp-json\/wp\/v2\/media?parent=76207"}],"wp:term":[{"taxonomy":"category","embeddable":true,"href":"https:\/\/canal7slp.tv\/2022\/wp-json\/wp\/v2\/categories?post=76207"},{"taxonomy":"post_tag","embeddable":true,"href":"https:\/\/canal7slp.tv\/2022\/wp-json\/wp\/v2\/tags?post=76207"}],"curies":[{"name":"wp","href":"https:\/\/api.w.org\/{rel}","templated":true}]}}