{"id":76206,"date":"2022-10-20T18:49:09","date_gmt":"2022-10-21T00:49:09","guid":{"rendered":"https:\/\/canal7slp.tv\/2022\/?p=76206"},"modified":"2022-10-20T18:49:09","modified_gmt":"2022-10-21T00:49:09","slug":"el-27-de-octubre-feria-nacional-para-la-inclusion-de-grupos-vulnerables","status":"publish","type":"post","link":"https:\/\/canal7slp.tv\/2022\/el-27-de-octubre-feria-nacional-para-la-inclusion-de-grupos-vulnerables\/","title":{"rendered":"El 27 de octubre, Feria Nacional para la Inclusi\u00f3n de Grupos Vulnerables."},"content":{"rendered":"<ul>\n<li>Cerca de 40 empresas ofertar\u00e1n alrededor de 500 vacantes, \u00fanicamente para personas con discapacidad o en situaci\u00f3n vulnerable.<\/li>\n<\/ul>\n<p style=\"text-align: justify;\">SLP.- En el patio de palacio municipal de Soledad de Graciano S\u00e1nchez autoridades estatales y municipales dieron a conocer la realizaci\u00f3n de la Feria Nacional Para la Inclusi\u00f3n de Grupos Vulnerables, misma que se llevar\u00e1 a cabo el pr\u00f3ximo 27 de Octubre.<\/p>\n<p style=\"text-align: justify;\">En este contexto, el Secretario del Trabajo y Previsi\u00f3n Social en el estado N\u00e9stor Garza \u00c1lvarez inform\u00f3 que ser\u00e1n entre 30 y 40 empresas las que estar\u00e1n ofertando aproximadamente 500 vacantes, \u00fanicamente para personas con alguna discapacidad \u00f3 en situaci\u00f3n de vulnerabilidad.<\/p>\n<p style=\"text-align: justify;\">Las vacantes que se ofrecer\u00e1n ser\u00e1n en el \u00e1rea administrativa, ayudantes generales, cajeros, operarios, coordinadores de almac\u00e9n, profesionistas y hasta m\u00e9dicos que se requieren en el C3 para la aplicaci\u00f3n de los ex\u00e1menes de control y confianza.<\/p>\n<p style=\"text-align: justify;\">Presente en esta presentaci\u00f3n de la Feria Nacional Para la Inclusi\u00f3n de Grupos Vulnerables la presidenta del Sistema DIF municipal de Soledad Mar\u00eda del Pilar Cardona Reyna, hizo la petici\u00f3n de que los solicitantes de vacantes pudieran recibir tambi\u00e9n una capacitaci\u00f3n.<\/p>\n<p style=\"text-align: justify;\">Adem\u00e1s,\u00a0 en este evento estar\u00e1n presentes personal del Sistema de Financiamiento para el Desarrollo del Estado y del INFONAVIT , para que los solicitantes de vacantes puedan acceder a un cr\u00e9dito.<\/p>\n<p style=\"text-align: justify;\">Por su parte, el director de Desarrollo Econ\u00f3mico de Soledad F\u00e9lix Herrera Ortega se\u00f1al\u00f3 que el objetivo de este tipo de ferias del empleo, es que los aspirantes a un puesto de trabajo puedan acceder a prestaciones laborales mediante un contrato legal y que tambi\u00e9n, faciliten su tr\u00e1mite para su jubilaci\u00f3n.<\/p>\n<p>Por: Claudio Ibarra<\/p>\n","protected":false},"excerpt":{"rendered":"<p>Cerca de 40 empresas ofertar\u00e1n alrededor de 500 vacantes, \u00fanicamente para personas con discapacidad o en situaci\u00f3n vulnerable. SLP.- En el patio de palacio municipal de Soledad de Graciano S\u00e1nchez autoridades estatales y municipales dieron a conocer la realizaci\u00f3n de la Feria Nacional Para la Inclusi\u00f3n de Grupos Vulnerables, misma que se llevar\u00e1 a cabo el pr\u00f3ximo 27 de Octubre. En este contexto, el Secretario del Trabajo y Previsi\u00f3n Social en el estado N\u00e9stor Garza \u00c1lvarez inform\u00f3 que ser\u00e1n entre 30 y 40 empresas las que estar\u00e1n ofertando aproximadamente 500 vacantes, \u00fanicamente para personas con alguna discapacidad \u00f3 en situaci\u00f3n [&hellip;]<\/p>\n","protected":false},"author":2,"featured_media":76234,"comment_status":"closed","ping_status":"closed","sticky":false,"template":"","format":"video","meta":{"footnotes":""},"categories":[512,5,45],"tags":[],"class_list":["post-76206","post","type-post","status-publish","format-video","has-post-thumbnail","hentry","category-ayosgs","category-destacadas","category-localesyregionales","post_format-post-format-video","post--single"],"yoast_head":"<!-- This site is optimized with the Yoast SEO plugin v27.4 - https:\/\/yoast.com\/product\/yoast-seo-wordpress\/ -->\n<title>El 27 de octubre, Feria Nacional para la Inclusi\u00f3n de Grupos Vulnerables. - Canal 7 SLP - 2022<\/title>\n<meta name=\"robots\" content=\"index, follow, max-snippet:-1, max-image-preview:large, max-video-preview:-1\" \/>\n<link rel=\"canonical\" href=\"https:\/\/canal7slp.tv\/2022\/el-27-de-octubre-feria-nacional-para-la-inclusion-de-grupos-vulnerables\/\" \/>\n<meta property=\"og:locale\" content=\"es_ES\" \/>\n<meta property=\"og:type\" content=\"article\" \/>\n<meta property=\"og:title\" content=\"El 27 de octubre, Feria Nacional para la Inclusi\u00f3n de Grupos Vulnerables. - Canal 7 SLP - 2022\" \/>\n<meta property=\"og:description\" content=\"Cerca de 40 empresas ofertar\u00e1n alrededor de 500 vacantes, \u00fanicamente para personas con discapacidad o en situaci\u00f3n vulnerable. SLP.- En el patio de palacio municipal de Soledad de Graciano S\u00e1nchez autoridades estatales y municipales dieron a conocer la realizaci\u00f3n de la Feria Nacional Para la Inclusi\u00f3n de Grupos Vulnerables, misma que se llevar\u00e1 a cabo el pr\u00f3ximo 27 de Octubre. En este contexto, el Secretario del Trabajo y Previsi\u00f3n Social en el estado N\u00e9stor Garza \u00c1lvarez inform\u00f3 que ser\u00e1n entre 30 y 40 empresas las que estar\u00e1n ofertando aproximadamente 500 vacantes, \u00fanicamente para personas con alguna discapacidad \u00f3 en situaci\u00f3n [&hellip;]\" \/>\n<meta property=\"og:url\" content=\"https:\/\/canal7slp.tv\/2022\/el-27-de-octubre-feria-nacional-para-la-inclusion-de-grupos-vulnerables\/\" \/>\n<meta property=\"og:site_name\" content=\"Canal 7 SLP - 2022\" \/>\n<meta property=\"article:publisher\" content=\"https:\/\/www.facebook.com\/noticieroscanalsiete\" \/>\n<meta property=\"article:published_time\" content=\"2022-10-21T00:49:09+00:00\" \/>\n<meta property=\"og:image\" content=\"https:\/\/canal7slp.tv\/2022\/wp-content\/uploads\/2022\/10\/Claudio01Inclusion.jpg\" \/>\n\t<meta property=\"og:image:width\" content=\"888\" \/>\n\t<meta property=\"og:image:height\" content=\"500\" \/>\n\t<meta property=\"og:image:type\" content=\"image\/jpeg\" \/>\n<meta name=\"author\" content=\"Edici\u00f3n Web\" \/>\n<meta name=\"twitter:card\" content=\"summary_large_image\" \/>\n<meta name=\"twitter:creator\" content=\"@NOTICIEROS7\" \/>\n<meta name=\"twitter:site\" content=\"@NOTICIEROS7\" \/>\n<meta name=\"twitter:label1\" content=\"Escrito por\" \/>\n\t<meta name=\"twitter:data1\" content=\"Edici\u00f3n Web\" \/>\n\t<meta name=\"twitter:label2\" content=\"Tiempo de lectura\" \/>\n\t<meta name=\"twitter:data2\" content=\"2 minutos\" \/>\n<script type=\"application\/ld+json\" class=\"yoast-schema-graph\">{\"@context\":\"https:\\\/\\\/schema.org\",\"@graph\":[{\"@type\":\"Article\",\"@id\":\"https:\\\/\\\/canal7slp.tv\\\/2022\\\/el-27-de-octubre-feria-nacional-para-la-inclusion-de-grupos-vulnerables\\\/#article\",\"isPartOf\":{\"@id\":\"https:\\\/\\\/canal7slp.tv\\\/2022\\\/el-27-de-octubre-feria-nacional-para-la-inclusion-de-grupos-vulnerables\\\/\"},\"author\":{\"name\":\"Edici\u00f3n Web\",\"@id\":\"https:\\\/\\\/canal7slp.tv\\\/2022\\\/#\\\/schema\\\/person\\\/429704152a21f5f856ce29aa69a238da\"},\"headline\":\"El 27 de octubre, Feria Nacional para la Inclusi\u00f3n de Grupos Vulnerables.\",\"datePublished\":\"2022-10-21T00:49:09+00:00\",\"mainEntityOfPage\":{\"@id\":\"https:\\\/\\\/canal7slp.tv\\\/2022\\\/el-27-de-octubre-feria-nacional-para-la-inclusion-de-grupos-vulnerables\\\/\"},\"wordCount\":302,\"publisher\":{\"@id\":\"https:\\\/\\\/canal7slp.tv\\\/2022\\\/#organization\"},\"image\":{\"@id\":\"https:\\\/\\\/canal7slp.tv\\\/2022\\\/el-27-de-octubre-feria-nacional-para-la-inclusion-de-grupos-vulnerables\\\/#primaryimage\"},\"thumbnailUrl\":\"https:\\\/\\\/canal7slp.tv\\\/2022\\\/wp-content\\\/uploads\\\/2022\\\/10\\\/Claudio01Inclusion.jpg\",\"articleSection\":[\"AYOSGS\",\"DESTACADAS\",\"LOCALES Y REGIONALES\"],\"inLanguage\":\"es\"},{\"@type\":\"WebPage\",\"@id\":\"https:\\\/\\\/canal7slp.tv\\\/2022\\\/el-27-de-octubre-feria-nacional-para-la-inclusion-de-grupos-vulnerables\\\/\",\"url\":\"https:\\\/\\\/canal7slp.tv\\\/2022\\\/el-27-de-octubre-feria-nacional-para-la-inclusion-de-grupos-vulnerables\\\/\",\"name\":\"El 27 de octubre, Feria Nacional para la Inclusi\u00f3n de Grupos Vulnerables. - Canal 7 SLP - 2022\",\"isPartOf\":{\"@id\":\"https:\\\/\\\/canal7slp.tv\\\/2022\\\/#website\"},\"primaryImageOfPage\":{\"@id\":\"https:\\\/\\\/canal7slp.tv\\\/2022\\\/el-27-de-octubre-feria-nacional-para-la-inclusion-de-grupos-vulnerables\\\/#primaryimage\"},\"image\":{\"@id\":\"https:\\\/\\\/canal7slp.tv\\\/2022\\\/el-27-de-octubre-feria-nacional-para-la-inclusion-de-grupos-vulnerables\\\/#primaryimage\"},\"thumbnailUrl\":\"https:\\\/\\\/canal7slp.tv\\\/2022\\\/wp-content\\\/uploads\\\/2022\\\/10\\\/Claudio01Inclusion.jpg\",\"datePublished\":\"2022-10-21T00:49:09+00:00\",\"breadcrumb\":{\"@id\":\"https:\\\/\\\/canal7slp.tv\\\/2022\\\/el-27-de-octubre-feria-nacional-para-la-inclusion-de-grupos-vulnerables\\\/#breadcrumb\"},\"inLanguage\":\"es\",\"potentialAction\":[{\"@type\":\"ReadAction\",\"target\":[\"https:\\\/\\\/canal7slp.tv\\\/2022\\\/el-27-de-octubre-feria-nacional-para-la-inclusion-de-grupos-vulnerables\\\/\"]}]},{\"@type\":\"ImageObject\",\"inLanguage\":\"es\",\"@id\":\"https:\\\/\\\/canal7slp.tv\\\/2022\\\/el-27-de-octubre-feria-nacional-para-la-inclusion-de-grupos-vulnerables\\\/#primaryimage\",\"url\":\"https:\\\/\\\/canal7slp.tv\\\/2022\\\/wp-content\\\/uploads\\\/2022\\\/10\\\/Claudio01Inclusion.jpg\",\"contentUrl\":\"https:\\\/\\\/canal7slp.tv\\\/2022\\\/wp-content\\\/uploads\\\/2022\\\/10\\\/Claudio01Inclusion.jpg\",\"width\":888,\"height\":500},{\"@type\":\"BreadcrumbList\",\"@id\":\"https:\\\/\\\/canal7slp.tv\\\/2022\\\/el-27-de-octubre-feria-nacional-para-la-inclusion-de-grupos-vulnerables\\\/#breadcrumb\",\"itemListElement\":[{\"@type\":\"ListItem\",\"position\":1,\"name\":\"Portada\",\"item\":\"https:\\\/\\\/canal7slp.tv\\\/2022\\\/\"},{\"@type\":\"ListItem\",\"position\":2,\"name\":\"El 27 de octubre, Feria Nacional para la Inclusi\u00f3n de Grupos Vulnerables.\"}]},{\"@type\":\"WebSite\",\"@id\":\"https:\\\/\\\/canal7slp.tv\\\/2022\\\/#website\",\"url\":\"https:\\\/\\\/canal7slp.tv\\\/2022\\\/\",\"name\":\"N7 - Noticieros Canal 7\",\"description\":\"Somos Televisi\u00f3n\",\"publisher\":{\"@id\":\"https:\\\/\\\/canal7slp.tv\\\/2022\\\/#organization\"},\"potentialAction\":[{\"@type\":\"SearchAction\",\"target\":{\"@type\":\"EntryPoint\",\"urlTemplate\":\"https:\\\/\\\/canal7slp.tv\\\/2022\\\/?s={search_term_string}\"},\"query-input\":{\"@type\":\"PropertyValueSpecification\",\"valueRequired\":true,\"valueName\":\"search_term_string\"}}],\"inLanguage\":\"es\"},{\"@type\":\"Organization\",\"@id\":\"https:\\\/\\\/canal7slp.tv\\\/2022\\\/#organization\",\"name\":\"Noticieros Canal 7\",\"url\":\"https:\\\/\\\/canal7slp.tv\\\/2022\\\/\",\"logo\":{\"@type\":\"ImageObject\",\"inLanguage\":\"es\",\"@id\":\"https:\\\/\\\/canal7slp.tv\\\/2022\\\/#\\\/schema\\\/logo\\\/image\\\/\",\"url\":\"https:\\\/\\\/canal7slp.tv\\\/2022\\\/wp-content\\\/uploads\\\/2021\\\/01\\\/logo-noticieros@2x.png\",\"contentUrl\":\"https:\\\/\\\/canal7slp.tv\\\/2022\\\/wp-content\\\/uploads\\\/2021\\\/01\\\/logo-noticieros@2x.png\",\"width\":1017,\"height\":268,\"caption\":\"Noticieros Canal 7\"},\"image\":{\"@id\":\"https:\\\/\\\/canal7slp.tv\\\/2022\\\/#\\\/schema\\\/logo\\\/image\\\/\"},\"sameAs\":[\"https:\\\/\\\/www.facebook.com\\\/noticieroscanalsiete\",\"https:\\\/\\\/x.com\\\/NOTICIEROS7\",\"https:\\\/\\\/www.instagram.com\\\/canal7_slp\",\"https:\\\/\\\/www.youtube.com\\\/channel\\\/UCliiYs-gP3JfJeqdPrNdd5A\"]},{\"@type\":\"Person\",\"@id\":\"https:\\\/\\\/canal7slp.tv\\\/2022\\\/#\\\/schema\\\/person\\\/429704152a21f5f856ce29aa69a238da\",\"name\":\"Edici\u00f3n Web\",\"image\":{\"@type\":\"ImageObject\",\"inLanguage\":\"es\",\"@id\":\"https:\\\/\\\/secure.gravatar.com\\\/avatar\\\/eee448fc3f7164808013b816ba91ac7e43bbe82a70bebac296f8bc6f0addaa1a?s=96&d=mm&r=g\",\"url\":\"https:\\\/\\\/secure.gravatar.com\\\/avatar\\\/eee448fc3f7164808013b816ba91ac7e43bbe82a70bebac296f8bc6f0addaa1a?s=96&d=mm&r=g\",\"contentUrl\":\"https:\\\/\\\/secure.gravatar.com\\\/avatar\\\/eee448fc3f7164808013b816ba91ac7e43bbe82a70bebac296f8bc6f0addaa1a?s=96&d=mm&r=g\",\"caption\":\"Edici\u00f3n Web\"},\"url\":\"https:\\\/\\\/canal7slp.tv\\\/2022\\\/author\\\/edicionweb\\\/\"}]}<\/script>\n<!-- \/ Yoast SEO plugin. -->","yoast_head_json":{"title":"El 27 de octubre, Feria Nacional para la Inclusi\u00f3n de Grupos Vulnerables. - Canal 7 SLP - 2022","robots":{"index":"index","follow":"follow","max-snippet":"max-snippet:-1","max-image-preview":"max-image-preview:large","max-video-preview":"max-video-preview:-1"},"canonical":"https:\/\/canal7slp.tv\/2022\/el-27-de-octubre-feria-nacional-para-la-inclusion-de-grupos-vulnerables\/","og_locale":"es_ES","og_type":"article","og_title":"El 27 de octubre, Feria Nacional para la Inclusi\u00f3n de Grupos Vulnerables. - Canal 7 SLP - 2022","og_description":"Cerca de 40 empresas ofertar\u00e1n alrededor de 500 vacantes, \u00fanicamente para personas con discapacidad o en situaci\u00f3n vulnerable. SLP.- En el patio de palacio municipal de Soledad de Graciano S\u00e1nchez autoridades estatales y municipales dieron a conocer la realizaci\u00f3n de la Feria Nacional Para la Inclusi\u00f3n de Grupos Vulnerables, misma que se llevar\u00e1 a cabo el pr\u00f3ximo 27 de Octubre. En este contexto, el Secretario del Trabajo y Previsi\u00f3n Social en el estado N\u00e9stor Garza \u00c1lvarez inform\u00f3 que ser\u00e1n entre 30 y 40 empresas las que estar\u00e1n ofertando aproximadamente 500 vacantes, \u00fanicamente para personas con alguna discapacidad \u00f3 en situaci\u00f3n [&hellip;]","og_url":"https:\/\/canal7slp.tv\/2022\/el-27-de-octubre-feria-nacional-para-la-inclusion-de-grupos-vulnerables\/","og_site_name":"Canal 7 SLP - 2022","article_publisher":"https:\/\/www.facebook.com\/noticieroscanalsiete","article_published_time":"2022-10-21T00:49:09+00:00","og_image":[{"width":888,"height":500,"url":"https:\/\/canal7slp.tv\/2022\/wp-content\/uploads\/2022\/10\/Claudio01Inclusion.jpg","type":"image\/jpeg"}],"author":"Edici\u00f3n Web","twitter_card":"summary_large_image","twitter_creator":"@NOTICIEROS7","twitter_site":"@NOTICIEROS7","twitter_misc":{"Escrito por":"Edici\u00f3n Web","Tiempo de lectura":"2 minutos"},"schema":{"@context":"https:\/\/schema.org","@graph":[{"@type":"Article","@id":"https:\/\/canal7slp.tv\/2022\/el-27-de-octubre-feria-nacional-para-la-inclusion-de-grupos-vulnerables\/#article","isPartOf":{"@id":"https:\/\/canal7slp.tv\/2022\/el-27-de-octubre-feria-nacional-para-la-inclusion-de-grupos-vulnerables\/"},"author":{"name":"Edici\u00f3n Web","@id":"https:\/\/canal7slp.tv\/2022\/#\/schema\/person\/429704152a21f5f856ce29aa69a238da"},"headline":"El 27 de octubre, Feria Nacional para la Inclusi\u00f3n de Grupos Vulnerables.","datePublished":"2022-10-21T00:49:09+00:00","mainEntityOfPage":{"@id":"https:\/\/canal7slp.tv\/2022\/el-27-de-octubre-feria-nacional-para-la-inclusion-de-grupos-vulnerables\/"},"wordCount":302,"publisher":{"@id":"https:\/\/canal7slp.tv\/2022\/#organization"},"image":{"@id":"https:\/\/canal7slp.tv\/2022\/el-27-de-octubre-feria-nacional-para-la-inclusion-de-grupos-vulnerables\/#primaryimage"},"thumbnailUrl":"https:\/\/canal7slp.tv\/2022\/wp-content\/uploads\/2022\/10\/Claudio01Inclusion.jpg","articleSection":["AYOSGS","DESTACADAS","LOCALES Y REGIONALES"],"inLanguage":"es"},{"@type":"WebPage","@id":"https:\/\/canal7slp.tv\/2022\/el-27-de-octubre-feria-nacional-para-la-inclusion-de-grupos-vulnerables\/","url":"https:\/\/canal7slp.tv\/2022\/el-27-de-octubre-feria-nacional-para-la-inclusion-de-grupos-vulnerables\/","name":"El 27 de octubre, Feria Nacional para la Inclusi\u00f3n de Grupos Vulnerables. - Canal 7 SLP - 2022","isPartOf":{"@id":"https:\/\/canal7slp.tv\/2022\/#website"},"primaryImageOfPage":{"@id":"https:\/\/canal7slp.tv\/2022\/el-27-de-octubre-feria-nacional-para-la-inclusion-de-grupos-vulnerables\/#primaryimage"},"image":{"@id":"https:\/\/canal7slp.tv\/2022\/el-27-de-octubre-feria-nacional-para-la-inclusion-de-grupos-vulnerables\/#primaryimage"},"thumbnailUrl":"https:\/\/canal7slp.tv\/2022\/wp-content\/uploads\/2022\/10\/Claudio01Inclusion.jpg","datePublished":"2022-10-21T00:49:09+00:00","breadcrumb":{"@id":"https:\/\/canal7slp.tv\/2022\/el-27-de-octubre-feria-nacional-para-la-inclusion-de-grupos-vulnerables\/#breadcrumb"},"inLanguage":"es","potentialAction":[{"@type":"ReadAction","target":["https:\/\/canal7slp.tv\/2022\/el-27-de-octubre-feria-nacional-para-la-inclusion-de-grupos-vulnerables\/"]}]},{"@type":"ImageObject","inLanguage":"es","@id":"https:\/\/canal7slp.tv\/2022\/el-27-de-octubre-feria-nacional-para-la-inclusion-de-grupos-vulnerables\/#primaryimage","url":"https:\/\/canal7slp.tv\/2022\/wp-content\/uploads\/2022\/10\/Claudio01Inclusion.jpg","contentUrl":"https:\/\/canal7slp.tv\/2022\/wp-content\/uploads\/2022\/10\/Claudio01Inclusion.jpg","width":888,"height":500},{"@type":"BreadcrumbList","@id":"https:\/\/canal7slp.tv\/2022\/el-27-de-octubre-feria-nacional-para-la-inclusion-de-grupos-vulnerables\/#breadcrumb","itemListElement":[{"@type":"ListItem","position":1,"name":"Portada","item":"https:\/\/canal7slp.tv\/2022\/"},{"@type":"ListItem","position":2,"name":"El 27 de octubre, Feria Nacional para la Inclusi\u00f3n de Grupos Vulnerables."}]},{"@type":"WebSite","@id":"https:\/\/canal7slp.tv\/2022\/#website","url":"https:\/\/canal7slp.tv\/2022\/","name":"N7 - Noticieros Canal 7","description":"Somos Televisi\u00f3n","publisher":{"@id":"https:\/\/canal7slp.tv\/2022\/#organization"},"potentialAction":[{"@type":"SearchAction","target":{"@type":"EntryPoint","urlTemplate":"https:\/\/canal7slp.tv\/2022\/?s={search_term_string}"},"query-input":{"@type":"PropertyValueSpecification","valueRequired":true,"valueName":"search_term_string"}}],"inLanguage":"es"},{"@type":"Organization","@id":"https:\/\/canal7slp.tv\/2022\/#organization","name":"Noticieros Canal 7","url":"https:\/\/canal7slp.tv\/2022\/","logo":{"@type":"ImageObject","inLanguage":"es","@id":"https:\/\/canal7slp.tv\/2022\/#\/schema\/logo\/image\/","url":"https:\/\/canal7slp.tv\/2022\/wp-content\/uploads\/2021\/01\/logo-noticieros@2x.png","contentUrl":"https:\/\/canal7slp.tv\/2022\/wp-content\/uploads\/2021\/01\/logo-noticieros@2x.png","width":1017,"height":268,"caption":"Noticieros Canal 7"},"image":{"@id":"https:\/\/canal7slp.tv\/2022\/#\/schema\/logo\/image\/"},"sameAs":["https:\/\/www.facebook.com\/noticieroscanalsiete","https:\/\/x.com\/NOTICIEROS7","https:\/\/www.instagram.com\/canal7_slp","https:\/\/www.youtube.com\/channel\/UCliiYs-gP3JfJeqdPrNdd5A"]},{"@type":"Person","@id":"https:\/\/canal7slp.tv\/2022\/#\/schema\/person\/429704152a21f5f856ce29aa69a238da","name":"Edici\u00f3n Web","image":{"@type":"ImageObject","inLanguage":"es","@id":"https:\/\/secure.gravatar.com\/avatar\/eee448fc3f7164808013b816ba91ac7e43bbe82a70bebac296f8bc6f0addaa1a?s=96&d=mm&r=g","url":"https:\/\/secure.gravatar.com\/avatar\/eee448fc3f7164808013b816ba91ac7e43bbe82a70bebac296f8bc6f0addaa1a?s=96&d=mm&r=g","contentUrl":"https:\/\/secure.gravatar.com\/avatar\/eee448fc3f7164808013b816ba91ac7e43bbe82a70bebac296f8bc6f0addaa1a?s=96&d=mm&r=g","caption":"Edici\u00f3n Web"},"url":"https:\/\/canal7slp.tv\/2022\/author\/edicionweb\/"}]}},"amp_enabled":true,"_links":{"self":[{"href":"https:\/\/canal7slp.tv\/2022\/wp-json\/wp\/v2\/posts\/76206","targetHints":{"allow":["GET"]}}],"collection":[{"href":"https:\/\/canal7slp.tv\/2022\/wp-json\/wp\/v2\/posts"}],"about":[{"href":"https:\/\/canal7slp.tv\/2022\/wp-json\/wp\/v2\/types\/post"}],"author":[{"embeddable":true,"href":"https:\/\/canal7slp.tv\/2022\/wp-json\/wp\/v2\/users\/2"}],"replies":[{"embeddable":true,"href":"https:\/\/canal7slp.tv\/2022\/wp-json\/wp\/v2\/comments?post=76206"}],"version-history":[{"count":3,"href":"https:\/\/canal7slp.tv\/2022\/wp-json\/wp\/v2\/posts\/76206\/revisions"}],"predecessor-version":[{"id":76235,"href":"https:\/\/canal7slp.tv\/2022\/wp-json\/wp\/v2\/posts\/76206\/revisions\/76235"}],"wp:featuredmedia":[{"embeddable":true,"href":"https:\/\/canal7slp.tv\/2022\/wp-json\/wp\/v2\/media\/76234"}],"wp:attachment":[{"href":"https:\/\/canal7slp.tv\/2022\/wp-json\/wp\/v2\/media?parent=76206"}],"wp:term":[{"taxonomy":"category","embeddable":true,"href":"https:\/\/canal7slp.tv\/2022\/wp-json\/wp\/v2\/categories?post=76206"},{"taxonomy":"post_tag","embeddable":true,"href":"https:\/\/canal7slp.tv\/2022\/wp-json\/wp\/v2\/tags?post=76206"}],"curies":[{"name":"wp","href":"https:\/\/api.w.org\/{rel}","templated":true}]}}