{"id":76197,"date":"2022-10-20T18:30:06","date_gmt":"2022-10-21T00:30:06","guid":{"rendered":"https:\/\/canal7slp.tv\/2022\/?p=76197"},"modified":"2022-10-20T18:30:06","modified_gmt":"2022-10-21T00:30:06","slug":"en-diciembre-edificio-clausurado-de-la-uaslp-quedara-reforzado-en-una-primera-etapa","status":"publish","type":"post","link":"https:\/\/canal7slp.tv\/2022\/en-diciembre-edificio-clausurado-de-la-uaslp-quedara-reforzado-en-una-primera-etapa\/","title":{"rendered":"En diciembre, edificio clausurado de la UASLP quedar\u00e1 reforzado en una primera etapa."},"content":{"rendered":"<p style=\"text-align: justify;\">SLP.- El rector de la Universidad Aut\u00f3noma de San Luis Potos\u00ed, Alejandro Zerme\u00f1o Guerra, asegur\u00f3 que el edificio 3 de la Facultad de Ciencias que se ubica en el Pedregal quedar\u00e1 reforzado en una primera etapa para el mes de diciembre.<\/p>\n<p style=\"text-align: justify;\">Cabe recordar que dicha estructura se encuentra clausurada por los da\u00f1os que surgieron tras el sismo de 7.4 grados que se registr\u00f3 en Michoac\u00e1n y que se percibi\u00f3 en territorio potosino.<\/p>\n<p style=\"text-align: justify;\">\u00abVoy a recibir dos propuestas de dos empresas potosinas, creo que se los he explicado muy bien, son dos etapas de refortalecimiento: una es interna y otra externa, la interna es la primera que se tiene que hacer&#8230; Lo que me han adelantado es que ellos estar\u00e1n en condiciones de que en diciembre estuviera el edificio reforzado en su parte interna\u00bb, dijo.<\/p>\n<p style=\"text-align: justify;\">El acad\u00e9mico mencion\u00f3 que para atender esta situaci\u00f3n, se han realizado constantes reuniones con quienes integran la Comisi\u00f3n de Construcci\u00f3n de esta instituci\u00f3n para analizar las propuestas de reparaci\u00f3n.<\/p>\n<p style=\"text-align: justify;\">\u00abLo que sigue administrativamente es que se re\u00fana la comisi\u00f3n de construcci\u00f3n de la Universidad, como no es un trabajo que haga cualquier gente, son pocas personas capacitas para hacerlo&#8230; Se ver\u00e1n las dos opciones y se designar\u00e1 la empresa que se har\u00eda responsable de esta primera etapa de reforzamiento, espero que al final de cuentas en diciembre est\u00e9 el edificio terminado\u00bb, reiter\u00f3.<\/p>\n<p style=\"text-align: justify;\">De acuerdo con Zerme\u00f1o Guerra, los trabajos de esta primera etapa de rehabilitaci\u00f3n al interior podr\u00eda durar hasta tres semanas; y enseguida se continuar\u00e1 con la parte externa.<\/p>\n<p>Por: Jos\u00e9 Luis V\u00e1zquez<\/p>\n","protected":false},"excerpt":{"rendered":"<p>SLP.- El rector de la Universidad Aut\u00f3noma de San Luis Potos\u00ed, Alejandro Zerme\u00f1o Guerra, asegur\u00f3 que el edificio 3 de la Facultad de Ciencias que se ubica en el Pedregal quedar\u00e1 reforzado en una primera etapa para el mes de diciembre. Cabe recordar que dicha estructura se encuentra clausurada por los da\u00f1os que surgieron tras el sismo de 7.4 grados que se registr\u00f3 en Michoac\u00e1n y que se percibi\u00f3 en territorio potosino. \u00abVoy a recibir dos propuestas de dos empresas potosinas, creo que se los he explicado muy bien, son dos etapas de refortalecimiento: una es interna y otra externa, [&hellip;]<\/p>\n","protected":false},"author":2,"featured_media":76232,"comment_status":"closed","ping_status":"closed","sticky":false,"template":"","format":"video","meta":{"footnotes":""},"categories":[5,45],"tags":[],"class_list":["post-76197","post","type-post","status-publish","format-video","has-post-thumbnail","hentry","category-destacadas","category-localesyregionales","post_format-post-format-video","post--single"],"yoast_head":"<!-- This site is optimized with the Yoast SEO plugin v27.4 - https:\/\/yoast.com\/product\/yoast-seo-wordpress\/ -->\n<title>En diciembre, edificio clausurado de la UASLP quedar\u00e1 reforzado en una primera etapa. - Canal 7 SLP - 2022<\/title>\n<meta name=\"robots\" content=\"index, follow, max-snippet:-1, max-image-preview:large, max-video-preview:-1\" \/>\n<link rel=\"canonical\" href=\"https:\/\/canal7slp.tv\/2022\/en-diciembre-edificio-clausurado-de-la-uaslp-quedara-reforzado-en-una-primera-etapa\/\" \/>\n<meta property=\"og:locale\" content=\"es_ES\" \/>\n<meta property=\"og:type\" content=\"article\" \/>\n<meta property=\"og:title\" content=\"En diciembre, edificio clausurado de la UASLP quedar\u00e1 reforzado en una primera etapa. - Canal 7 SLP - 2022\" \/>\n<meta property=\"og:description\" content=\"SLP.- El rector de la Universidad Aut\u00f3noma de San Luis Potos\u00ed, Alejandro Zerme\u00f1o Guerra, asegur\u00f3 que el edificio 3 de la Facultad de Ciencias que se ubica en el Pedregal quedar\u00e1 reforzado en una primera etapa para el mes de diciembre. Cabe recordar que dicha estructura se encuentra clausurada por los da\u00f1os que surgieron tras el sismo de 7.4 grados que se registr\u00f3 en Michoac\u00e1n y que se percibi\u00f3 en territorio potosino. \u00abVoy a recibir dos propuestas de dos empresas potosinas, creo que se los he explicado muy bien, son dos etapas de refortalecimiento: una es interna y otra externa, [&hellip;]\" \/>\n<meta property=\"og:url\" content=\"https:\/\/canal7slp.tv\/2022\/en-diciembre-edificio-clausurado-de-la-uaslp-quedara-reforzado-en-una-primera-etapa\/\" \/>\n<meta property=\"og:site_name\" content=\"Canal 7 SLP - 2022\" \/>\n<meta property=\"article:publisher\" content=\"https:\/\/www.facebook.com\/noticieroscanalsiete\" \/>\n<meta property=\"article:published_time\" content=\"2022-10-21T00:30:06+00:00\" \/>\n<meta property=\"og:image\" content=\"https:\/\/canal7slp.tv\/2022\/wp-content\/uploads\/2022\/10\/Vazquez04Edificio.jpg\" \/>\n\t<meta property=\"og:image:width\" content=\"888\" \/>\n\t<meta property=\"og:image:height\" content=\"500\" \/>\n\t<meta property=\"og:image:type\" content=\"image\/jpeg\" \/>\n<meta name=\"author\" content=\"Edici\u00f3n Web\" \/>\n<meta name=\"twitter:card\" content=\"summary_large_image\" \/>\n<meta name=\"twitter:creator\" content=\"@NOTICIEROS7\" \/>\n<meta name=\"twitter:site\" content=\"@NOTICIEROS7\" \/>\n<meta name=\"twitter:label1\" content=\"Escrito por\" \/>\n\t<meta name=\"twitter:data1\" content=\"Edici\u00f3n Web\" \/>\n\t<meta name=\"twitter:label2\" content=\"Tiempo de lectura\" \/>\n\t<meta name=\"twitter:data2\" content=\"2 minutos\" \/>\n<script type=\"application\/ld+json\" class=\"yoast-schema-graph\">{\"@context\":\"https:\\\/\\\/schema.org\",\"@graph\":[{\"@type\":\"Article\",\"@id\":\"https:\\\/\\\/canal7slp.tv\\\/2022\\\/en-diciembre-edificio-clausurado-de-la-uaslp-quedara-reforzado-en-una-primera-etapa\\\/#article\",\"isPartOf\":{\"@id\":\"https:\\\/\\\/canal7slp.tv\\\/2022\\\/en-diciembre-edificio-clausurado-de-la-uaslp-quedara-reforzado-en-una-primera-etapa\\\/\"},\"author\":{\"name\":\"Edici\u00f3n Web\",\"@id\":\"https:\\\/\\\/canal7slp.tv\\\/2022\\\/#\\\/schema\\\/person\\\/429704152a21f5f856ce29aa69a238da\"},\"headline\":\"En diciembre, edificio clausurado de la UASLP quedar\u00e1 reforzado en una primera etapa.\",\"datePublished\":\"2022-10-21T00:30:06+00:00\",\"mainEntityOfPage\":{\"@id\":\"https:\\\/\\\/canal7slp.tv\\\/2022\\\/en-diciembre-edificio-clausurado-de-la-uaslp-quedara-reforzado-en-una-primera-etapa\\\/\"},\"wordCount\":290,\"publisher\":{\"@id\":\"https:\\\/\\\/canal7slp.tv\\\/2022\\\/#organization\"},\"image\":{\"@id\":\"https:\\\/\\\/canal7slp.tv\\\/2022\\\/en-diciembre-edificio-clausurado-de-la-uaslp-quedara-reforzado-en-una-primera-etapa\\\/#primaryimage\"},\"thumbnailUrl\":\"https:\\\/\\\/canal7slp.tv\\\/2022\\\/wp-content\\\/uploads\\\/2022\\\/10\\\/Vazquez04Edificio.jpg\",\"articleSection\":[\"DESTACADAS\",\"LOCALES Y REGIONALES\"],\"inLanguage\":\"es\"},{\"@type\":\"WebPage\",\"@id\":\"https:\\\/\\\/canal7slp.tv\\\/2022\\\/en-diciembre-edificio-clausurado-de-la-uaslp-quedara-reforzado-en-una-primera-etapa\\\/\",\"url\":\"https:\\\/\\\/canal7slp.tv\\\/2022\\\/en-diciembre-edificio-clausurado-de-la-uaslp-quedara-reforzado-en-una-primera-etapa\\\/\",\"name\":\"En diciembre, edificio clausurado de la UASLP quedar\u00e1 reforzado en una primera etapa. - Canal 7 SLP - 2022\",\"isPartOf\":{\"@id\":\"https:\\\/\\\/canal7slp.tv\\\/2022\\\/#website\"},\"primaryImageOfPage\":{\"@id\":\"https:\\\/\\\/canal7slp.tv\\\/2022\\\/en-diciembre-edificio-clausurado-de-la-uaslp-quedara-reforzado-en-una-primera-etapa\\\/#primaryimage\"},\"image\":{\"@id\":\"https:\\\/\\\/canal7slp.tv\\\/2022\\\/en-diciembre-edificio-clausurado-de-la-uaslp-quedara-reforzado-en-una-primera-etapa\\\/#primaryimage\"},\"thumbnailUrl\":\"https:\\\/\\\/canal7slp.tv\\\/2022\\\/wp-content\\\/uploads\\\/2022\\\/10\\\/Vazquez04Edificio.jpg\",\"datePublished\":\"2022-10-21T00:30:06+00:00\",\"breadcrumb\":{\"@id\":\"https:\\\/\\\/canal7slp.tv\\\/2022\\\/en-diciembre-edificio-clausurado-de-la-uaslp-quedara-reforzado-en-una-primera-etapa\\\/#breadcrumb\"},\"inLanguage\":\"es\",\"potentialAction\":[{\"@type\":\"ReadAction\",\"target\":[\"https:\\\/\\\/canal7slp.tv\\\/2022\\\/en-diciembre-edificio-clausurado-de-la-uaslp-quedara-reforzado-en-una-primera-etapa\\\/\"]}]},{\"@type\":\"ImageObject\",\"inLanguage\":\"es\",\"@id\":\"https:\\\/\\\/canal7slp.tv\\\/2022\\\/en-diciembre-edificio-clausurado-de-la-uaslp-quedara-reforzado-en-una-primera-etapa\\\/#primaryimage\",\"url\":\"https:\\\/\\\/canal7slp.tv\\\/2022\\\/wp-content\\\/uploads\\\/2022\\\/10\\\/Vazquez04Edificio.jpg\",\"contentUrl\":\"https:\\\/\\\/canal7slp.tv\\\/2022\\\/wp-content\\\/uploads\\\/2022\\\/10\\\/Vazquez04Edificio.jpg\",\"width\":888,\"height\":500},{\"@type\":\"BreadcrumbList\",\"@id\":\"https:\\\/\\\/canal7slp.tv\\\/2022\\\/en-diciembre-edificio-clausurado-de-la-uaslp-quedara-reforzado-en-una-primera-etapa\\\/#breadcrumb\",\"itemListElement\":[{\"@type\":\"ListItem\",\"position\":1,\"name\":\"Portada\",\"item\":\"https:\\\/\\\/canal7slp.tv\\\/2022\\\/\"},{\"@type\":\"ListItem\",\"position\":2,\"name\":\"En diciembre, edificio clausurado de la UASLP quedar\u00e1 reforzado en una primera etapa.\"}]},{\"@type\":\"WebSite\",\"@id\":\"https:\\\/\\\/canal7slp.tv\\\/2022\\\/#website\",\"url\":\"https:\\\/\\\/canal7slp.tv\\\/2022\\\/\",\"name\":\"N7 - Noticieros Canal 7\",\"description\":\"Somos Televisi\u00f3n\",\"publisher\":{\"@id\":\"https:\\\/\\\/canal7slp.tv\\\/2022\\\/#organization\"},\"potentialAction\":[{\"@type\":\"SearchAction\",\"target\":{\"@type\":\"EntryPoint\",\"urlTemplate\":\"https:\\\/\\\/canal7slp.tv\\\/2022\\\/?s={search_term_string}\"},\"query-input\":{\"@type\":\"PropertyValueSpecification\",\"valueRequired\":true,\"valueName\":\"search_term_string\"}}],\"inLanguage\":\"es\"},{\"@type\":\"Organization\",\"@id\":\"https:\\\/\\\/canal7slp.tv\\\/2022\\\/#organization\",\"name\":\"Noticieros Canal 7\",\"url\":\"https:\\\/\\\/canal7slp.tv\\\/2022\\\/\",\"logo\":{\"@type\":\"ImageObject\",\"inLanguage\":\"es\",\"@id\":\"https:\\\/\\\/canal7slp.tv\\\/2022\\\/#\\\/schema\\\/logo\\\/image\\\/\",\"url\":\"https:\\\/\\\/canal7slp.tv\\\/2022\\\/wp-content\\\/uploads\\\/2021\\\/01\\\/logo-noticieros@2x.png\",\"contentUrl\":\"https:\\\/\\\/canal7slp.tv\\\/2022\\\/wp-content\\\/uploads\\\/2021\\\/01\\\/logo-noticieros@2x.png\",\"width\":1017,\"height\":268,\"caption\":\"Noticieros Canal 7\"},\"image\":{\"@id\":\"https:\\\/\\\/canal7slp.tv\\\/2022\\\/#\\\/schema\\\/logo\\\/image\\\/\"},\"sameAs\":[\"https:\\\/\\\/www.facebook.com\\\/noticieroscanalsiete\",\"https:\\\/\\\/x.com\\\/NOTICIEROS7\",\"https:\\\/\\\/www.instagram.com\\\/canal7_slp\",\"https:\\\/\\\/www.youtube.com\\\/channel\\\/UCliiYs-gP3JfJeqdPrNdd5A\"]},{\"@type\":\"Person\",\"@id\":\"https:\\\/\\\/canal7slp.tv\\\/2022\\\/#\\\/schema\\\/person\\\/429704152a21f5f856ce29aa69a238da\",\"name\":\"Edici\u00f3n Web\",\"image\":{\"@type\":\"ImageObject\",\"inLanguage\":\"es\",\"@id\":\"https:\\\/\\\/secure.gravatar.com\\\/avatar\\\/eee448fc3f7164808013b816ba91ac7e43bbe82a70bebac296f8bc6f0addaa1a?s=96&d=mm&r=g\",\"url\":\"https:\\\/\\\/secure.gravatar.com\\\/avatar\\\/eee448fc3f7164808013b816ba91ac7e43bbe82a70bebac296f8bc6f0addaa1a?s=96&d=mm&r=g\",\"contentUrl\":\"https:\\\/\\\/secure.gravatar.com\\\/avatar\\\/eee448fc3f7164808013b816ba91ac7e43bbe82a70bebac296f8bc6f0addaa1a?s=96&d=mm&r=g\",\"caption\":\"Edici\u00f3n Web\"},\"url\":\"https:\\\/\\\/canal7slp.tv\\\/2022\\\/author\\\/edicionweb\\\/\"}]}<\/script>\n<!-- \/ Yoast SEO plugin. -->","yoast_head_json":{"title":"En diciembre, edificio clausurado de la UASLP quedar\u00e1 reforzado en una primera etapa. - Canal 7 SLP - 2022","robots":{"index":"index","follow":"follow","max-snippet":"max-snippet:-1","max-image-preview":"max-image-preview:large","max-video-preview":"max-video-preview:-1"},"canonical":"https:\/\/canal7slp.tv\/2022\/en-diciembre-edificio-clausurado-de-la-uaslp-quedara-reforzado-en-una-primera-etapa\/","og_locale":"es_ES","og_type":"article","og_title":"En diciembre, edificio clausurado de la UASLP quedar\u00e1 reforzado en una primera etapa. - Canal 7 SLP - 2022","og_description":"SLP.- El rector de la Universidad Aut\u00f3noma de San Luis Potos\u00ed, Alejandro Zerme\u00f1o Guerra, asegur\u00f3 que el edificio 3 de la Facultad de Ciencias que se ubica en el Pedregal quedar\u00e1 reforzado en una primera etapa para el mes de diciembre. Cabe recordar que dicha estructura se encuentra clausurada por los da\u00f1os que surgieron tras el sismo de 7.4 grados que se registr\u00f3 en Michoac\u00e1n y que se percibi\u00f3 en territorio potosino. \u00abVoy a recibir dos propuestas de dos empresas potosinas, creo que se los he explicado muy bien, son dos etapas de refortalecimiento: una es interna y otra externa, [&hellip;]","og_url":"https:\/\/canal7slp.tv\/2022\/en-diciembre-edificio-clausurado-de-la-uaslp-quedara-reforzado-en-una-primera-etapa\/","og_site_name":"Canal 7 SLP - 2022","article_publisher":"https:\/\/www.facebook.com\/noticieroscanalsiete","article_published_time":"2022-10-21T00:30:06+00:00","og_image":[{"width":888,"height":500,"url":"https:\/\/canal7slp.tv\/2022\/wp-content\/uploads\/2022\/10\/Vazquez04Edificio.jpg","type":"image\/jpeg"}],"author":"Edici\u00f3n Web","twitter_card":"summary_large_image","twitter_creator":"@NOTICIEROS7","twitter_site":"@NOTICIEROS7","twitter_misc":{"Escrito por":"Edici\u00f3n Web","Tiempo de lectura":"2 minutos"},"schema":{"@context":"https:\/\/schema.org","@graph":[{"@type":"Article","@id":"https:\/\/canal7slp.tv\/2022\/en-diciembre-edificio-clausurado-de-la-uaslp-quedara-reforzado-en-una-primera-etapa\/#article","isPartOf":{"@id":"https:\/\/canal7slp.tv\/2022\/en-diciembre-edificio-clausurado-de-la-uaslp-quedara-reforzado-en-una-primera-etapa\/"},"author":{"name":"Edici\u00f3n Web","@id":"https:\/\/canal7slp.tv\/2022\/#\/schema\/person\/429704152a21f5f856ce29aa69a238da"},"headline":"En diciembre, edificio clausurado de la UASLP quedar\u00e1 reforzado en una primera etapa.","datePublished":"2022-10-21T00:30:06+00:00","mainEntityOfPage":{"@id":"https:\/\/canal7slp.tv\/2022\/en-diciembre-edificio-clausurado-de-la-uaslp-quedara-reforzado-en-una-primera-etapa\/"},"wordCount":290,"publisher":{"@id":"https:\/\/canal7slp.tv\/2022\/#organization"},"image":{"@id":"https:\/\/canal7slp.tv\/2022\/en-diciembre-edificio-clausurado-de-la-uaslp-quedara-reforzado-en-una-primera-etapa\/#primaryimage"},"thumbnailUrl":"https:\/\/canal7slp.tv\/2022\/wp-content\/uploads\/2022\/10\/Vazquez04Edificio.jpg","articleSection":["DESTACADAS","LOCALES Y REGIONALES"],"inLanguage":"es"},{"@type":"WebPage","@id":"https:\/\/canal7slp.tv\/2022\/en-diciembre-edificio-clausurado-de-la-uaslp-quedara-reforzado-en-una-primera-etapa\/","url":"https:\/\/canal7slp.tv\/2022\/en-diciembre-edificio-clausurado-de-la-uaslp-quedara-reforzado-en-una-primera-etapa\/","name":"En diciembre, edificio clausurado de la UASLP quedar\u00e1 reforzado en una primera etapa. - Canal 7 SLP - 2022","isPartOf":{"@id":"https:\/\/canal7slp.tv\/2022\/#website"},"primaryImageOfPage":{"@id":"https:\/\/canal7slp.tv\/2022\/en-diciembre-edificio-clausurado-de-la-uaslp-quedara-reforzado-en-una-primera-etapa\/#primaryimage"},"image":{"@id":"https:\/\/canal7slp.tv\/2022\/en-diciembre-edificio-clausurado-de-la-uaslp-quedara-reforzado-en-una-primera-etapa\/#primaryimage"},"thumbnailUrl":"https:\/\/canal7slp.tv\/2022\/wp-content\/uploads\/2022\/10\/Vazquez04Edificio.jpg","datePublished":"2022-10-21T00:30:06+00:00","breadcrumb":{"@id":"https:\/\/canal7slp.tv\/2022\/en-diciembre-edificio-clausurado-de-la-uaslp-quedara-reforzado-en-una-primera-etapa\/#breadcrumb"},"inLanguage":"es","potentialAction":[{"@type":"ReadAction","target":["https:\/\/canal7slp.tv\/2022\/en-diciembre-edificio-clausurado-de-la-uaslp-quedara-reforzado-en-una-primera-etapa\/"]}]},{"@type":"ImageObject","inLanguage":"es","@id":"https:\/\/canal7slp.tv\/2022\/en-diciembre-edificio-clausurado-de-la-uaslp-quedara-reforzado-en-una-primera-etapa\/#primaryimage","url":"https:\/\/canal7slp.tv\/2022\/wp-content\/uploads\/2022\/10\/Vazquez04Edificio.jpg","contentUrl":"https:\/\/canal7slp.tv\/2022\/wp-content\/uploads\/2022\/10\/Vazquez04Edificio.jpg","width":888,"height":500},{"@type":"BreadcrumbList","@id":"https:\/\/canal7slp.tv\/2022\/en-diciembre-edificio-clausurado-de-la-uaslp-quedara-reforzado-en-una-primera-etapa\/#breadcrumb","itemListElement":[{"@type":"ListItem","position":1,"name":"Portada","item":"https:\/\/canal7slp.tv\/2022\/"},{"@type":"ListItem","position":2,"name":"En diciembre, edificio clausurado de la UASLP quedar\u00e1 reforzado en una primera etapa."}]},{"@type":"WebSite","@id":"https:\/\/canal7slp.tv\/2022\/#website","url":"https:\/\/canal7slp.tv\/2022\/","name":"N7 - Noticieros Canal 7","description":"Somos Televisi\u00f3n","publisher":{"@id":"https:\/\/canal7slp.tv\/2022\/#organization"},"potentialAction":[{"@type":"SearchAction","target":{"@type":"EntryPoint","urlTemplate":"https:\/\/canal7slp.tv\/2022\/?s={search_term_string}"},"query-input":{"@type":"PropertyValueSpecification","valueRequired":true,"valueName":"search_term_string"}}],"inLanguage":"es"},{"@type":"Organization","@id":"https:\/\/canal7slp.tv\/2022\/#organization","name":"Noticieros Canal 7","url":"https:\/\/canal7slp.tv\/2022\/","logo":{"@type":"ImageObject","inLanguage":"es","@id":"https:\/\/canal7slp.tv\/2022\/#\/schema\/logo\/image\/","url":"https:\/\/canal7slp.tv\/2022\/wp-content\/uploads\/2021\/01\/logo-noticieros@2x.png","contentUrl":"https:\/\/canal7slp.tv\/2022\/wp-content\/uploads\/2021\/01\/logo-noticieros@2x.png","width":1017,"height":268,"caption":"Noticieros Canal 7"},"image":{"@id":"https:\/\/canal7slp.tv\/2022\/#\/schema\/logo\/image\/"},"sameAs":["https:\/\/www.facebook.com\/noticieroscanalsiete","https:\/\/x.com\/NOTICIEROS7","https:\/\/www.instagram.com\/canal7_slp","https:\/\/www.youtube.com\/channel\/UCliiYs-gP3JfJeqdPrNdd5A"]},{"@type":"Person","@id":"https:\/\/canal7slp.tv\/2022\/#\/schema\/person\/429704152a21f5f856ce29aa69a238da","name":"Edici\u00f3n Web","image":{"@type":"ImageObject","inLanguage":"es","@id":"https:\/\/secure.gravatar.com\/avatar\/eee448fc3f7164808013b816ba91ac7e43bbe82a70bebac296f8bc6f0addaa1a?s=96&d=mm&r=g","url":"https:\/\/secure.gravatar.com\/avatar\/eee448fc3f7164808013b816ba91ac7e43bbe82a70bebac296f8bc6f0addaa1a?s=96&d=mm&r=g","contentUrl":"https:\/\/secure.gravatar.com\/avatar\/eee448fc3f7164808013b816ba91ac7e43bbe82a70bebac296f8bc6f0addaa1a?s=96&d=mm&r=g","caption":"Edici\u00f3n Web"},"url":"https:\/\/canal7slp.tv\/2022\/author\/edicionweb\/"}]}},"amp_enabled":true,"_links":{"self":[{"href":"https:\/\/canal7slp.tv\/2022\/wp-json\/wp\/v2\/posts\/76197","targetHints":{"allow":["GET"]}}],"collection":[{"href":"https:\/\/canal7slp.tv\/2022\/wp-json\/wp\/v2\/posts"}],"about":[{"href":"https:\/\/canal7slp.tv\/2022\/wp-json\/wp\/v2\/types\/post"}],"author":[{"embeddable":true,"href":"https:\/\/canal7slp.tv\/2022\/wp-json\/wp\/v2\/users\/2"}],"replies":[{"embeddable":true,"href":"https:\/\/canal7slp.tv\/2022\/wp-json\/wp\/v2\/comments?post=76197"}],"version-history":[{"count":3,"href":"https:\/\/canal7slp.tv\/2022\/wp-json\/wp\/v2\/posts\/76197\/revisions"}],"predecessor-version":[{"id":76233,"href":"https:\/\/canal7slp.tv\/2022\/wp-json\/wp\/v2\/posts\/76197\/revisions\/76233"}],"wp:featuredmedia":[{"embeddable":true,"href":"https:\/\/canal7slp.tv\/2022\/wp-json\/wp\/v2\/media\/76232"}],"wp:attachment":[{"href":"https:\/\/canal7slp.tv\/2022\/wp-json\/wp\/v2\/media?parent=76197"}],"wp:term":[{"taxonomy":"category","embeddable":true,"href":"https:\/\/canal7slp.tv\/2022\/wp-json\/wp\/v2\/categories?post=76197"},{"taxonomy":"post_tag","embeddable":true,"href":"https:\/\/canal7slp.tv\/2022\/wp-json\/wp\/v2\/tags?post=76197"}],"curies":[{"name":"wp","href":"https:\/\/api.w.org\/{rel}","templated":true}]}}