{"id":76196,"date":"2022-10-20T18:25:32","date_gmt":"2022-10-21T00:25:32","guid":{"rendered":"https:\/\/canal7slp.tv\/2022\/?p=76196"},"modified":"2022-10-20T18:25:32","modified_gmt":"2022-10-21T00:25:32","slug":"evaluacion-constante-amerita-participacion-de-fuerzas-armadas-en-tareas-de-seguridad-publica-senala-vocero-del-arzobispado","status":"publish","type":"post","link":"https:\/\/canal7slp.tv\/2022\/evaluacion-constante-amerita-participacion-de-fuerzas-armadas-en-tareas-de-seguridad-publica-senala-vocero-del-arzobispado\/","title":{"rendered":"Evaluaci\u00f3n constante amerita participaci\u00f3n de Fuerzas Armadas en tareas de seguridad p\u00fablica, se\u00f1ala vocero del Arzobispado."},"content":{"rendered":"<p style=\"text-align: justify;\">SLP.- En rueda de prensa, el vocero del arzobispado en San Luis Potos\u00ed, Tom\u00e1s Cruz Perales, indic\u00f3 que la participaci\u00f3n de las Fuerzas Armadas en acciones de seguridad p\u00fablica tendr\u00eda que ser evaluada de manera constante.<\/p>\n<p style=\"text-align: justify;\">Esto luego de se\u00f1alar los casos de abuso que se reportan a manos de quienes integran este cuerpo de seguridad.<\/p>\n<p style=\"text-align: justify;\">\u00abSe tiene que evaluar creo que por ah\u00ed hay una din\u00e1mica de estar evaluando la presencia de los militares en las calles y se tiene que hacer porque a final de cuenta hay muchos abusos y esto lo habido por parte de la misma Guardia nacional&#8230; Incluso por ah\u00ed algunos casos de situaciones que dejan mucho que desear de la Guardia Nacional, obviamente no podemos generalizar la conducta de unos pocos, contadas personas, a lo que es la instituci\u00f3n\u00bb, declar\u00f3.<\/p>\n<p style=\"text-align: justify;\">Sin embargo, indic\u00f3 que se puede dar un voto de confianza para que se implementen las acciones pertinentes y as\u00ed combatir la delincuencia.<\/p>\n<p style=\"text-align: justify;\">\u00abVamos confiando y que se eval\u00fae y obviamente lo que deseamos es que si para eso est\u00e1n esas instituciones, ojal\u00e1 que se radique completamente la seguridad que est\u00e1 afectando mucho a nuestro pa\u00eds\u00bb, agreg\u00f3.<\/p>\n<p style=\"text-align: justify;\">Por \u00faltimo, hizo un llamado a las fuerzas armadas para que se respeten los derechos humanos de las personas durante sus labores.<\/p>\n<p style=\"text-align: justify;\">\u00abNo podemos permitir que te detengan en la carretera o en el camino y que est\u00e9n vulnerando en todos los aspectos porque no se ha hecho nada, simplemente porque es la din\u00e1mica de ellos; yo creo que ah\u00ed se tendr\u00eda que evaluar este tipo de cosas y est\u00e1n muy atentos a los Derechos Humanos de las personas\u00bb, culmin\u00f3.<\/p>\n<p>Por: Jos\u00e9 Luis V\u00e1zquez<\/p>\n","protected":false},"excerpt":{"rendered":"<p>SLP.- En rueda de prensa, el vocero del arzobispado en San Luis Potos\u00ed, Tom\u00e1s Cruz Perales, indic\u00f3 que la participaci\u00f3n de las Fuerzas Armadas en acciones de seguridad p\u00fablica tendr\u00eda que ser evaluada de manera constante. Esto luego de se\u00f1alar los casos de abuso que se reportan a manos de quienes integran este cuerpo de seguridad. \u00abSe tiene que evaluar creo que por ah\u00ed hay una din\u00e1mica de estar evaluando la presencia de los militares en las calles y se tiene que hacer porque a final de cuenta hay muchos abusos y esto lo habido por parte de la misma [&hellip;]<\/p>\n","protected":false},"author":2,"featured_media":76229,"comment_status":"closed","ping_status":"closed","sticky":false,"template":"","format":"video","meta":{"footnotes":""},"categories":[5,45],"tags":[],"class_list":["post-76196","post","type-post","status-publish","format-video","has-post-thumbnail","hentry","category-destacadas","category-localesyregionales","post_format-post-format-video","post--single"],"yoast_head":"<!-- This site is optimized with the Yoast SEO plugin v27.4 - https:\/\/yoast.com\/product\/yoast-seo-wordpress\/ -->\n<title>Evaluaci\u00f3n constante amerita participaci\u00f3n de Fuerzas Armadas en tareas de seguridad p\u00fablica, se\u00f1ala vocero del Arzobispado. - Canal 7 SLP - 2022<\/title>\n<meta name=\"robots\" content=\"index, follow, max-snippet:-1, max-image-preview:large, max-video-preview:-1\" \/>\n<link rel=\"canonical\" href=\"https:\/\/canal7slp.tv\/2022\/evaluacion-constante-amerita-participacion-de-fuerzas-armadas-en-tareas-de-seguridad-publica-senala-vocero-del-arzobispado\/\" \/>\n<meta property=\"og:locale\" content=\"es_ES\" \/>\n<meta property=\"og:type\" content=\"article\" \/>\n<meta property=\"og:title\" content=\"Evaluaci\u00f3n constante amerita participaci\u00f3n de Fuerzas Armadas en tareas de seguridad p\u00fablica, se\u00f1ala vocero del Arzobispado. - Canal 7 SLP - 2022\" \/>\n<meta property=\"og:description\" content=\"SLP.- En rueda de prensa, el vocero del arzobispado en San Luis Potos\u00ed, Tom\u00e1s Cruz Perales, indic\u00f3 que la participaci\u00f3n de las Fuerzas Armadas en acciones de seguridad p\u00fablica tendr\u00eda que ser evaluada de manera constante. Esto luego de se\u00f1alar los casos de abuso que se reportan a manos de quienes integran este cuerpo de seguridad. \u00abSe tiene que evaluar creo que por ah\u00ed hay una din\u00e1mica de estar evaluando la presencia de los militares en las calles y se tiene que hacer porque a final de cuenta hay muchos abusos y esto lo habido por parte de la misma [&hellip;]\" \/>\n<meta property=\"og:url\" content=\"https:\/\/canal7slp.tv\/2022\/evaluacion-constante-amerita-participacion-de-fuerzas-armadas-en-tareas-de-seguridad-publica-senala-vocero-del-arzobispado\/\" \/>\n<meta property=\"og:site_name\" content=\"Canal 7 SLP - 2022\" \/>\n<meta property=\"article:publisher\" content=\"https:\/\/www.facebook.com\/noticieroscanalsiete\" \/>\n<meta property=\"article:published_time\" content=\"2022-10-21T00:25:32+00:00\" \/>\n<meta property=\"og:image\" content=\"https:\/\/canal7slp.tv\/2022\/wp-content\/uploads\/2022\/10\/Vazquez03Igleisa.jpg\" \/>\n\t<meta property=\"og:image:width\" content=\"888\" \/>\n\t<meta property=\"og:image:height\" content=\"500\" \/>\n\t<meta property=\"og:image:type\" content=\"image\/jpeg\" \/>\n<meta name=\"author\" content=\"Edici\u00f3n Web\" \/>\n<meta name=\"twitter:card\" content=\"summary_large_image\" \/>\n<meta name=\"twitter:creator\" content=\"@NOTICIEROS7\" \/>\n<meta name=\"twitter:site\" content=\"@NOTICIEROS7\" \/>\n<meta name=\"twitter:label1\" content=\"Escrito por\" \/>\n\t<meta name=\"twitter:data1\" content=\"Edici\u00f3n Web\" \/>\n\t<meta name=\"twitter:label2\" content=\"Tiempo de lectura\" \/>\n\t<meta name=\"twitter:data2\" content=\"2 minutos\" \/>\n<script type=\"application\/ld+json\" class=\"yoast-schema-graph\">{\"@context\":\"https:\\\/\\\/schema.org\",\"@graph\":[{\"@type\":\"Article\",\"@id\":\"https:\\\/\\\/canal7slp.tv\\\/2022\\\/evaluacion-constante-amerita-participacion-de-fuerzas-armadas-en-tareas-de-seguridad-publica-senala-vocero-del-arzobispado\\\/#article\",\"isPartOf\":{\"@id\":\"https:\\\/\\\/canal7slp.tv\\\/2022\\\/evaluacion-constante-amerita-participacion-de-fuerzas-armadas-en-tareas-de-seguridad-publica-senala-vocero-del-arzobispado\\\/\"},\"author\":{\"name\":\"Edici\u00f3n Web\",\"@id\":\"https:\\\/\\\/canal7slp.tv\\\/2022\\\/#\\\/schema\\\/person\\\/429704152a21f5f856ce29aa69a238da\"},\"headline\":\"Evaluaci\u00f3n constante amerita participaci\u00f3n de Fuerzas Armadas en tareas de seguridad p\u00fablica, se\u00f1ala vocero del Arzobispado.\",\"datePublished\":\"2022-10-21T00:25:32+00:00\",\"mainEntityOfPage\":{\"@id\":\"https:\\\/\\\/canal7slp.tv\\\/2022\\\/evaluacion-constante-amerita-participacion-de-fuerzas-armadas-en-tareas-de-seguridad-publica-senala-vocero-del-arzobispado\\\/\"},\"wordCount\":313,\"publisher\":{\"@id\":\"https:\\\/\\\/canal7slp.tv\\\/2022\\\/#organization\"},\"image\":{\"@id\":\"https:\\\/\\\/canal7slp.tv\\\/2022\\\/evaluacion-constante-amerita-participacion-de-fuerzas-armadas-en-tareas-de-seguridad-publica-senala-vocero-del-arzobispado\\\/#primaryimage\"},\"thumbnailUrl\":\"https:\\\/\\\/canal7slp.tv\\\/2022\\\/wp-content\\\/uploads\\\/2022\\\/10\\\/Vazquez03Igleisa.jpg\",\"articleSection\":[\"DESTACADAS\",\"LOCALES Y REGIONALES\"],\"inLanguage\":\"es\"},{\"@type\":\"WebPage\",\"@id\":\"https:\\\/\\\/canal7slp.tv\\\/2022\\\/evaluacion-constante-amerita-participacion-de-fuerzas-armadas-en-tareas-de-seguridad-publica-senala-vocero-del-arzobispado\\\/\",\"url\":\"https:\\\/\\\/canal7slp.tv\\\/2022\\\/evaluacion-constante-amerita-participacion-de-fuerzas-armadas-en-tareas-de-seguridad-publica-senala-vocero-del-arzobispado\\\/\",\"name\":\"Evaluaci\u00f3n constante amerita participaci\u00f3n de Fuerzas Armadas en tareas de seguridad p\u00fablica, se\u00f1ala vocero del Arzobispado. - Canal 7 SLP - 2022\",\"isPartOf\":{\"@id\":\"https:\\\/\\\/canal7slp.tv\\\/2022\\\/#website\"},\"primaryImageOfPage\":{\"@id\":\"https:\\\/\\\/canal7slp.tv\\\/2022\\\/evaluacion-constante-amerita-participacion-de-fuerzas-armadas-en-tareas-de-seguridad-publica-senala-vocero-del-arzobispado\\\/#primaryimage\"},\"image\":{\"@id\":\"https:\\\/\\\/canal7slp.tv\\\/2022\\\/evaluacion-constante-amerita-participacion-de-fuerzas-armadas-en-tareas-de-seguridad-publica-senala-vocero-del-arzobispado\\\/#primaryimage\"},\"thumbnailUrl\":\"https:\\\/\\\/canal7slp.tv\\\/2022\\\/wp-content\\\/uploads\\\/2022\\\/10\\\/Vazquez03Igleisa.jpg\",\"datePublished\":\"2022-10-21T00:25:32+00:00\",\"breadcrumb\":{\"@id\":\"https:\\\/\\\/canal7slp.tv\\\/2022\\\/evaluacion-constante-amerita-participacion-de-fuerzas-armadas-en-tareas-de-seguridad-publica-senala-vocero-del-arzobispado\\\/#breadcrumb\"},\"inLanguage\":\"es\",\"potentialAction\":[{\"@type\":\"ReadAction\",\"target\":[\"https:\\\/\\\/canal7slp.tv\\\/2022\\\/evaluacion-constante-amerita-participacion-de-fuerzas-armadas-en-tareas-de-seguridad-publica-senala-vocero-del-arzobispado\\\/\"]}]},{\"@type\":\"ImageObject\",\"inLanguage\":\"es\",\"@id\":\"https:\\\/\\\/canal7slp.tv\\\/2022\\\/evaluacion-constante-amerita-participacion-de-fuerzas-armadas-en-tareas-de-seguridad-publica-senala-vocero-del-arzobispado\\\/#primaryimage\",\"url\":\"https:\\\/\\\/canal7slp.tv\\\/2022\\\/wp-content\\\/uploads\\\/2022\\\/10\\\/Vazquez03Igleisa.jpg\",\"contentUrl\":\"https:\\\/\\\/canal7slp.tv\\\/2022\\\/wp-content\\\/uploads\\\/2022\\\/10\\\/Vazquez03Igleisa.jpg\",\"width\":888,\"height\":500},{\"@type\":\"BreadcrumbList\",\"@id\":\"https:\\\/\\\/canal7slp.tv\\\/2022\\\/evaluacion-constante-amerita-participacion-de-fuerzas-armadas-en-tareas-de-seguridad-publica-senala-vocero-del-arzobispado\\\/#breadcrumb\",\"itemListElement\":[{\"@type\":\"ListItem\",\"position\":1,\"name\":\"Portada\",\"item\":\"https:\\\/\\\/canal7slp.tv\\\/2022\\\/\"},{\"@type\":\"ListItem\",\"position\":2,\"name\":\"Evaluaci\u00f3n constante amerita participaci\u00f3n de Fuerzas Armadas en tareas de seguridad p\u00fablica, se\u00f1ala vocero del Arzobispado.\"}]},{\"@type\":\"WebSite\",\"@id\":\"https:\\\/\\\/canal7slp.tv\\\/2022\\\/#website\",\"url\":\"https:\\\/\\\/canal7slp.tv\\\/2022\\\/\",\"name\":\"N7 - Noticieros Canal 7\",\"description\":\"Somos Televisi\u00f3n\",\"publisher\":{\"@id\":\"https:\\\/\\\/canal7slp.tv\\\/2022\\\/#organization\"},\"potentialAction\":[{\"@type\":\"SearchAction\",\"target\":{\"@type\":\"EntryPoint\",\"urlTemplate\":\"https:\\\/\\\/canal7slp.tv\\\/2022\\\/?s={search_term_string}\"},\"query-input\":{\"@type\":\"PropertyValueSpecification\",\"valueRequired\":true,\"valueName\":\"search_term_string\"}}],\"inLanguage\":\"es\"},{\"@type\":\"Organization\",\"@id\":\"https:\\\/\\\/canal7slp.tv\\\/2022\\\/#organization\",\"name\":\"Noticieros Canal 7\",\"url\":\"https:\\\/\\\/canal7slp.tv\\\/2022\\\/\",\"logo\":{\"@type\":\"ImageObject\",\"inLanguage\":\"es\",\"@id\":\"https:\\\/\\\/canal7slp.tv\\\/2022\\\/#\\\/schema\\\/logo\\\/image\\\/\",\"url\":\"https:\\\/\\\/canal7slp.tv\\\/2022\\\/wp-content\\\/uploads\\\/2021\\\/01\\\/logo-noticieros@2x.png\",\"contentUrl\":\"https:\\\/\\\/canal7slp.tv\\\/2022\\\/wp-content\\\/uploads\\\/2021\\\/01\\\/logo-noticieros@2x.png\",\"width\":1017,\"height\":268,\"caption\":\"Noticieros Canal 7\"},\"image\":{\"@id\":\"https:\\\/\\\/canal7slp.tv\\\/2022\\\/#\\\/schema\\\/logo\\\/image\\\/\"},\"sameAs\":[\"https:\\\/\\\/www.facebook.com\\\/noticieroscanalsiete\",\"https:\\\/\\\/x.com\\\/NOTICIEROS7\",\"https:\\\/\\\/www.instagram.com\\\/canal7_slp\",\"https:\\\/\\\/www.youtube.com\\\/channel\\\/UCliiYs-gP3JfJeqdPrNdd5A\"]},{\"@type\":\"Person\",\"@id\":\"https:\\\/\\\/canal7slp.tv\\\/2022\\\/#\\\/schema\\\/person\\\/429704152a21f5f856ce29aa69a238da\",\"name\":\"Edici\u00f3n Web\",\"image\":{\"@type\":\"ImageObject\",\"inLanguage\":\"es\",\"@id\":\"https:\\\/\\\/secure.gravatar.com\\\/avatar\\\/eee448fc3f7164808013b816ba91ac7e43bbe82a70bebac296f8bc6f0addaa1a?s=96&d=mm&r=g\",\"url\":\"https:\\\/\\\/secure.gravatar.com\\\/avatar\\\/eee448fc3f7164808013b816ba91ac7e43bbe82a70bebac296f8bc6f0addaa1a?s=96&d=mm&r=g\",\"contentUrl\":\"https:\\\/\\\/secure.gravatar.com\\\/avatar\\\/eee448fc3f7164808013b816ba91ac7e43bbe82a70bebac296f8bc6f0addaa1a?s=96&d=mm&r=g\",\"caption\":\"Edici\u00f3n Web\"},\"url\":\"https:\\\/\\\/canal7slp.tv\\\/2022\\\/author\\\/edicionweb\\\/\"}]}<\/script>\n<!-- \/ Yoast SEO plugin. -->","yoast_head_json":{"title":"Evaluaci\u00f3n constante amerita participaci\u00f3n de Fuerzas Armadas en tareas de seguridad p\u00fablica, se\u00f1ala vocero del Arzobispado. - Canal 7 SLP - 2022","robots":{"index":"index","follow":"follow","max-snippet":"max-snippet:-1","max-image-preview":"max-image-preview:large","max-video-preview":"max-video-preview:-1"},"canonical":"https:\/\/canal7slp.tv\/2022\/evaluacion-constante-amerita-participacion-de-fuerzas-armadas-en-tareas-de-seguridad-publica-senala-vocero-del-arzobispado\/","og_locale":"es_ES","og_type":"article","og_title":"Evaluaci\u00f3n constante amerita participaci\u00f3n de Fuerzas Armadas en tareas de seguridad p\u00fablica, se\u00f1ala vocero del Arzobispado. - Canal 7 SLP - 2022","og_description":"SLP.- En rueda de prensa, el vocero del arzobispado en San Luis Potos\u00ed, Tom\u00e1s Cruz Perales, indic\u00f3 que la participaci\u00f3n de las Fuerzas Armadas en acciones de seguridad p\u00fablica tendr\u00eda que ser evaluada de manera constante. Esto luego de se\u00f1alar los casos de abuso que se reportan a manos de quienes integran este cuerpo de seguridad. \u00abSe tiene que evaluar creo que por ah\u00ed hay una din\u00e1mica de estar evaluando la presencia de los militares en las calles y se tiene que hacer porque a final de cuenta hay muchos abusos y esto lo habido por parte de la misma [&hellip;]","og_url":"https:\/\/canal7slp.tv\/2022\/evaluacion-constante-amerita-participacion-de-fuerzas-armadas-en-tareas-de-seguridad-publica-senala-vocero-del-arzobispado\/","og_site_name":"Canal 7 SLP - 2022","article_publisher":"https:\/\/www.facebook.com\/noticieroscanalsiete","article_published_time":"2022-10-21T00:25:32+00:00","og_image":[{"width":888,"height":500,"url":"https:\/\/canal7slp.tv\/2022\/wp-content\/uploads\/2022\/10\/Vazquez03Igleisa.jpg","type":"image\/jpeg"}],"author":"Edici\u00f3n Web","twitter_card":"summary_large_image","twitter_creator":"@NOTICIEROS7","twitter_site":"@NOTICIEROS7","twitter_misc":{"Escrito por":"Edici\u00f3n Web","Tiempo de lectura":"2 minutos"},"schema":{"@context":"https:\/\/schema.org","@graph":[{"@type":"Article","@id":"https:\/\/canal7slp.tv\/2022\/evaluacion-constante-amerita-participacion-de-fuerzas-armadas-en-tareas-de-seguridad-publica-senala-vocero-del-arzobispado\/#article","isPartOf":{"@id":"https:\/\/canal7slp.tv\/2022\/evaluacion-constante-amerita-participacion-de-fuerzas-armadas-en-tareas-de-seguridad-publica-senala-vocero-del-arzobispado\/"},"author":{"name":"Edici\u00f3n Web","@id":"https:\/\/canal7slp.tv\/2022\/#\/schema\/person\/429704152a21f5f856ce29aa69a238da"},"headline":"Evaluaci\u00f3n constante amerita participaci\u00f3n de Fuerzas Armadas en tareas de seguridad p\u00fablica, se\u00f1ala vocero del Arzobispado.","datePublished":"2022-10-21T00:25:32+00:00","mainEntityOfPage":{"@id":"https:\/\/canal7slp.tv\/2022\/evaluacion-constante-amerita-participacion-de-fuerzas-armadas-en-tareas-de-seguridad-publica-senala-vocero-del-arzobispado\/"},"wordCount":313,"publisher":{"@id":"https:\/\/canal7slp.tv\/2022\/#organization"},"image":{"@id":"https:\/\/canal7slp.tv\/2022\/evaluacion-constante-amerita-participacion-de-fuerzas-armadas-en-tareas-de-seguridad-publica-senala-vocero-del-arzobispado\/#primaryimage"},"thumbnailUrl":"https:\/\/canal7slp.tv\/2022\/wp-content\/uploads\/2022\/10\/Vazquez03Igleisa.jpg","articleSection":["DESTACADAS","LOCALES Y REGIONALES"],"inLanguage":"es"},{"@type":"WebPage","@id":"https:\/\/canal7slp.tv\/2022\/evaluacion-constante-amerita-participacion-de-fuerzas-armadas-en-tareas-de-seguridad-publica-senala-vocero-del-arzobispado\/","url":"https:\/\/canal7slp.tv\/2022\/evaluacion-constante-amerita-participacion-de-fuerzas-armadas-en-tareas-de-seguridad-publica-senala-vocero-del-arzobispado\/","name":"Evaluaci\u00f3n constante amerita participaci\u00f3n de Fuerzas Armadas en tareas de seguridad p\u00fablica, se\u00f1ala vocero del Arzobispado. - Canal 7 SLP - 2022","isPartOf":{"@id":"https:\/\/canal7slp.tv\/2022\/#website"},"primaryImageOfPage":{"@id":"https:\/\/canal7slp.tv\/2022\/evaluacion-constante-amerita-participacion-de-fuerzas-armadas-en-tareas-de-seguridad-publica-senala-vocero-del-arzobispado\/#primaryimage"},"image":{"@id":"https:\/\/canal7slp.tv\/2022\/evaluacion-constante-amerita-participacion-de-fuerzas-armadas-en-tareas-de-seguridad-publica-senala-vocero-del-arzobispado\/#primaryimage"},"thumbnailUrl":"https:\/\/canal7slp.tv\/2022\/wp-content\/uploads\/2022\/10\/Vazquez03Igleisa.jpg","datePublished":"2022-10-21T00:25:32+00:00","breadcrumb":{"@id":"https:\/\/canal7slp.tv\/2022\/evaluacion-constante-amerita-participacion-de-fuerzas-armadas-en-tareas-de-seguridad-publica-senala-vocero-del-arzobispado\/#breadcrumb"},"inLanguage":"es","potentialAction":[{"@type":"ReadAction","target":["https:\/\/canal7slp.tv\/2022\/evaluacion-constante-amerita-participacion-de-fuerzas-armadas-en-tareas-de-seguridad-publica-senala-vocero-del-arzobispado\/"]}]},{"@type":"ImageObject","inLanguage":"es","@id":"https:\/\/canal7slp.tv\/2022\/evaluacion-constante-amerita-participacion-de-fuerzas-armadas-en-tareas-de-seguridad-publica-senala-vocero-del-arzobispado\/#primaryimage","url":"https:\/\/canal7slp.tv\/2022\/wp-content\/uploads\/2022\/10\/Vazquez03Igleisa.jpg","contentUrl":"https:\/\/canal7slp.tv\/2022\/wp-content\/uploads\/2022\/10\/Vazquez03Igleisa.jpg","width":888,"height":500},{"@type":"BreadcrumbList","@id":"https:\/\/canal7slp.tv\/2022\/evaluacion-constante-amerita-participacion-de-fuerzas-armadas-en-tareas-de-seguridad-publica-senala-vocero-del-arzobispado\/#breadcrumb","itemListElement":[{"@type":"ListItem","position":1,"name":"Portada","item":"https:\/\/canal7slp.tv\/2022\/"},{"@type":"ListItem","position":2,"name":"Evaluaci\u00f3n constante amerita participaci\u00f3n de Fuerzas Armadas en tareas de seguridad p\u00fablica, se\u00f1ala vocero del Arzobispado."}]},{"@type":"WebSite","@id":"https:\/\/canal7slp.tv\/2022\/#website","url":"https:\/\/canal7slp.tv\/2022\/","name":"N7 - Noticieros Canal 7","description":"Somos Televisi\u00f3n","publisher":{"@id":"https:\/\/canal7slp.tv\/2022\/#organization"},"potentialAction":[{"@type":"SearchAction","target":{"@type":"EntryPoint","urlTemplate":"https:\/\/canal7slp.tv\/2022\/?s={search_term_string}"},"query-input":{"@type":"PropertyValueSpecification","valueRequired":true,"valueName":"search_term_string"}}],"inLanguage":"es"},{"@type":"Organization","@id":"https:\/\/canal7slp.tv\/2022\/#organization","name":"Noticieros Canal 7","url":"https:\/\/canal7slp.tv\/2022\/","logo":{"@type":"ImageObject","inLanguage":"es","@id":"https:\/\/canal7slp.tv\/2022\/#\/schema\/logo\/image\/","url":"https:\/\/canal7slp.tv\/2022\/wp-content\/uploads\/2021\/01\/logo-noticieros@2x.png","contentUrl":"https:\/\/canal7slp.tv\/2022\/wp-content\/uploads\/2021\/01\/logo-noticieros@2x.png","width":1017,"height":268,"caption":"Noticieros Canal 7"},"image":{"@id":"https:\/\/canal7slp.tv\/2022\/#\/schema\/logo\/image\/"},"sameAs":["https:\/\/www.facebook.com\/noticieroscanalsiete","https:\/\/x.com\/NOTICIEROS7","https:\/\/www.instagram.com\/canal7_slp","https:\/\/www.youtube.com\/channel\/UCliiYs-gP3JfJeqdPrNdd5A"]},{"@type":"Person","@id":"https:\/\/canal7slp.tv\/2022\/#\/schema\/person\/429704152a21f5f856ce29aa69a238da","name":"Edici\u00f3n Web","image":{"@type":"ImageObject","inLanguage":"es","@id":"https:\/\/secure.gravatar.com\/avatar\/eee448fc3f7164808013b816ba91ac7e43bbe82a70bebac296f8bc6f0addaa1a?s=96&d=mm&r=g","url":"https:\/\/secure.gravatar.com\/avatar\/eee448fc3f7164808013b816ba91ac7e43bbe82a70bebac296f8bc6f0addaa1a?s=96&d=mm&r=g","contentUrl":"https:\/\/secure.gravatar.com\/avatar\/eee448fc3f7164808013b816ba91ac7e43bbe82a70bebac296f8bc6f0addaa1a?s=96&d=mm&r=g","caption":"Edici\u00f3n Web"},"url":"https:\/\/canal7slp.tv\/2022\/author\/edicionweb\/"}]}},"amp_enabled":true,"_links":{"self":[{"href":"https:\/\/canal7slp.tv\/2022\/wp-json\/wp\/v2\/posts\/76196","targetHints":{"allow":["GET"]}}],"collection":[{"href":"https:\/\/canal7slp.tv\/2022\/wp-json\/wp\/v2\/posts"}],"about":[{"href":"https:\/\/canal7slp.tv\/2022\/wp-json\/wp\/v2\/types\/post"}],"author":[{"embeddable":true,"href":"https:\/\/canal7slp.tv\/2022\/wp-json\/wp\/v2\/users\/2"}],"replies":[{"embeddable":true,"href":"https:\/\/canal7slp.tv\/2022\/wp-json\/wp\/v2\/comments?post=76196"}],"version-history":[{"count":3,"href":"https:\/\/canal7slp.tv\/2022\/wp-json\/wp\/v2\/posts\/76196\/revisions"}],"predecessor-version":[{"id":76230,"href":"https:\/\/canal7slp.tv\/2022\/wp-json\/wp\/v2\/posts\/76196\/revisions\/76230"}],"wp:featuredmedia":[{"embeddable":true,"href":"https:\/\/canal7slp.tv\/2022\/wp-json\/wp\/v2\/media\/76229"}],"wp:attachment":[{"href":"https:\/\/canal7slp.tv\/2022\/wp-json\/wp\/v2\/media?parent=76196"}],"wp:term":[{"taxonomy":"category","embeddable":true,"href":"https:\/\/canal7slp.tv\/2022\/wp-json\/wp\/v2\/categories?post=76196"},{"taxonomy":"post_tag","embeddable":true,"href":"https:\/\/canal7slp.tv\/2022\/wp-json\/wp\/v2\/tags?post=76196"}],"curies":[{"name":"wp","href":"https:\/\/api.w.org\/{rel}","templated":true}]}}