{"id":76194,"date":"2022-10-20T18:18:22","date_gmt":"2022-10-21T00:18:22","guid":{"rendered":"https:\/\/canal7slp.tv\/2022\/?p=76194"},"modified":"2022-10-20T18:18:22","modified_gmt":"2022-10-21T00:18:22","slug":"confirman-segundo-caso-de-viruela-del-mono-en-slp-2","status":"publish","type":"post","link":"https:\/\/canal7slp.tv\/2022\/confirman-segundo-caso-de-viruela-del-mono-en-slp-2\/","title":{"rendered":"Confirman segundo caso de viruela del mono en SLP."},"content":{"rendered":"<ul>\n<li>Gobernador descarta que por el momento vayan a cambiar las medidas sanitarias.<\/li>\n<\/ul>\n<p style=\"text-align: justify;\">SLP.- El gobernador del Estado, Jos\u00e9 Ricardo Gallardo Cardona, confirm\u00f3 que ya suman dos casos de viruela del mono en San Luis Potos\u00ed.<\/p>\n<p style=\"text-align: justify;\">Cabe recordar que el primero de ellos se registr\u00f3 a principios del mes de agosto y correspondi\u00f3 a una persona que habr\u00eda viajado al extranjero.<\/p>\n<p style=\"text-align: justify;\">El mandatario estatal no dio m\u00e1s detalles sobre el nuevo contagio, pero indico que desde la Secretar\u00eda de Salud se dar\u00e1 m\u00e1s informaci\u00f3n al respecto.<\/p>\n<p style=\"text-align: justify;\">\u00abAhorita lo que estamos con alerta es con la viruela del mono que ya tuvimos dos casos en San Luis Potos\u00ed, y bueno ahorita la Secretar\u00eda de Salud est\u00e1 bastante al pendiente, s\u00ed hubiera un tercer o cuarto caso, entonces si va a haber medidas que van a cambiar\u00bb, dijo.<\/p>\n<p style=\"text-align: justify;\">As\u00ed lo mencion\u00f3 luego de ser cuestionado sobre la declaratoria de emergencia a nivel internacional por el virus de la covid-19 y d\u00f3nde respondi\u00f3 que no habr\u00e1 cambios en las medidas sanitarias, salvo que los casos de viruela si aumenten en el territorio.<\/p>\n<p style=\"text-align: justify;\">Aunado a ello, hizo un llamado para que la poblaci\u00f3n acuda a vacunarse contra la influenza ante la llegada de la temporada invernal.<\/p>\n<p style=\"text-align: justify;\">\u201cEl secretario de Salud va a entregar lineamientos, es un tema donde tenemos que vacunarnos un tema que cada a\u00f1o lo tenemos que hacer muchos lo dejaron de hacer porque estaban m\u00e1s preocupados por el Covid, pero hoy ya libramos el Covid y hay que cuidarnos de eso para que estemos bien vacunados\u201c, agreg\u00f3.<\/p>\n<p>Por: Jos\u00e9 Luis V\u00e1zquez<\/p>\n","protected":false},"excerpt":{"rendered":"<p>Gobernador descarta que por el momento vayan a cambiar las medidas sanitarias. SLP.- El gobernador del Estado, Jos\u00e9 Ricardo Gallardo Cardona, confirm\u00f3 que ya suman dos casos de viruela del mono en San Luis Potos\u00ed. Cabe recordar que el primero de ellos se registr\u00f3 a principios del mes de agosto y correspondi\u00f3 a una persona que habr\u00eda viajado al extranjero. El mandatario estatal no dio m\u00e1s detalles sobre el nuevo contagio, pero indico que desde la Secretar\u00eda de Salud se dar\u00e1 m\u00e1s informaci\u00f3n al respecto. \u00abAhorita lo que estamos con alerta es con la viruela del mono que ya tuvimos [&hellip;]<\/p>\n","protected":false},"author":2,"featured_media":76225,"comment_status":"closed","ping_status":"closed","sticky":false,"template":"","format":"video","meta":{"footnotes":""},"categories":[5,510,45],"tags":[],"class_list":["post-76194","post","type-post","status-publish","format-video","has-post-thumbnail","hentry","category-destacadas","category-gobedoslp","category-localesyregionales","post_format-post-format-video","post--single"],"yoast_head":"<!-- This site is optimized with the Yoast SEO plugin v27.4 - https:\/\/yoast.com\/product\/yoast-seo-wordpress\/ -->\n<title>Confirman segundo caso de viruela del mono en SLP. - Canal 7 SLP - 2022<\/title>\n<meta name=\"robots\" content=\"index, follow, max-snippet:-1, max-image-preview:large, max-video-preview:-1\" \/>\n<link rel=\"canonical\" href=\"https:\/\/canal7slp.tv\/2022\/confirman-segundo-caso-de-viruela-del-mono-en-slp-2\/\" \/>\n<meta property=\"og:locale\" content=\"es_ES\" \/>\n<meta property=\"og:type\" content=\"article\" \/>\n<meta property=\"og:title\" content=\"Confirman segundo caso de viruela del mono en SLP. - Canal 7 SLP - 2022\" \/>\n<meta property=\"og:description\" content=\"Gobernador descarta que por el momento vayan a cambiar las medidas sanitarias. SLP.- El gobernador del Estado, Jos\u00e9 Ricardo Gallardo Cardona, confirm\u00f3 que ya suman dos casos de viruela del mono en San Luis Potos\u00ed. Cabe recordar que el primero de ellos se registr\u00f3 a principios del mes de agosto y correspondi\u00f3 a una persona que habr\u00eda viajado al extranjero. El mandatario estatal no dio m\u00e1s detalles sobre el nuevo contagio, pero indico que desde la Secretar\u00eda de Salud se dar\u00e1 m\u00e1s informaci\u00f3n al respecto. \u00abAhorita lo que estamos con alerta es con la viruela del mono que ya tuvimos [&hellip;]\" \/>\n<meta property=\"og:url\" content=\"https:\/\/canal7slp.tv\/2022\/confirman-segundo-caso-de-viruela-del-mono-en-slp-2\/\" \/>\n<meta property=\"og:site_name\" content=\"Canal 7 SLP - 2022\" \/>\n<meta property=\"article:publisher\" content=\"https:\/\/www.facebook.com\/noticieroscanalsiete\" \/>\n<meta property=\"article:published_time\" content=\"2022-10-21T00:18:22+00:00\" \/>\n<meta property=\"og:image\" content=\"https:\/\/canal7slp.tv\/2022\/wp-content\/uploads\/2022\/10\/Vazquez01Viruela.jpg\" \/>\n\t<meta property=\"og:image:width\" content=\"888\" \/>\n\t<meta property=\"og:image:height\" content=\"500\" \/>\n\t<meta property=\"og:image:type\" content=\"image\/jpeg\" \/>\n<meta name=\"author\" content=\"Edici\u00f3n Web\" \/>\n<meta name=\"twitter:card\" content=\"summary_large_image\" \/>\n<meta name=\"twitter:creator\" content=\"@NOTICIEROS7\" \/>\n<meta name=\"twitter:site\" content=\"@NOTICIEROS7\" \/>\n<meta name=\"twitter:label1\" content=\"Escrito por\" \/>\n\t<meta name=\"twitter:data1\" content=\"Edici\u00f3n Web\" \/>\n\t<meta name=\"twitter:label2\" content=\"Tiempo de lectura\" \/>\n\t<meta name=\"twitter:data2\" content=\"2 minutos\" \/>\n<script type=\"application\/ld+json\" class=\"yoast-schema-graph\">{\"@context\":\"https:\\\/\\\/schema.org\",\"@graph\":[{\"@type\":\"Article\",\"@id\":\"https:\\\/\\\/canal7slp.tv\\\/2022\\\/confirman-segundo-caso-de-viruela-del-mono-en-slp-2\\\/#article\",\"isPartOf\":{\"@id\":\"https:\\\/\\\/canal7slp.tv\\\/2022\\\/confirman-segundo-caso-de-viruela-del-mono-en-slp-2\\\/\"},\"author\":{\"name\":\"Edici\u00f3n Web\",\"@id\":\"https:\\\/\\\/canal7slp.tv\\\/2022\\\/#\\\/schema\\\/person\\\/429704152a21f5f856ce29aa69a238da\"},\"headline\":\"Confirman segundo caso de viruela del mono en SLP.\",\"datePublished\":\"2022-10-21T00:18:22+00:00\",\"mainEntityOfPage\":{\"@id\":\"https:\\\/\\\/canal7slp.tv\\\/2022\\\/confirman-segundo-caso-de-viruela-del-mono-en-slp-2\\\/\"},\"wordCount\":280,\"publisher\":{\"@id\":\"https:\\\/\\\/canal7slp.tv\\\/2022\\\/#organization\"},\"image\":{\"@id\":\"https:\\\/\\\/canal7slp.tv\\\/2022\\\/confirman-segundo-caso-de-viruela-del-mono-en-slp-2\\\/#primaryimage\"},\"thumbnailUrl\":\"https:\\\/\\\/canal7slp.tv\\\/2022\\\/wp-content\\\/uploads\\\/2022\\\/10\\\/Vazquez01Viruela.jpg\",\"articleSection\":[\"DESTACADAS\",\"GOBEDOSLP\",\"LOCALES Y REGIONALES\"],\"inLanguage\":\"es\"},{\"@type\":\"WebPage\",\"@id\":\"https:\\\/\\\/canal7slp.tv\\\/2022\\\/confirman-segundo-caso-de-viruela-del-mono-en-slp-2\\\/\",\"url\":\"https:\\\/\\\/canal7slp.tv\\\/2022\\\/confirman-segundo-caso-de-viruela-del-mono-en-slp-2\\\/\",\"name\":\"Confirman segundo caso de viruela del mono en SLP. - Canal 7 SLP - 2022\",\"isPartOf\":{\"@id\":\"https:\\\/\\\/canal7slp.tv\\\/2022\\\/#website\"},\"primaryImageOfPage\":{\"@id\":\"https:\\\/\\\/canal7slp.tv\\\/2022\\\/confirman-segundo-caso-de-viruela-del-mono-en-slp-2\\\/#primaryimage\"},\"image\":{\"@id\":\"https:\\\/\\\/canal7slp.tv\\\/2022\\\/confirman-segundo-caso-de-viruela-del-mono-en-slp-2\\\/#primaryimage\"},\"thumbnailUrl\":\"https:\\\/\\\/canal7slp.tv\\\/2022\\\/wp-content\\\/uploads\\\/2022\\\/10\\\/Vazquez01Viruela.jpg\",\"datePublished\":\"2022-10-21T00:18:22+00:00\",\"breadcrumb\":{\"@id\":\"https:\\\/\\\/canal7slp.tv\\\/2022\\\/confirman-segundo-caso-de-viruela-del-mono-en-slp-2\\\/#breadcrumb\"},\"inLanguage\":\"es\",\"potentialAction\":[{\"@type\":\"ReadAction\",\"target\":[\"https:\\\/\\\/canal7slp.tv\\\/2022\\\/confirman-segundo-caso-de-viruela-del-mono-en-slp-2\\\/\"]}]},{\"@type\":\"ImageObject\",\"inLanguage\":\"es\",\"@id\":\"https:\\\/\\\/canal7slp.tv\\\/2022\\\/confirman-segundo-caso-de-viruela-del-mono-en-slp-2\\\/#primaryimage\",\"url\":\"https:\\\/\\\/canal7slp.tv\\\/2022\\\/wp-content\\\/uploads\\\/2022\\\/10\\\/Vazquez01Viruela.jpg\",\"contentUrl\":\"https:\\\/\\\/canal7slp.tv\\\/2022\\\/wp-content\\\/uploads\\\/2022\\\/10\\\/Vazquez01Viruela.jpg\",\"width\":888,\"height\":500},{\"@type\":\"BreadcrumbList\",\"@id\":\"https:\\\/\\\/canal7slp.tv\\\/2022\\\/confirman-segundo-caso-de-viruela-del-mono-en-slp-2\\\/#breadcrumb\",\"itemListElement\":[{\"@type\":\"ListItem\",\"position\":1,\"name\":\"Portada\",\"item\":\"https:\\\/\\\/canal7slp.tv\\\/2022\\\/\"},{\"@type\":\"ListItem\",\"position\":2,\"name\":\"Confirman segundo caso de viruela del mono en SLP.\"}]},{\"@type\":\"WebSite\",\"@id\":\"https:\\\/\\\/canal7slp.tv\\\/2022\\\/#website\",\"url\":\"https:\\\/\\\/canal7slp.tv\\\/2022\\\/\",\"name\":\"N7 - Noticieros Canal 7\",\"description\":\"Somos Televisi\u00f3n\",\"publisher\":{\"@id\":\"https:\\\/\\\/canal7slp.tv\\\/2022\\\/#organization\"},\"potentialAction\":[{\"@type\":\"SearchAction\",\"target\":{\"@type\":\"EntryPoint\",\"urlTemplate\":\"https:\\\/\\\/canal7slp.tv\\\/2022\\\/?s={search_term_string}\"},\"query-input\":{\"@type\":\"PropertyValueSpecification\",\"valueRequired\":true,\"valueName\":\"search_term_string\"}}],\"inLanguage\":\"es\"},{\"@type\":\"Organization\",\"@id\":\"https:\\\/\\\/canal7slp.tv\\\/2022\\\/#organization\",\"name\":\"Noticieros Canal 7\",\"url\":\"https:\\\/\\\/canal7slp.tv\\\/2022\\\/\",\"logo\":{\"@type\":\"ImageObject\",\"inLanguage\":\"es\",\"@id\":\"https:\\\/\\\/canal7slp.tv\\\/2022\\\/#\\\/schema\\\/logo\\\/image\\\/\",\"url\":\"https:\\\/\\\/canal7slp.tv\\\/2022\\\/wp-content\\\/uploads\\\/2021\\\/01\\\/logo-noticieros@2x.png\",\"contentUrl\":\"https:\\\/\\\/canal7slp.tv\\\/2022\\\/wp-content\\\/uploads\\\/2021\\\/01\\\/logo-noticieros@2x.png\",\"width\":1017,\"height\":268,\"caption\":\"Noticieros Canal 7\"},\"image\":{\"@id\":\"https:\\\/\\\/canal7slp.tv\\\/2022\\\/#\\\/schema\\\/logo\\\/image\\\/\"},\"sameAs\":[\"https:\\\/\\\/www.facebook.com\\\/noticieroscanalsiete\",\"https:\\\/\\\/x.com\\\/NOTICIEROS7\",\"https:\\\/\\\/www.instagram.com\\\/canal7_slp\",\"https:\\\/\\\/www.youtube.com\\\/channel\\\/UCliiYs-gP3JfJeqdPrNdd5A\"]},{\"@type\":\"Person\",\"@id\":\"https:\\\/\\\/canal7slp.tv\\\/2022\\\/#\\\/schema\\\/person\\\/429704152a21f5f856ce29aa69a238da\",\"name\":\"Edici\u00f3n Web\",\"image\":{\"@type\":\"ImageObject\",\"inLanguage\":\"es\",\"@id\":\"https:\\\/\\\/secure.gravatar.com\\\/avatar\\\/eee448fc3f7164808013b816ba91ac7e43bbe82a70bebac296f8bc6f0addaa1a?s=96&d=mm&r=g\",\"url\":\"https:\\\/\\\/secure.gravatar.com\\\/avatar\\\/eee448fc3f7164808013b816ba91ac7e43bbe82a70bebac296f8bc6f0addaa1a?s=96&d=mm&r=g\",\"contentUrl\":\"https:\\\/\\\/secure.gravatar.com\\\/avatar\\\/eee448fc3f7164808013b816ba91ac7e43bbe82a70bebac296f8bc6f0addaa1a?s=96&d=mm&r=g\",\"caption\":\"Edici\u00f3n Web\"},\"url\":\"https:\\\/\\\/canal7slp.tv\\\/2022\\\/author\\\/edicionweb\\\/\"}]}<\/script>\n<!-- \/ Yoast SEO plugin. -->","yoast_head_json":{"title":"Confirman segundo caso de viruela del mono en SLP. - Canal 7 SLP - 2022","robots":{"index":"index","follow":"follow","max-snippet":"max-snippet:-1","max-image-preview":"max-image-preview:large","max-video-preview":"max-video-preview:-1"},"canonical":"https:\/\/canal7slp.tv\/2022\/confirman-segundo-caso-de-viruela-del-mono-en-slp-2\/","og_locale":"es_ES","og_type":"article","og_title":"Confirman segundo caso de viruela del mono en SLP. - Canal 7 SLP - 2022","og_description":"Gobernador descarta que por el momento vayan a cambiar las medidas sanitarias. SLP.- El gobernador del Estado, Jos\u00e9 Ricardo Gallardo Cardona, confirm\u00f3 que ya suman dos casos de viruela del mono en San Luis Potos\u00ed. Cabe recordar que el primero de ellos se registr\u00f3 a principios del mes de agosto y correspondi\u00f3 a una persona que habr\u00eda viajado al extranjero. El mandatario estatal no dio m\u00e1s detalles sobre el nuevo contagio, pero indico que desde la Secretar\u00eda de Salud se dar\u00e1 m\u00e1s informaci\u00f3n al respecto. \u00abAhorita lo que estamos con alerta es con la viruela del mono que ya tuvimos [&hellip;]","og_url":"https:\/\/canal7slp.tv\/2022\/confirman-segundo-caso-de-viruela-del-mono-en-slp-2\/","og_site_name":"Canal 7 SLP - 2022","article_publisher":"https:\/\/www.facebook.com\/noticieroscanalsiete","article_published_time":"2022-10-21T00:18:22+00:00","og_image":[{"width":888,"height":500,"url":"https:\/\/canal7slp.tv\/2022\/wp-content\/uploads\/2022\/10\/Vazquez01Viruela.jpg","type":"image\/jpeg"}],"author":"Edici\u00f3n Web","twitter_card":"summary_large_image","twitter_creator":"@NOTICIEROS7","twitter_site":"@NOTICIEROS7","twitter_misc":{"Escrito por":"Edici\u00f3n Web","Tiempo de lectura":"2 minutos"},"schema":{"@context":"https:\/\/schema.org","@graph":[{"@type":"Article","@id":"https:\/\/canal7slp.tv\/2022\/confirman-segundo-caso-de-viruela-del-mono-en-slp-2\/#article","isPartOf":{"@id":"https:\/\/canal7slp.tv\/2022\/confirman-segundo-caso-de-viruela-del-mono-en-slp-2\/"},"author":{"name":"Edici\u00f3n Web","@id":"https:\/\/canal7slp.tv\/2022\/#\/schema\/person\/429704152a21f5f856ce29aa69a238da"},"headline":"Confirman segundo caso de viruela del mono en SLP.","datePublished":"2022-10-21T00:18:22+00:00","mainEntityOfPage":{"@id":"https:\/\/canal7slp.tv\/2022\/confirman-segundo-caso-de-viruela-del-mono-en-slp-2\/"},"wordCount":280,"publisher":{"@id":"https:\/\/canal7slp.tv\/2022\/#organization"},"image":{"@id":"https:\/\/canal7slp.tv\/2022\/confirman-segundo-caso-de-viruela-del-mono-en-slp-2\/#primaryimage"},"thumbnailUrl":"https:\/\/canal7slp.tv\/2022\/wp-content\/uploads\/2022\/10\/Vazquez01Viruela.jpg","articleSection":["DESTACADAS","GOBEDOSLP","LOCALES Y REGIONALES"],"inLanguage":"es"},{"@type":"WebPage","@id":"https:\/\/canal7slp.tv\/2022\/confirman-segundo-caso-de-viruela-del-mono-en-slp-2\/","url":"https:\/\/canal7slp.tv\/2022\/confirman-segundo-caso-de-viruela-del-mono-en-slp-2\/","name":"Confirman segundo caso de viruela del mono en SLP. - Canal 7 SLP - 2022","isPartOf":{"@id":"https:\/\/canal7slp.tv\/2022\/#website"},"primaryImageOfPage":{"@id":"https:\/\/canal7slp.tv\/2022\/confirman-segundo-caso-de-viruela-del-mono-en-slp-2\/#primaryimage"},"image":{"@id":"https:\/\/canal7slp.tv\/2022\/confirman-segundo-caso-de-viruela-del-mono-en-slp-2\/#primaryimage"},"thumbnailUrl":"https:\/\/canal7slp.tv\/2022\/wp-content\/uploads\/2022\/10\/Vazquez01Viruela.jpg","datePublished":"2022-10-21T00:18:22+00:00","breadcrumb":{"@id":"https:\/\/canal7slp.tv\/2022\/confirman-segundo-caso-de-viruela-del-mono-en-slp-2\/#breadcrumb"},"inLanguage":"es","potentialAction":[{"@type":"ReadAction","target":["https:\/\/canal7slp.tv\/2022\/confirman-segundo-caso-de-viruela-del-mono-en-slp-2\/"]}]},{"@type":"ImageObject","inLanguage":"es","@id":"https:\/\/canal7slp.tv\/2022\/confirman-segundo-caso-de-viruela-del-mono-en-slp-2\/#primaryimage","url":"https:\/\/canal7slp.tv\/2022\/wp-content\/uploads\/2022\/10\/Vazquez01Viruela.jpg","contentUrl":"https:\/\/canal7slp.tv\/2022\/wp-content\/uploads\/2022\/10\/Vazquez01Viruela.jpg","width":888,"height":500},{"@type":"BreadcrumbList","@id":"https:\/\/canal7slp.tv\/2022\/confirman-segundo-caso-de-viruela-del-mono-en-slp-2\/#breadcrumb","itemListElement":[{"@type":"ListItem","position":1,"name":"Portada","item":"https:\/\/canal7slp.tv\/2022\/"},{"@type":"ListItem","position":2,"name":"Confirman segundo caso de viruela del mono en SLP."}]},{"@type":"WebSite","@id":"https:\/\/canal7slp.tv\/2022\/#website","url":"https:\/\/canal7slp.tv\/2022\/","name":"N7 - Noticieros Canal 7","description":"Somos Televisi\u00f3n","publisher":{"@id":"https:\/\/canal7slp.tv\/2022\/#organization"},"potentialAction":[{"@type":"SearchAction","target":{"@type":"EntryPoint","urlTemplate":"https:\/\/canal7slp.tv\/2022\/?s={search_term_string}"},"query-input":{"@type":"PropertyValueSpecification","valueRequired":true,"valueName":"search_term_string"}}],"inLanguage":"es"},{"@type":"Organization","@id":"https:\/\/canal7slp.tv\/2022\/#organization","name":"Noticieros Canal 7","url":"https:\/\/canal7slp.tv\/2022\/","logo":{"@type":"ImageObject","inLanguage":"es","@id":"https:\/\/canal7slp.tv\/2022\/#\/schema\/logo\/image\/","url":"https:\/\/canal7slp.tv\/2022\/wp-content\/uploads\/2021\/01\/logo-noticieros@2x.png","contentUrl":"https:\/\/canal7slp.tv\/2022\/wp-content\/uploads\/2021\/01\/logo-noticieros@2x.png","width":1017,"height":268,"caption":"Noticieros Canal 7"},"image":{"@id":"https:\/\/canal7slp.tv\/2022\/#\/schema\/logo\/image\/"},"sameAs":["https:\/\/www.facebook.com\/noticieroscanalsiete","https:\/\/x.com\/NOTICIEROS7","https:\/\/www.instagram.com\/canal7_slp","https:\/\/www.youtube.com\/channel\/UCliiYs-gP3JfJeqdPrNdd5A"]},{"@type":"Person","@id":"https:\/\/canal7slp.tv\/2022\/#\/schema\/person\/429704152a21f5f856ce29aa69a238da","name":"Edici\u00f3n Web","image":{"@type":"ImageObject","inLanguage":"es","@id":"https:\/\/secure.gravatar.com\/avatar\/eee448fc3f7164808013b816ba91ac7e43bbe82a70bebac296f8bc6f0addaa1a?s=96&d=mm&r=g","url":"https:\/\/secure.gravatar.com\/avatar\/eee448fc3f7164808013b816ba91ac7e43bbe82a70bebac296f8bc6f0addaa1a?s=96&d=mm&r=g","contentUrl":"https:\/\/secure.gravatar.com\/avatar\/eee448fc3f7164808013b816ba91ac7e43bbe82a70bebac296f8bc6f0addaa1a?s=96&d=mm&r=g","caption":"Edici\u00f3n Web"},"url":"https:\/\/canal7slp.tv\/2022\/author\/edicionweb\/"}]}},"amp_enabled":true,"_links":{"self":[{"href":"https:\/\/canal7slp.tv\/2022\/wp-json\/wp\/v2\/posts\/76194","targetHints":{"allow":["GET"]}}],"collection":[{"href":"https:\/\/canal7slp.tv\/2022\/wp-json\/wp\/v2\/posts"}],"about":[{"href":"https:\/\/canal7slp.tv\/2022\/wp-json\/wp\/v2\/types\/post"}],"author":[{"embeddable":true,"href":"https:\/\/canal7slp.tv\/2022\/wp-json\/wp\/v2\/users\/2"}],"replies":[{"embeddable":true,"href":"https:\/\/canal7slp.tv\/2022\/wp-json\/wp\/v2\/comments?post=76194"}],"version-history":[{"count":3,"href":"https:\/\/canal7slp.tv\/2022\/wp-json\/wp\/v2\/posts\/76194\/revisions"}],"predecessor-version":[{"id":76226,"href":"https:\/\/canal7slp.tv\/2022\/wp-json\/wp\/v2\/posts\/76194\/revisions\/76226"}],"wp:featuredmedia":[{"embeddable":true,"href":"https:\/\/canal7slp.tv\/2022\/wp-json\/wp\/v2\/media\/76225"}],"wp:attachment":[{"href":"https:\/\/canal7slp.tv\/2022\/wp-json\/wp\/v2\/media?parent=76194"}],"wp:term":[{"taxonomy":"category","embeddable":true,"href":"https:\/\/canal7slp.tv\/2022\/wp-json\/wp\/v2\/categories?post=76194"},{"taxonomy":"post_tag","embeddable":true,"href":"https:\/\/canal7slp.tv\/2022\/wp-json\/wp\/v2\/tags?post=76194"}],"curies":[{"name":"wp","href":"https:\/\/api.w.org\/{rel}","templated":true}]}}