{"id":75730,"date":"2022-10-15T18:36:24","date_gmt":"2022-10-16T00:36:24","guid":{"rendered":"https:\/\/canal7slp.tv\/2022\/?p=75730"},"modified":"2022-10-15T18:36:24","modified_gmt":"2022-10-16T00:36:24","slug":"diego-hernandez-anda-es-reelecto-como-secretario-general-de-la-seccion-13-del-sitatyr","status":"publish","type":"post","link":"https:\/\/canal7slp.tv\/2022\/diego-hernandez-anda-es-reelecto-como-secretario-general-de-la-seccion-13-del-sitatyr\/","title":{"rendered":"Diego Hern\u00e1ndez Anda es reelecto como Secretario General de la Secci\u00f3n 13 del SITATYR."},"content":{"rendered":"<ul>\n<li>Este fin de semana, integrantes del Comit\u00e9 Seccional tomaron protesta y fueron destacados incrementos salariales alcanzados.<\/li>\n<\/ul>\n<p style=\"text-align: justify;\">SLP.- En ceremonia efectuada en sus instalaciones los integrantes de la secci\u00f3n 13 del Sindicato Industrial de Trabajadores de la Televisi\u00f3n y la Radio, reeligieron a su dirigente sindical Diego Hern\u00e1ndez Anda para el periodo del 15 de Octubre de 2022 al 15 de Octubre de 2026.<\/p>\n<p style=\"text-align: justify;\">Antes de tomar protesta de ley rindi\u00f3 un informe de lo realizado al frente de su gesti\u00f3n durante los \u00faltimos cuatro a\u00f1os en donde el l\u00edder sindical, destac\u00f3 los incrementos salariales para los trabajadores.<\/p>\n<p style=\"text-align: justify;\">A esta asamblea asistieron 120 de los 153 integrantes de esta secci\u00f3n quienes votaron de manera un\u00e1nime por su dirigente para refrendarle su apoyo.<\/p>\n<p style=\"text-align: justify;\">Asimismo, el secretario general de la secci\u00f3n 13 del SITATYR hizo menci\u00f3n tambi\u00e9n de los apoyos a familiares de trabajadores de este gremio, que por diversas circunstancias han fallecido.<\/p>\n<p style=\"text-align: justify;\">Posteriormente, el Secretario General del Comit\u00e9 Ejecutivo Nacional del SITATYR Patricio Flores Sandoval tom\u00f3 la protesta de ley a los integrantes de la secci\u00f3n 13 de este sindicato, en donde su secretario electo pronunci\u00f3 un mensaje.<\/p>\n<p style=\"text-align: justify;\">Al hacer uso de la palabra el secretario general del CEN del SITATYR afirm\u00f3 que con las nuevas reformas los procesos legales en materia laboral, beneficiar\u00e1n a los trabajadores sindicalizados a diferencia de la anterior ley laboral que dijo, hac\u00edan m\u00e1s lentos estos procesos.<\/p>\n<p>Por: Claudio Ibarra<\/p>\n","protected":false},"excerpt":{"rendered":"<p>Este fin de semana, integrantes del Comit\u00e9 Seccional tomaron protesta y fueron destacados incrementos salariales alcanzados. SLP.- En ceremonia efectuada en sus instalaciones los integrantes de la secci\u00f3n 13 del Sindicato Industrial de Trabajadores de la Televisi\u00f3n y la Radio, reeligieron a su dirigente sindical Diego Hern\u00e1ndez Anda para el periodo del 15 de Octubre de 2022 al 15 de Octubre de 2026. Antes de tomar protesta de ley rindi\u00f3 un informe de lo realizado al frente de su gesti\u00f3n durante los \u00faltimos cuatro a\u00f1os en donde el l\u00edder sindical, destac\u00f3 los incrementos salariales para los trabajadores. A esta asamblea [&hellip;]<\/p>\n","protected":false},"author":2,"featured_media":75740,"comment_status":"closed","ping_status":"closed","sticky":false,"template":"","format":"video","meta":{"footnotes":""},"categories":[5,45],"tags":[],"class_list":["post-75730","post","type-post","status-publish","format-video","has-post-thumbnail","hentry","category-destacadas","category-localesyregionales","post_format-post-format-video","post--single"],"yoast_head":"<!-- This site is optimized with the Yoast SEO plugin v27.4 - https:\/\/yoast.com\/product\/yoast-seo-wordpress\/ -->\n<title>Diego Hern\u00e1ndez Anda es reelecto como Secretario General de la Secci\u00f3n 13 del SITATYR. - Canal 7 SLP - 2022<\/title>\n<meta name=\"robots\" content=\"index, follow, max-snippet:-1, max-image-preview:large, max-video-preview:-1\" \/>\n<link rel=\"canonical\" href=\"https:\/\/canal7slp.tv\/2022\/diego-hernandez-anda-es-reelecto-como-secretario-general-de-la-seccion-13-del-sitatyr\/\" \/>\n<meta property=\"og:locale\" content=\"es_ES\" \/>\n<meta property=\"og:type\" content=\"article\" \/>\n<meta property=\"og:title\" content=\"Diego Hern\u00e1ndez Anda es reelecto como Secretario General de la Secci\u00f3n 13 del SITATYR. - Canal 7 SLP - 2022\" \/>\n<meta property=\"og:description\" content=\"Este fin de semana, integrantes del Comit\u00e9 Seccional tomaron protesta y fueron destacados incrementos salariales alcanzados. SLP.- En ceremonia efectuada en sus instalaciones los integrantes de la secci\u00f3n 13 del Sindicato Industrial de Trabajadores de la Televisi\u00f3n y la Radio, reeligieron a su dirigente sindical Diego Hern\u00e1ndez Anda para el periodo del 15 de Octubre de 2022 al 15 de Octubre de 2026. Antes de tomar protesta de ley rindi\u00f3 un informe de lo realizado al frente de su gesti\u00f3n durante los \u00faltimos cuatro a\u00f1os en donde el l\u00edder sindical, destac\u00f3 los incrementos salariales para los trabajadores. A esta asamblea [&hellip;]\" \/>\n<meta property=\"og:url\" content=\"https:\/\/canal7slp.tv\/2022\/diego-hernandez-anda-es-reelecto-como-secretario-general-de-la-seccion-13-del-sitatyr\/\" \/>\n<meta property=\"og:site_name\" content=\"Canal 7 SLP - 2022\" \/>\n<meta property=\"article:publisher\" content=\"https:\/\/www.facebook.com\/noticieroscanalsiete\" \/>\n<meta property=\"article:published_time\" content=\"2022-10-16T00:36:24+00:00\" \/>\n<meta property=\"og:image\" content=\"https:\/\/canal7slp.tv\/2022\/wp-content\/uploads\/2022\/10\/Claudio02Sitatyr.jpg\" \/>\n\t<meta property=\"og:image:width\" content=\"888\" \/>\n\t<meta property=\"og:image:height\" content=\"500\" \/>\n\t<meta property=\"og:image:type\" content=\"image\/jpeg\" \/>\n<meta name=\"author\" content=\"Edici\u00f3n Web\" \/>\n<meta name=\"twitter:card\" content=\"summary_large_image\" \/>\n<meta name=\"twitter:creator\" content=\"@NOTICIEROS7\" \/>\n<meta name=\"twitter:site\" content=\"@NOTICIEROS7\" \/>\n<meta name=\"twitter:label1\" content=\"Escrito por\" \/>\n\t<meta name=\"twitter:data1\" content=\"Edici\u00f3n Web\" \/>\n\t<meta name=\"twitter:label2\" content=\"Tiempo de lectura\" \/>\n\t<meta name=\"twitter:data2\" content=\"2 minutos\" \/>\n<script type=\"application\/ld+json\" class=\"yoast-schema-graph\">{\"@context\":\"https:\\\/\\\/schema.org\",\"@graph\":[{\"@type\":\"Article\",\"@id\":\"https:\\\/\\\/canal7slp.tv\\\/2022\\\/diego-hernandez-anda-es-reelecto-como-secretario-general-de-la-seccion-13-del-sitatyr\\\/#article\",\"isPartOf\":{\"@id\":\"https:\\\/\\\/canal7slp.tv\\\/2022\\\/diego-hernandez-anda-es-reelecto-como-secretario-general-de-la-seccion-13-del-sitatyr\\\/\"},\"author\":{\"name\":\"Edici\u00f3n Web\",\"@id\":\"https:\\\/\\\/canal7slp.tv\\\/2022\\\/#\\\/schema\\\/person\\\/429704152a21f5f856ce29aa69a238da\"},\"headline\":\"Diego Hern\u00e1ndez Anda es reelecto como Secretario General de la Secci\u00f3n 13 del SITATYR.\",\"datePublished\":\"2022-10-16T00:36:24+00:00\",\"mainEntityOfPage\":{\"@id\":\"https:\\\/\\\/canal7slp.tv\\\/2022\\\/diego-hernandez-anda-es-reelecto-como-secretario-general-de-la-seccion-13-del-sitatyr\\\/\"},\"wordCount\":255,\"publisher\":{\"@id\":\"https:\\\/\\\/canal7slp.tv\\\/2022\\\/#organization\"},\"image\":{\"@id\":\"https:\\\/\\\/canal7slp.tv\\\/2022\\\/diego-hernandez-anda-es-reelecto-como-secretario-general-de-la-seccion-13-del-sitatyr\\\/#primaryimage\"},\"thumbnailUrl\":\"https:\\\/\\\/canal7slp.tv\\\/2022\\\/wp-content\\\/uploads\\\/2022\\\/10\\\/Claudio02Sitatyr.jpg\",\"articleSection\":[\"DESTACADAS\",\"LOCALES Y REGIONALES\"],\"inLanguage\":\"es\"},{\"@type\":\"WebPage\",\"@id\":\"https:\\\/\\\/canal7slp.tv\\\/2022\\\/diego-hernandez-anda-es-reelecto-como-secretario-general-de-la-seccion-13-del-sitatyr\\\/\",\"url\":\"https:\\\/\\\/canal7slp.tv\\\/2022\\\/diego-hernandez-anda-es-reelecto-como-secretario-general-de-la-seccion-13-del-sitatyr\\\/\",\"name\":\"Diego Hern\u00e1ndez Anda es reelecto como Secretario General de la Secci\u00f3n 13 del SITATYR. - Canal 7 SLP - 2022\",\"isPartOf\":{\"@id\":\"https:\\\/\\\/canal7slp.tv\\\/2022\\\/#website\"},\"primaryImageOfPage\":{\"@id\":\"https:\\\/\\\/canal7slp.tv\\\/2022\\\/diego-hernandez-anda-es-reelecto-como-secretario-general-de-la-seccion-13-del-sitatyr\\\/#primaryimage\"},\"image\":{\"@id\":\"https:\\\/\\\/canal7slp.tv\\\/2022\\\/diego-hernandez-anda-es-reelecto-como-secretario-general-de-la-seccion-13-del-sitatyr\\\/#primaryimage\"},\"thumbnailUrl\":\"https:\\\/\\\/canal7slp.tv\\\/2022\\\/wp-content\\\/uploads\\\/2022\\\/10\\\/Claudio02Sitatyr.jpg\",\"datePublished\":\"2022-10-16T00:36:24+00:00\",\"breadcrumb\":{\"@id\":\"https:\\\/\\\/canal7slp.tv\\\/2022\\\/diego-hernandez-anda-es-reelecto-como-secretario-general-de-la-seccion-13-del-sitatyr\\\/#breadcrumb\"},\"inLanguage\":\"es\",\"potentialAction\":[{\"@type\":\"ReadAction\",\"target\":[\"https:\\\/\\\/canal7slp.tv\\\/2022\\\/diego-hernandez-anda-es-reelecto-como-secretario-general-de-la-seccion-13-del-sitatyr\\\/\"]}]},{\"@type\":\"ImageObject\",\"inLanguage\":\"es\",\"@id\":\"https:\\\/\\\/canal7slp.tv\\\/2022\\\/diego-hernandez-anda-es-reelecto-como-secretario-general-de-la-seccion-13-del-sitatyr\\\/#primaryimage\",\"url\":\"https:\\\/\\\/canal7slp.tv\\\/2022\\\/wp-content\\\/uploads\\\/2022\\\/10\\\/Claudio02Sitatyr.jpg\",\"contentUrl\":\"https:\\\/\\\/canal7slp.tv\\\/2022\\\/wp-content\\\/uploads\\\/2022\\\/10\\\/Claudio02Sitatyr.jpg\",\"width\":888,\"height\":500},{\"@type\":\"BreadcrumbList\",\"@id\":\"https:\\\/\\\/canal7slp.tv\\\/2022\\\/diego-hernandez-anda-es-reelecto-como-secretario-general-de-la-seccion-13-del-sitatyr\\\/#breadcrumb\",\"itemListElement\":[{\"@type\":\"ListItem\",\"position\":1,\"name\":\"Portada\",\"item\":\"https:\\\/\\\/canal7slp.tv\\\/2022\\\/\"},{\"@type\":\"ListItem\",\"position\":2,\"name\":\"Diego Hern\u00e1ndez Anda es reelecto como Secretario General de la Secci\u00f3n 13 del SITATYR.\"}]},{\"@type\":\"WebSite\",\"@id\":\"https:\\\/\\\/canal7slp.tv\\\/2022\\\/#website\",\"url\":\"https:\\\/\\\/canal7slp.tv\\\/2022\\\/\",\"name\":\"N7 - Noticieros Canal 7\",\"description\":\"Somos Televisi\u00f3n\",\"publisher\":{\"@id\":\"https:\\\/\\\/canal7slp.tv\\\/2022\\\/#organization\"},\"potentialAction\":[{\"@type\":\"SearchAction\",\"target\":{\"@type\":\"EntryPoint\",\"urlTemplate\":\"https:\\\/\\\/canal7slp.tv\\\/2022\\\/?s={search_term_string}\"},\"query-input\":{\"@type\":\"PropertyValueSpecification\",\"valueRequired\":true,\"valueName\":\"search_term_string\"}}],\"inLanguage\":\"es\"},{\"@type\":\"Organization\",\"@id\":\"https:\\\/\\\/canal7slp.tv\\\/2022\\\/#organization\",\"name\":\"Noticieros Canal 7\",\"url\":\"https:\\\/\\\/canal7slp.tv\\\/2022\\\/\",\"logo\":{\"@type\":\"ImageObject\",\"inLanguage\":\"es\",\"@id\":\"https:\\\/\\\/canal7slp.tv\\\/2022\\\/#\\\/schema\\\/logo\\\/image\\\/\",\"url\":\"https:\\\/\\\/canal7slp.tv\\\/2022\\\/wp-content\\\/uploads\\\/2021\\\/01\\\/logo-noticieros@2x.png\",\"contentUrl\":\"https:\\\/\\\/canal7slp.tv\\\/2022\\\/wp-content\\\/uploads\\\/2021\\\/01\\\/logo-noticieros@2x.png\",\"width\":1017,\"height\":268,\"caption\":\"Noticieros Canal 7\"},\"image\":{\"@id\":\"https:\\\/\\\/canal7slp.tv\\\/2022\\\/#\\\/schema\\\/logo\\\/image\\\/\"},\"sameAs\":[\"https:\\\/\\\/www.facebook.com\\\/noticieroscanalsiete\",\"https:\\\/\\\/x.com\\\/NOTICIEROS7\",\"https:\\\/\\\/www.instagram.com\\\/canal7_slp\",\"https:\\\/\\\/www.youtube.com\\\/channel\\\/UCliiYs-gP3JfJeqdPrNdd5A\"]},{\"@type\":\"Person\",\"@id\":\"https:\\\/\\\/canal7slp.tv\\\/2022\\\/#\\\/schema\\\/person\\\/429704152a21f5f856ce29aa69a238da\",\"name\":\"Edici\u00f3n Web\",\"image\":{\"@type\":\"ImageObject\",\"inLanguage\":\"es\",\"@id\":\"https:\\\/\\\/secure.gravatar.com\\\/avatar\\\/eee448fc3f7164808013b816ba91ac7e43bbe82a70bebac296f8bc6f0addaa1a?s=96&d=mm&r=g\",\"url\":\"https:\\\/\\\/secure.gravatar.com\\\/avatar\\\/eee448fc3f7164808013b816ba91ac7e43bbe82a70bebac296f8bc6f0addaa1a?s=96&d=mm&r=g\",\"contentUrl\":\"https:\\\/\\\/secure.gravatar.com\\\/avatar\\\/eee448fc3f7164808013b816ba91ac7e43bbe82a70bebac296f8bc6f0addaa1a?s=96&d=mm&r=g\",\"caption\":\"Edici\u00f3n Web\"},\"url\":\"https:\\\/\\\/canal7slp.tv\\\/2022\\\/author\\\/edicionweb\\\/\"}]}<\/script>\n<!-- \/ Yoast SEO plugin. -->","yoast_head_json":{"title":"Diego Hern\u00e1ndez Anda es reelecto como Secretario General de la Secci\u00f3n 13 del SITATYR. - Canal 7 SLP - 2022","robots":{"index":"index","follow":"follow","max-snippet":"max-snippet:-1","max-image-preview":"max-image-preview:large","max-video-preview":"max-video-preview:-1"},"canonical":"https:\/\/canal7slp.tv\/2022\/diego-hernandez-anda-es-reelecto-como-secretario-general-de-la-seccion-13-del-sitatyr\/","og_locale":"es_ES","og_type":"article","og_title":"Diego Hern\u00e1ndez Anda es reelecto como Secretario General de la Secci\u00f3n 13 del SITATYR. - Canal 7 SLP - 2022","og_description":"Este fin de semana, integrantes del Comit\u00e9 Seccional tomaron protesta y fueron destacados incrementos salariales alcanzados. SLP.- En ceremonia efectuada en sus instalaciones los integrantes de la secci\u00f3n 13 del Sindicato Industrial de Trabajadores de la Televisi\u00f3n y la Radio, reeligieron a su dirigente sindical Diego Hern\u00e1ndez Anda para el periodo del 15 de Octubre de 2022 al 15 de Octubre de 2026. Antes de tomar protesta de ley rindi\u00f3 un informe de lo realizado al frente de su gesti\u00f3n durante los \u00faltimos cuatro a\u00f1os en donde el l\u00edder sindical, destac\u00f3 los incrementos salariales para los trabajadores. A esta asamblea [&hellip;]","og_url":"https:\/\/canal7slp.tv\/2022\/diego-hernandez-anda-es-reelecto-como-secretario-general-de-la-seccion-13-del-sitatyr\/","og_site_name":"Canal 7 SLP - 2022","article_publisher":"https:\/\/www.facebook.com\/noticieroscanalsiete","article_published_time":"2022-10-16T00:36:24+00:00","og_image":[{"width":888,"height":500,"url":"https:\/\/canal7slp.tv\/2022\/wp-content\/uploads\/2022\/10\/Claudio02Sitatyr.jpg","type":"image\/jpeg"}],"author":"Edici\u00f3n Web","twitter_card":"summary_large_image","twitter_creator":"@NOTICIEROS7","twitter_site":"@NOTICIEROS7","twitter_misc":{"Escrito por":"Edici\u00f3n Web","Tiempo de lectura":"2 minutos"},"schema":{"@context":"https:\/\/schema.org","@graph":[{"@type":"Article","@id":"https:\/\/canal7slp.tv\/2022\/diego-hernandez-anda-es-reelecto-como-secretario-general-de-la-seccion-13-del-sitatyr\/#article","isPartOf":{"@id":"https:\/\/canal7slp.tv\/2022\/diego-hernandez-anda-es-reelecto-como-secretario-general-de-la-seccion-13-del-sitatyr\/"},"author":{"name":"Edici\u00f3n Web","@id":"https:\/\/canal7slp.tv\/2022\/#\/schema\/person\/429704152a21f5f856ce29aa69a238da"},"headline":"Diego Hern\u00e1ndez Anda es reelecto como Secretario General de la Secci\u00f3n 13 del SITATYR.","datePublished":"2022-10-16T00:36:24+00:00","mainEntityOfPage":{"@id":"https:\/\/canal7slp.tv\/2022\/diego-hernandez-anda-es-reelecto-como-secretario-general-de-la-seccion-13-del-sitatyr\/"},"wordCount":255,"publisher":{"@id":"https:\/\/canal7slp.tv\/2022\/#organization"},"image":{"@id":"https:\/\/canal7slp.tv\/2022\/diego-hernandez-anda-es-reelecto-como-secretario-general-de-la-seccion-13-del-sitatyr\/#primaryimage"},"thumbnailUrl":"https:\/\/canal7slp.tv\/2022\/wp-content\/uploads\/2022\/10\/Claudio02Sitatyr.jpg","articleSection":["DESTACADAS","LOCALES Y REGIONALES"],"inLanguage":"es"},{"@type":"WebPage","@id":"https:\/\/canal7slp.tv\/2022\/diego-hernandez-anda-es-reelecto-como-secretario-general-de-la-seccion-13-del-sitatyr\/","url":"https:\/\/canal7slp.tv\/2022\/diego-hernandez-anda-es-reelecto-como-secretario-general-de-la-seccion-13-del-sitatyr\/","name":"Diego Hern\u00e1ndez Anda es reelecto como Secretario General de la Secci\u00f3n 13 del SITATYR. - Canal 7 SLP - 2022","isPartOf":{"@id":"https:\/\/canal7slp.tv\/2022\/#website"},"primaryImageOfPage":{"@id":"https:\/\/canal7slp.tv\/2022\/diego-hernandez-anda-es-reelecto-como-secretario-general-de-la-seccion-13-del-sitatyr\/#primaryimage"},"image":{"@id":"https:\/\/canal7slp.tv\/2022\/diego-hernandez-anda-es-reelecto-como-secretario-general-de-la-seccion-13-del-sitatyr\/#primaryimage"},"thumbnailUrl":"https:\/\/canal7slp.tv\/2022\/wp-content\/uploads\/2022\/10\/Claudio02Sitatyr.jpg","datePublished":"2022-10-16T00:36:24+00:00","breadcrumb":{"@id":"https:\/\/canal7slp.tv\/2022\/diego-hernandez-anda-es-reelecto-como-secretario-general-de-la-seccion-13-del-sitatyr\/#breadcrumb"},"inLanguage":"es","potentialAction":[{"@type":"ReadAction","target":["https:\/\/canal7slp.tv\/2022\/diego-hernandez-anda-es-reelecto-como-secretario-general-de-la-seccion-13-del-sitatyr\/"]}]},{"@type":"ImageObject","inLanguage":"es","@id":"https:\/\/canal7slp.tv\/2022\/diego-hernandez-anda-es-reelecto-como-secretario-general-de-la-seccion-13-del-sitatyr\/#primaryimage","url":"https:\/\/canal7slp.tv\/2022\/wp-content\/uploads\/2022\/10\/Claudio02Sitatyr.jpg","contentUrl":"https:\/\/canal7slp.tv\/2022\/wp-content\/uploads\/2022\/10\/Claudio02Sitatyr.jpg","width":888,"height":500},{"@type":"BreadcrumbList","@id":"https:\/\/canal7slp.tv\/2022\/diego-hernandez-anda-es-reelecto-como-secretario-general-de-la-seccion-13-del-sitatyr\/#breadcrumb","itemListElement":[{"@type":"ListItem","position":1,"name":"Portada","item":"https:\/\/canal7slp.tv\/2022\/"},{"@type":"ListItem","position":2,"name":"Diego Hern\u00e1ndez Anda es reelecto como Secretario General de la Secci\u00f3n 13 del SITATYR."}]},{"@type":"WebSite","@id":"https:\/\/canal7slp.tv\/2022\/#website","url":"https:\/\/canal7slp.tv\/2022\/","name":"N7 - Noticieros Canal 7","description":"Somos Televisi\u00f3n","publisher":{"@id":"https:\/\/canal7slp.tv\/2022\/#organization"},"potentialAction":[{"@type":"SearchAction","target":{"@type":"EntryPoint","urlTemplate":"https:\/\/canal7slp.tv\/2022\/?s={search_term_string}"},"query-input":{"@type":"PropertyValueSpecification","valueRequired":true,"valueName":"search_term_string"}}],"inLanguage":"es"},{"@type":"Organization","@id":"https:\/\/canal7slp.tv\/2022\/#organization","name":"Noticieros Canal 7","url":"https:\/\/canal7slp.tv\/2022\/","logo":{"@type":"ImageObject","inLanguage":"es","@id":"https:\/\/canal7slp.tv\/2022\/#\/schema\/logo\/image\/","url":"https:\/\/canal7slp.tv\/2022\/wp-content\/uploads\/2021\/01\/logo-noticieros@2x.png","contentUrl":"https:\/\/canal7slp.tv\/2022\/wp-content\/uploads\/2021\/01\/logo-noticieros@2x.png","width":1017,"height":268,"caption":"Noticieros Canal 7"},"image":{"@id":"https:\/\/canal7slp.tv\/2022\/#\/schema\/logo\/image\/"},"sameAs":["https:\/\/www.facebook.com\/noticieroscanalsiete","https:\/\/x.com\/NOTICIEROS7","https:\/\/www.instagram.com\/canal7_slp","https:\/\/www.youtube.com\/channel\/UCliiYs-gP3JfJeqdPrNdd5A"]},{"@type":"Person","@id":"https:\/\/canal7slp.tv\/2022\/#\/schema\/person\/429704152a21f5f856ce29aa69a238da","name":"Edici\u00f3n Web","image":{"@type":"ImageObject","inLanguage":"es","@id":"https:\/\/secure.gravatar.com\/avatar\/eee448fc3f7164808013b816ba91ac7e43bbe82a70bebac296f8bc6f0addaa1a?s=96&d=mm&r=g","url":"https:\/\/secure.gravatar.com\/avatar\/eee448fc3f7164808013b816ba91ac7e43bbe82a70bebac296f8bc6f0addaa1a?s=96&d=mm&r=g","contentUrl":"https:\/\/secure.gravatar.com\/avatar\/eee448fc3f7164808013b816ba91ac7e43bbe82a70bebac296f8bc6f0addaa1a?s=96&d=mm&r=g","caption":"Edici\u00f3n Web"},"url":"https:\/\/canal7slp.tv\/2022\/author\/edicionweb\/"}]}},"amp_enabled":true,"_links":{"self":[{"href":"https:\/\/canal7slp.tv\/2022\/wp-json\/wp\/v2\/posts\/75730","targetHints":{"allow":["GET"]}}],"collection":[{"href":"https:\/\/canal7slp.tv\/2022\/wp-json\/wp\/v2\/posts"}],"about":[{"href":"https:\/\/canal7slp.tv\/2022\/wp-json\/wp\/v2\/types\/post"}],"author":[{"embeddable":true,"href":"https:\/\/canal7slp.tv\/2022\/wp-json\/wp\/v2\/users\/2"}],"replies":[{"embeddable":true,"href":"https:\/\/canal7slp.tv\/2022\/wp-json\/wp\/v2\/comments?post=75730"}],"version-history":[{"count":2,"href":"https:\/\/canal7slp.tv\/2022\/wp-json\/wp\/v2\/posts\/75730\/revisions"}],"predecessor-version":[{"id":75741,"href":"https:\/\/canal7slp.tv\/2022\/wp-json\/wp\/v2\/posts\/75730\/revisions\/75741"}],"wp:featuredmedia":[{"embeddable":true,"href":"https:\/\/canal7slp.tv\/2022\/wp-json\/wp\/v2\/media\/75740"}],"wp:attachment":[{"href":"https:\/\/canal7slp.tv\/2022\/wp-json\/wp\/v2\/media?parent=75730"}],"wp:term":[{"taxonomy":"category","embeddable":true,"href":"https:\/\/canal7slp.tv\/2022\/wp-json\/wp\/v2\/categories?post=75730"},{"taxonomy":"post_tag","embeddable":true,"href":"https:\/\/canal7slp.tv\/2022\/wp-json\/wp\/v2\/tags?post=75730"}],"curies":[{"name":"wp","href":"https:\/\/api.w.org\/{rel}","templated":true}]}}