{"id":75708,"date":"2022-10-15T14:46:03","date_gmt":"2022-10-15T20:46:03","guid":{"rendered":"https:\/\/canal7slp.tv\/2022\/?p=75708"},"modified":"2022-10-15T14:46:03","modified_gmt":"2022-10-15T20:46:03","slug":"karl-se-debilita-y-se-transforma-en-ciclon-post-tropical","status":"publish","type":"post","link":"https:\/\/canal7slp.tv\/2022\/karl-se-debilita-y-se-transforma-en-ciclon-post-tropical\/","title":{"rendered":"Karl se debilita y se transforma en cicl\u00f3n post-tropical"},"content":{"rendered":"<p style=\"text-align: justify;\">M\u00e9xico.- \u00abKarl\u00bb, que amenazaba el sureste de M\u00e9xico, perdi\u00f3 fuerza este s\u00e1bado hasta convertirse en un cicl\u00f3n postropical, aunque inundaciones y deslizamientos a causa de fuertes lluvias pueden registrarse durante el fin de semana en \u00e1reas meridionales del pa\u00eds.<\/p>\n<p style=\"text-align: justify;\">El Centro Nacional de Huracanes (NHC) de Estados Unidos que lo que resta del sistema se encontraba alrededor de las 9:00 horas alrededor de 125 km de Ciudad del Carmen y 155 km de Coatzacoalcos, Veracruz.<\/p>\n<p style=\"text-align: justify;\">Karl se mueve hacia el suroeste a 7 km\/h y se espera un movimiento de suroeste a oeste hoy a lo largo de la costa del sur de M\u00e9xico y tierra adentro a medida que avance la jornada.<\/p>\n<p style=\"text-align: justify;\">Los vientos m\u00e1ximos sostenidos han disminuido a cerca de 45 km\/h con r\u00e1fagas m\u00e1s fuertes.<\/p>\n<p style=\"text-align: justify;\">Se pronostica un debilitamiento adicional y se espera que el sistema se disipe esta noche.<\/p>\n<p style=\"text-align: justify;\">Las marejadas generadas por este sistema afectar\u00e1n a la costa provocando condiciones de resaca y de corrientes marinas.<\/p>\n","protected":false},"excerpt":{"rendered":"<p>M\u00e9xico.- \u00abKarl\u00bb, que amenazaba el sureste de M\u00e9xico, perdi\u00f3 fuerza este s\u00e1bado hasta convertirse en un cicl\u00f3n postropical, aunque inundaciones y deslizamientos a causa de fuertes lluvias pueden registrarse durante el fin de semana en \u00e1reas meridionales del pa\u00eds. El Centro Nacional de Huracanes (NHC) de Estados Unidos que lo que resta del sistema se encontraba alrededor de las 9:00 horas alrededor de 125 km de Ciudad del Carmen y 155 km de Coatzacoalcos, Veracruz. Karl se mueve hacia el suroeste a 7 km\/h y se espera un movimiento de suroeste a oeste hoy a lo largo de la costa [&hellip;]<\/p>\n","protected":false},"author":2,"featured_media":75719,"comment_status":"closed","ping_status":"closed","sticky":false,"template":"","format":"standard","meta":{"footnotes":""},"categories":[46],"tags":[],"class_list":["post-75708","post","type-post","status-publish","format-standard","has-post-thumbnail","hentry","category-nacional","post--single"],"yoast_head":"<!-- This site is optimized with the Yoast SEO plugin v27.4 - https:\/\/yoast.com\/product\/yoast-seo-wordpress\/ -->\n<title>Karl se debilita y se transforma en cicl\u00f3n post-tropical - Canal 7 SLP - 2022<\/title>\n<meta name=\"robots\" content=\"index, follow, max-snippet:-1, max-image-preview:large, max-video-preview:-1\" \/>\n<link rel=\"canonical\" href=\"https:\/\/canal7slp.tv\/2022\/karl-se-debilita-y-se-transforma-en-ciclon-post-tropical\/\" \/>\n<meta property=\"og:locale\" content=\"es_ES\" \/>\n<meta property=\"og:type\" content=\"article\" \/>\n<meta property=\"og:title\" content=\"Karl se debilita y se transforma en cicl\u00f3n post-tropical - Canal 7 SLP - 2022\" \/>\n<meta property=\"og:description\" content=\"M\u00e9xico.- \u00abKarl\u00bb, que amenazaba el sureste de M\u00e9xico, perdi\u00f3 fuerza este s\u00e1bado hasta convertirse en un cicl\u00f3n postropical, aunque inundaciones y deslizamientos a causa de fuertes lluvias pueden registrarse durante el fin de semana en \u00e1reas meridionales del pa\u00eds. El Centro Nacional de Huracanes (NHC) de Estados Unidos que lo que resta del sistema se encontraba alrededor de las 9:00 horas alrededor de 125 km de Ciudad del Carmen y 155 km de Coatzacoalcos, Veracruz. Karl se mueve hacia el suroeste a 7 km\/h y se espera un movimiento de suroeste a oeste hoy a lo largo de la costa [&hellip;]\" \/>\n<meta property=\"og:url\" content=\"https:\/\/canal7slp.tv\/2022\/karl-se-debilita-y-se-transforma-en-ciclon-post-tropical\/\" \/>\n<meta property=\"og:site_name\" content=\"Canal 7 SLP - 2022\" \/>\n<meta property=\"article:publisher\" content=\"https:\/\/www.facebook.com\/noticieroscanalsiete\" \/>\n<meta property=\"article:published_time\" content=\"2022-10-15T20:46:03+00:00\" \/>\n<meta property=\"og:image\" content=\"https:\/\/canal7slp.tv\/2022\/wp-content\/uploads\/2022\/10\/04-12.jpg\" \/>\n\t<meta property=\"og:image:width\" content=\"1280\" \/>\n\t<meta property=\"og:image:height\" content=\"853\" \/>\n\t<meta property=\"og:image:type\" content=\"image\/jpeg\" \/>\n<meta name=\"author\" content=\"Edici\u00f3n Web\" \/>\n<meta name=\"twitter:card\" content=\"summary_large_image\" \/>\n<meta name=\"twitter:creator\" content=\"@NOTICIEROS7\" \/>\n<meta name=\"twitter:site\" content=\"@NOTICIEROS7\" \/>\n<meta name=\"twitter:label1\" content=\"Escrito por\" \/>\n\t<meta name=\"twitter:data1\" content=\"Edici\u00f3n Web\" \/>\n\t<meta name=\"twitter:label2\" content=\"Tiempo de lectura\" \/>\n\t<meta name=\"twitter:data2\" content=\"1 minuto\" \/>\n<script type=\"application\/ld+json\" class=\"yoast-schema-graph\">{\"@context\":\"https:\\\/\\\/schema.org\",\"@graph\":[{\"@type\":\"Article\",\"@id\":\"https:\\\/\\\/canal7slp.tv\\\/2022\\\/karl-se-debilita-y-se-transforma-en-ciclon-post-tropical\\\/#article\",\"isPartOf\":{\"@id\":\"https:\\\/\\\/canal7slp.tv\\\/2022\\\/karl-se-debilita-y-se-transforma-en-ciclon-post-tropical\\\/\"},\"author\":{\"name\":\"Edici\u00f3n Web\",\"@id\":\"https:\\\/\\\/canal7slp.tv\\\/2022\\\/#\\\/schema\\\/person\\\/429704152a21f5f856ce29aa69a238da\"},\"headline\":\"Karl se debilita y se transforma en cicl\u00f3n post-tropical\",\"datePublished\":\"2022-10-15T20:46:03+00:00\",\"mainEntityOfPage\":{\"@id\":\"https:\\\/\\\/canal7slp.tv\\\/2022\\\/karl-se-debilita-y-se-transforma-en-ciclon-post-tropical\\\/\"},\"wordCount\":179,\"publisher\":{\"@id\":\"https:\\\/\\\/canal7slp.tv\\\/2022\\\/#organization\"},\"image\":{\"@id\":\"https:\\\/\\\/canal7slp.tv\\\/2022\\\/karl-se-debilita-y-se-transforma-en-ciclon-post-tropical\\\/#primaryimage\"},\"thumbnailUrl\":\"https:\\\/\\\/canal7slp.tv\\\/2022\\\/wp-content\\\/uploads\\\/2022\\\/10\\\/04-12.jpg\",\"articleSection\":[\"NACIONALES\"],\"inLanguage\":\"es\"},{\"@type\":\"WebPage\",\"@id\":\"https:\\\/\\\/canal7slp.tv\\\/2022\\\/karl-se-debilita-y-se-transforma-en-ciclon-post-tropical\\\/\",\"url\":\"https:\\\/\\\/canal7slp.tv\\\/2022\\\/karl-se-debilita-y-se-transforma-en-ciclon-post-tropical\\\/\",\"name\":\"Karl se debilita y se transforma en cicl\u00f3n post-tropical - Canal 7 SLP - 2022\",\"isPartOf\":{\"@id\":\"https:\\\/\\\/canal7slp.tv\\\/2022\\\/#website\"},\"primaryImageOfPage\":{\"@id\":\"https:\\\/\\\/canal7slp.tv\\\/2022\\\/karl-se-debilita-y-se-transforma-en-ciclon-post-tropical\\\/#primaryimage\"},\"image\":{\"@id\":\"https:\\\/\\\/canal7slp.tv\\\/2022\\\/karl-se-debilita-y-se-transforma-en-ciclon-post-tropical\\\/#primaryimage\"},\"thumbnailUrl\":\"https:\\\/\\\/canal7slp.tv\\\/2022\\\/wp-content\\\/uploads\\\/2022\\\/10\\\/04-12.jpg\",\"datePublished\":\"2022-10-15T20:46:03+00:00\",\"breadcrumb\":{\"@id\":\"https:\\\/\\\/canal7slp.tv\\\/2022\\\/karl-se-debilita-y-se-transforma-en-ciclon-post-tropical\\\/#breadcrumb\"},\"inLanguage\":\"es\",\"potentialAction\":[{\"@type\":\"ReadAction\",\"target\":[\"https:\\\/\\\/canal7slp.tv\\\/2022\\\/karl-se-debilita-y-se-transforma-en-ciclon-post-tropical\\\/\"]}]},{\"@type\":\"ImageObject\",\"inLanguage\":\"es\",\"@id\":\"https:\\\/\\\/canal7slp.tv\\\/2022\\\/karl-se-debilita-y-se-transforma-en-ciclon-post-tropical\\\/#primaryimage\",\"url\":\"https:\\\/\\\/canal7slp.tv\\\/2022\\\/wp-content\\\/uploads\\\/2022\\\/10\\\/04-12.jpg\",\"contentUrl\":\"https:\\\/\\\/canal7slp.tv\\\/2022\\\/wp-content\\\/uploads\\\/2022\\\/10\\\/04-12.jpg\",\"width\":1280,\"height\":853},{\"@type\":\"BreadcrumbList\",\"@id\":\"https:\\\/\\\/canal7slp.tv\\\/2022\\\/karl-se-debilita-y-se-transforma-en-ciclon-post-tropical\\\/#breadcrumb\",\"itemListElement\":[{\"@type\":\"ListItem\",\"position\":1,\"name\":\"Portada\",\"item\":\"https:\\\/\\\/canal7slp.tv\\\/2022\\\/\"},{\"@type\":\"ListItem\",\"position\":2,\"name\":\"Karl se debilita y se transforma en cicl\u00f3n post-tropical\"}]},{\"@type\":\"WebSite\",\"@id\":\"https:\\\/\\\/canal7slp.tv\\\/2022\\\/#website\",\"url\":\"https:\\\/\\\/canal7slp.tv\\\/2022\\\/\",\"name\":\"N7 - Noticieros Canal 7\",\"description\":\"Somos Televisi\u00f3n\",\"publisher\":{\"@id\":\"https:\\\/\\\/canal7slp.tv\\\/2022\\\/#organization\"},\"potentialAction\":[{\"@type\":\"SearchAction\",\"target\":{\"@type\":\"EntryPoint\",\"urlTemplate\":\"https:\\\/\\\/canal7slp.tv\\\/2022\\\/?s={search_term_string}\"},\"query-input\":{\"@type\":\"PropertyValueSpecification\",\"valueRequired\":true,\"valueName\":\"search_term_string\"}}],\"inLanguage\":\"es\"},{\"@type\":\"Organization\",\"@id\":\"https:\\\/\\\/canal7slp.tv\\\/2022\\\/#organization\",\"name\":\"Noticieros Canal 7\",\"url\":\"https:\\\/\\\/canal7slp.tv\\\/2022\\\/\",\"logo\":{\"@type\":\"ImageObject\",\"inLanguage\":\"es\",\"@id\":\"https:\\\/\\\/canal7slp.tv\\\/2022\\\/#\\\/schema\\\/logo\\\/image\\\/\",\"url\":\"https:\\\/\\\/canal7slp.tv\\\/2022\\\/wp-content\\\/uploads\\\/2021\\\/01\\\/logo-noticieros@2x.png\",\"contentUrl\":\"https:\\\/\\\/canal7slp.tv\\\/2022\\\/wp-content\\\/uploads\\\/2021\\\/01\\\/logo-noticieros@2x.png\",\"width\":1017,\"height\":268,\"caption\":\"Noticieros Canal 7\"},\"image\":{\"@id\":\"https:\\\/\\\/canal7slp.tv\\\/2022\\\/#\\\/schema\\\/logo\\\/image\\\/\"},\"sameAs\":[\"https:\\\/\\\/www.facebook.com\\\/noticieroscanalsiete\",\"https:\\\/\\\/x.com\\\/NOTICIEROS7\",\"https:\\\/\\\/www.instagram.com\\\/canal7_slp\",\"https:\\\/\\\/www.youtube.com\\\/channel\\\/UCliiYs-gP3JfJeqdPrNdd5A\"]},{\"@type\":\"Person\",\"@id\":\"https:\\\/\\\/canal7slp.tv\\\/2022\\\/#\\\/schema\\\/person\\\/429704152a21f5f856ce29aa69a238da\",\"name\":\"Edici\u00f3n Web\",\"image\":{\"@type\":\"ImageObject\",\"inLanguage\":\"es\",\"@id\":\"https:\\\/\\\/secure.gravatar.com\\\/avatar\\\/eee448fc3f7164808013b816ba91ac7e43bbe82a70bebac296f8bc6f0addaa1a?s=96&d=mm&r=g\",\"url\":\"https:\\\/\\\/secure.gravatar.com\\\/avatar\\\/eee448fc3f7164808013b816ba91ac7e43bbe82a70bebac296f8bc6f0addaa1a?s=96&d=mm&r=g\",\"contentUrl\":\"https:\\\/\\\/secure.gravatar.com\\\/avatar\\\/eee448fc3f7164808013b816ba91ac7e43bbe82a70bebac296f8bc6f0addaa1a?s=96&d=mm&r=g\",\"caption\":\"Edici\u00f3n Web\"},\"url\":\"https:\\\/\\\/canal7slp.tv\\\/2022\\\/author\\\/edicionweb\\\/\"}]}<\/script>\n<!-- \/ Yoast SEO plugin. -->","yoast_head_json":{"title":"Karl se debilita y se transforma en cicl\u00f3n post-tropical - Canal 7 SLP - 2022","robots":{"index":"index","follow":"follow","max-snippet":"max-snippet:-1","max-image-preview":"max-image-preview:large","max-video-preview":"max-video-preview:-1"},"canonical":"https:\/\/canal7slp.tv\/2022\/karl-se-debilita-y-se-transforma-en-ciclon-post-tropical\/","og_locale":"es_ES","og_type":"article","og_title":"Karl se debilita y se transforma en cicl\u00f3n post-tropical - Canal 7 SLP - 2022","og_description":"M\u00e9xico.- \u00abKarl\u00bb, que amenazaba el sureste de M\u00e9xico, perdi\u00f3 fuerza este s\u00e1bado hasta convertirse en un cicl\u00f3n postropical, aunque inundaciones y deslizamientos a causa de fuertes lluvias pueden registrarse durante el fin de semana en \u00e1reas meridionales del pa\u00eds. El Centro Nacional de Huracanes (NHC) de Estados Unidos que lo que resta del sistema se encontraba alrededor de las 9:00 horas alrededor de 125 km de Ciudad del Carmen y 155 km de Coatzacoalcos, Veracruz. Karl se mueve hacia el suroeste a 7 km\/h y se espera un movimiento de suroeste a oeste hoy a lo largo de la costa [&hellip;]","og_url":"https:\/\/canal7slp.tv\/2022\/karl-se-debilita-y-se-transforma-en-ciclon-post-tropical\/","og_site_name":"Canal 7 SLP - 2022","article_publisher":"https:\/\/www.facebook.com\/noticieroscanalsiete","article_published_time":"2022-10-15T20:46:03+00:00","og_image":[{"width":1280,"height":853,"url":"https:\/\/canal7slp.tv\/2022\/wp-content\/uploads\/2022\/10\/04-12.jpg","type":"image\/jpeg"}],"author":"Edici\u00f3n Web","twitter_card":"summary_large_image","twitter_creator":"@NOTICIEROS7","twitter_site":"@NOTICIEROS7","twitter_misc":{"Escrito por":"Edici\u00f3n Web","Tiempo de lectura":"1 minuto"},"schema":{"@context":"https:\/\/schema.org","@graph":[{"@type":"Article","@id":"https:\/\/canal7slp.tv\/2022\/karl-se-debilita-y-se-transforma-en-ciclon-post-tropical\/#article","isPartOf":{"@id":"https:\/\/canal7slp.tv\/2022\/karl-se-debilita-y-se-transforma-en-ciclon-post-tropical\/"},"author":{"name":"Edici\u00f3n Web","@id":"https:\/\/canal7slp.tv\/2022\/#\/schema\/person\/429704152a21f5f856ce29aa69a238da"},"headline":"Karl se debilita y se transforma en cicl\u00f3n post-tropical","datePublished":"2022-10-15T20:46:03+00:00","mainEntityOfPage":{"@id":"https:\/\/canal7slp.tv\/2022\/karl-se-debilita-y-se-transforma-en-ciclon-post-tropical\/"},"wordCount":179,"publisher":{"@id":"https:\/\/canal7slp.tv\/2022\/#organization"},"image":{"@id":"https:\/\/canal7slp.tv\/2022\/karl-se-debilita-y-se-transforma-en-ciclon-post-tropical\/#primaryimage"},"thumbnailUrl":"https:\/\/canal7slp.tv\/2022\/wp-content\/uploads\/2022\/10\/04-12.jpg","articleSection":["NACIONALES"],"inLanguage":"es"},{"@type":"WebPage","@id":"https:\/\/canal7slp.tv\/2022\/karl-se-debilita-y-se-transforma-en-ciclon-post-tropical\/","url":"https:\/\/canal7slp.tv\/2022\/karl-se-debilita-y-se-transforma-en-ciclon-post-tropical\/","name":"Karl se debilita y se transforma en cicl\u00f3n post-tropical - Canal 7 SLP - 2022","isPartOf":{"@id":"https:\/\/canal7slp.tv\/2022\/#website"},"primaryImageOfPage":{"@id":"https:\/\/canal7slp.tv\/2022\/karl-se-debilita-y-se-transforma-en-ciclon-post-tropical\/#primaryimage"},"image":{"@id":"https:\/\/canal7slp.tv\/2022\/karl-se-debilita-y-se-transforma-en-ciclon-post-tropical\/#primaryimage"},"thumbnailUrl":"https:\/\/canal7slp.tv\/2022\/wp-content\/uploads\/2022\/10\/04-12.jpg","datePublished":"2022-10-15T20:46:03+00:00","breadcrumb":{"@id":"https:\/\/canal7slp.tv\/2022\/karl-se-debilita-y-se-transforma-en-ciclon-post-tropical\/#breadcrumb"},"inLanguage":"es","potentialAction":[{"@type":"ReadAction","target":["https:\/\/canal7slp.tv\/2022\/karl-se-debilita-y-se-transforma-en-ciclon-post-tropical\/"]}]},{"@type":"ImageObject","inLanguage":"es","@id":"https:\/\/canal7slp.tv\/2022\/karl-se-debilita-y-se-transforma-en-ciclon-post-tropical\/#primaryimage","url":"https:\/\/canal7slp.tv\/2022\/wp-content\/uploads\/2022\/10\/04-12.jpg","contentUrl":"https:\/\/canal7slp.tv\/2022\/wp-content\/uploads\/2022\/10\/04-12.jpg","width":1280,"height":853},{"@type":"BreadcrumbList","@id":"https:\/\/canal7slp.tv\/2022\/karl-se-debilita-y-se-transforma-en-ciclon-post-tropical\/#breadcrumb","itemListElement":[{"@type":"ListItem","position":1,"name":"Portada","item":"https:\/\/canal7slp.tv\/2022\/"},{"@type":"ListItem","position":2,"name":"Karl se debilita y se transforma en cicl\u00f3n post-tropical"}]},{"@type":"WebSite","@id":"https:\/\/canal7slp.tv\/2022\/#website","url":"https:\/\/canal7slp.tv\/2022\/","name":"N7 - Noticieros Canal 7","description":"Somos Televisi\u00f3n","publisher":{"@id":"https:\/\/canal7slp.tv\/2022\/#organization"},"potentialAction":[{"@type":"SearchAction","target":{"@type":"EntryPoint","urlTemplate":"https:\/\/canal7slp.tv\/2022\/?s={search_term_string}"},"query-input":{"@type":"PropertyValueSpecification","valueRequired":true,"valueName":"search_term_string"}}],"inLanguage":"es"},{"@type":"Organization","@id":"https:\/\/canal7slp.tv\/2022\/#organization","name":"Noticieros Canal 7","url":"https:\/\/canal7slp.tv\/2022\/","logo":{"@type":"ImageObject","inLanguage":"es","@id":"https:\/\/canal7slp.tv\/2022\/#\/schema\/logo\/image\/","url":"https:\/\/canal7slp.tv\/2022\/wp-content\/uploads\/2021\/01\/logo-noticieros@2x.png","contentUrl":"https:\/\/canal7slp.tv\/2022\/wp-content\/uploads\/2021\/01\/logo-noticieros@2x.png","width":1017,"height":268,"caption":"Noticieros Canal 7"},"image":{"@id":"https:\/\/canal7slp.tv\/2022\/#\/schema\/logo\/image\/"},"sameAs":["https:\/\/www.facebook.com\/noticieroscanalsiete","https:\/\/x.com\/NOTICIEROS7","https:\/\/www.instagram.com\/canal7_slp","https:\/\/www.youtube.com\/channel\/UCliiYs-gP3JfJeqdPrNdd5A"]},{"@type":"Person","@id":"https:\/\/canal7slp.tv\/2022\/#\/schema\/person\/429704152a21f5f856ce29aa69a238da","name":"Edici\u00f3n Web","image":{"@type":"ImageObject","inLanguage":"es","@id":"https:\/\/secure.gravatar.com\/avatar\/eee448fc3f7164808013b816ba91ac7e43bbe82a70bebac296f8bc6f0addaa1a?s=96&d=mm&r=g","url":"https:\/\/secure.gravatar.com\/avatar\/eee448fc3f7164808013b816ba91ac7e43bbe82a70bebac296f8bc6f0addaa1a?s=96&d=mm&r=g","contentUrl":"https:\/\/secure.gravatar.com\/avatar\/eee448fc3f7164808013b816ba91ac7e43bbe82a70bebac296f8bc6f0addaa1a?s=96&d=mm&r=g","caption":"Edici\u00f3n Web"},"url":"https:\/\/canal7slp.tv\/2022\/author\/edicionweb\/"}]}},"amp_enabled":true,"_links":{"self":[{"href":"https:\/\/canal7slp.tv\/2022\/wp-json\/wp\/v2\/posts\/75708","targetHints":{"allow":["GET"]}}],"collection":[{"href":"https:\/\/canal7slp.tv\/2022\/wp-json\/wp\/v2\/posts"}],"about":[{"href":"https:\/\/canal7slp.tv\/2022\/wp-json\/wp\/v2\/types\/post"}],"author":[{"embeddable":true,"href":"https:\/\/canal7slp.tv\/2022\/wp-json\/wp\/v2\/users\/2"}],"replies":[{"embeddable":true,"href":"https:\/\/canal7slp.tv\/2022\/wp-json\/wp\/v2\/comments?post=75708"}],"version-history":[{"count":2,"href":"https:\/\/canal7slp.tv\/2022\/wp-json\/wp\/v2\/posts\/75708\/revisions"}],"predecessor-version":[{"id":75725,"href":"https:\/\/canal7slp.tv\/2022\/wp-json\/wp\/v2\/posts\/75708\/revisions\/75725"}],"wp:featuredmedia":[{"embeddable":true,"href":"https:\/\/canal7slp.tv\/2022\/wp-json\/wp\/v2\/media\/75719"}],"wp:attachment":[{"href":"https:\/\/canal7slp.tv\/2022\/wp-json\/wp\/v2\/media?parent=75708"}],"wp:term":[{"taxonomy":"category","embeddable":true,"href":"https:\/\/canal7slp.tv\/2022\/wp-json\/wp\/v2\/categories?post=75708"},{"taxonomy":"post_tag","embeddable":true,"href":"https:\/\/canal7slp.tv\/2022\/wp-json\/wp\/v2\/tags?post=75708"}],"curies":[{"name":"wp","href":"https:\/\/api.w.org\/{rel}","templated":true}]}}