{"id":75704,"date":"2022-10-15T14:46:05","date_gmt":"2022-10-15T20:46:05","guid":{"rendered":"https:\/\/canal7slp.tv\/2022\/?p=75704"},"modified":"2022-10-15T14:46:05","modified_gmt":"2022-10-15T20:46:05","slug":"profepa-presenta-denuncia-ante-la-fgr-por-ataque-a-osezno-registrado-en-nuevo-leon","status":"publish","type":"post","link":"https:\/\/canal7slp.tv\/2022\/profepa-presenta-denuncia-ante-la-fgr-por-ataque-a-osezno-registrado-en-nuevo-leon\/","title":{"rendered":"PROFEPA presenta denuncia ante la FGR por ataque a osezno registrado en Nuevo Le\u00f3n"},"content":{"rendered":"<p style=\"text-align: justify;\">Santiago.- La Procuradur\u00eda Federal de Protecci\u00f3n al Ambiente (PROFEPA) inform\u00f3 que present\u00f3 una denuncia penal ante la Fiscal\u00eda General de la Rep\u00fablica (FGR), por el ataque contra un osezno en Nuevo Le\u00f3n.<\/p>\n<p style=\"text-align: justify;\">El ejemplar presenta una lesi\u00f3n medular causada por un arma de fuego y la presencia de un cuerpo extra\u00f1o en la zona tor\u00e1cica.<\/p>\n<p style=\"text-align: justify;\">La PROFEPA se\u00f1al\u00f3 que los responsables incurrieron en la comisi\u00f3n de delitos ambientales, por lo que podr\u00edan ser acreedores a sanciones administrativas y penales, que van desde una multa de 7 millones de pesos hasta una pena m\u00e1xima de 9 a\u00f1os de prisi\u00f3n.<\/p>\n<p style=\"text-align: justify;\">El organismo destac\u00f3 que el atentado el municipio de Santiago, Nuevo Le\u00f3n, donde personal de la PROFEPA y autoridades estatales encontraron a un ejemplar de oso negro de 7 meses, descarnado, con exposici\u00f3n de m\u00fasculos y tendones.<\/p>\n<p style=\"text-align: justify;\">Asimismo, se\u00f1al\u00f3 que para tener un panorama m\u00e1s claro sobre el estado de salud del osezno los m\u00e9dicos veterinarios han sugerido realizar m\u00e1s estudios.<\/p>\n<p style=\"text-align: justify;\">No obstante, se mantiene el diagn\u00f3stico de salud del ejemplar como reservado, debido a la gravedad de las lesiones que sufri\u00f3.<\/p>\n","protected":false},"excerpt":{"rendered":"<p>Santiago.- La Procuradur\u00eda Federal de Protecci\u00f3n al Ambiente (PROFEPA) inform\u00f3 que present\u00f3 una denuncia penal ante la Fiscal\u00eda General de la Rep\u00fablica (FGR), por el ataque contra un osezno en Nuevo Le\u00f3n. El ejemplar presenta una lesi\u00f3n medular causada por un arma de fuego y la presencia de un cuerpo extra\u00f1o en la zona tor\u00e1cica. La PROFEPA se\u00f1al\u00f3 que los responsables incurrieron en la comisi\u00f3n de delitos ambientales, por lo que podr\u00edan ser acreedores a sanciones administrativas y penales, que van desde una multa de 7 millones de pesos hasta una pena m\u00e1xima de 9 a\u00f1os de prisi\u00f3n. El organismo [&hellip;]<\/p>\n","protected":false},"author":2,"featured_media":75717,"comment_status":"closed","ping_status":"closed","sticky":false,"template":"","format":"standard","meta":{"footnotes":""},"categories":[46],"tags":[],"class_list":["post-75704","post","type-post","status-publish","format-standard","has-post-thumbnail","hentry","category-nacional","post--single"],"yoast_head":"<!-- This site is optimized with the Yoast SEO plugin v27.4 - https:\/\/yoast.com\/product\/yoast-seo-wordpress\/ -->\n<title>PROFEPA presenta denuncia ante la FGR por ataque a osezno registrado en Nuevo Le\u00f3n - Canal 7 SLP - 2022<\/title>\n<meta name=\"robots\" content=\"index, follow, max-snippet:-1, max-image-preview:large, max-video-preview:-1\" \/>\n<link rel=\"canonical\" href=\"https:\/\/canal7slp.tv\/2022\/profepa-presenta-denuncia-ante-la-fgr-por-ataque-a-osezno-registrado-en-nuevo-leon\/\" \/>\n<meta property=\"og:locale\" content=\"es_ES\" \/>\n<meta property=\"og:type\" content=\"article\" \/>\n<meta property=\"og:title\" content=\"PROFEPA presenta denuncia ante la FGR por ataque a osezno registrado en Nuevo Le\u00f3n - Canal 7 SLP - 2022\" \/>\n<meta property=\"og:description\" content=\"Santiago.- La Procuradur\u00eda Federal de Protecci\u00f3n al Ambiente (PROFEPA) inform\u00f3 que present\u00f3 una denuncia penal ante la Fiscal\u00eda General de la Rep\u00fablica (FGR), por el ataque contra un osezno en Nuevo Le\u00f3n. El ejemplar presenta una lesi\u00f3n medular causada por un arma de fuego y la presencia de un cuerpo extra\u00f1o en la zona tor\u00e1cica. La PROFEPA se\u00f1al\u00f3 que los responsables incurrieron en la comisi\u00f3n de delitos ambientales, por lo que podr\u00edan ser acreedores a sanciones administrativas y penales, que van desde una multa de 7 millones de pesos hasta una pena m\u00e1xima de 9 a\u00f1os de prisi\u00f3n. El organismo [&hellip;]\" \/>\n<meta property=\"og:url\" content=\"https:\/\/canal7slp.tv\/2022\/profepa-presenta-denuncia-ante-la-fgr-por-ataque-a-osezno-registrado-en-nuevo-leon\/\" \/>\n<meta property=\"og:site_name\" content=\"Canal 7 SLP - 2022\" \/>\n<meta property=\"article:publisher\" content=\"https:\/\/www.facebook.com\/noticieroscanalsiete\" \/>\n<meta property=\"article:published_time\" content=\"2022-10-15T20:46:05+00:00\" \/>\n<meta property=\"og:image\" content=\"https:\/\/canal7slp.tv\/2022\/wp-content\/uploads\/2022\/10\/02-10.jpg\" \/>\n\t<meta property=\"og:image:width\" content=\"1024\" \/>\n\t<meta property=\"og:image:height\" content=\"512\" \/>\n\t<meta property=\"og:image:type\" content=\"image\/jpeg\" \/>\n<meta name=\"author\" content=\"Edici\u00f3n Web\" \/>\n<meta name=\"twitter:card\" content=\"summary_large_image\" \/>\n<meta name=\"twitter:creator\" content=\"@NOTICIEROS7\" \/>\n<meta name=\"twitter:site\" content=\"@NOTICIEROS7\" \/>\n<meta name=\"twitter:label1\" content=\"Escrito por\" \/>\n\t<meta name=\"twitter:data1\" content=\"Edici\u00f3n Web\" \/>\n\t<meta name=\"twitter:label2\" content=\"Tiempo de lectura\" \/>\n\t<meta name=\"twitter:data2\" content=\"1 minuto\" \/>\n<script type=\"application\/ld+json\" class=\"yoast-schema-graph\">{\"@context\":\"https:\\\/\\\/schema.org\",\"@graph\":[{\"@type\":\"Article\",\"@id\":\"https:\\\/\\\/canal7slp.tv\\\/2022\\\/profepa-presenta-denuncia-ante-la-fgr-por-ataque-a-osezno-registrado-en-nuevo-leon\\\/#article\",\"isPartOf\":{\"@id\":\"https:\\\/\\\/canal7slp.tv\\\/2022\\\/profepa-presenta-denuncia-ante-la-fgr-por-ataque-a-osezno-registrado-en-nuevo-leon\\\/\"},\"author\":{\"name\":\"Edici\u00f3n Web\",\"@id\":\"https:\\\/\\\/canal7slp.tv\\\/2022\\\/#\\\/schema\\\/person\\\/429704152a21f5f856ce29aa69a238da\"},\"headline\":\"PROFEPA presenta denuncia ante la FGR por ataque a osezno registrado en Nuevo Le\u00f3n\",\"datePublished\":\"2022-10-15T20:46:05+00:00\",\"mainEntityOfPage\":{\"@id\":\"https:\\\/\\\/canal7slp.tv\\\/2022\\\/profepa-presenta-denuncia-ante-la-fgr-por-ataque-a-osezno-registrado-en-nuevo-leon\\\/\"},\"wordCount\":215,\"publisher\":{\"@id\":\"https:\\\/\\\/canal7slp.tv\\\/2022\\\/#organization\"},\"image\":{\"@id\":\"https:\\\/\\\/canal7slp.tv\\\/2022\\\/profepa-presenta-denuncia-ante-la-fgr-por-ataque-a-osezno-registrado-en-nuevo-leon\\\/#primaryimage\"},\"thumbnailUrl\":\"https:\\\/\\\/canal7slp.tv\\\/2022\\\/wp-content\\\/uploads\\\/2022\\\/10\\\/02-10.jpg\",\"articleSection\":[\"NACIONALES\"],\"inLanguage\":\"es\"},{\"@type\":\"WebPage\",\"@id\":\"https:\\\/\\\/canal7slp.tv\\\/2022\\\/profepa-presenta-denuncia-ante-la-fgr-por-ataque-a-osezno-registrado-en-nuevo-leon\\\/\",\"url\":\"https:\\\/\\\/canal7slp.tv\\\/2022\\\/profepa-presenta-denuncia-ante-la-fgr-por-ataque-a-osezno-registrado-en-nuevo-leon\\\/\",\"name\":\"PROFEPA presenta denuncia ante la FGR por ataque a osezno registrado en Nuevo Le\u00f3n - Canal 7 SLP - 2022\",\"isPartOf\":{\"@id\":\"https:\\\/\\\/canal7slp.tv\\\/2022\\\/#website\"},\"primaryImageOfPage\":{\"@id\":\"https:\\\/\\\/canal7slp.tv\\\/2022\\\/profepa-presenta-denuncia-ante-la-fgr-por-ataque-a-osezno-registrado-en-nuevo-leon\\\/#primaryimage\"},\"image\":{\"@id\":\"https:\\\/\\\/canal7slp.tv\\\/2022\\\/profepa-presenta-denuncia-ante-la-fgr-por-ataque-a-osezno-registrado-en-nuevo-leon\\\/#primaryimage\"},\"thumbnailUrl\":\"https:\\\/\\\/canal7slp.tv\\\/2022\\\/wp-content\\\/uploads\\\/2022\\\/10\\\/02-10.jpg\",\"datePublished\":\"2022-10-15T20:46:05+00:00\",\"breadcrumb\":{\"@id\":\"https:\\\/\\\/canal7slp.tv\\\/2022\\\/profepa-presenta-denuncia-ante-la-fgr-por-ataque-a-osezno-registrado-en-nuevo-leon\\\/#breadcrumb\"},\"inLanguage\":\"es\",\"potentialAction\":[{\"@type\":\"ReadAction\",\"target\":[\"https:\\\/\\\/canal7slp.tv\\\/2022\\\/profepa-presenta-denuncia-ante-la-fgr-por-ataque-a-osezno-registrado-en-nuevo-leon\\\/\"]}]},{\"@type\":\"ImageObject\",\"inLanguage\":\"es\",\"@id\":\"https:\\\/\\\/canal7slp.tv\\\/2022\\\/profepa-presenta-denuncia-ante-la-fgr-por-ataque-a-osezno-registrado-en-nuevo-leon\\\/#primaryimage\",\"url\":\"https:\\\/\\\/canal7slp.tv\\\/2022\\\/wp-content\\\/uploads\\\/2022\\\/10\\\/02-10.jpg\",\"contentUrl\":\"https:\\\/\\\/canal7slp.tv\\\/2022\\\/wp-content\\\/uploads\\\/2022\\\/10\\\/02-10.jpg\",\"width\":1024,\"height\":512},{\"@type\":\"BreadcrumbList\",\"@id\":\"https:\\\/\\\/canal7slp.tv\\\/2022\\\/profepa-presenta-denuncia-ante-la-fgr-por-ataque-a-osezno-registrado-en-nuevo-leon\\\/#breadcrumb\",\"itemListElement\":[{\"@type\":\"ListItem\",\"position\":1,\"name\":\"Portada\",\"item\":\"https:\\\/\\\/canal7slp.tv\\\/2022\\\/\"},{\"@type\":\"ListItem\",\"position\":2,\"name\":\"PROFEPA presenta denuncia ante la FGR por ataque a osezno registrado en Nuevo Le\u00f3n\"}]},{\"@type\":\"WebSite\",\"@id\":\"https:\\\/\\\/canal7slp.tv\\\/2022\\\/#website\",\"url\":\"https:\\\/\\\/canal7slp.tv\\\/2022\\\/\",\"name\":\"N7 - Noticieros Canal 7\",\"description\":\"Somos Televisi\u00f3n\",\"publisher\":{\"@id\":\"https:\\\/\\\/canal7slp.tv\\\/2022\\\/#organization\"},\"potentialAction\":[{\"@type\":\"SearchAction\",\"target\":{\"@type\":\"EntryPoint\",\"urlTemplate\":\"https:\\\/\\\/canal7slp.tv\\\/2022\\\/?s={search_term_string}\"},\"query-input\":{\"@type\":\"PropertyValueSpecification\",\"valueRequired\":true,\"valueName\":\"search_term_string\"}}],\"inLanguage\":\"es\"},{\"@type\":\"Organization\",\"@id\":\"https:\\\/\\\/canal7slp.tv\\\/2022\\\/#organization\",\"name\":\"Noticieros Canal 7\",\"url\":\"https:\\\/\\\/canal7slp.tv\\\/2022\\\/\",\"logo\":{\"@type\":\"ImageObject\",\"inLanguage\":\"es\",\"@id\":\"https:\\\/\\\/canal7slp.tv\\\/2022\\\/#\\\/schema\\\/logo\\\/image\\\/\",\"url\":\"https:\\\/\\\/canal7slp.tv\\\/2022\\\/wp-content\\\/uploads\\\/2021\\\/01\\\/logo-noticieros@2x.png\",\"contentUrl\":\"https:\\\/\\\/canal7slp.tv\\\/2022\\\/wp-content\\\/uploads\\\/2021\\\/01\\\/logo-noticieros@2x.png\",\"width\":1017,\"height\":268,\"caption\":\"Noticieros Canal 7\"},\"image\":{\"@id\":\"https:\\\/\\\/canal7slp.tv\\\/2022\\\/#\\\/schema\\\/logo\\\/image\\\/\"},\"sameAs\":[\"https:\\\/\\\/www.facebook.com\\\/noticieroscanalsiete\",\"https:\\\/\\\/x.com\\\/NOTICIEROS7\",\"https:\\\/\\\/www.instagram.com\\\/canal7_slp\",\"https:\\\/\\\/www.youtube.com\\\/channel\\\/UCliiYs-gP3JfJeqdPrNdd5A\"]},{\"@type\":\"Person\",\"@id\":\"https:\\\/\\\/canal7slp.tv\\\/2022\\\/#\\\/schema\\\/person\\\/429704152a21f5f856ce29aa69a238da\",\"name\":\"Edici\u00f3n Web\",\"image\":{\"@type\":\"ImageObject\",\"inLanguage\":\"es\",\"@id\":\"https:\\\/\\\/secure.gravatar.com\\\/avatar\\\/eee448fc3f7164808013b816ba91ac7e43bbe82a70bebac296f8bc6f0addaa1a?s=96&d=mm&r=g\",\"url\":\"https:\\\/\\\/secure.gravatar.com\\\/avatar\\\/eee448fc3f7164808013b816ba91ac7e43bbe82a70bebac296f8bc6f0addaa1a?s=96&d=mm&r=g\",\"contentUrl\":\"https:\\\/\\\/secure.gravatar.com\\\/avatar\\\/eee448fc3f7164808013b816ba91ac7e43bbe82a70bebac296f8bc6f0addaa1a?s=96&d=mm&r=g\",\"caption\":\"Edici\u00f3n Web\"},\"url\":\"https:\\\/\\\/canal7slp.tv\\\/2022\\\/author\\\/edicionweb\\\/\"}]}<\/script>\n<!-- \/ Yoast SEO plugin. -->","yoast_head_json":{"title":"PROFEPA presenta denuncia ante la FGR por ataque a osezno registrado en Nuevo Le\u00f3n - Canal 7 SLP - 2022","robots":{"index":"index","follow":"follow","max-snippet":"max-snippet:-1","max-image-preview":"max-image-preview:large","max-video-preview":"max-video-preview:-1"},"canonical":"https:\/\/canal7slp.tv\/2022\/profepa-presenta-denuncia-ante-la-fgr-por-ataque-a-osezno-registrado-en-nuevo-leon\/","og_locale":"es_ES","og_type":"article","og_title":"PROFEPA presenta denuncia ante la FGR por ataque a osezno registrado en Nuevo Le\u00f3n - Canal 7 SLP - 2022","og_description":"Santiago.- La Procuradur\u00eda Federal de Protecci\u00f3n al Ambiente (PROFEPA) inform\u00f3 que present\u00f3 una denuncia penal ante la Fiscal\u00eda General de la Rep\u00fablica (FGR), por el ataque contra un osezno en Nuevo Le\u00f3n. El ejemplar presenta una lesi\u00f3n medular causada por un arma de fuego y la presencia de un cuerpo extra\u00f1o en la zona tor\u00e1cica. La PROFEPA se\u00f1al\u00f3 que los responsables incurrieron en la comisi\u00f3n de delitos ambientales, por lo que podr\u00edan ser acreedores a sanciones administrativas y penales, que van desde una multa de 7 millones de pesos hasta una pena m\u00e1xima de 9 a\u00f1os de prisi\u00f3n. El organismo [&hellip;]","og_url":"https:\/\/canal7slp.tv\/2022\/profepa-presenta-denuncia-ante-la-fgr-por-ataque-a-osezno-registrado-en-nuevo-leon\/","og_site_name":"Canal 7 SLP - 2022","article_publisher":"https:\/\/www.facebook.com\/noticieroscanalsiete","article_published_time":"2022-10-15T20:46:05+00:00","og_image":[{"width":1024,"height":512,"url":"https:\/\/canal7slp.tv\/2022\/wp-content\/uploads\/2022\/10\/02-10.jpg","type":"image\/jpeg"}],"author":"Edici\u00f3n Web","twitter_card":"summary_large_image","twitter_creator":"@NOTICIEROS7","twitter_site":"@NOTICIEROS7","twitter_misc":{"Escrito por":"Edici\u00f3n Web","Tiempo de lectura":"1 minuto"},"schema":{"@context":"https:\/\/schema.org","@graph":[{"@type":"Article","@id":"https:\/\/canal7slp.tv\/2022\/profepa-presenta-denuncia-ante-la-fgr-por-ataque-a-osezno-registrado-en-nuevo-leon\/#article","isPartOf":{"@id":"https:\/\/canal7slp.tv\/2022\/profepa-presenta-denuncia-ante-la-fgr-por-ataque-a-osezno-registrado-en-nuevo-leon\/"},"author":{"name":"Edici\u00f3n Web","@id":"https:\/\/canal7slp.tv\/2022\/#\/schema\/person\/429704152a21f5f856ce29aa69a238da"},"headline":"PROFEPA presenta denuncia ante la FGR por ataque a osezno registrado en Nuevo Le\u00f3n","datePublished":"2022-10-15T20:46:05+00:00","mainEntityOfPage":{"@id":"https:\/\/canal7slp.tv\/2022\/profepa-presenta-denuncia-ante-la-fgr-por-ataque-a-osezno-registrado-en-nuevo-leon\/"},"wordCount":215,"publisher":{"@id":"https:\/\/canal7slp.tv\/2022\/#organization"},"image":{"@id":"https:\/\/canal7slp.tv\/2022\/profepa-presenta-denuncia-ante-la-fgr-por-ataque-a-osezno-registrado-en-nuevo-leon\/#primaryimage"},"thumbnailUrl":"https:\/\/canal7slp.tv\/2022\/wp-content\/uploads\/2022\/10\/02-10.jpg","articleSection":["NACIONALES"],"inLanguage":"es"},{"@type":"WebPage","@id":"https:\/\/canal7slp.tv\/2022\/profepa-presenta-denuncia-ante-la-fgr-por-ataque-a-osezno-registrado-en-nuevo-leon\/","url":"https:\/\/canal7slp.tv\/2022\/profepa-presenta-denuncia-ante-la-fgr-por-ataque-a-osezno-registrado-en-nuevo-leon\/","name":"PROFEPA presenta denuncia ante la FGR por ataque a osezno registrado en Nuevo Le\u00f3n - Canal 7 SLP - 2022","isPartOf":{"@id":"https:\/\/canal7slp.tv\/2022\/#website"},"primaryImageOfPage":{"@id":"https:\/\/canal7slp.tv\/2022\/profepa-presenta-denuncia-ante-la-fgr-por-ataque-a-osezno-registrado-en-nuevo-leon\/#primaryimage"},"image":{"@id":"https:\/\/canal7slp.tv\/2022\/profepa-presenta-denuncia-ante-la-fgr-por-ataque-a-osezno-registrado-en-nuevo-leon\/#primaryimage"},"thumbnailUrl":"https:\/\/canal7slp.tv\/2022\/wp-content\/uploads\/2022\/10\/02-10.jpg","datePublished":"2022-10-15T20:46:05+00:00","breadcrumb":{"@id":"https:\/\/canal7slp.tv\/2022\/profepa-presenta-denuncia-ante-la-fgr-por-ataque-a-osezno-registrado-en-nuevo-leon\/#breadcrumb"},"inLanguage":"es","potentialAction":[{"@type":"ReadAction","target":["https:\/\/canal7slp.tv\/2022\/profepa-presenta-denuncia-ante-la-fgr-por-ataque-a-osezno-registrado-en-nuevo-leon\/"]}]},{"@type":"ImageObject","inLanguage":"es","@id":"https:\/\/canal7slp.tv\/2022\/profepa-presenta-denuncia-ante-la-fgr-por-ataque-a-osezno-registrado-en-nuevo-leon\/#primaryimage","url":"https:\/\/canal7slp.tv\/2022\/wp-content\/uploads\/2022\/10\/02-10.jpg","contentUrl":"https:\/\/canal7slp.tv\/2022\/wp-content\/uploads\/2022\/10\/02-10.jpg","width":1024,"height":512},{"@type":"BreadcrumbList","@id":"https:\/\/canal7slp.tv\/2022\/profepa-presenta-denuncia-ante-la-fgr-por-ataque-a-osezno-registrado-en-nuevo-leon\/#breadcrumb","itemListElement":[{"@type":"ListItem","position":1,"name":"Portada","item":"https:\/\/canal7slp.tv\/2022\/"},{"@type":"ListItem","position":2,"name":"PROFEPA presenta denuncia ante la FGR por ataque a osezno registrado en Nuevo Le\u00f3n"}]},{"@type":"WebSite","@id":"https:\/\/canal7slp.tv\/2022\/#website","url":"https:\/\/canal7slp.tv\/2022\/","name":"N7 - Noticieros Canal 7","description":"Somos Televisi\u00f3n","publisher":{"@id":"https:\/\/canal7slp.tv\/2022\/#organization"},"potentialAction":[{"@type":"SearchAction","target":{"@type":"EntryPoint","urlTemplate":"https:\/\/canal7slp.tv\/2022\/?s={search_term_string}"},"query-input":{"@type":"PropertyValueSpecification","valueRequired":true,"valueName":"search_term_string"}}],"inLanguage":"es"},{"@type":"Organization","@id":"https:\/\/canal7slp.tv\/2022\/#organization","name":"Noticieros Canal 7","url":"https:\/\/canal7slp.tv\/2022\/","logo":{"@type":"ImageObject","inLanguage":"es","@id":"https:\/\/canal7slp.tv\/2022\/#\/schema\/logo\/image\/","url":"https:\/\/canal7slp.tv\/2022\/wp-content\/uploads\/2021\/01\/logo-noticieros@2x.png","contentUrl":"https:\/\/canal7slp.tv\/2022\/wp-content\/uploads\/2021\/01\/logo-noticieros@2x.png","width":1017,"height":268,"caption":"Noticieros Canal 7"},"image":{"@id":"https:\/\/canal7slp.tv\/2022\/#\/schema\/logo\/image\/"},"sameAs":["https:\/\/www.facebook.com\/noticieroscanalsiete","https:\/\/x.com\/NOTICIEROS7","https:\/\/www.instagram.com\/canal7_slp","https:\/\/www.youtube.com\/channel\/UCliiYs-gP3JfJeqdPrNdd5A"]},{"@type":"Person","@id":"https:\/\/canal7slp.tv\/2022\/#\/schema\/person\/429704152a21f5f856ce29aa69a238da","name":"Edici\u00f3n Web","image":{"@type":"ImageObject","inLanguage":"es","@id":"https:\/\/secure.gravatar.com\/avatar\/eee448fc3f7164808013b816ba91ac7e43bbe82a70bebac296f8bc6f0addaa1a?s=96&d=mm&r=g","url":"https:\/\/secure.gravatar.com\/avatar\/eee448fc3f7164808013b816ba91ac7e43bbe82a70bebac296f8bc6f0addaa1a?s=96&d=mm&r=g","contentUrl":"https:\/\/secure.gravatar.com\/avatar\/eee448fc3f7164808013b816ba91ac7e43bbe82a70bebac296f8bc6f0addaa1a?s=96&d=mm&r=g","caption":"Edici\u00f3n Web"},"url":"https:\/\/canal7slp.tv\/2022\/author\/edicionweb\/"}]}},"amp_enabled":true,"_links":{"self":[{"href":"https:\/\/canal7slp.tv\/2022\/wp-json\/wp\/v2\/posts\/75704","targetHints":{"allow":["GET"]}}],"collection":[{"href":"https:\/\/canal7slp.tv\/2022\/wp-json\/wp\/v2\/posts"}],"about":[{"href":"https:\/\/canal7slp.tv\/2022\/wp-json\/wp\/v2\/types\/post"}],"author":[{"embeddable":true,"href":"https:\/\/canal7slp.tv\/2022\/wp-json\/wp\/v2\/users\/2"}],"replies":[{"embeddable":true,"href":"https:\/\/canal7slp.tv\/2022\/wp-json\/wp\/v2\/comments?post=75704"}],"version-history":[{"count":2,"href":"https:\/\/canal7slp.tv\/2022\/wp-json\/wp\/v2\/posts\/75704\/revisions"}],"predecessor-version":[{"id":75726,"href":"https:\/\/canal7slp.tv\/2022\/wp-json\/wp\/v2\/posts\/75704\/revisions\/75726"}],"wp:featuredmedia":[{"embeddable":true,"href":"https:\/\/canal7slp.tv\/2022\/wp-json\/wp\/v2\/media\/75717"}],"wp:attachment":[{"href":"https:\/\/canal7slp.tv\/2022\/wp-json\/wp\/v2\/media?parent=75704"}],"wp:term":[{"taxonomy":"category","embeddable":true,"href":"https:\/\/canal7slp.tv\/2022\/wp-json\/wp\/v2\/categories?post=75704"},{"taxonomy":"post_tag","embeddable":true,"href":"https:\/\/canal7slp.tv\/2022\/wp-json\/wp\/v2\/tags?post=75704"}],"curies":[{"name":"wp","href":"https:\/\/api.w.org\/{rel}","templated":true}]}}