{"id":75671,"date":"2022-10-14T18:18:10","date_gmt":"2022-10-15T00:18:10","guid":{"rendered":"https:\/\/canal7slp.tv\/2022\/?p=75671"},"modified":"2022-10-14T18:18:10","modified_gmt":"2022-10-15T00:18:10","slug":"secretaria-de-cultura-afina-detalles-para-llevar-a-cabo-xantolo-en-tu-ciudad","status":"publish","type":"post","link":"https:\/\/canal7slp.tv\/2022\/secretaria-de-cultura-afina-detalles-para-llevar-a-cabo-xantolo-en-tu-ciudad\/","title":{"rendered":"Secretar\u00eda de Cultura afina detalles para llevar a cabo \u00abXantolo en tu ciudad\u00bb."},"content":{"rendered":"<p style=\"text-align: justify;\">SLP.- Del 28 al 30 de Octubre se llevar\u00e1n a cabo las diversas actividades del festival \u201cXantolo se vive en tu ciudad\u201d como el evento m\u00e1s representativo previo a la celebraci\u00f3n del D\u00eda de Muertos.<\/p>\n<p style=\"text-align: justify;\">En este contexto, la titular de la Secretar\u00eda de Cultura Elizabeth Torres M\u00e9ndez dio a conocer que ya se afinan los \u00faltimos detalles en los preparativos de este evento art\u00edstico cultural y que dijo, ser\u00e1 presentado la pr\u00f3xima semana por el gobernador del estado, al decir tambi\u00e9n que respecto al a\u00f1o anterior, se agregan m\u00e1s actividades.<\/p>\n<p style=\"text-align: justify;\">La funcionaria estatal dijo tambi\u00e9n que por primera vez la Universidad Aut\u00f3noma de San Luis Potos\u00ed se incorpora a este evento, adem\u00e1s del municipio de Soledad de Graciano S\u00e1nchez en donde tambi\u00e9n habr\u00e1 desfiles por las calles alusivos a Xantolo.<\/p>\n<p style=\"text-align: justify;\">Asimismo, la Secretar\u00eda de Cultura revel\u00f3 que con la reinauguraci\u00f3n del Parque Tangamanga II el pr\u00f3ximo 29 de Octubre, tambi\u00e9n habr\u00e1 actividades relacionadas con este festival.<\/p>\n<p style=\"text-align: justify;\">\uf0a7 En el evento \u201cXantolo se vive en tu ciudad\u201d se presentar\u00e1n comparsas en las que participan m\u00fasicos tradicionales y espect\u00e1culos esc\u00e9nicos, rutas con m\u00e1s de 40 altares en la ciudad. ofrendas de luz, muestra de cocina tradicional, exposiciones de arte popular, adem\u00e1s de conversatorios, charlas y conferencias.<\/p>\n<p style=\"text-align: justify;\">A pregunta expresa la titular de SECULT dijo tambi\u00e9n que a dos semanas del arranque de estas actividades a\u00fan no se tiene definido el monto total de lo invertido en estos preparativos.<\/p>\n<p style=\"text-align: justify;\">Por: Claudio Ibarra<\/p>\n","protected":false},"excerpt":{"rendered":"<p>SLP.- Del 28 al 30 de Octubre se llevar\u00e1n a cabo las diversas actividades del festival \u201cXantolo se vive en tu ciudad\u201d como el evento m\u00e1s representativo previo a la celebraci\u00f3n del D\u00eda de Muertos. En este contexto, la titular de la Secretar\u00eda de Cultura Elizabeth Torres M\u00e9ndez dio a conocer que ya se afinan los \u00faltimos detalles en los preparativos de este evento art\u00edstico cultural y que dijo, ser\u00e1 presentado la pr\u00f3xima semana por el gobernador del estado, al decir tambi\u00e9n que respecto al a\u00f1o anterior, se agregan m\u00e1s actividades. La funcionaria estatal dijo tambi\u00e9n que por primera vez [&hellip;]<\/p>\n","protected":false},"author":2,"featured_media":75682,"comment_status":"closed","ping_status":"closed","sticky":false,"template":"","format":"video","meta":{"footnotes":""},"categories":[5,45],"tags":[],"class_list":["post-75671","post","type-post","status-publish","format-video","has-post-thumbnail","hentry","category-destacadas","category-localesyregionales","post_format-post-format-video","post--single"],"yoast_head":"<!-- This site is optimized with the Yoast SEO plugin v27.4 - https:\/\/yoast.com\/product\/yoast-seo-wordpress\/ -->\n<title>Secretar\u00eda de Cultura afina detalles para llevar a cabo &quot;Xantolo en tu ciudad&quot;. - Canal 7 SLP - 2022<\/title>\n<meta name=\"robots\" content=\"index, follow, max-snippet:-1, max-image-preview:large, max-video-preview:-1\" \/>\n<link rel=\"canonical\" href=\"https:\/\/canal7slp.tv\/2022\/secretaria-de-cultura-afina-detalles-para-llevar-a-cabo-xantolo-en-tu-ciudad\/\" \/>\n<meta property=\"og:locale\" content=\"es_ES\" \/>\n<meta property=\"og:type\" content=\"article\" \/>\n<meta property=\"og:title\" content=\"Secretar\u00eda de Cultura afina detalles para llevar a cabo &quot;Xantolo en tu ciudad&quot;. - Canal 7 SLP - 2022\" \/>\n<meta property=\"og:description\" content=\"SLP.- Del 28 al 30 de Octubre se llevar\u00e1n a cabo las diversas actividades del festival \u201cXantolo se vive en tu ciudad\u201d como el evento m\u00e1s representativo previo a la celebraci\u00f3n del D\u00eda de Muertos. En este contexto, la titular de la Secretar\u00eda de Cultura Elizabeth Torres M\u00e9ndez dio a conocer que ya se afinan los \u00faltimos detalles en los preparativos de este evento art\u00edstico cultural y que dijo, ser\u00e1 presentado la pr\u00f3xima semana por el gobernador del estado, al decir tambi\u00e9n que respecto al a\u00f1o anterior, se agregan m\u00e1s actividades. La funcionaria estatal dijo tambi\u00e9n que por primera vez [&hellip;]\" \/>\n<meta property=\"og:url\" content=\"https:\/\/canal7slp.tv\/2022\/secretaria-de-cultura-afina-detalles-para-llevar-a-cabo-xantolo-en-tu-ciudad\/\" \/>\n<meta property=\"og:site_name\" content=\"Canal 7 SLP - 2022\" \/>\n<meta property=\"article:publisher\" content=\"https:\/\/www.facebook.com\/noticieroscanalsiete\" \/>\n<meta property=\"article:published_time\" content=\"2022-10-15T00:18:10+00:00\" \/>\n<meta property=\"og:image\" content=\"https:\/\/canal7slp.tv\/2022\/wp-content\/uploads\/2022\/10\/Claudio03Xantolo.jpg\" \/>\n\t<meta property=\"og:image:width\" content=\"888\" \/>\n\t<meta property=\"og:image:height\" content=\"500\" \/>\n\t<meta property=\"og:image:type\" content=\"image\/jpeg\" \/>\n<meta name=\"author\" content=\"Edici\u00f3n Web\" \/>\n<meta name=\"twitter:card\" content=\"summary_large_image\" \/>\n<meta name=\"twitter:creator\" content=\"@NOTICIEROS7\" \/>\n<meta name=\"twitter:site\" content=\"@NOTICIEROS7\" \/>\n<meta name=\"twitter:label1\" content=\"Escrito por\" \/>\n\t<meta name=\"twitter:data1\" content=\"Edici\u00f3n Web\" \/>\n\t<meta name=\"twitter:label2\" content=\"Tiempo de lectura\" \/>\n\t<meta name=\"twitter:data2\" content=\"2 minutos\" \/>\n<script type=\"application\/ld+json\" class=\"yoast-schema-graph\">{\"@context\":\"https:\\\/\\\/schema.org\",\"@graph\":[{\"@type\":\"Article\",\"@id\":\"https:\\\/\\\/canal7slp.tv\\\/2022\\\/secretaria-de-cultura-afina-detalles-para-llevar-a-cabo-xantolo-en-tu-ciudad\\\/#article\",\"isPartOf\":{\"@id\":\"https:\\\/\\\/canal7slp.tv\\\/2022\\\/secretaria-de-cultura-afina-detalles-para-llevar-a-cabo-xantolo-en-tu-ciudad\\\/\"},\"author\":{\"name\":\"Edici\u00f3n Web\",\"@id\":\"https:\\\/\\\/canal7slp.tv\\\/2022\\\/#\\\/schema\\\/person\\\/429704152a21f5f856ce29aa69a238da\"},\"headline\":\"Secretar\u00eda de Cultura afina detalles para llevar a cabo \u00abXantolo en tu ciudad\u00bb.\",\"datePublished\":\"2022-10-15T00:18:10+00:00\",\"mainEntityOfPage\":{\"@id\":\"https:\\\/\\\/canal7slp.tv\\\/2022\\\/secretaria-de-cultura-afina-detalles-para-llevar-a-cabo-xantolo-en-tu-ciudad\\\/\"},\"wordCount\":278,\"publisher\":{\"@id\":\"https:\\\/\\\/canal7slp.tv\\\/2022\\\/#organization\"},\"image\":{\"@id\":\"https:\\\/\\\/canal7slp.tv\\\/2022\\\/secretaria-de-cultura-afina-detalles-para-llevar-a-cabo-xantolo-en-tu-ciudad\\\/#primaryimage\"},\"thumbnailUrl\":\"https:\\\/\\\/canal7slp.tv\\\/2022\\\/wp-content\\\/uploads\\\/2022\\\/10\\\/Claudio03Xantolo.jpg\",\"articleSection\":[\"DESTACADAS\",\"LOCALES Y REGIONALES\"],\"inLanguage\":\"es\"},{\"@type\":\"WebPage\",\"@id\":\"https:\\\/\\\/canal7slp.tv\\\/2022\\\/secretaria-de-cultura-afina-detalles-para-llevar-a-cabo-xantolo-en-tu-ciudad\\\/\",\"url\":\"https:\\\/\\\/canal7slp.tv\\\/2022\\\/secretaria-de-cultura-afina-detalles-para-llevar-a-cabo-xantolo-en-tu-ciudad\\\/\",\"name\":\"Secretar\u00eda de Cultura afina detalles para llevar a cabo \\\"Xantolo en tu ciudad\\\". - Canal 7 SLP - 2022\",\"isPartOf\":{\"@id\":\"https:\\\/\\\/canal7slp.tv\\\/2022\\\/#website\"},\"primaryImageOfPage\":{\"@id\":\"https:\\\/\\\/canal7slp.tv\\\/2022\\\/secretaria-de-cultura-afina-detalles-para-llevar-a-cabo-xantolo-en-tu-ciudad\\\/#primaryimage\"},\"image\":{\"@id\":\"https:\\\/\\\/canal7slp.tv\\\/2022\\\/secretaria-de-cultura-afina-detalles-para-llevar-a-cabo-xantolo-en-tu-ciudad\\\/#primaryimage\"},\"thumbnailUrl\":\"https:\\\/\\\/canal7slp.tv\\\/2022\\\/wp-content\\\/uploads\\\/2022\\\/10\\\/Claudio03Xantolo.jpg\",\"datePublished\":\"2022-10-15T00:18:10+00:00\",\"breadcrumb\":{\"@id\":\"https:\\\/\\\/canal7slp.tv\\\/2022\\\/secretaria-de-cultura-afina-detalles-para-llevar-a-cabo-xantolo-en-tu-ciudad\\\/#breadcrumb\"},\"inLanguage\":\"es\",\"potentialAction\":[{\"@type\":\"ReadAction\",\"target\":[\"https:\\\/\\\/canal7slp.tv\\\/2022\\\/secretaria-de-cultura-afina-detalles-para-llevar-a-cabo-xantolo-en-tu-ciudad\\\/\"]}]},{\"@type\":\"ImageObject\",\"inLanguage\":\"es\",\"@id\":\"https:\\\/\\\/canal7slp.tv\\\/2022\\\/secretaria-de-cultura-afina-detalles-para-llevar-a-cabo-xantolo-en-tu-ciudad\\\/#primaryimage\",\"url\":\"https:\\\/\\\/canal7slp.tv\\\/2022\\\/wp-content\\\/uploads\\\/2022\\\/10\\\/Claudio03Xantolo.jpg\",\"contentUrl\":\"https:\\\/\\\/canal7slp.tv\\\/2022\\\/wp-content\\\/uploads\\\/2022\\\/10\\\/Claudio03Xantolo.jpg\",\"width\":888,\"height\":500},{\"@type\":\"BreadcrumbList\",\"@id\":\"https:\\\/\\\/canal7slp.tv\\\/2022\\\/secretaria-de-cultura-afina-detalles-para-llevar-a-cabo-xantolo-en-tu-ciudad\\\/#breadcrumb\",\"itemListElement\":[{\"@type\":\"ListItem\",\"position\":1,\"name\":\"Portada\",\"item\":\"https:\\\/\\\/canal7slp.tv\\\/2022\\\/\"},{\"@type\":\"ListItem\",\"position\":2,\"name\":\"Secretar\u00eda de Cultura afina detalles para llevar a cabo &#8220;Xantolo en tu ciudad&#8221;.\"}]},{\"@type\":\"WebSite\",\"@id\":\"https:\\\/\\\/canal7slp.tv\\\/2022\\\/#website\",\"url\":\"https:\\\/\\\/canal7slp.tv\\\/2022\\\/\",\"name\":\"N7 - Noticieros Canal 7\",\"description\":\"Somos Televisi\u00f3n\",\"publisher\":{\"@id\":\"https:\\\/\\\/canal7slp.tv\\\/2022\\\/#organization\"},\"potentialAction\":[{\"@type\":\"SearchAction\",\"target\":{\"@type\":\"EntryPoint\",\"urlTemplate\":\"https:\\\/\\\/canal7slp.tv\\\/2022\\\/?s={search_term_string}\"},\"query-input\":{\"@type\":\"PropertyValueSpecification\",\"valueRequired\":true,\"valueName\":\"search_term_string\"}}],\"inLanguage\":\"es\"},{\"@type\":\"Organization\",\"@id\":\"https:\\\/\\\/canal7slp.tv\\\/2022\\\/#organization\",\"name\":\"Noticieros Canal 7\",\"url\":\"https:\\\/\\\/canal7slp.tv\\\/2022\\\/\",\"logo\":{\"@type\":\"ImageObject\",\"inLanguage\":\"es\",\"@id\":\"https:\\\/\\\/canal7slp.tv\\\/2022\\\/#\\\/schema\\\/logo\\\/image\\\/\",\"url\":\"https:\\\/\\\/canal7slp.tv\\\/2022\\\/wp-content\\\/uploads\\\/2021\\\/01\\\/logo-noticieros@2x.png\",\"contentUrl\":\"https:\\\/\\\/canal7slp.tv\\\/2022\\\/wp-content\\\/uploads\\\/2021\\\/01\\\/logo-noticieros@2x.png\",\"width\":1017,\"height\":268,\"caption\":\"Noticieros Canal 7\"},\"image\":{\"@id\":\"https:\\\/\\\/canal7slp.tv\\\/2022\\\/#\\\/schema\\\/logo\\\/image\\\/\"},\"sameAs\":[\"https:\\\/\\\/www.facebook.com\\\/noticieroscanalsiete\",\"https:\\\/\\\/x.com\\\/NOTICIEROS7\",\"https:\\\/\\\/www.instagram.com\\\/canal7_slp\",\"https:\\\/\\\/www.youtube.com\\\/channel\\\/UCliiYs-gP3JfJeqdPrNdd5A\"]},{\"@type\":\"Person\",\"@id\":\"https:\\\/\\\/canal7slp.tv\\\/2022\\\/#\\\/schema\\\/person\\\/429704152a21f5f856ce29aa69a238da\",\"name\":\"Edici\u00f3n Web\",\"image\":{\"@type\":\"ImageObject\",\"inLanguage\":\"es\",\"@id\":\"https:\\\/\\\/secure.gravatar.com\\\/avatar\\\/eee448fc3f7164808013b816ba91ac7e43bbe82a70bebac296f8bc6f0addaa1a?s=96&d=mm&r=g\",\"url\":\"https:\\\/\\\/secure.gravatar.com\\\/avatar\\\/eee448fc3f7164808013b816ba91ac7e43bbe82a70bebac296f8bc6f0addaa1a?s=96&d=mm&r=g\",\"contentUrl\":\"https:\\\/\\\/secure.gravatar.com\\\/avatar\\\/eee448fc3f7164808013b816ba91ac7e43bbe82a70bebac296f8bc6f0addaa1a?s=96&d=mm&r=g\",\"caption\":\"Edici\u00f3n Web\"},\"url\":\"https:\\\/\\\/canal7slp.tv\\\/2022\\\/author\\\/edicionweb\\\/\"}]}<\/script>\n<!-- \/ Yoast SEO plugin. -->","yoast_head_json":{"title":"Secretar\u00eda de Cultura afina detalles para llevar a cabo \"Xantolo en tu ciudad\". - Canal 7 SLP - 2022","robots":{"index":"index","follow":"follow","max-snippet":"max-snippet:-1","max-image-preview":"max-image-preview:large","max-video-preview":"max-video-preview:-1"},"canonical":"https:\/\/canal7slp.tv\/2022\/secretaria-de-cultura-afina-detalles-para-llevar-a-cabo-xantolo-en-tu-ciudad\/","og_locale":"es_ES","og_type":"article","og_title":"Secretar\u00eda de Cultura afina detalles para llevar a cabo \"Xantolo en tu ciudad\". - Canal 7 SLP - 2022","og_description":"SLP.- Del 28 al 30 de Octubre se llevar\u00e1n a cabo las diversas actividades del festival \u201cXantolo se vive en tu ciudad\u201d como el evento m\u00e1s representativo previo a la celebraci\u00f3n del D\u00eda de Muertos. En este contexto, la titular de la Secretar\u00eda de Cultura Elizabeth Torres M\u00e9ndez dio a conocer que ya se afinan los \u00faltimos detalles en los preparativos de este evento art\u00edstico cultural y que dijo, ser\u00e1 presentado la pr\u00f3xima semana por el gobernador del estado, al decir tambi\u00e9n que respecto al a\u00f1o anterior, se agregan m\u00e1s actividades. La funcionaria estatal dijo tambi\u00e9n que por primera vez [&hellip;]","og_url":"https:\/\/canal7slp.tv\/2022\/secretaria-de-cultura-afina-detalles-para-llevar-a-cabo-xantolo-en-tu-ciudad\/","og_site_name":"Canal 7 SLP - 2022","article_publisher":"https:\/\/www.facebook.com\/noticieroscanalsiete","article_published_time":"2022-10-15T00:18:10+00:00","og_image":[{"width":888,"height":500,"url":"https:\/\/canal7slp.tv\/2022\/wp-content\/uploads\/2022\/10\/Claudio03Xantolo.jpg","type":"image\/jpeg"}],"author":"Edici\u00f3n Web","twitter_card":"summary_large_image","twitter_creator":"@NOTICIEROS7","twitter_site":"@NOTICIEROS7","twitter_misc":{"Escrito por":"Edici\u00f3n Web","Tiempo de lectura":"2 minutos"},"schema":{"@context":"https:\/\/schema.org","@graph":[{"@type":"Article","@id":"https:\/\/canal7slp.tv\/2022\/secretaria-de-cultura-afina-detalles-para-llevar-a-cabo-xantolo-en-tu-ciudad\/#article","isPartOf":{"@id":"https:\/\/canal7slp.tv\/2022\/secretaria-de-cultura-afina-detalles-para-llevar-a-cabo-xantolo-en-tu-ciudad\/"},"author":{"name":"Edici\u00f3n Web","@id":"https:\/\/canal7slp.tv\/2022\/#\/schema\/person\/429704152a21f5f856ce29aa69a238da"},"headline":"Secretar\u00eda de Cultura afina detalles para llevar a cabo \u00abXantolo en tu ciudad\u00bb.","datePublished":"2022-10-15T00:18:10+00:00","mainEntityOfPage":{"@id":"https:\/\/canal7slp.tv\/2022\/secretaria-de-cultura-afina-detalles-para-llevar-a-cabo-xantolo-en-tu-ciudad\/"},"wordCount":278,"publisher":{"@id":"https:\/\/canal7slp.tv\/2022\/#organization"},"image":{"@id":"https:\/\/canal7slp.tv\/2022\/secretaria-de-cultura-afina-detalles-para-llevar-a-cabo-xantolo-en-tu-ciudad\/#primaryimage"},"thumbnailUrl":"https:\/\/canal7slp.tv\/2022\/wp-content\/uploads\/2022\/10\/Claudio03Xantolo.jpg","articleSection":["DESTACADAS","LOCALES Y REGIONALES"],"inLanguage":"es"},{"@type":"WebPage","@id":"https:\/\/canal7slp.tv\/2022\/secretaria-de-cultura-afina-detalles-para-llevar-a-cabo-xantolo-en-tu-ciudad\/","url":"https:\/\/canal7slp.tv\/2022\/secretaria-de-cultura-afina-detalles-para-llevar-a-cabo-xantolo-en-tu-ciudad\/","name":"Secretar\u00eda de Cultura afina detalles para llevar a cabo \"Xantolo en tu ciudad\". - Canal 7 SLP - 2022","isPartOf":{"@id":"https:\/\/canal7slp.tv\/2022\/#website"},"primaryImageOfPage":{"@id":"https:\/\/canal7slp.tv\/2022\/secretaria-de-cultura-afina-detalles-para-llevar-a-cabo-xantolo-en-tu-ciudad\/#primaryimage"},"image":{"@id":"https:\/\/canal7slp.tv\/2022\/secretaria-de-cultura-afina-detalles-para-llevar-a-cabo-xantolo-en-tu-ciudad\/#primaryimage"},"thumbnailUrl":"https:\/\/canal7slp.tv\/2022\/wp-content\/uploads\/2022\/10\/Claudio03Xantolo.jpg","datePublished":"2022-10-15T00:18:10+00:00","breadcrumb":{"@id":"https:\/\/canal7slp.tv\/2022\/secretaria-de-cultura-afina-detalles-para-llevar-a-cabo-xantolo-en-tu-ciudad\/#breadcrumb"},"inLanguage":"es","potentialAction":[{"@type":"ReadAction","target":["https:\/\/canal7slp.tv\/2022\/secretaria-de-cultura-afina-detalles-para-llevar-a-cabo-xantolo-en-tu-ciudad\/"]}]},{"@type":"ImageObject","inLanguage":"es","@id":"https:\/\/canal7slp.tv\/2022\/secretaria-de-cultura-afina-detalles-para-llevar-a-cabo-xantolo-en-tu-ciudad\/#primaryimage","url":"https:\/\/canal7slp.tv\/2022\/wp-content\/uploads\/2022\/10\/Claudio03Xantolo.jpg","contentUrl":"https:\/\/canal7slp.tv\/2022\/wp-content\/uploads\/2022\/10\/Claudio03Xantolo.jpg","width":888,"height":500},{"@type":"BreadcrumbList","@id":"https:\/\/canal7slp.tv\/2022\/secretaria-de-cultura-afina-detalles-para-llevar-a-cabo-xantolo-en-tu-ciudad\/#breadcrumb","itemListElement":[{"@type":"ListItem","position":1,"name":"Portada","item":"https:\/\/canal7slp.tv\/2022\/"},{"@type":"ListItem","position":2,"name":"Secretar\u00eda de Cultura afina detalles para llevar a cabo &#8220;Xantolo en tu ciudad&#8221;."}]},{"@type":"WebSite","@id":"https:\/\/canal7slp.tv\/2022\/#website","url":"https:\/\/canal7slp.tv\/2022\/","name":"N7 - Noticieros Canal 7","description":"Somos Televisi\u00f3n","publisher":{"@id":"https:\/\/canal7slp.tv\/2022\/#organization"},"potentialAction":[{"@type":"SearchAction","target":{"@type":"EntryPoint","urlTemplate":"https:\/\/canal7slp.tv\/2022\/?s={search_term_string}"},"query-input":{"@type":"PropertyValueSpecification","valueRequired":true,"valueName":"search_term_string"}}],"inLanguage":"es"},{"@type":"Organization","@id":"https:\/\/canal7slp.tv\/2022\/#organization","name":"Noticieros Canal 7","url":"https:\/\/canal7slp.tv\/2022\/","logo":{"@type":"ImageObject","inLanguage":"es","@id":"https:\/\/canal7slp.tv\/2022\/#\/schema\/logo\/image\/","url":"https:\/\/canal7slp.tv\/2022\/wp-content\/uploads\/2021\/01\/logo-noticieros@2x.png","contentUrl":"https:\/\/canal7slp.tv\/2022\/wp-content\/uploads\/2021\/01\/logo-noticieros@2x.png","width":1017,"height":268,"caption":"Noticieros Canal 7"},"image":{"@id":"https:\/\/canal7slp.tv\/2022\/#\/schema\/logo\/image\/"},"sameAs":["https:\/\/www.facebook.com\/noticieroscanalsiete","https:\/\/x.com\/NOTICIEROS7","https:\/\/www.instagram.com\/canal7_slp","https:\/\/www.youtube.com\/channel\/UCliiYs-gP3JfJeqdPrNdd5A"]},{"@type":"Person","@id":"https:\/\/canal7slp.tv\/2022\/#\/schema\/person\/429704152a21f5f856ce29aa69a238da","name":"Edici\u00f3n Web","image":{"@type":"ImageObject","inLanguage":"es","@id":"https:\/\/secure.gravatar.com\/avatar\/eee448fc3f7164808013b816ba91ac7e43bbe82a70bebac296f8bc6f0addaa1a?s=96&d=mm&r=g","url":"https:\/\/secure.gravatar.com\/avatar\/eee448fc3f7164808013b816ba91ac7e43bbe82a70bebac296f8bc6f0addaa1a?s=96&d=mm&r=g","contentUrl":"https:\/\/secure.gravatar.com\/avatar\/eee448fc3f7164808013b816ba91ac7e43bbe82a70bebac296f8bc6f0addaa1a?s=96&d=mm&r=g","caption":"Edici\u00f3n Web"},"url":"https:\/\/canal7slp.tv\/2022\/author\/edicionweb\/"}]}},"amp_enabled":true,"_links":{"self":[{"href":"https:\/\/canal7slp.tv\/2022\/wp-json\/wp\/v2\/posts\/75671","targetHints":{"allow":["GET"]}}],"collection":[{"href":"https:\/\/canal7slp.tv\/2022\/wp-json\/wp\/v2\/posts"}],"about":[{"href":"https:\/\/canal7slp.tv\/2022\/wp-json\/wp\/v2\/types\/post"}],"author":[{"embeddable":true,"href":"https:\/\/canal7slp.tv\/2022\/wp-json\/wp\/v2\/users\/2"}],"replies":[{"embeddable":true,"href":"https:\/\/canal7slp.tv\/2022\/wp-json\/wp\/v2\/comments?post=75671"}],"version-history":[{"count":3,"href":"https:\/\/canal7slp.tv\/2022\/wp-json\/wp\/v2\/posts\/75671\/revisions"}],"predecessor-version":[{"id":75683,"href":"https:\/\/canal7slp.tv\/2022\/wp-json\/wp\/v2\/posts\/75671\/revisions\/75683"}],"wp:featuredmedia":[{"embeddable":true,"href":"https:\/\/canal7slp.tv\/2022\/wp-json\/wp\/v2\/media\/75682"}],"wp:attachment":[{"href":"https:\/\/canal7slp.tv\/2022\/wp-json\/wp\/v2\/media?parent=75671"}],"wp:term":[{"taxonomy":"category","embeddable":true,"href":"https:\/\/canal7slp.tv\/2022\/wp-json\/wp\/v2\/categories?post=75671"},{"taxonomy":"post_tag","embeddable":true,"href":"https:\/\/canal7slp.tv\/2022\/wp-json\/wp\/v2\/tags?post=75671"}],"curies":[{"name":"wp","href":"https:\/\/api.w.org\/{rel}","templated":true}]}}