{"id":75669,"date":"2022-10-14T18:10:13","date_gmt":"2022-10-15T00:10:13","guid":{"rendered":"https:\/\/canal7slp.tv\/2022\/?p=75669"},"modified":"2022-10-14T18:10:13","modified_gmt":"2022-10-15T00:10:13","slug":"inauguran-primer-congreso-de-educacion-la-propuesta-curricular-2022-analisis-reflexiones-y-demandas-para-su-implementacion","status":"publish","type":"post","link":"https:\/\/canal7slp.tv\/2022\/inauguran-primer-congreso-de-educacion-la-propuesta-curricular-2022-analisis-reflexiones-y-demandas-para-su-implementacion\/","title":{"rendered":"Inauguran Primer Congreso de Educaci\u00f3n \u00abLa propuesta curricular 2022: an\u00e1lisis, reflexiones y demandas para su implementaci\u00f3n\u00bb."},"content":{"rendered":"<p style=\"text-align: justify;\">SLP.- En el marco del Bicentenario del Sistema Educativo Estatal Regular y teniendo como sede las instalaciones del Teatro de la Paz, fue inaugurado el Primer Congreso de Educaci\u00f3n con el tema \u201cLa Propuesta Curricular 2022: an\u00e1lisis, reflexiones y demandas para su implementaci\u00f3n\u201d.<\/p>\n<p style=\"text-align: justify;\">Se llevar\u00e1n a cabo una serie de talleres y conferencias con ponentes de talla nacional e internacional con temas como \u201cLa Ret\u00f3rica de la Nueva Escuela Mexicana\u201d, misma que promueve el conocimiento en la educaci\u00f3n del pa\u00eds.<\/p>\n<p style=\"text-align: justify;\">Otro de los conferencistas fue el director del Centro Internacional de Estudios Interdisciplinarios Jes\u00fas Velasquez Navarro con el tema \u201cBases metodol\u00f3gicas de la nueva escuela mexicana\u201d.<\/p>\n<p style=\"text-align: justify;\">El director general del SEER se\u00f1al\u00f3 que maestros y docentes de educaci\u00f3n b\u00e1sica estudiar\u00e1n los alcances del \u00e1mbito educativo que les permita conocer las demandas de la propuesta curricular 2022.<\/p>\n<p style=\"text-align: justify;\">S\u00e1nchez Lara dijo tambi\u00e9n que los trabajadores de la educaci\u00f3n siempre han estado ocupados en estar actualizados y acordes a los tiempos que se viven en el pa\u00eds y en el estado, atentos tambi\u00e9n a los cambios que demanda la sociedad para ofrecer una educaci\u00f3n de calidad.<\/p>\n<p style=\"text-align: justify;\">Por: Claudio Ibarra<\/p>\n","protected":false},"excerpt":{"rendered":"<p>SLP.- En el marco del Bicentenario del Sistema Educativo Estatal Regular y teniendo como sede las instalaciones del Teatro de la Paz, fue inaugurado el Primer Congreso de Educaci\u00f3n con el tema \u201cLa Propuesta Curricular 2022: an\u00e1lisis, reflexiones y demandas para su implementaci\u00f3n\u201d. Se llevar\u00e1n a cabo una serie de talleres y conferencias con ponentes de talla nacional e internacional con temas como \u201cLa Ret\u00f3rica de la Nueva Escuela Mexicana\u201d, misma que promueve el conocimiento en la educaci\u00f3n del pa\u00eds. Otro de los conferencistas fue el director del Centro Internacional de Estudios Interdisciplinarios Jes\u00fas Velasquez Navarro con el tema \u201cBases [&hellip;]<\/p>\n","protected":false},"author":2,"featured_media":75680,"comment_status":"closed","ping_status":"closed","sticky":false,"template":"","format":"video","meta":{"footnotes":""},"categories":[5,45],"tags":[],"class_list":["post-75669","post","type-post","status-publish","format-video","has-post-thumbnail","hentry","category-destacadas","category-localesyregionales","post_format-post-format-video","post--single"],"yoast_head":"<!-- This site is optimized with the Yoast SEO plugin v27.4 - https:\/\/yoast.com\/product\/yoast-seo-wordpress\/ -->\n<title>Inauguran Primer Congreso de Educaci\u00f3n &quot;La propuesta curricular 2022: an\u00e1lisis, reflexiones y demandas para su implementaci\u00f3n&quot;. - Canal 7 SLP - 2022<\/title>\n<meta name=\"robots\" content=\"index, follow, max-snippet:-1, max-image-preview:large, max-video-preview:-1\" \/>\n<link rel=\"canonical\" href=\"https:\/\/canal7slp.tv\/2022\/inauguran-primer-congreso-de-educacion-la-propuesta-curricular-2022-analisis-reflexiones-y-demandas-para-su-implementacion\/\" \/>\n<meta property=\"og:locale\" content=\"es_ES\" \/>\n<meta property=\"og:type\" content=\"article\" \/>\n<meta property=\"og:title\" content=\"Inauguran Primer Congreso de Educaci\u00f3n &quot;La propuesta curricular 2022: an\u00e1lisis, reflexiones y demandas para su implementaci\u00f3n&quot;. - Canal 7 SLP - 2022\" \/>\n<meta property=\"og:description\" content=\"SLP.- En el marco del Bicentenario del Sistema Educativo Estatal Regular y teniendo como sede las instalaciones del Teatro de la Paz, fue inaugurado el Primer Congreso de Educaci\u00f3n con el tema \u201cLa Propuesta Curricular 2022: an\u00e1lisis, reflexiones y demandas para su implementaci\u00f3n\u201d. Se llevar\u00e1n a cabo una serie de talleres y conferencias con ponentes de talla nacional e internacional con temas como \u201cLa Ret\u00f3rica de la Nueva Escuela Mexicana\u201d, misma que promueve el conocimiento en la educaci\u00f3n del pa\u00eds. Otro de los conferencistas fue el director del Centro Internacional de Estudios Interdisciplinarios Jes\u00fas Velasquez Navarro con el tema \u201cBases [&hellip;]\" \/>\n<meta property=\"og:url\" content=\"https:\/\/canal7slp.tv\/2022\/inauguran-primer-congreso-de-educacion-la-propuesta-curricular-2022-analisis-reflexiones-y-demandas-para-su-implementacion\/\" \/>\n<meta property=\"og:site_name\" content=\"Canal 7 SLP - 2022\" \/>\n<meta property=\"article:publisher\" content=\"https:\/\/www.facebook.com\/noticieroscanalsiete\" \/>\n<meta property=\"article:published_time\" content=\"2022-10-15T00:10:13+00:00\" \/>\n<meta property=\"og:image\" content=\"https:\/\/canal7slp.tv\/2022\/wp-content\/uploads\/2022\/10\/Claudio02Curricular.jpg\" \/>\n\t<meta property=\"og:image:width\" content=\"888\" \/>\n\t<meta property=\"og:image:height\" content=\"500\" \/>\n\t<meta property=\"og:image:type\" content=\"image\/jpeg\" \/>\n<meta name=\"author\" content=\"Edici\u00f3n Web\" \/>\n<meta name=\"twitter:card\" content=\"summary_large_image\" \/>\n<meta name=\"twitter:creator\" content=\"@NOTICIEROS7\" \/>\n<meta name=\"twitter:site\" content=\"@NOTICIEROS7\" \/>\n<meta name=\"twitter:label1\" content=\"Escrito por\" \/>\n\t<meta name=\"twitter:data1\" content=\"Edici\u00f3n Web\" \/>\n\t<meta name=\"twitter:label2\" content=\"Tiempo de lectura\" \/>\n\t<meta name=\"twitter:data2\" content=\"1 minuto\" \/>\n<script type=\"application\/ld+json\" class=\"yoast-schema-graph\">{\"@context\":\"https:\\\/\\\/schema.org\",\"@graph\":[{\"@type\":\"Article\",\"@id\":\"https:\\\/\\\/canal7slp.tv\\\/2022\\\/inauguran-primer-congreso-de-educacion-la-propuesta-curricular-2022-analisis-reflexiones-y-demandas-para-su-implementacion\\\/#article\",\"isPartOf\":{\"@id\":\"https:\\\/\\\/canal7slp.tv\\\/2022\\\/inauguran-primer-congreso-de-educacion-la-propuesta-curricular-2022-analisis-reflexiones-y-demandas-para-su-implementacion\\\/\"},\"author\":{\"name\":\"Edici\u00f3n Web\",\"@id\":\"https:\\\/\\\/canal7slp.tv\\\/2022\\\/#\\\/schema\\\/person\\\/429704152a21f5f856ce29aa69a238da\"},\"headline\":\"Inauguran Primer Congreso de Educaci\u00f3n \u00abLa propuesta curricular 2022: an\u00e1lisis, reflexiones y demandas para su implementaci\u00f3n\u00bb.\",\"datePublished\":\"2022-10-15T00:10:13+00:00\",\"mainEntityOfPage\":{\"@id\":\"https:\\\/\\\/canal7slp.tv\\\/2022\\\/inauguran-primer-congreso-de-educacion-la-propuesta-curricular-2022-analisis-reflexiones-y-demandas-para-su-implementacion\\\/\"},\"wordCount\":222,\"publisher\":{\"@id\":\"https:\\\/\\\/canal7slp.tv\\\/2022\\\/#organization\"},\"image\":{\"@id\":\"https:\\\/\\\/canal7slp.tv\\\/2022\\\/inauguran-primer-congreso-de-educacion-la-propuesta-curricular-2022-analisis-reflexiones-y-demandas-para-su-implementacion\\\/#primaryimage\"},\"thumbnailUrl\":\"https:\\\/\\\/canal7slp.tv\\\/2022\\\/wp-content\\\/uploads\\\/2022\\\/10\\\/Claudio02Curricular.jpg\",\"articleSection\":[\"DESTACADAS\",\"LOCALES Y REGIONALES\"],\"inLanguage\":\"es\"},{\"@type\":\"WebPage\",\"@id\":\"https:\\\/\\\/canal7slp.tv\\\/2022\\\/inauguran-primer-congreso-de-educacion-la-propuesta-curricular-2022-analisis-reflexiones-y-demandas-para-su-implementacion\\\/\",\"url\":\"https:\\\/\\\/canal7slp.tv\\\/2022\\\/inauguran-primer-congreso-de-educacion-la-propuesta-curricular-2022-analisis-reflexiones-y-demandas-para-su-implementacion\\\/\",\"name\":\"Inauguran Primer Congreso de Educaci\u00f3n \\\"La propuesta curricular 2022: an\u00e1lisis, reflexiones y demandas para su implementaci\u00f3n\\\". - Canal 7 SLP - 2022\",\"isPartOf\":{\"@id\":\"https:\\\/\\\/canal7slp.tv\\\/2022\\\/#website\"},\"primaryImageOfPage\":{\"@id\":\"https:\\\/\\\/canal7slp.tv\\\/2022\\\/inauguran-primer-congreso-de-educacion-la-propuesta-curricular-2022-analisis-reflexiones-y-demandas-para-su-implementacion\\\/#primaryimage\"},\"image\":{\"@id\":\"https:\\\/\\\/canal7slp.tv\\\/2022\\\/inauguran-primer-congreso-de-educacion-la-propuesta-curricular-2022-analisis-reflexiones-y-demandas-para-su-implementacion\\\/#primaryimage\"},\"thumbnailUrl\":\"https:\\\/\\\/canal7slp.tv\\\/2022\\\/wp-content\\\/uploads\\\/2022\\\/10\\\/Claudio02Curricular.jpg\",\"datePublished\":\"2022-10-15T00:10:13+00:00\",\"breadcrumb\":{\"@id\":\"https:\\\/\\\/canal7slp.tv\\\/2022\\\/inauguran-primer-congreso-de-educacion-la-propuesta-curricular-2022-analisis-reflexiones-y-demandas-para-su-implementacion\\\/#breadcrumb\"},\"inLanguage\":\"es\",\"potentialAction\":[{\"@type\":\"ReadAction\",\"target\":[\"https:\\\/\\\/canal7slp.tv\\\/2022\\\/inauguran-primer-congreso-de-educacion-la-propuesta-curricular-2022-analisis-reflexiones-y-demandas-para-su-implementacion\\\/\"]}]},{\"@type\":\"ImageObject\",\"inLanguage\":\"es\",\"@id\":\"https:\\\/\\\/canal7slp.tv\\\/2022\\\/inauguran-primer-congreso-de-educacion-la-propuesta-curricular-2022-analisis-reflexiones-y-demandas-para-su-implementacion\\\/#primaryimage\",\"url\":\"https:\\\/\\\/canal7slp.tv\\\/2022\\\/wp-content\\\/uploads\\\/2022\\\/10\\\/Claudio02Curricular.jpg\",\"contentUrl\":\"https:\\\/\\\/canal7slp.tv\\\/2022\\\/wp-content\\\/uploads\\\/2022\\\/10\\\/Claudio02Curricular.jpg\",\"width\":888,\"height\":500},{\"@type\":\"BreadcrumbList\",\"@id\":\"https:\\\/\\\/canal7slp.tv\\\/2022\\\/inauguran-primer-congreso-de-educacion-la-propuesta-curricular-2022-analisis-reflexiones-y-demandas-para-su-implementacion\\\/#breadcrumb\",\"itemListElement\":[{\"@type\":\"ListItem\",\"position\":1,\"name\":\"Portada\",\"item\":\"https:\\\/\\\/canal7slp.tv\\\/2022\\\/\"},{\"@type\":\"ListItem\",\"position\":2,\"name\":\"Inauguran Primer Congreso de Educaci\u00f3n &#8220;La propuesta curricular 2022: an\u00e1lisis, reflexiones y demandas para su implementaci\u00f3n&#8221;.\"}]},{\"@type\":\"WebSite\",\"@id\":\"https:\\\/\\\/canal7slp.tv\\\/2022\\\/#website\",\"url\":\"https:\\\/\\\/canal7slp.tv\\\/2022\\\/\",\"name\":\"N7 - Noticieros Canal 7\",\"description\":\"Somos Televisi\u00f3n\",\"publisher\":{\"@id\":\"https:\\\/\\\/canal7slp.tv\\\/2022\\\/#organization\"},\"potentialAction\":[{\"@type\":\"SearchAction\",\"target\":{\"@type\":\"EntryPoint\",\"urlTemplate\":\"https:\\\/\\\/canal7slp.tv\\\/2022\\\/?s={search_term_string}\"},\"query-input\":{\"@type\":\"PropertyValueSpecification\",\"valueRequired\":true,\"valueName\":\"search_term_string\"}}],\"inLanguage\":\"es\"},{\"@type\":\"Organization\",\"@id\":\"https:\\\/\\\/canal7slp.tv\\\/2022\\\/#organization\",\"name\":\"Noticieros Canal 7\",\"url\":\"https:\\\/\\\/canal7slp.tv\\\/2022\\\/\",\"logo\":{\"@type\":\"ImageObject\",\"inLanguage\":\"es\",\"@id\":\"https:\\\/\\\/canal7slp.tv\\\/2022\\\/#\\\/schema\\\/logo\\\/image\\\/\",\"url\":\"https:\\\/\\\/canal7slp.tv\\\/2022\\\/wp-content\\\/uploads\\\/2021\\\/01\\\/logo-noticieros@2x.png\",\"contentUrl\":\"https:\\\/\\\/canal7slp.tv\\\/2022\\\/wp-content\\\/uploads\\\/2021\\\/01\\\/logo-noticieros@2x.png\",\"width\":1017,\"height\":268,\"caption\":\"Noticieros Canal 7\"},\"image\":{\"@id\":\"https:\\\/\\\/canal7slp.tv\\\/2022\\\/#\\\/schema\\\/logo\\\/image\\\/\"},\"sameAs\":[\"https:\\\/\\\/www.facebook.com\\\/noticieroscanalsiete\",\"https:\\\/\\\/x.com\\\/NOTICIEROS7\",\"https:\\\/\\\/www.instagram.com\\\/canal7_slp\",\"https:\\\/\\\/www.youtube.com\\\/channel\\\/UCliiYs-gP3JfJeqdPrNdd5A\"]},{\"@type\":\"Person\",\"@id\":\"https:\\\/\\\/canal7slp.tv\\\/2022\\\/#\\\/schema\\\/person\\\/429704152a21f5f856ce29aa69a238da\",\"name\":\"Edici\u00f3n Web\",\"image\":{\"@type\":\"ImageObject\",\"inLanguage\":\"es\",\"@id\":\"https:\\\/\\\/secure.gravatar.com\\\/avatar\\\/eee448fc3f7164808013b816ba91ac7e43bbe82a70bebac296f8bc6f0addaa1a?s=96&d=mm&r=g\",\"url\":\"https:\\\/\\\/secure.gravatar.com\\\/avatar\\\/eee448fc3f7164808013b816ba91ac7e43bbe82a70bebac296f8bc6f0addaa1a?s=96&d=mm&r=g\",\"contentUrl\":\"https:\\\/\\\/secure.gravatar.com\\\/avatar\\\/eee448fc3f7164808013b816ba91ac7e43bbe82a70bebac296f8bc6f0addaa1a?s=96&d=mm&r=g\",\"caption\":\"Edici\u00f3n Web\"},\"url\":\"https:\\\/\\\/canal7slp.tv\\\/2022\\\/author\\\/edicionweb\\\/\"}]}<\/script>\n<!-- \/ Yoast SEO plugin. -->","yoast_head_json":{"title":"Inauguran Primer Congreso de Educaci\u00f3n \"La propuesta curricular 2022: an\u00e1lisis, reflexiones y demandas para su implementaci\u00f3n\". - Canal 7 SLP - 2022","robots":{"index":"index","follow":"follow","max-snippet":"max-snippet:-1","max-image-preview":"max-image-preview:large","max-video-preview":"max-video-preview:-1"},"canonical":"https:\/\/canal7slp.tv\/2022\/inauguran-primer-congreso-de-educacion-la-propuesta-curricular-2022-analisis-reflexiones-y-demandas-para-su-implementacion\/","og_locale":"es_ES","og_type":"article","og_title":"Inauguran Primer Congreso de Educaci\u00f3n \"La propuesta curricular 2022: an\u00e1lisis, reflexiones y demandas para su implementaci\u00f3n\". - Canal 7 SLP - 2022","og_description":"SLP.- En el marco del Bicentenario del Sistema Educativo Estatal Regular y teniendo como sede las instalaciones del Teatro de la Paz, fue inaugurado el Primer Congreso de Educaci\u00f3n con el tema \u201cLa Propuesta Curricular 2022: an\u00e1lisis, reflexiones y demandas para su implementaci\u00f3n\u201d. Se llevar\u00e1n a cabo una serie de talleres y conferencias con ponentes de talla nacional e internacional con temas como \u201cLa Ret\u00f3rica de la Nueva Escuela Mexicana\u201d, misma que promueve el conocimiento en la educaci\u00f3n del pa\u00eds. Otro de los conferencistas fue el director del Centro Internacional de Estudios Interdisciplinarios Jes\u00fas Velasquez Navarro con el tema \u201cBases [&hellip;]","og_url":"https:\/\/canal7slp.tv\/2022\/inauguran-primer-congreso-de-educacion-la-propuesta-curricular-2022-analisis-reflexiones-y-demandas-para-su-implementacion\/","og_site_name":"Canal 7 SLP - 2022","article_publisher":"https:\/\/www.facebook.com\/noticieroscanalsiete","article_published_time":"2022-10-15T00:10:13+00:00","og_image":[{"width":888,"height":500,"url":"https:\/\/canal7slp.tv\/2022\/wp-content\/uploads\/2022\/10\/Claudio02Curricular.jpg","type":"image\/jpeg"}],"author":"Edici\u00f3n Web","twitter_card":"summary_large_image","twitter_creator":"@NOTICIEROS7","twitter_site":"@NOTICIEROS7","twitter_misc":{"Escrito por":"Edici\u00f3n Web","Tiempo de lectura":"1 minuto"},"schema":{"@context":"https:\/\/schema.org","@graph":[{"@type":"Article","@id":"https:\/\/canal7slp.tv\/2022\/inauguran-primer-congreso-de-educacion-la-propuesta-curricular-2022-analisis-reflexiones-y-demandas-para-su-implementacion\/#article","isPartOf":{"@id":"https:\/\/canal7slp.tv\/2022\/inauguran-primer-congreso-de-educacion-la-propuesta-curricular-2022-analisis-reflexiones-y-demandas-para-su-implementacion\/"},"author":{"name":"Edici\u00f3n Web","@id":"https:\/\/canal7slp.tv\/2022\/#\/schema\/person\/429704152a21f5f856ce29aa69a238da"},"headline":"Inauguran Primer Congreso de Educaci\u00f3n \u00abLa propuesta curricular 2022: an\u00e1lisis, reflexiones y demandas para su implementaci\u00f3n\u00bb.","datePublished":"2022-10-15T00:10:13+00:00","mainEntityOfPage":{"@id":"https:\/\/canal7slp.tv\/2022\/inauguran-primer-congreso-de-educacion-la-propuesta-curricular-2022-analisis-reflexiones-y-demandas-para-su-implementacion\/"},"wordCount":222,"publisher":{"@id":"https:\/\/canal7slp.tv\/2022\/#organization"},"image":{"@id":"https:\/\/canal7slp.tv\/2022\/inauguran-primer-congreso-de-educacion-la-propuesta-curricular-2022-analisis-reflexiones-y-demandas-para-su-implementacion\/#primaryimage"},"thumbnailUrl":"https:\/\/canal7slp.tv\/2022\/wp-content\/uploads\/2022\/10\/Claudio02Curricular.jpg","articleSection":["DESTACADAS","LOCALES Y REGIONALES"],"inLanguage":"es"},{"@type":"WebPage","@id":"https:\/\/canal7slp.tv\/2022\/inauguran-primer-congreso-de-educacion-la-propuesta-curricular-2022-analisis-reflexiones-y-demandas-para-su-implementacion\/","url":"https:\/\/canal7slp.tv\/2022\/inauguran-primer-congreso-de-educacion-la-propuesta-curricular-2022-analisis-reflexiones-y-demandas-para-su-implementacion\/","name":"Inauguran Primer Congreso de Educaci\u00f3n \"La propuesta curricular 2022: an\u00e1lisis, reflexiones y demandas para su implementaci\u00f3n\". - Canal 7 SLP - 2022","isPartOf":{"@id":"https:\/\/canal7slp.tv\/2022\/#website"},"primaryImageOfPage":{"@id":"https:\/\/canal7slp.tv\/2022\/inauguran-primer-congreso-de-educacion-la-propuesta-curricular-2022-analisis-reflexiones-y-demandas-para-su-implementacion\/#primaryimage"},"image":{"@id":"https:\/\/canal7slp.tv\/2022\/inauguran-primer-congreso-de-educacion-la-propuesta-curricular-2022-analisis-reflexiones-y-demandas-para-su-implementacion\/#primaryimage"},"thumbnailUrl":"https:\/\/canal7slp.tv\/2022\/wp-content\/uploads\/2022\/10\/Claudio02Curricular.jpg","datePublished":"2022-10-15T00:10:13+00:00","breadcrumb":{"@id":"https:\/\/canal7slp.tv\/2022\/inauguran-primer-congreso-de-educacion-la-propuesta-curricular-2022-analisis-reflexiones-y-demandas-para-su-implementacion\/#breadcrumb"},"inLanguage":"es","potentialAction":[{"@type":"ReadAction","target":["https:\/\/canal7slp.tv\/2022\/inauguran-primer-congreso-de-educacion-la-propuesta-curricular-2022-analisis-reflexiones-y-demandas-para-su-implementacion\/"]}]},{"@type":"ImageObject","inLanguage":"es","@id":"https:\/\/canal7slp.tv\/2022\/inauguran-primer-congreso-de-educacion-la-propuesta-curricular-2022-analisis-reflexiones-y-demandas-para-su-implementacion\/#primaryimage","url":"https:\/\/canal7slp.tv\/2022\/wp-content\/uploads\/2022\/10\/Claudio02Curricular.jpg","contentUrl":"https:\/\/canal7slp.tv\/2022\/wp-content\/uploads\/2022\/10\/Claudio02Curricular.jpg","width":888,"height":500},{"@type":"BreadcrumbList","@id":"https:\/\/canal7slp.tv\/2022\/inauguran-primer-congreso-de-educacion-la-propuesta-curricular-2022-analisis-reflexiones-y-demandas-para-su-implementacion\/#breadcrumb","itemListElement":[{"@type":"ListItem","position":1,"name":"Portada","item":"https:\/\/canal7slp.tv\/2022\/"},{"@type":"ListItem","position":2,"name":"Inauguran Primer Congreso de Educaci\u00f3n &#8220;La propuesta curricular 2022: an\u00e1lisis, reflexiones y demandas para su implementaci\u00f3n&#8221;."}]},{"@type":"WebSite","@id":"https:\/\/canal7slp.tv\/2022\/#website","url":"https:\/\/canal7slp.tv\/2022\/","name":"N7 - Noticieros Canal 7","description":"Somos Televisi\u00f3n","publisher":{"@id":"https:\/\/canal7slp.tv\/2022\/#organization"},"potentialAction":[{"@type":"SearchAction","target":{"@type":"EntryPoint","urlTemplate":"https:\/\/canal7slp.tv\/2022\/?s={search_term_string}"},"query-input":{"@type":"PropertyValueSpecification","valueRequired":true,"valueName":"search_term_string"}}],"inLanguage":"es"},{"@type":"Organization","@id":"https:\/\/canal7slp.tv\/2022\/#organization","name":"Noticieros Canal 7","url":"https:\/\/canal7slp.tv\/2022\/","logo":{"@type":"ImageObject","inLanguage":"es","@id":"https:\/\/canal7slp.tv\/2022\/#\/schema\/logo\/image\/","url":"https:\/\/canal7slp.tv\/2022\/wp-content\/uploads\/2021\/01\/logo-noticieros@2x.png","contentUrl":"https:\/\/canal7slp.tv\/2022\/wp-content\/uploads\/2021\/01\/logo-noticieros@2x.png","width":1017,"height":268,"caption":"Noticieros Canal 7"},"image":{"@id":"https:\/\/canal7slp.tv\/2022\/#\/schema\/logo\/image\/"},"sameAs":["https:\/\/www.facebook.com\/noticieroscanalsiete","https:\/\/x.com\/NOTICIEROS7","https:\/\/www.instagram.com\/canal7_slp","https:\/\/www.youtube.com\/channel\/UCliiYs-gP3JfJeqdPrNdd5A"]},{"@type":"Person","@id":"https:\/\/canal7slp.tv\/2022\/#\/schema\/person\/429704152a21f5f856ce29aa69a238da","name":"Edici\u00f3n Web","image":{"@type":"ImageObject","inLanguage":"es","@id":"https:\/\/secure.gravatar.com\/avatar\/eee448fc3f7164808013b816ba91ac7e43bbe82a70bebac296f8bc6f0addaa1a?s=96&d=mm&r=g","url":"https:\/\/secure.gravatar.com\/avatar\/eee448fc3f7164808013b816ba91ac7e43bbe82a70bebac296f8bc6f0addaa1a?s=96&d=mm&r=g","contentUrl":"https:\/\/secure.gravatar.com\/avatar\/eee448fc3f7164808013b816ba91ac7e43bbe82a70bebac296f8bc6f0addaa1a?s=96&d=mm&r=g","caption":"Edici\u00f3n Web"},"url":"https:\/\/canal7slp.tv\/2022\/author\/edicionweb\/"}]}},"amp_enabled":true,"_links":{"self":[{"href":"https:\/\/canal7slp.tv\/2022\/wp-json\/wp\/v2\/posts\/75669","targetHints":{"allow":["GET"]}}],"collection":[{"href":"https:\/\/canal7slp.tv\/2022\/wp-json\/wp\/v2\/posts"}],"about":[{"href":"https:\/\/canal7slp.tv\/2022\/wp-json\/wp\/v2\/types\/post"}],"author":[{"embeddable":true,"href":"https:\/\/canal7slp.tv\/2022\/wp-json\/wp\/v2\/users\/2"}],"replies":[{"embeddable":true,"href":"https:\/\/canal7slp.tv\/2022\/wp-json\/wp\/v2\/comments?post=75669"}],"version-history":[{"count":2,"href":"https:\/\/canal7slp.tv\/2022\/wp-json\/wp\/v2\/posts\/75669\/revisions"}],"predecessor-version":[{"id":75681,"href":"https:\/\/canal7slp.tv\/2022\/wp-json\/wp\/v2\/posts\/75669\/revisions\/75681"}],"wp:featuredmedia":[{"embeddable":true,"href":"https:\/\/canal7slp.tv\/2022\/wp-json\/wp\/v2\/media\/75680"}],"wp:attachment":[{"href":"https:\/\/canal7slp.tv\/2022\/wp-json\/wp\/v2\/media?parent=75669"}],"wp:term":[{"taxonomy":"category","embeddable":true,"href":"https:\/\/canal7slp.tv\/2022\/wp-json\/wp\/v2\/categories?post=75669"},{"taxonomy":"post_tag","embeddable":true,"href":"https:\/\/canal7slp.tv\/2022\/wp-json\/wp\/v2\/tags?post=75669"}],"curies":[{"name":"wp","href":"https:\/\/api.w.org\/{rel}","templated":true}]}}