{"id":75588,"date":"2022-10-14T09:01:50","date_gmt":"2022-10-14T15:01:50","guid":{"rendered":"https:\/\/canal7slp.tv\/2022\/?p=75588"},"modified":"2022-10-14T09:01:50","modified_gmt":"2022-10-14T15:01:50","slug":"con-caravana-tour-del-meteorito-se-llevara-a-cabo-el-23-de-octubre","status":"publish","type":"post","link":"https:\/\/canal7slp.tv\/2022\/con-caravana-tour-del-meteorito-se-llevara-a-cabo-el-23-de-octubre\/","title":{"rendered":"Con caravana, Tour del Meteorito se llevar\u00e1 a cabo el 23 de octubre."},"content":{"rendered":"<ul>\n<li>La Secretar\u00eda de Cultura impulsa el evento que completa un rally de aventura en el Altiplano.<\/li>\n<\/ul>\n<p style=\"text-align: justify;\">SLP.- En las instalaciones de la Secretar\u00eda de Cultura se llev\u00f3 a cabo la presentaci\u00f3n del \u201cTour del Meteorito en un evento en donde podr\u00e1n participar autom\u00f3viles modelo 1999 y anteriores, para completar un Rally de Aventura por el Altiplano.<\/p>\n<p style=\"text-align: justify;\">La titular de la Secretar\u00eda de Cultura Elizabeth Torres M\u00e9ndez se\u00f1al\u00f3 que el objetivo de este rally es el de incentivar la visita a los museos, ya que esta caravana automovil\u00edstica tendr\u00e1 como meta el museo de El Meteorito en el municipio de Charcas y en donde se espera la participaci\u00f3n de m\u00e1s de 40 autos.<\/p>\n<p style=\"text-align: justify;\">A la llegada al municipio de Charcas se realizar\u00e1 un recorrido por el Museo El Meteorito en sus cinco salas, Planetario y su Observatorio.<\/p>\n<p style=\"text-align: justify;\">Alejandro Jim\u00e9nez Landa, delegado de la Federaci\u00f3n Mexicana de Autos Antiguos y de Colecci\u00f3n aclar\u00f3 que no ser\u00e1 un evento de carreras de autos, sino recreativo y de convivencia familiar.<\/p>\n<p style=\"text-align: justify;\">Al t\u00e9rmino de la caravana se les entregar\u00e1 a todos los participantes un reconocimiento digital de la Secretar\u00eda de Cultura y un trofeo para los tres primeros lugares del Rally.<\/p>\n<p style=\"text-align: justify;\">Quienes deseen participar deber\u00e1n registrarse al n\u00famero de WhatsApp 444 77 245 con marca y a\u00f1o del auto, n\u00famero de participante, inclu\u00eddos si asisten menores de edad y copia del comprobante de pago que es de 100 pesos.<\/p>\n<p style=\"text-align: justify;\">Para que haya un control del evento y sobre todo de seguridad para los participantes solo se permitir\u00e1n tres personas por autom\u00f3vil: piloto y copilotos mayores de edad y un menor hasta de 11 a\u00f1os en la parte de atr\u00e1s.<\/p>\n<p>Por: Claudio Ibarra<\/p>\n","protected":false},"excerpt":{"rendered":"<p>La Secretar\u00eda de Cultura impulsa el evento que completa un rally de aventura en el Altiplano. SLP.- En las instalaciones de la Secretar\u00eda de Cultura se llev\u00f3 a cabo la presentaci\u00f3n del \u201cTour del Meteorito en un evento en donde podr\u00e1n participar autom\u00f3viles modelo 1999 y anteriores, para completar un Rally de Aventura por el Altiplano. La titular de la Secretar\u00eda de Cultura Elizabeth Torres M\u00e9ndez se\u00f1al\u00f3 que el objetivo de este rally es el de incentivar la visita a los museos, ya que esta caravana automovil\u00edstica tendr\u00e1 como meta el museo de El Meteorito en el municipio de Charcas [&hellip;]<\/p>\n","protected":false},"author":2,"featured_media":75612,"comment_status":"closed","ping_status":"closed","sticky":false,"template":"","format":"video","meta":{"footnotes":""},"categories":[5,45],"tags":[],"class_list":["post-75588","post","type-post","status-publish","format-video","has-post-thumbnail","hentry","category-destacadas","category-localesyregionales","post_format-post-format-video","post--single"],"yoast_head":"<!-- This site is optimized with the Yoast SEO plugin v27.4 - https:\/\/yoast.com\/product\/yoast-seo-wordpress\/ -->\n<title>Con caravana, Tour del Meteorito se llevar\u00e1 a cabo el 23 de octubre. - Canal 7 SLP - 2022<\/title>\n<meta name=\"robots\" content=\"index, follow, max-snippet:-1, max-image-preview:large, max-video-preview:-1\" \/>\n<link rel=\"canonical\" href=\"https:\/\/canal7slp.tv\/2022\/con-caravana-tour-del-meteorito-se-llevara-a-cabo-el-23-de-octubre\/\" \/>\n<meta property=\"og:locale\" content=\"es_ES\" \/>\n<meta property=\"og:type\" content=\"article\" \/>\n<meta property=\"og:title\" content=\"Con caravana, Tour del Meteorito se llevar\u00e1 a cabo el 23 de octubre. - Canal 7 SLP - 2022\" \/>\n<meta property=\"og:description\" content=\"La Secretar\u00eda de Cultura impulsa el evento que completa un rally de aventura en el Altiplano. SLP.- En las instalaciones de la Secretar\u00eda de Cultura se llev\u00f3 a cabo la presentaci\u00f3n del \u201cTour del Meteorito en un evento en donde podr\u00e1n participar autom\u00f3viles modelo 1999 y anteriores, para completar un Rally de Aventura por el Altiplano. La titular de la Secretar\u00eda de Cultura Elizabeth Torres M\u00e9ndez se\u00f1al\u00f3 que el objetivo de este rally es el de incentivar la visita a los museos, ya que esta caravana automovil\u00edstica tendr\u00e1 como meta el museo de El Meteorito en el municipio de Charcas [&hellip;]\" \/>\n<meta property=\"og:url\" content=\"https:\/\/canal7slp.tv\/2022\/con-caravana-tour-del-meteorito-se-llevara-a-cabo-el-23-de-octubre\/\" \/>\n<meta property=\"og:site_name\" content=\"Canal 7 SLP - 2022\" \/>\n<meta property=\"article:publisher\" content=\"https:\/\/www.facebook.com\/noticieroscanalsiete\" \/>\n<meta property=\"article:published_time\" content=\"2022-10-14T15:01:50+00:00\" \/>\n<meta property=\"og:image\" content=\"https:\/\/canal7slp.tv\/2022\/wp-content\/uploads\/2022\/10\/Claudio03Rally.jpg\" \/>\n\t<meta property=\"og:image:width\" content=\"888\" \/>\n\t<meta property=\"og:image:height\" content=\"500\" \/>\n\t<meta property=\"og:image:type\" content=\"image\/jpeg\" \/>\n<meta name=\"author\" content=\"Edici\u00f3n Web\" \/>\n<meta name=\"twitter:card\" content=\"summary_large_image\" \/>\n<meta name=\"twitter:creator\" content=\"@NOTICIEROS7\" \/>\n<meta name=\"twitter:site\" content=\"@NOTICIEROS7\" \/>\n<meta name=\"twitter:label1\" content=\"Escrito por\" \/>\n\t<meta name=\"twitter:data1\" content=\"Edici\u00f3n Web\" \/>\n\t<meta name=\"twitter:label2\" content=\"Tiempo de lectura\" \/>\n\t<meta name=\"twitter:data2\" content=\"2 minutos\" \/>\n<script type=\"application\/ld+json\" class=\"yoast-schema-graph\">{\"@context\":\"https:\\\/\\\/schema.org\",\"@graph\":[{\"@type\":\"Article\",\"@id\":\"https:\\\/\\\/canal7slp.tv\\\/2022\\\/con-caravana-tour-del-meteorito-se-llevara-a-cabo-el-23-de-octubre\\\/#article\",\"isPartOf\":{\"@id\":\"https:\\\/\\\/canal7slp.tv\\\/2022\\\/con-caravana-tour-del-meteorito-se-llevara-a-cabo-el-23-de-octubre\\\/\"},\"author\":{\"name\":\"Edici\u00f3n Web\",\"@id\":\"https:\\\/\\\/canal7slp.tv\\\/2022\\\/#\\\/schema\\\/person\\\/429704152a21f5f856ce29aa69a238da\"},\"headline\":\"Con caravana, Tour del Meteorito se llevar\u00e1 a cabo el 23 de octubre.\",\"datePublished\":\"2022-10-14T15:01:50+00:00\",\"mainEntityOfPage\":{\"@id\":\"https:\\\/\\\/canal7slp.tv\\\/2022\\\/con-caravana-tour-del-meteorito-se-llevara-a-cabo-el-23-de-octubre\\\/\"},\"wordCount\":308,\"publisher\":{\"@id\":\"https:\\\/\\\/canal7slp.tv\\\/2022\\\/#organization\"},\"image\":{\"@id\":\"https:\\\/\\\/canal7slp.tv\\\/2022\\\/con-caravana-tour-del-meteorito-se-llevara-a-cabo-el-23-de-octubre\\\/#primaryimage\"},\"thumbnailUrl\":\"https:\\\/\\\/canal7slp.tv\\\/2022\\\/wp-content\\\/uploads\\\/2022\\\/10\\\/Claudio03Rally.jpg\",\"articleSection\":[\"DESTACADAS\",\"LOCALES Y REGIONALES\"],\"inLanguage\":\"es\"},{\"@type\":\"WebPage\",\"@id\":\"https:\\\/\\\/canal7slp.tv\\\/2022\\\/con-caravana-tour-del-meteorito-se-llevara-a-cabo-el-23-de-octubre\\\/\",\"url\":\"https:\\\/\\\/canal7slp.tv\\\/2022\\\/con-caravana-tour-del-meteorito-se-llevara-a-cabo-el-23-de-octubre\\\/\",\"name\":\"Con caravana, Tour del Meteorito se llevar\u00e1 a cabo el 23 de octubre. - Canal 7 SLP - 2022\",\"isPartOf\":{\"@id\":\"https:\\\/\\\/canal7slp.tv\\\/2022\\\/#website\"},\"primaryImageOfPage\":{\"@id\":\"https:\\\/\\\/canal7slp.tv\\\/2022\\\/con-caravana-tour-del-meteorito-se-llevara-a-cabo-el-23-de-octubre\\\/#primaryimage\"},\"image\":{\"@id\":\"https:\\\/\\\/canal7slp.tv\\\/2022\\\/con-caravana-tour-del-meteorito-se-llevara-a-cabo-el-23-de-octubre\\\/#primaryimage\"},\"thumbnailUrl\":\"https:\\\/\\\/canal7slp.tv\\\/2022\\\/wp-content\\\/uploads\\\/2022\\\/10\\\/Claudio03Rally.jpg\",\"datePublished\":\"2022-10-14T15:01:50+00:00\",\"breadcrumb\":{\"@id\":\"https:\\\/\\\/canal7slp.tv\\\/2022\\\/con-caravana-tour-del-meteorito-se-llevara-a-cabo-el-23-de-octubre\\\/#breadcrumb\"},\"inLanguage\":\"es\",\"potentialAction\":[{\"@type\":\"ReadAction\",\"target\":[\"https:\\\/\\\/canal7slp.tv\\\/2022\\\/con-caravana-tour-del-meteorito-se-llevara-a-cabo-el-23-de-octubre\\\/\"]}]},{\"@type\":\"ImageObject\",\"inLanguage\":\"es\",\"@id\":\"https:\\\/\\\/canal7slp.tv\\\/2022\\\/con-caravana-tour-del-meteorito-se-llevara-a-cabo-el-23-de-octubre\\\/#primaryimage\",\"url\":\"https:\\\/\\\/canal7slp.tv\\\/2022\\\/wp-content\\\/uploads\\\/2022\\\/10\\\/Claudio03Rally.jpg\",\"contentUrl\":\"https:\\\/\\\/canal7slp.tv\\\/2022\\\/wp-content\\\/uploads\\\/2022\\\/10\\\/Claudio03Rally.jpg\",\"width\":888,\"height\":500},{\"@type\":\"BreadcrumbList\",\"@id\":\"https:\\\/\\\/canal7slp.tv\\\/2022\\\/con-caravana-tour-del-meteorito-se-llevara-a-cabo-el-23-de-octubre\\\/#breadcrumb\",\"itemListElement\":[{\"@type\":\"ListItem\",\"position\":1,\"name\":\"Portada\",\"item\":\"https:\\\/\\\/canal7slp.tv\\\/2022\\\/\"},{\"@type\":\"ListItem\",\"position\":2,\"name\":\"Con caravana, Tour del Meteorito se llevar\u00e1 a cabo el 23 de octubre.\"}]},{\"@type\":\"WebSite\",\"@id\":\"https:\\\/\\\/canal7slp.tv\\\/2022\\\/#website\",\"url\":\"https:\\\/\\\/canal7slp.tv\\\/2022\\\/\",\"name\":\"N7 - Noticieros Canal 7\",\"description\":\"Somos Televisi\u00f3n\",\"publisher\":{\"@id\":\"https:\\\/\\\/canal7slp.tv\\\/2022\\\/#organization\"},\"potentialAction\":[{\"@type\":\"SearchAction\",\"target\":{\"@type\":\"EntryPoint\",\"urlTemplate\":\"https:\\\/\\\/canal7slp.tv\\\/2022\\\/?s={search_term_string}\"},\"query-input\":{\"@type\":\"PropertyValueSpecification\",\"valueRequired\":true,\"valueName\":\"search_term_string\"}}],\"inLanguage\":\"es\"},{\"@type\":\"Organization\",\"@id\":\"https:\\\/\\\/canal7slp.tv\\\/2022\\\/#organization\",\"name\":\"Noticieros Canal 7\",\"url\":\"https:\\\/\\\/canal7slp.tv\\\/2022\\\/\",\"logo\":{\"@type\":\"ImageObject\",\"inLanguage\":\"es\",\"@id\":\"https:\\\/\\\/canal7slp.tv\\\/2022\\\/#\\\/schema\\\/logo\\\/image\\\/\",\"url\":\"https:\\\/\\\/canal7slp.tv\\\/2022\\\/wp-content\\\/uploads\\\/2021\\\/01\\\/logo-noticieros@2x.png\",\"contentUrl\":\"https:\\\/\\\/canal7slp.tv\\\/2022\\\/wp-content\\\/uploads\\\/2021\\\/01\\\/logo-noticieros@2x.png\",\"width\":1017,\"height\":268,\"caption\":\"Noticieros Canal 7\"},\"image\":{\"@id\":\"https:\\\/\\\/canal7slp.tv\\\/2022\\\/#\\\/schema\\\/logo\\\/image\\\/\"},\"sameAs\":[\"https:\\\/\\\/www.facebook.com\\\/noticieroscanalsiete\",\"https:\\\/\\\/x.com\\\/NOTICIEROS7\",\"https:\\\/\\\/www.instagram.com\\\/canal7_slp\",\"https:\\\/\\\/www.youtube.com\\\/channel\\\/UCliiYs-gP3JfJeqdPrNdd5A\"]},{\"@type\":\"Person\",\"@id\":\"https:\\\/\\\/canal7slp.tv\\\/2022\\\/#\\\/schema\\\/person\\\/429704152a21f5f856ce29aa69a238da\",\"name\":\"Edici\u00f3n Web\",\"image\":{\"@type\":\"ImageObject\",\"inLanguage\":\"es\",\"@id\":\"https:\\\/\\\/secure.gravatar.com\\\/avatar\\\/eee448fc3f7164808013b816ba91ac7e43bbe82a70bebac296f8bc6f0addaa1a?s=96&d=mm&r=g\",\"url\":\"https:\\\/\\\/secure.gravatar.com\\\/avatar\\\/eee448fc3f7164808013b816ba91ac7e43bbe82a70bebac296f8bc6f0addaa1a?s=96&d=mm&r=g\",\"contentUrl\":\"https:\\\/\\\/secure.gravatar.com\\\/avatar\\\/eee448fc3f7164808013b816ba91ac7e43bbe82a70bebac296f8bc6f0addaa1a?s=96&d=mm&r=g\",\"caption\":\"Edici\u00f3n Web\"},\"url\":\"https:\\\/\\\/canal7slp.tv\\\/2022\\\/author\\\/edicionweb\\\/\"}]}<\/script>\n<!-- \/ Yoast SEO plugin. -->","yoast_head_json":{"title":"Con caravana, Tour del Meteorito se llevar\u00e1 a cabo el 23 de octubre. - Canal 7 SLP - 2022","robots":{"index":"index","follow":"follow","max-snippet":"max-snippet:-1","max-image-preview":"max-image-preview:large","max-video-preview":"max-video-preview:-1"},"canonical":"https:\/\/canal7slp.tv\/2022\/con-caravana-tour-del-meteorito-se-llevara-a-cabo-el-23-de-octubre\/","og_locale":"es_ES","og_type":"article","og_title":"Con caravana, Tour del Meteorito se llevar\u00e1 a cabo el 23 de octubre. - Canal 7 SLP - 2022","og_description":"La Secretar\u00eda de Cultura impulsa el evento que completa un rally de aventura en el Altiplano. SLP.- En las instalaciones de la Secretar\u00eda de Cultura se llev\u00f3 a cabo la presentaci\u00f3n del \u201cTour del Meteorito en un evento en donde podr\u00e1n participar autom\u00f3viles modelo 1999 y anteriores, para completar un Rally de Aventura por el Altiplano. La titular de la Secretar\u00eda de Cultura Elizabeth Torres M\u00e9ndez se\u00f1al\u00f3 que el objetivo de este rally es el de incentivar la visita a los museos, ya que esta caravana automovil\u00edstica tendr\u00e1 como meta el museo de El Meteorito en el municipio de Charcas [&hellip;]","og_url":"https:\/\/canal7slp.tv\/2022\/con-caravana-tour-del-meteorito-se-llevara-a-cabo-el-23-de-octubre\/","og_site_name":"Canal 7 SLP - 2022","article_publisher":"https:\/\/www.facebook.com\/noticieroscanalsiete","article_published_time":"2022-10-14T15:01:50+00:00","og_image":[{"width":888,"height":500,"url":"https:\/\/canal7slp.tv\/2022\/wp-content\/uploads\/2022\/10\/Claudio03Rally.jpg","type":"image\/jpeg"}],"author":"Edici\u00f3n Web","twitter_card":"summary_large_image","twitter_creator":"@NOTICIEROS7","twitter_site":"@NOTICIEROS7","twitter_misc":{"Escrito por":"Edici\u00f3n Web","Tiempo de lectura":"2 minutos"},"schema":{"@context":"https:\/\/schema.org","@graph":[{"@type":"Article","@id":"https:\/\/canal7slp.tv\/2022\/con-caravana-tour-del-meteorito-se-llevara-a-cabo-el-23-de-octubre\/#article","isPartOf":{"@id":"https:\/\/canal7slp.tv\/2022\/con-caravana-tour-del-meteorito-se-llevara-a-cabo-el-23-de-octubre\/"},"author":{"name":"Edici\u00f3n Web","@id":"https:\/\/canal7slp.tv\/2022\/#\/schema\/person\/429704152a21f5f856ce29aa69a238da"},"headline":"Con caravana, Tour del Meteorito se llevar\u00e1 a cabo el 23 de octubre.","datePublished":"2022-10-14T15:01:50+00:00","mainEntityOfPage":{"@id":"https:\/\/canal7slp.tv\/2022\/con-caravana-tour-del-meteorito-se-llevara-a-cabo-el-23-de-octubre\/"},"wordCount":308,"publisher":{"@id":"https:\/\/canal7slp.tv\/2022\/#organization"},"image":{"@id":"https:\/\/canal7slp.tv\/2022\/con-caravana-tour-del-meteorito-se-llevara-a-cabo-el-23-de-octubre\/#primaryimage"},"thumbnailUrl":"https:\/\/canal7slp.tv\/2022\/wp-content\/uploads\/2022\/10\/Claudio03Rally.jpg","articleSection":["DESTACADAS","LOCALES Y REGIONALES"],"inLanguage":"es"},{"@type":"WebPage","@id":"https:\/\/canal7slp.tv\/2022\/con-caravana-tour-del-meteorito-se-llevara-a-cabo-el-23-de-octubre\/","url":"https:\/\/canal7slp.tv\/2022\/con-caravana-tour-del-meteorito-se-llevara-a-cabo-el-23-de-octubre\/","name":"Con caravana, Tour del Meteorito se llevar\u00e1 a cabo el 23 de octubre. - Canal 7 SLP - 2022","isPartOf":{"@id":"https:\/\/canal7slp.tv\/2022\/#website"},"primaryImageOfPage":{"@id":"https:\/\/canal7slp.tv\/2022\/con-caravana-tour-del-meteorito-se-llevara-a-cabo-el-23-de-octubre\/#primaryimage"},"image":{"@id":"https:\/\/canal7slp.tv\/2022\/con-caravana-tour-del-meteorito-se-llevara-a-cabo-el-23-de-octubre\/#primaryimage"},"thumbnailUrl":"https:\/\/canal7slp.tv\/2022\/wp-content\/uploads\/2022\/10\/Claudio03Rally.jpg","datePublished":"2022-10-14T15:01:50+00:00","breadcrumb":{"@id":"https:\/\/canal7slp.tv\/2022\/con-caravana-tour-del-meteorito-se-llevara-a-cabo-el-23-de-octubre\/#breadcrumb"},"inLanguage":"es","potentialAction":[{"@type":"ReadAction","target":["https:\/\/canal7slp.tv\/2022\/con-caravana-tour-del-meteorito-se-llevara-a-cabo-el-23-de-octubre\/"]}]},{"@type":"ImageObject","inLanguage":"es","@id":"https:\/\/canal7slp.tv\/2022\/con-caravana-tour-del-meteorito-se-llevara-a-cabo-el-23-de-octubre\/#primaryimage","url":"https:\/\/canal7slp.tv\/2022\/wp-content\/uploads\/2022\/10\/Claudio03Rally.jpg","contentUrl":"https:\/\/canal7slp.tv\/2022\/wp-content\/uploads\/2022\/10\/Claudio03Rally.jpg","width":888,"height":500},{"@type":"BreadcrumbList","@id":"https:\/\/canal7slp.tv\/2022\/con-caravana-tour-del-meteorito-se-llevara-a-cabo-el-23-de-octubre\/#breadcrumb","itemListElement":[{"@type":"ListItem","position":1,"name":"Portada","item":"https:\/\/canal7slp.tv\/2022\/"},{"@type":"ListItem","position":2,"name":"Con caravana, Tour del Meteorito se llevar\u00e1 a cabo el 23 de octubre."}]},{"@type":"WebSite","@id":"https:\/\/canal7slp.tv\/2022\/#website","url":"https:\/\/canal7slp.tv\/2022\/","name":"N7 - Noticieros Canal 7","description":"Somos Televisi\u00f3n","publisher":{"@id":"https:\/\/canal7slp.tv\/2022\/#organization"},"potentialAction":[{"@type":"SearchAction","target":{"@type":"EntryPoint","urlTemplate":"https:\/\/canal7slp.tv\/2022\/?s={search_term_string}"},"query-input":{"@type":"PropertyValueSpecification","valueRequired":true,"valueName":"search_term_string"}}],"inLanguage":"es"},{"@type":"Organization","@id":"https:\/\/canal7slp.tv\/2022\/#organization","name":"Noticieros Canal 7","url":"https:\/\/canal7slp.tv\/2022\/","logo":{"@type":"ImageObject","inLanguage":"es","@id":"https:\/\/canal7slp.tv\/2022\/#\/schema\/logo\/image\/","url":"https:\/\/canal7slp.tv\/2022\/wp-content\/uploads\/2021\/01\/logo-noticieros@2x.png","contentUrl":"https:\/\/canal7slp.tv\/2022\/wp-content\/uploads\/2021\/01\/logo-noticieros@2x.png","width":1017,"height":268,"caption":"Noticieros Canal 7"},"image":{"@id":"https:\/\/canal7slp.tv\/2022\/#\/schema\/logo\/image\/"},"sameAs":["https:\/\/www.facebook.com\/noticieroscanalsiete","https:\/\/x.com\/NOTICIEROS7","https:\/\/www.instagram.com\/canal7_slp","https:\/\/www.youtube.com\/channel\/UCliiYs-gP3JfJeqdPrNdd5A"]},{"@type":"Person","@id":"https:\/\/canal7slp.tv\/2022\/#\/schema\/person\/429704152a21f5f856ce29aa69a238da","name":"Edici\u00f3n Web","image":{"@type":"ImageObject","inLanguage":"es","@id":"https:\/\/secure.gravatar.com\/avatar\/eee448fc3f7164808013b816ba91ac7e43bbe82a70bebac296f8bc6f0addaa1a?s=96&d=mm&r=g","url":"https:\/\/secure.gravatar.com\/avatar\/eee448fc3f7164808013b816ba91ac7e43bbe82a70bebac296f8bc6f0addaa1a?s=96&d=mm&r=g","contentUrl":"https:\/\/secure.gravatar.com\/avatar\/eee448fc3f7164808013b816ba91ac7e43bbe82a70bebac296f8bc6f0addaa1a?s=96&d=mm&r=g","caption":"Edici\u00f3n Web"},"url":"https:\/\/canal7slp.tv\/2022\/author\/edicionweb\/"}]}},"amp_enabled":true,"_links":{"self":[{"href":"https:\/\/canal7slp.tv\/2022\/wp-json\/wp\/v2\/posts\/75588","targetHints":{"allow":["GET"]}}],"collection":[{"href":"https:\/\/canal7slp.tv\/2022\/wp-json\/wp\/v2\/posts"}],"about":[{"href":"https:\/\/canal7slp.tv\/2022\/wp-json\/wp\/v2\/types\/post"}],"author":[{"embeddable":true,"href":"https:\/\/canal7slp.tv\/2022\/wp-json\/wp\/v2\/users\/2"}],"replies":[{"embeddable":true,"href":"https:\/\/canal7slp.tv\/2022\/wp-json\/wp\/v2\/comments?post=75588"}],"version-history":[{"count":3,"href":"https:\/\/canal7slp.tv\/2022\/wp-json\/wp\/v2\/posts\/75588\/revisions"}],"predecessor-version":[{"id":75613,"href":"https:\/\/canal7slp.tv\/2022\/wp-json\/wp\/v2\/posts\/75588\/revisions\/75613"}],"wp:featuredmedia":[{"embeddable":true,"href":"https:\/\/canal7slp.tv\/2022\/wp-json\/wp\/v2\/media\/75612"}],"wp:attachment":[{"href":"https:\/\/canal7slp.tv\/2022\/wp-json\/wp\/v2\/media?parent=75588"}],"wp:term":[{"taxonomy":"category","embeddable":true,"href":"https:\/\/canal7slp.tv\/2022\/wp-json\/wp\/v2\/categories?post=75588"},{"taxonomy":"post_tag","embeddable":true,"href":"https:\/\/canal7slp.tv\/2022\/wp-json\/wp\/v2\/tags?post=75588"}],"curies":[{"name":"wp","href":"https:\/\/api.w.org\/{rel}","templated":true}]}}