{"id":75568,"date":"2022-10-14T08:45:42","date_gmt":"2022-10-14T14:45:42","guid":{"rendered":"https:\/\/canal7slp.tv\/2022\/?p=75568"},"modified":"2022-10-14T08:45:42","modified_gmt":"2022-10-14T14:45:42","slug":"por-cuestiones-personales-pide-licencia-gilberto-hernandez-villafuerte-en-la-camara-de-diputados","status":"publish","type":"post","link":"https:\/\/canal7slp.tv\/2022\/por-cuestiones-personales-pide-licencia-gilberto-hernandez-villafuerte-en-la-camara-de-diputados\/","title":{"rendered":"Por cuestiones personales, pide licencia Gilberto Hern\u00e1ndez Villafuerte en la C\u00e1mara de Diputados."},"content":{"rendered":"<ul>\n<li>El per\u00edodo de separaci\u00f3n ser\u00eda breve, se precis\u00f3.<\/li>\n<\/ul>\n<p style=\"text-align: justify;\">SLP.- La dirigente estatal del Partido Verde Ecologista de M\u00e9xico en San Luis Potos\u00ed, Aracely Mart\u00ednez Acosta, aclar\u00f3 que el diputado federal, Gilberto Hern\u00e1ndez Villafuerte, solicit\u00f3 separarse de su cargo solo por un corto periodo de tiempo.<\/p>\n<p style=\"text-align: justify;\">Fue este mi\u00e9rcoles pasado cuando se inform\u00f3 que Daniel Guill\u00e9n S\u00e1nchez, habr\u00eda tomado protesta como legislador suplente en la C\u00e1mara de San L\u00e1zaro, sin que se diera informaci\u00f3n detallada sobre la salida de Hern\u00e1ndez Villafuerte.<\/p>\n<p style=\"text-align: justify;\">\u201cFue nada m\u00e1s para atender cuestiones personales, de tr\u00e1mites personales, pero \u00e9l se incorpora a la brevedad nuevamente con nosotros\u201d, dijo.<\/p>\n<p style=\"text-align: justify;\">En ese sentido, explic\u00f3 que la licencia nada tiene que ver con alg\u00fan tema en espec\u00edfico, pero asegur\u00f3 que el trabajo del Verde continuar\u00e1 en el poder legislativo.<\/p>\n<p style=\"text-align: justify;\">\u201cNo es ning\u00fan tema en especial, fue para atender asuntos personales, la realidad es que no han parado, se di\u00f3 un espacio pero est\u00e1 por incorporarse nuevamente de manera r\u00e1pida para seguir con la agenda que tenemos\u201d.<\/p>\n<p style=\"text-align: justify;\">Mart\u00ednez Acosta indic\u00f3 que el congresista estar\u00e1 ausente no m\u00e1s de 30 d\u00edas, por lo que pronto se reincorporar\u00e1 a su curul federal.<\/p>\n<p>Por: Jos\u00e9 Luis V\u00e1zquez<\/p>\n","protected":false},"excerpt":{"rendered":"<p>El per\u00edodo de separaci\u00f3n ser\u00eda breve, se precis\u00f3. SLP.- La dirigente estatal del Partido Verde Ecologista de M\u00e9xico en San Luis Potos\u00ed, Aracely Mart\u00ednez Acosta, aclar\u00f3 que el diputado federal, Gilberto Hern\u00e1ndez Villafuerte, solicit\u00f3 separarse de su cargo solo por un corto periodo de tiempo. Fue este mi\u00e9rcoles pasado cuando se inform\u00f3 que Daniel Guill\u00e9n S\u00e1nchez, habr\u00eda tomado protesta como legislador suplente en la C\u00e1mara de San L\u00e1zaro, sin que se diera informaci\u00f3n detallada sobre la salida de Hern\u00e1ndez Villafuerte. \u201cFue nada m\u00e1s para atender cuestiones personales, de tr\u00e1mites personales, pero \u00e9l se incorpora a la brevedad nuevamente con nosotros\u201d, [&hellip;]<\/p>\n","protected":false},"author":2,"featured_media":75604,"comment_status":"closed","ping_status":"closed","sticky":false,"template":"","format":"video","meta":{"footnotes":""},"categories":[5,45],"tags":[],"class_list":["post-75568","post","type-post","status-publish","format-video","has-post-thumbnail","hentry","category-destacadas","category-localesyregionales","post_format-post-format-video","post--single"],"yoast_head":"<!-- This site is optimized with the Yoast SEO plugin v27.4 - https:\/\/yoast.com\/product\/yoast-seo-wordpress\/ -->\n<title>Por cuestiones personales, pide licencia Gilberto Hern\u00e1ndez Villafuerte en la C\u00e1mara de Diputados. - Canal 7 SLP - 2022<\/title>\n<meta name=\"robots\" content=\"index, follow, max-snippet:-1, max-image-preview:large, max-video-preview:-1\" \/>\n<link rel=\"canonical\" href=\"https:\/\/canal7slp.tv\/2022\/por-cuestiones-personales-pide-licencia-gilberto-hernandez-villafuerte-en-la-camara-de-diputados\/\" \/>\n<meta property=\"og:locale\" content=\"es_ES\" \/>\n<meta property=\"og:type\" content=\"article\" \/>\n<meta property=\"og:title\" content=\"Por cuestiones personales, pide licencia Gilberto Hern\u00e1ndez Villafuerte en la C\u00e1mara de Diputados. - Canal 7 SLP - 2022\" \/>\n<meta property=\"og:description\" content=\"El per\u00edodo de separaci\u00f3n ser\u00eda breve, se precis\u00f3. SLP.- La dirigente estatal del Partido Verde Ecologista de M\u00e9xico en San Luis Potos\u00ed, Aracely Mart\u00ednez Acosta, aclar\u00f3 que el diputado federal, Gilberto Hern\u00e1ndez Villafuerte, solicit\u00f3 separarse de su cargo solo por un corto periodo de tiempo. Fue este mi\u00e9rcoles pasado cuando se inform\u00f3 que Daniel Guill\u00e9n S\u00e1nchez, habr\u00eda tomado protesta como legislador suplente en la C\u00e1mara de San L\u00e1zaro, sin que se diera informaci\u00f3n detallada sobre la salida de Hern\u00e1ndez Villafuerte. \u201cFue nada m\u00e1s para atender cuestiones personales, de tr\u00e1mites personales, pero \u00e9l se incorpora a la brevedad nuevamente con nosotros\u201d, [&hellip;]\" \/>\n<meta property=\"og:url\" content=\"https:\/\/canal7slp.tv\/2022\/por-cuestiones-personales-pide-licencia-gilberto-hernandez-villafuerte-en-la-camara-de-diputados\/\" \/>\n<meta property=\"og:site_name\" content=\"Canal 7 SLP - 2022\" \/>\n<meta property=\"article:publisher\" content=\"https:\/\/www.facebook.com\/noticieroscanalsiete\" \/>\n<meta property=\"article:published_time\" content=\"2022-10-14T14:45:42+00:00\" \/>\n<meta property=\"og:image\" content=\"https:\/\/canal7slp.tv\/2022\/wp-content\/uploads\/2022\/10\/Vazquez02VerdeGHV.jpg\" \/>\n\t<meta property=\"og:image:width\" content=\"888\" \/>\n\t<meta property=\"og:image:height\" content=\"500\" \/>\n\t<meta property=\"og:image:type\" content=\"image\/jpeg\" \/>\n<meta name=\"author\" content=\"Edici\u00f3n Web\" \/>\n<meta name=\"twitter:card\" content=\"summary_large_image\" \/>\n<meta name=\"twitter:creator\" content=\"@NOTICIEROS7\" \/>\n<meta name=\"twitter:site\" content=\"@NOTICIEROS7\" \/>\n<meta name=\"twitter:label1\" content=\"Escrito por\" \/>\n\t<meta name=\"twitter:data1\" content=\"Edici\u00f3n Web\" \/>\n\t<meta name=\"twitter:label2\" content=\"Tiempo de lectura\" \/>\n\t<meta name=\"twitter:data2\" content=\"1 minuto\" \/>\n<script type=\"application\/ld+json\" class=\"yoast-schema-graph\">{\"@context\":\"https:\\\/\\\/schema.org\",\"@graph\":[{\"@type\":\"Article\",\"@id\":\"https:\\\/\\\/canal7slp.tv\\\/2022\\\/por-cuestiones-personales-pide-licencia-gilberto-hernandez-villafuerte-en-la-camara-de-diputados\\\/#article\",\"isPartOf\":{\"@id\":\"https:\\\/\\\/canal7slp.tv\\\/2022\\\/por-cuestiones-personales-pide-licencia-gilberto-hernandez-villafuerte-en-la-camara-de-diputados\\\/\"},\"author\":{\"name\":\"Edici\u00f3n Web\",\"@id\":\"https:\\\/\\\/canal7slp.tv\\\/2022\\\/#\\\/schema\\\/person\\\/429704152a21f5f856ce29aa69a238da\"},\"headline\":\"Por cuestiones personales, pide licencia Gilberto Hern\u00e1ndez Villafuerte en la C\u00e1mara de Diputados.\",\"datePublished\":\"2022-10-14T14:45:42+00:00\",\"mainEntityOfPage\":{\"@id\":\"https:\\\/\\\/canal7slp.tv\\\/2022\\\/por-cuestiones-personales-pide-licencia-gilberto-hernandez-villafuerte-en-la-camara-de-diputados\\\/\"},\"wordCount\":232,\"publisher\":{\"@id\":\"https:\\\/\\\/canal7slp.tv\\\/2022\\\/#organization\"},\"image\":{\"@id\":\"https:\\\/\\\/canal7slp.tv\\\/2022\\\/por-cuestiones-personales-pide-licencia-gilberto-hernandez-villafuerte-en-la-camara-de-diputados\\\/#primaryimage\"},\"thumbnailUrl\":\"https:\\\/\\\/canal7slp.tv\\\/2022\\\/wp-content\\\/uploads\\\/2022\\\/10\\\/Vazquez02VerdeGHV.jpg\",\"articleSection\":[\"DESTACADAS\",\"LOCALES Y REGIONALES\"],\"inLanguage\":\"es\"},{\"@type\":\"WebPage\",\"@id\":\"https:\\\/\\\/canal7slp.tv\\\/2022\\\/por-cuestiones-personales-pide-licencia-gilberto-hernandez-villafuerte-en-la-camara-de-diputados\\\/\",\"url\":\"https:\\\/\\\/canal7slp.tv\\\/2022\\\/por-cuestiones-personales-pide-licencia-gilberto-hernandez-villafuerte-en-la-camara-de-diputados\\\/\",\"name\":\"Por cuestiones personales, pide licencia Gilberto Hern\u00e1ndez Villafuerte en la C\u00e1mara de Diputados. - Canal 7 SLP - 2022\",\"isPartOf\":{\"@id\":\"https:\\\/\\\/canal7slp.tv\\\/2022\\\/#website\"},\"primaryImageOfPage\":{\"@id\":\"https:\\\/\\\/canal7slp.tv\\\/2022\\\/por-cuestiones-personales-pide-licencia-gilberto-hernandez-villafuerte-en-la-camara-de-diputados\\\/#primaryimage\"},\"image\":{\"@id\":\"https:\\\/\\\/canal7slp.tv\\\/2022\\\/por-cuestiones-personales-pide-licencia-gilberto-hernandez-villafuerte-en-la-camara-de-diputados\\\/#primaryimage\"},\"thumbnailUrl\":\"https:\\\/\\\/canal7slp.tv\\\/2022\\\/wp-content\\\/uploads\\\/2022\\\/10\\\/Vazquez02VerdeGHV.jpg\",\"datePublished\":\"2022-10-14T14:45:42+00:00\",\"breadcrumb\":{\"@id\":\"https:\\\/\\\/canal7slp.tv\\\/2022\\\/por-cuestiones-personales-pide-licencia-gilberto-hernandez-villafuerte-en-la-camara-de-diputados\\\/#breadcrumb\"},\"inLanguage\":\"es\",\"potentialAction\":[{\"@type\":\"ReadAction\",\"target\":[\"https:\\\/\\\/canal7slp.tv\\\/2022\\\/por-cuestiones-personales-pide-licencia-gilberto-hernandez-villafuerte-en-la-camara-de-diputados\\\/\"]}]},{\"@type\":\"ImageObject\",\"inLanguage\":\"es\",\"@id\":\"https:\\\/\\\/canal7slp.tv\\\/2022\\\/por-cuestiones-personales-pide-licencia-gilberto-hernandez-villafuerte-en-la-camara-de-diputados\\\/#primaryimage\",\"url\":\"https:\\\/\\\/canal7slp.tv\\\/2022\\\/wp-content\\\/uploads\\\/2022\\\/10\\\/Vazquez02VerdeGHV.jpg\",\"contentUrl\":\"https:\\\/\\\/canal7slp.tv\\\/2022\\\/wp-content\\\/uploads\\\/2022\\\/10\\\/Vazquez02VerdeGHV.jpg\",\"width\":888,\"height\":500},{\"@type\":\"BreadcrumbList\",\"@id\":\"https:\\\/\\\/canal7slp.tv\\\/2022\\\/por-cuestiones-personales-pide-licencia-gilberto-hernandez-villafuerte-en-la-camara-de-diputados\\\/#breadcrumb\",\"itemListElement\":[{\"@type\":\"ListItem\",\"position\":1,\"name\":\"Portada\",\"item\":\"https:\\\/\\\/canal7slp.tv\\\/2022\\\/\"},{\"@type\":\"ListItem\",\"position\":2,\"name\":\"Por cuestiones personales, pide licencia Gilberto Hern\u00e1ndez Villafuerte en la C\u00e1mara de Diputados.\"}]},{\"@type\":\"WebSite\",\"@id\":\"https:\\\/\\\/canal7slp.tv\\\/2022\\\/#website\",\"url\":\"https:\\\/\\\/canal7slp.tv\\\/2022\\\/\",\"name\":\"N7 - Noticieros Canal 7\",\"description\":\"Somos Televisi\u00f3n\",\"publisher\":{\"@id\":\"https:\\\/\\\/canal7slp.tv\\\/2022\\\/#organization\"},\"potentialAction\":[{\"@type\":\"SearchAction\",\"target\":{\"@type\":\"EntryPoint\",\"urlTemplate\":\"https:\\\/\\\/canal7slp.tv\\\/2022\\\/?s={search_term_string}\"},\"query-input\":{\"@type\":\"PropertyValueSpecification\",\"valueRequired\":true,\"valueName\":\"search_term_string\"}}],\"inLanguage\":\"es\"},{\"@type\":\"Organization\",\"@id\":\"https:\\\/\\\/canal7slp.tv\\\/2022\\\/#organization\",\"name\":\"Noticieros Canal 7\",\"url\":\"https:\\\/\\\/canal7slp.tv\\\/2022\\\/\",\"logo\":{\"@type\":\"ImageObject\",\"inLanguage\":\"es\",\"@id\":\"https:\\\/\\\/canal7slp.tv\\\/2022\\\/#\\\/schema\\\/logo\\\/image\\\/\",\"url\":\"https:\\\/\\\/canal7slp.tv\\\/2022\\\/wp-content\\\/uploads\\\/2021\\\/01\\\/logo-noticieros@2x.png\",\"contentUrl\":\"https:\\\/\\\/canal7slp.tv\\\/2022\\\/wp-content\\\/uploads\\\/2021\\\/01\\\/logo-noticieros@2x.png\",\"width\":1017,\"height\":268,\"caption\":\"Noticieros Canal 7\"},\"image\":{\"@id\":\"https:\\\/\\\/canal7slp.tv\\\/2022\\\/#\\\/schema\\\/logo\\\/image\\\/\"},\"sameAs\":[\"https:\\\/\\\/www.facebook.com\\\/noticieroscanalsiete\",\"https:\\\/\\\/x.com\\\/NOTICIEROS7\",\"https:\\\/\\\/www.instagram.com\\\/canal7_slp\",\"https:\\\/\\\/www.youtube.com\\\/channel\\\/UCliiYs-gP3JfJeqdPrNdd5A\"]},{\"@type\":\"Person\",\"@id\":\"https:\\\/\\\/canal7slp.tv\\\/2022\\\/#\\\/schema\\\/person\\\/429704152a21f5f856ce29aa69a238da\",\"name\":\"Edici\u00f3n Web\",\"image\":{\"@type\":\"ImageObject\",\"inLanguage\":\"es\",\"@id\":\"https:\\\/\\\/secure.gravatar.com\\\/avatar\\\/eee448fc3f7164808013b816ba91ac7e43bbe82a70bebac296f8bc6f0addaa1a?s=96&d=mm&r=g\",\"url\":\"https:\\\/\\\/secure.gravatar.com\\\/avatar\\\/eee448fc3f7164808013b816ba91ac7e43bbe82a70bebac296f8bc6f0addaa1a?s=96&d=mm&r=g\",\"contentUrl\":\"https:\\\/\\\/secure.gravatar.com\\\/avatar\\\/eee448fc3f7164808013b816ba91ac7e43bbe82a70bebac296f8bc6f0addaa1a?s=96&d=mm&r=g\",\"caption\":\"Edici\u00f3n Web\"},\"url\":\"https:\\\/\\\/canal7slp.tv\\\/2022\\\/author\\\/edicionweb\\\/\"}]}<\/script>\n<!-- \/ Yoast SEO plugin. -->","yoast_head_json":{"title":"Por cuestiones personales, pide licencia Gilberto Hern\u00e1ndez Villafuerte en la C\u00e1mara de Diputados. - Canal 7 SLP - 2022","robots":{"index":"index","follow":"follow","max-snippet":"max-snippet:-1","max-image-preview":"max-image-preview:large","max-video-preview":"max-video-preview:-1"},"canonical":"https:\/\/canal7slp.tv\/2022\/por-cuestiones-personales-pide-licencia-gilberto-hernandez-villafuerte-en-la-camara-de-diputados\/","og_locale":"es_ES","og_type":"article","og_title":"Por cuestiones personales, pide licencia Gilberto Hern\u00e1ndez Villafuerte en la C\u00e1mara de Diputados. - Canal 7 SLP - 2022","og_description":"El per\u00edodo de separaci\u00f3n ser\u00eda breve, se precis\u00f3. SLP.- La dirigente estatal del Partido Verde Ecologista de M\u00e9xico en San Luis Potos\u00ed, Aracely Mart\u00ednez Acosta, aclar\u00f3 que el diputado federal, Gilberto Hern\u00e1ndez Villafuerte, solicit\u00f3 separarse de su cargo solo por un corto periodo de tiempo. Fue este mi\u00e9rcoles pasado cuando se inform\u00f3 que Daniel Guill\u00e9n S\u00e1nchez, habr\u00eda tomado protesta como legislador suplente en la C\u00e1mara de San L\u00e1zaro, sin que se diera informaci\u00f3n detallada sobre la salida de Hern\u00e1ndez Villafuerte. \u201cFue nada m\u00e1s para atender cuestiones personales, de tr\u00e1mites personales, pero \u00e9l se incorpora a la brevedad nuevamente con nosotros\u201d, [&hellip;]","og_url":"https:\/\/canal7slp.tv\/2022\/por-cuestiones-personales-pide-licencia-gilberto-hernandez-villafuerte-en-la-camara-de-diputados\/","og_site_name":"Canal 7 SLP - 2022","article_publisher":"https:\/\/www.facebook.com\/noticieroscanalsiete","article_published_time":"2022-10-14T14:45:42+00:00","og_image":[{"width":888,"height":500,"url":"https:\/\/canal7slp.tv\/2022\/wp-content\/uploads\/2022\/10\/Vazquez02VerdeGHV.jpg","type":"image\/jpeg"}],"author":"Edici\u00f3n Web","twitter_card":"summary_large_image","twitter_creator":"@NOTICIEROS7","twitter_site":"@NOTICIEROS7","twitter_misc":{"Escrito por":"Edici\u00f3n Web","Tiempo de lectura":"1 minuto"},"schema":{"@context":"https:\/\/schema.org","@graph":[{"@type":"Article","@id":"https:\/\/canal7slp.tv\/2022\/por-cuestiones-personales-pide-licencia-gilberto-hernandez-villafuerte-en-la-camara-de-diputados\/#article","isPartOf":{"@id":"https:\/\/canal7slp.tv\/2022\/por-cuestiones-personales-pide-licencia-gilberto-hernandez-villafuerte-en-la-camara-de-diputados\/"},"author":{"name":"Edici\u00f3n Web","@id":"https:\/\/canal7slp.tv\/2022\/#\/schema\/person\/429704152a21f5f856ce29aa69a238da"},"headline":"Por cuestiones personales, pide licencia Gilberto Hern\u00e1ndez Villafuerte en la C\u00e1mara de Diputados.","datePublished":"2022-10-14T14:45:42+00:00","mainEntityOfPage":{"@id":"https:\/\/canal7slp.tv\/2022\/por-cuestiones-personales-pide-licencia-gilberto-hernandez-villafuerte-en-la-camara-de-diputados\/"},"wordCount":232,"publisher":{"@id":"https:\/\/canal7slp.tv\/2022\/#organization"},"image":{"@id":"https:\/\/canal7slp.tv\/2022\/por-cuestiones-personales-pide-licencia-gilberto-hernandez-villafuerte-en-la-camara-de-diputados\/#primaryimage"},"thumbnailUrl":"https:\/\/canal7slp.tv\/2022\/wp-content\/uploads\/2022\/10\/Vazquez02VerdeGHV.jpg","articleSection":["DESTACADAS","LOCALES Y REGIONALES"],"inLanguage":"es"},{"@type":"WebPage","@id":"https:\/\/canal7slp.tv\/2022\/por-cuestiones-personales-pide-licencia-gilberto-hernandez-villafuerte-en-la-camara-de-diputados\/","url":"https:\/\/canal7slp.tv\/2022\/por-cuestiones-personales-pide-licencia-gilberto-hernandez-villafuerte-en-la-camara-de-diputados\/","name":"Por cuestiones personales, pide licencia Gilberto Hern\u00e1ndez Villafuerte en la C\u00e1mara de Diputados. - Canal 7 SLP - 2022","isPartOf":{"@id":"https:\/\/canal7slp.tv\/2022\/#website"},"primaryImageOfPage":{"@id":"https:\/\/canal7slp.tv\/2022\/por-cuestiones-personales-pide-licencia-gilberto-hernandez-villafuerte-en-la-camara-de-diputados\/#primaryimage"},"image":{"@id":"https:\/\/canal7slp.tv\/2022\/por-cuestiones-personales-pide-licencia-gilberto-hernandez-villafuerte-en-la-camara-de-diputados\/#primaryimage"},"thumbnailUrl":"https:\/\/canal7slp.tv\/2022\/wp-content\/uploads\/2022\/10\/Vazquez02VerdeGHV.jpg","datePublished":"2022-10-14T14:45:42+00:00","breadcrumb":{"@id":"https:\/\/canal7slp.tv\/2022\/por-cuestiones-personales-pide-licencia-gilberto-hernandez-villafuerte-en-la-camara-de-diputados\/#breadcrumb"},"inLanguage":"es","potentialAction":[{"@type":"ReadAction","target":["https:\/\/canal7slp.tv\/2022\/por-cuestiones-personales-pide-licencia-gilberto-hernandez-villafuerte-en-la-camara-de-diputados\/"]}]},{"@type":"ImageObject","inLanguage":"es","@id":"https:\/\/canal7slp.tv\/2022\/por-cuestiones-personales-pide-licencia-gilberto-hernandez-villafuerte-en-la-camara-de-diputados\/#primaryimage","url":"https:\/\/canal7slp.tv\/2022\/wp-content\/uploads\/2022\/10\/Vazquez02VerdeGHV.jpg","contentUrl":"https:\/\/canal7slp.tv\/2022\/wp-content\/uploads\/2022\/10\/Vazquez02VerdeGHV.jpg","width":888,"height":500},{"@type":"BreadcrumbList","@id":"https:\/\/canal7slp.tv\/2022\/por-cuestiones-personales-pide-licencia-gilberto-hernandez-villafuerte-en-la-camara-de-diputados\/#breadcrumb","itemListElement":[{"@type":"ListItem","position":1,"name":"Portada","item":"https:\/\/canal7slp.tv\/2022\/"},{"@type":"ListItem","position":2,"name":"Por cuestiones personales, pide licencia Gilberto Hern\u00e1ndez Villafuerte en la C\u00e1mara de Diputados."}]},{"@type":"WebSite","@id":"https:\/\/canal7slp.tv\/2022\/#website","url":"https:\/\/canal7slp.tv\/2022\/","name":"N7 - Noticieros Canal 7","description":"Somos Televisi\u00f3n","publisher":{"@id":"https:\/\/canal7slp.tv\/2022\/#organization"},"potentialAction":[{"@type":"SearchAction","target":{"@type":"EntryPoint","urlTemplate":"https:\/\/canal7slp.tv\/2022\/?s={search_term_string}"},"query-input":{"@type":"PropertyValueSpecification","valueRequired":true,"valueName":"search_term_string"}}],"inLanguage":"es"},{"@type":"Organization","@id":"https:\/\/canal7slp.tv\/2022\/#organization","name":"Noticieros Canal 7","url":"https:\/\/canal7slp.tv\/2022\/","logo":{"@type":"ImageObject","inLanguage":"es","@id":"https:\/\/canal7slp.tv\/2022\/#\/schema\/logo\/image\/","url":"https:\/\/canal7slp.tv\/2022\/wp-content\/uploads\/2021\/01\/logo-noticieros@2x.png","contentUrl":"https:\/\/canal7slp.tv\/2022\/wp-content\/uploads\/2021\/01\/logo-noticieros@2x.png","width":1017,"height":268,"caption":"Noticieros Canal 7"},"image":{"@id":"https:\/\/canal7slp.tv\/2022\/#\/schema\/logo\/image\/"},"sameAs":["https:\/\/www.facebook.com\/noticieroscanalsiete","https:\/\/x.com\/NOTICIEROS7","https:\/\/www.instagram.com\/canal7_slp","https:\/\/www.youtube.com\/channel\/UCliiYs-gP3JfJeqdPrNdd5A"]},{"@type":"Person","@id":"https:\/\/canal7slp.tv\/2022\/#\/schema\/person\/429704152a21f5f856ce29aa69a238da","name":"Edici\u00f3n Web","image":{"@type":"ImageObject","inLanguage":"es","@id":"https:\/\/secure.gravatar.com\/avatar\/eee448fc3f7164808013b816ba91ac7e43bbe82a70bebac296f8bc6f0addaa1a?s=96&d=mm&r=g","url":"https:\/\/secure.gravatar.com\/avatar\/eee448fc3f7164808013b816ba91ac7e43bbe82a70bebac296f8bc6f0addaa1a?s=96&d=mm&r=g","contentUrl":"https:\/\/secure.gravatar.com\/avatar\/eee448fc3f7164808013b816ba91ac7e43bbe82a70bebac296f8bc6f0addaa1a?s=96&d=mm&r=g","caption":"Edici\u00f3n Web"},"url":"https:\/\/canal7slp.tv\/2022\/author\/edicionweb\/"}]}},"amp_enabled":true,"_links":{"self":[{"href":"https:\/\/canal7slp.tv\/2022\/wp-json\/wp\/v2\/posts\/75568","targetHints":{"allow":["GET"]}}],"collection":[{"href":"https:\/\/canal7slp.tv\/2022\/wp-json\/wp\/v2\/posts"}],"about":[{"href":"https:\/\/canal7slp.tv\/2022\/wp-json\/wp\/v2\/types\/post"}],"author":[{"embeddable":true,"href":"https:\/\/canal7slp.tv\/2022\/wp-json\/wp\/v2\/users\/2"}],"replies":[{"embeddable":true,"href":"https:\/\/canal7slp.tv\/2022\/wp-json\/wp\/v2\/comments?post=75568"}],"version-history":[{"count":3,"href":"https:\/\/canal7slp.tv\/2022\/wp-json\/wp\/v2\/posts\/75568\/revisions"}],"predecessor-version":[{"id":75605,"href":"https:\/\/canal7slp.tv\/2022\/wp-json\/wp\/v2\/posts\/75568\/revisions\/75605"}],"wp:featuredmedia":[{"embeddable":true,"href":"https:\/\/canal7slp.tv\/2022\/wp-json\/wp\/v2\/media\/75604"}],"wp:attachment":[{"href":"https:\/\/canal7slp.tv\/2022\/wp-json\/wp\/v2\/media?parent=75568"}],"wp:term":[{"taxonomy":"category","embeddable":true,"href":"https:\/\/canal7slp.tv\/2022\/wp-json\/wp\/v2\/categories?post=75568"},{"taxonomy":"post_tag","embeddable":true,"href":"https:\/\/canal7slp.tv\/2022\/wp-json\/wp\/v2\/tags?post=75568"}],"curies":[{"name":"wp","href":"https:\/\/api.w.org\/{rel}","templated":true}]}}