{"id":75268,"date":"2022-10-10T18:30:43","date_gmt":"2022-10-11T00:30:43","guid":{"rendered":"https:\/\/canal7slp.tv\/2022\/?p=75268"},"modified":"2022-10-10T18:30:43","modified_gmt":"2022-10-11T00:30:43","slug":"automovilista-perdio-la-vida-en-carretera-la-bonita-a-villa-de-guadalupe","status":"publish","type":"post","link":"https:\/\/canal7slp.tv\/2022\/automovilista-perdio-la-vida-en-carretera-la-bonita-a-villa-de-guadalupe\/","title":{"rendered":"Automovilista perdi\u00f3 la vida en carretera la bonita a Villa de Guadalupe."},"content":{"rendered":"<p style=\"text-align: justify;\">Villa de Guadalupe.- Un automovilista perdi\u00f3 la vida tras chocar contra otro veh\u00edculo en el poblado de San Jos\u00e9 de Ipoa en la carretera que conduce de La Bonita a Villa de Guadalupe.<\/p>\n<p style=\"text-align: justify;\">Los hechos se registraron en la carretera 63 cuando dos autom\u00f3viles se impactaron, quedando prensado el conductor de un Nissan Tsuru, por lo que de inmediato se llam\u00f3 a las corporaciones de auxilio.<\/p>\n<p style=\"text-align: justify;\">Al lugar arribaron elementos de Bomberos quienes se percataron que la persona hab\u00eda perdido la vida en el lugar, debido a las lesiones que present\u00f3 tras el choque, por lo que realizaron maniobras para rescatar el cuerpo mientras que el personal de la Fiscal\u00eda General del Estado, realiz\u00f3 los tr\u00e1mites legales del suceso.<\/p>\n<p style=\"text-align: justify;\">El cuerpo fue trasladado al Servicio M\u00e9dico Forense para que se le practicara la necropsia de ley.<\/p>\n<p>Por: Jes\u00fas Valencia<\/p>\n","protected":false},"excerpt":{"rendered":"<p>Villa de Guadalupe.- Un automovilista perdi\u00f3 la vida tras chocar contra otro veh\u00edculo en el poblado de San Jos\u00e9 de Ipoa en la carretera que conduce de La Bonita a Villa de Guadalupe. Los hechos se registraron en la carretera 63 cuando dos autom\u00f3viles se impactaron, quedando prensado el conductor de un Nissan Tsuru, por lo que de inmediato se llam\u00f3 a las corporaciones de auxilio. Al lugar arribaron elementos de Bomberos quienes se percataron que la persona hab\u00eda perdido la vida en el lugar, debido a las lesiones que present\u00f3 tras el choque, por lo que realizaron maniobras para [&hellip;]<\/p>\n","protected":false},"author":2,"featured_media":75269,"comment_status":"closed","ping_status":"closed","sticky":false,"template":"","format":"video","meta":{"footnotes":""},"categories":[5,43],"tags":[],"class_list":["post-75268","post","type-post","status-publish","format-video","has-post-thumbnail","hentry","category-destacadas","category-interior","post_format-post-format-video","post--single"],"yoast_head":"<!-- This site is optimized with the Yoast SEO plugin v27.4 - https:\/\/yoast.com\/product\/yoast-seo-wordpress\/ -->\n<title>Automovilista perdi\u00f3 la vida en carretera la bonita a Villa de Guadalupe. - Canal 7 SLP - 2022<\/title>\n<meta name=\"robots\" content=\"index, follow, max-snippet:-1, max-image-preview:large, max-video-preview:-1\" \/>\n<link rel=\"canonical\" href=\"https:\/\/canal7slp.tv\/2022\/automovilista-perdio-la-vida-en-carretera-la-bonita-a-villa-de-guadalupe\/\" \/>\n<meta property=\"og:locale\" content=\"es_ES\" \/>\n<meta property=\"og:type\" content=\"article\" \/>\n<meta property=\"og:title\" content=\"Automovilista perdi\u00f3 la vida en carretera la bonita a Villa de Guadalupe. - Canal 7 SLP - 2022\" \/>\n<meta property=\"og:description\" content=\"Villa de Guadalupe.- Un automovilista perdi\u00f3 la vida tras chocar contra otro veh\u00edculo en el poblado de San Jos\u00e9 de Ipoa en la carretera que conduce de La Bonita a Villa de Guadalupe. Los hechos se registraron en la carretera 63 cuando dos autom\u00f3viles se impactaron, quedando prensado el conductor de un Nissan Tsuru, por lo que de inmediato se llam\u00f3 a las corporaciones de auxilio. Al lugar arribaron elementos de Bomberos quienes se percataron que la persona hab\u00eda perdido la vida en el lugar, debido a las lesiones que present\u00f3 tras el choque, por lo que realizaron maniobras para [&hellip;]\" \/>\n<meta property=\"og:url\" content=\"https:\/\/canal7slp.tv\/2022\/automovilista-perdio-la-vida-en-carretera-la-bonita-a-villa-de-guadalupe\/\" \/>\n<meta property=\"og:site_name\" content=\"Canal 7 SLP - 2022\" \/>\n<meta property=\"article:publisher\" content=\"https:\/\/www.facebook.com\/noticieroscanalsiete\" \/>\n<meta property=\"article:published_time\" content=\"2022-10-11T00:30:43+00:00\" \/>\n<meta property=\"og:image\" content=\"https:\/\/canal7slp.tv\/2022\/wp-content\/uploads\/2022\/10\/Valencia01Automovilista.jpg\" \/>\n\t<meta property=\"og:image:width\" content=\"889\" \/>\n\t<meta property=\"og:image:height\" content=\"500\" \/>\n\t<meta property=\"og:image:type\" content=\"image\/jpeg\" \/>\n<meta name=\"author\" content=\"Edici\u00f3n Web\" \/>\n<meta name=\"twitter:card\" content=\"summary_large_image\" \/>\n<meta name=\"twitter:creator\" content=\"@NOTICIEROS7\" \/>\n<meta name=\"twitter:site\" content=\"@NOTICIEROS7\" \/>\n<meta name=\"twitter:label1\" content=\"Escrito por\" \/>\n\t<meta name=\"twitter:data1\" content=\"Edici\u00f3n Web\" \/>\n\t<meta name=\"twitter:label2\" content=\"Tiempo de lectura\" \/>\n\t<meta name=\"twitter:data2\" content=\"1 minuto\" \/>\n<script type=\"application\/ld+json\" class=\"yoast-schema-graph\">{\"@context\":\"https:\\\/\\\/schema.org\",\"@graph\":[{\"@type\":\"Article\",\"@id\":\"https:\\\/\\\/canal7slp.tv\\\/2022\\\/automovilista-perdio-la-vida-en-carretera-la-bonita-a-villa-de-guadalupe\\\/#article\",\"isPartOf\":{\"@id\":\"https:\\\/\\\/canal7slp.tv\\\/2022\\\/automovilista-perdio-la-vida-en-carretera-la-bonita-a-villa-de-guadalupe\\\/\"},\"author\":{\"name\":\"Edici\u00f3n Web\",\"@id\":\"https:\\\/\\\/canal7slp.tv\\\/2022\\\/#\\\/schema\\\/person\\\/429704152a21f5f856ce29aa69a238da\"},\"headline\":\"Automovilista perdi\u00f3 la vida en carretera la bonita a Villa de Guadalupe.\",\"datePublished\":\"2022-10-11T00:30:43+00:00\",\"mainEntityOfPage\":{\"@id\":\"https:\\\/\\\/canal7slp.tv\\\/2022\\\/automovilista-perdio-la-vida-en-carretera-la-bonita-a-villa-de-guadalupe\\\/\"},\"wordCount\":158,\"publisher\":{\"@id\":\"https:\\\/\\\/canal7slp.tv\\\/2022\\\/#organization\"},\"image\":{\"@id\":\"https:\\\/\\\/canal7slp.tv\\\/2022\\\/automovilista-perdio-la-vida-en-carretera-la-bonita-a-villa-de-guadalupe\\\/#primaryimage\"},\"thumbnailUrl\":\"https:\\\/\\\/canal7slp.tv\\\/2022\\\/wp-content\\\/uploads\\\/2022\\\/10\\\/Valencia01Automovilista.jpg\",\"articleSection\":[\"DESTACADAS\",\"INTERIOR DEL ESTADO\"],\"inLanguage\":\"es\"},{\"@type\":\"WebPage\",\"@id\":\"https:\\\/\\\/canal7slp.tv\\\/2022\\\/automovilista-perdio-la-vida-en-carretera-la-bonita-a-villa-de-guadalupe\\\/\",\"url\":\"https:\\\/\\\/canal7slp.tv\\\/2022\\\/automovilista-perdio-la-vida-en-carretera-la-bonita-a-villa-de-guadalupe\\\/\",\"name\":\"Automovilista perdi\u00f3 la vida en carretera la bonita a Villa de Guadalupe. - Canal 7 SLP - 2022\",\"isPartOf\":{\"@id\":\"https:\\\/\\\/canal7slp.tv\\\/2022\\\/#website\"},\"primaryImageOfPage\":{\"@id\":\"https:\\\/\\\/canal7slp.tv\\\/2022\\\/automovilista-perdio-la-vida-en-carretera-la-bonita-a-villa-de-guadalupe\\\/#primaryimage\"},\"image\":{\"@id\":\"https:\\\/\\\/canal7slp.tv\\\/2022\\\/automovilista-perdio-la-vida-en-carretera-la-bonita-a-villa-de-guadalupe\\\/#primaryimage\"},\"thumbnailUrl\":\"https:\\\/\\\/canal7slp.tv\\\/2022\\\/wp-content\\\/uploads\\\/2022\\\/10\\\/Valencia01Automovilista.jpg\",\"datePublished\":\"2022-10-11T00:30:43+00:00\",\"breadcrumb\":{\"@id\":\"https:\\\/\\\/canal7slp.tv\\\/2022\\\/automovilista-perdio-la-vida-en-carretera-la-bonita-a-villa-de-guadalupe\\\/#breadcrumb\"},\"inLanguage\":\"es\",\"potentialAction\":[{\"@type\":\"ReadAction\",\"target\":[\"https:\\\/\\\/canal7slp.tv\\\/2022\\\/automovilista-perdio-la-vida-en-carretera-la-bonita-a-villa-de-guadalupe\\\/\"]}]},{\"@type\":\"ImageObject\",\"inLanguage\":\"es\",\"@id\":\"https:\\\/\\\/canal7slp.tv\\\/2022\\\/automovilista-perdio-la-vida-en-carretera-la-bonita-a-villa-de-guadalupe\\\/#primaryimage\",\"url\":\"https:\\\/\\\/canal7slp.tv\\\/2022\\\/wp-content\\\/uploads\\\/2022\\\/10\\\/Valencia01Automovilista.jpg\",\"contentUrl\":\"https:\\\/\\\/canal7slp.tv\\\/2022\\\/wp-content\\\/uploads\\\/2022\\\/10\\\/Valencia01Automovilista.jpg\",\"width\":889,\"height\":500},{\"@type\":\"BreadcrumbList\",\"@id\":\"https:\\\/\\\/canal7slp.tv\\\/2022\\\/automovilista-perdio-la-vida-en-carretera-la-bonita-a-villa-de-guadalupe\\\/#breadcrumb\",\"itemListElement\":[{\"@type\":\"ListItem\",\"position\":1,\"name\":\"Portada\",\"item\":\"https:\\\/\\\/canal7slp.tv\\\/2022\\\/\"},{\"@type\":\"ListItem\",\"position\":2,\"name\":\"Automovilista perdi\u00f3 la vida en carretera la bonita a Villa de Guadalupe.\"}]},{\"@type\":\"WebSite\",\"@id\":\"https:\\\/\\\/canal7slp.tv\\\/2022\\\/#website\",\"url\":\"https:\\\/\\\/canal7slp.tv\\\/2022\\\/\",\"name\":\"N7 - Noticieros Canal 7\",\"description\":\"Somos Televisi\u00f3n\",\"publisher\":{\"@id\":\"https:\\\/\\\/canal7slp.tv\\\/2022\\\/#organization\"},\"potentialAction\":[{\"@type\":\"SearchAction\",\"target\":{\"@type\":\"EntryPoint\",\"urlTemplate\":\"https:\\\/\\\/canal7slp.tv\\\/2022\\\/?s={search_term_string}\"},\"query-input\":{\"@type\":\"PropertyValueSpecification\",\"valueRequired\":true,\"valueName\":\"search_term_string\"}}],\"inLanguage\":\"es\"},{\"@type\":\"Organization\",\"@id\":\"https:\\\/\\\/canal7slp.tv\\\/2022\\\/#organization\",\"name\":\"Noticieros Canal 7\",\"url\":\"https:\\\/\\\/canal7slp.tv\\\/2022\\\/\",\"logo\":{\"@type\":\"ImageObject\",\"inLanguage\":\"es\",\"@id\":\"https:\\\/\\\/canal7slp.tv\\\/2022\\\/#\\\/schema\\\/logo\\\/image\\\/\",\"url\":\"https:\\\/\\\/canal7slp.tv\\\/2022\\\/wp-content\\\/uploads\\\/2021\\\/01\\\/logo-noticieros@2x.png\",\"contentUrl\":\"https:\\\/\\\/canal7slp.tv\\\/2022\\\/wp-content\\\/uploads\\\/2021\\\/01\\\/logo-noticieros@2x.png\",\"width\":1017,\"height\":268,\"caption\":\"Noticieros Canal 7\"},\"image\":{\"@id\":\"https:\\\/\\\/canal7slp.tv\\\/2022\\\/#\\\/schema\\\/logo\\\/image\\\/\"},\"sameAs\":[\"https:\\\/\\\/www.facebook.com\\\/noticieroscanalsiete\",\"https:\\\/\\\/x.com\\\/NOTICIEROS7\",\"https:\\\/\\\/www.instagram.com\\\/canal7_slp\",\"https:\\\/\\\/www.youtube.com\\\/channel\\\/UCliiYs-gP3JfJeqdPrNdd5A\"]},{\"@type\":\"Person\",\"@id\":\"https:\\\/\\\/canal7slp.tv\\\/2022\\\/#\\\/schema\\\/person\\\/429704152a21f5f856ce29aa69a238da\",\"name\":\"Edici\u00f3n Web\",\"image\":{\"@type\":\"ImageObject\",\"inLanguage\":\"es\",\"@id\":\"https:\\\/\\\/secure.gravatar.com\\\/avatar\\\/eee448fc3f7164808013b816ba91ac7e43bbe82a70bebac296f8bc6f0addaa1a?s=96&d=mm&r=g\",\"url\":\"https:\\\/\\\/secure.gravatar.com\\\/avatar\\\/eee448fc3f7164808013b816ba91ac7e43bbe82a70bebac296f8bc6f0addaa1a?s=96&d=mm&r=g\",\"contentUrl\":\"https:\\\/\\\/secure.gravatar.com\\\/avatar\\\/eee448fc3f7164808013b816ba91ac7e43bbe82a70bebac296f8bc6f0addaa1a?s=96&d=mm&r=g\",\"caption\":\"Edici\u00f3n Web\"},\"url\":\"https:\\\/\\\/canal7slp.tv\\\/2022\\\/author\\\/edicionweb\\\/\"}]}<\/script>\n<!-- \/ Yoast SEO plugin. -->","yoast_head_json":{"title":"Automovilista perdi\u00f3 la vida en carretera la bonita a Villa de Guadalupe. - Canal 7 SLP - 2022","robots":{"index":"index","follow":"follow","max-snippet":"max-snippet:-1","max-image-preview":"max-image-preview:large","max-video-preview":"max-video-preview:-1"},"canonical":"https:\/\/canal7slp.tv\/2022\/automovilista-perdio-la-vida-en-carretera-la-bonita-a-villa-de-guadalupe\/","og_locale":"es_ES","og_type":"article","og_title":"Automovilista perdi\u00f3 la vida en carretera la bonita a Villa de Guadalupe. - Canal 7 SLP - 2022","og_description":"Villa de Guadalupe.- Un automovilista perdi\u00f3 la vida tras chocar contra otro veh\u00edculo en el poblado de San Jos\u00e9 de Ipoa en la carretera que conduce de La Bonita a Villa de Guadalupe. Los hechos se registraron en la carretera 63 cuando dos autom\u00f3viles se impactaron, quedando prensado el conductor de un Nissan Tsuru, por lo que de inmediato se llam\u00f3 a las corporaciones de auxilio. Al lugar arribaron elementos de Bomberos quienes se percataron que la persona hab\u00eda perdido la vida en el lugar, debido a las lesiones que present\u00f3 tras el choque, por lo que realizaron maniobras para [&hellip;]","og_url":"https:\/\/canal7slp.tv\/2022\/automovilista-perdio-la-vida-en-carretera-la-bonita-a-villa-de-guadalupe\/","og_site_name":"Canal 7 SLP - 2022","article_publisher":"https:\/\/www.facebook.com\/noticieroscanalsiete","article_published_time":"2022-10-11T00:30:43+00:00","og_image":[{"width":889,"height":500,"url":"https:\/\/canal7slp.tv\/2022\/wp-content\/uploads\/2022\/10\/Valencia01Automovilista.jpg","type":"image\/jpeg"}],"author":"Edici\u00f3n Web","twitter_card":"summary_large_image","twitter_creator":"@NOTICIEROS7","twitter_site":"@NOTICIEROS7","twitter_misc":{"Escrito por":"Edici\u00f3n Web","Tiempo de lectura":"1 minuto"},"schema":{"@context":"https:\/\/schema.org","@graph":[{"@type":"Article","@id":"https:\/\/canal7slp.tv\/2022\/automovilista-perdio-la-vida-en-carretera-la-bonita-a-villa-de-guadalupe\/#article","isPartOf":{"@id":"https:\/\/canal7slp.tv\/2022\/automovilista-perdio-la-vida-en-carretera-la-bonita-a-villa-de-guadalupe\/"},"author":{"name":"Edici\u00f3n Web","@id":"https:\/\/canal7slp.tv\/2022\/#\/schema\/person\/429704152a21f5f856ce29aa69a238da"},"headline":"Automovilista perdi\u00f3 la vida en carretera la bonita a Villa de Guadalupe.","datePublished":"2022-10-11T00:30:43+00:00","mainEntityOfPage":{"@id":"https:\/\/canal7slp.tv\/2022\/automovilista-perdio-la-vida-en-carretera-la-bonita-a-villa-de-guadalupe\/"},"wordCount":158,"publisher":{"@id":"https:\/\/canal7slp.tv\/2022\/#organization"},"image":{"@id":"https:\/\/canal7slp.tv\/2022\/automovilista-perdio-la-vida-en-carretera-la-bonita-a-villa-de-guadalupe\/#primaryimage"},"thumbnailUrl":"https:\/\/canal7slp.tv\/2022\/wp-content\/uploads\/2022\/10\/Valencia01Automovilista.jpg","articleSection":["DESTACADAS","INTERIOR DEL ESTADO"],"inLanguage":"es"},{"@type":"WebPage","@id":"https:\/\/canal7slp.tv\/2022\/automovilista-perdio-la-vida-en-carretera-la-bonita-a-villa-de-guadalupe\/","url":"https:\/\/canal7slp.tv\/2022\/automovilista-perdio-la-vida-en-carretera-la-bonita-a-villa-de-guadalupe\/","name":"Automovilista perdi\u00f3 la vida en carretera la bonita a Villa de Guadalupe. - Canal 7 SLP - 2022","isPartOf":{"@id":"https:\/\/canal7slp.tv\/2022\/#website"},"primaryImageOfPage":{"@id":"https:\/\/canal7slp.tv\/2022\/automovilista-perdio-la-vida-en-carretera-la-bonita-a-villa-de-guadalupe\/#primaryimage"},"image":{"@id":"https:\/\/canal7slp.tv\/2022\/automovilista-perdio-la-vida-en-carretera-la-bonita-a-villa-de-guadalupe\/#primaryimage"},"thumbnailUrl":"https:\/\/canal7slp.tv\/2022\/wp-content\/uploads\/2022\/10\/Valencia01Automovilista.jpg","datePublished":"2022-10-11T00:30:43+00:00","breadcrumb":{"@id":"https:\/\/canal7slp.tv\/2022\/automovilista-perdio-la-vida-en-carretera-la-bonita-a-villa-de-guadalupe\/#breadcrumb"},"inLanguage":"es","potentialAction":[{"@type":"ReadAction","target":["https:\/\/canal7slp.tv\/2022\/automovilista-perdio-la-vida-en-carretera-la-bonita-a-villa-de-guadalupe\/"]}]},{"@type":"ImageObject","inLanguage":"es","@id":"https:\/\/canal7slp.tv\/2022\/automovilista-perdio-la-vida-en-carretera-la-bonita-a-villa-de-guadalupe\/#primaryimage","url":"https:\/\/canal7slp.tv\/2022\/wp-content\/uploads\/2022\/10\/Valencia01Automovilista.jpg","contentUrl":"https:\/\/canal7slp.tv\/2022\/wp-content\/uploads\/2022\/10\/Valencia01Automovilista.jpg","width":889,"height":500},{"@type":"BreadcrumbList","@id":"https:\/\/canal7slp.tv\/2022\/automovilista-perdio-la-vida-en-carretera-la-bonita-a-villa-de-guadalupe\/#breadcrumb","itemListElement":[{"@type":"ListItem","position":1,"name":"Portada","item":"https:\/\/canal7slp.tv\/2022\/"},{"@type":"ListItem","position":2,"name":"Automovilista perdi\u00f3 la vida en carretera la bonita a Villa de Guadalupe."}]},{"@type":"WebSite","@id":"https:\/\/canal7slp.tv\/2022\/#website","url":"https:\/\/canal7slp.tv\/2022\/","name":"N7 - Noticieros Canal 7","description":"Somos Televisi\u00f3n","publisher":{"@id":"https:\/\/canal7slp.tv\/2022\/#organization"},"potentialAction":[{"@type":"SearchAction","target":{"@type":"EntryPoint","urlTemplate":"https:\/\/canal7slp.tv\/2022\/?s={search_term_string}"},"query-input":{"@type":"PropertyValueSpecification","valueRequired":true,"valueName":"search_term_string"}}],"inLanguage":"es"},{"@type":"Organization","@id":"https:\/\/canal7slp.tv\/2022\/#organization","name":"Noticieros Canal 7","url":"https:\/\/canal7slp.tv\/2022\/","logo":{"@type":"ImageObject","inLanguage":"es","@id":"https:\/\/canal7slp.tv\/2022\/#\/schema\/logo\/image\/","url":"https:\/\/canal7slp.tv\/2022\/wp-content\/uploads\/2021\/01\/logo-noticieros@2x.png","contentUrl":"https:\/\/canal7slp.tv\/2022\/wp-content\/uploads\/2021\/01\/logo-noticieros@2x.png","width":1017,"height":268,"caption":"Noticieros Canal 7"},"image":{"@id":"https:\/\/canal7slp.tv\/2022\/#\/schema\/logo\/image\/"},"sameAs":["https:\/\/www.facebook.com\/noticieroscanalsiete","https:\/\/x.com\/NOTICIEROS7","https:\/\/www.instagram.com\/canal7_slp","https:\/\/www.youtube.com\/channel\/UCliiYs-gP3JfJeqdPrNdd5A"]},{"@type":"Person","@id":"https:\/\/canal7slp.tv\/2022\/#\/schema\/person\/429704152a21f5f856ce29aa69a238da","name":"Edici\u00f3n Web","image":{"@type":"ImageObject","inLanguage":"es","@id":"https:\/\/secure.gravatar.com\/avatar\/eee448fc3f7164808013b816ba91ac7e43bbe82a70bebac296f8bc6f0addaa1a?s=96&d=mm&r=g","url":"https:\/\/secure.gravatar.com\/avatar\/eee448fc3f7164808013b816ba91ac7e43bbe82a70bebac296f8bc6f0addaa1a?s=96&d=mm&r=g","contentUrl":"https:\/\/secure.gravatar.com\/avatar\/eee448fc3f7164808013b816ba91ac7e43bbe82a70bebac296f8bc6f0addaa1a?s=96&d=mm&r=g","caption":"Edici\u00f3n Web"},"url":"https:\/\/canal7slp.tv\/2022\/author\/edicionweb\/"}]}},"amp_enabled":true,"_links":{"self":[{"href":"https:\/\/canal7slp.tv\/2022\/wp-json\/wp\/v2\/posts\/75268","targetHints":{"allow":["GET"]}}],"collection":[{"href":"https:\/\/canal7slp.tv\/2022\/wp-json\/wp\/v2\/posts"}],"about":[{"href":"https:\/\/canal7slp.tv\/2022\/wp-json\/wp\/v2\/types\/post"}],"author":[{"embeddable":true,"href":"https:\/\/canal7slp.tv\/2022\/wp-json\/wp\/v2\/users\/2"}],"replies":[{"embeddable":true,"href":"https:\/\/canal7slp.tv\/2022\/wp-json\/wp\/v2\/comments?post=75268"}],"version-history":[{"count":1,"href":"https:\/\/canal7slp.tv\/2022\/wp-json\/wp\/v2\/posts\/75268\/revisions"}],"predecessor-version":[{"id":75270,"href":"https:\/\/canal7slp.tv\/2022\/wp-json\/wp\/v2\/posts\/75268\/revisions\/75270"}],"wp:featuredmedia":[{"embeddable":true,"href":"https:\/\/canal7slp.tv\/2022\/wp-json\/wp\/v2\/media\/75269"}],"wp:attachment":[{"href":"https:\/\/canal7slp.tv\/2022\/wp-json\/wp\/v2\/media?parent=75268"}],"wp:term":[{"taxonomy":"category","embeddable":true,"href":"https:\/\/canal7slp.tv\/2022\/wp-json\/wp\/v2\/categories?post=75268"},{"taxonomy":"post_tag","embeddable":true,"href":"https:\/\/canal7slp.tv\/2022\/wp-json\/wp\/v2\/tags?post=75268"}],"curies":[{"name":"wp","href":"https:\/\/api.w.org\/{rel}","templated":true}]}}