{"id":75247,"date":"2022-10-10T16:29:28","date_gmt":"2022-10-10T22:29:28","guid":{"rendered":"https:\/\/canal7slp.tv\/2022\/?p=75247"},"modified":"2022-10-10T16:30:22","modified_gmt":"2022-10-10T22:30:22","slug":"tiradero-de-el-zapote-un-verdadero-foco-de-infeccion-para-los-soledenses","status":"publish","type":"post","link":"https:\/\/canal7slp.tv\/2022\/tiradero-de-el-zapote-un-verdadero-foco-de-infeccion-para-los-soledenses\/","title":{"rendered":"Tiradero de \u00abEl Zapote\u00bb, un verdadero foco de infecci\u00f3n para los soledenses."},"content":{"rendered":"<ul>\n<li>La monta\u00f1a de desechos ya super\u00f3 la altura de las casas en la zona.<\/li>\n<\/ul>\n<p style=\"text-align: justify;\">SGS.- Con car\u00e1cter de urgente los vecinos de la colonia \u201cLuis Donaldo Colosio\u201d piden al ayuntamiento de Soledad pero tambi\u00e9n a las autoridades ecol\u00f3gicas intervenir ante el foco de contaminaci\u00f3n que representa para ellos, el tiradero municipal de basura de \u201cEl Zapote\u201d, que se ubica pr\u00e1cticamente frente a sus casas.<\/p>\n<p style=\"text-align: justify;\">Por ejemplo, la se\u00f1ora Mar\u00eda afirma que por lo menos desde hace dos a\u00f1os que el nivel de basura subi\u00f3 y que desde entonces, no se ha hecho nada para que los desechos no est\u00e9n a cielo abierto.<\/p>\n<p style=\"text-align: justify;\">Son varias calles las que confluyen hacia este tiradero de basura que regula el ayuntamiento soledense y aseguran que desde hace varios a\u00f1os que las autoridades, no han implementado un programa de saneamiento en este lugar.<\/p>\n<p style=\"text-align: justify;\">Los montones de desechos acumulados desde hace a\u00f1os ha causado la proliferaci\u00f3n de todo tipo de fauna nociva pero tambi\u00e9n, ha generado enfermedades a quienes est\u00e1n expuestos a este foco de contaminaci\u00f3n.<\/p>\n<p style=\"text-align: justify;\">La se\u00f1ora Mar\u00eda vive en la calle Roberto Cervantes y afirma que cuando lleg\u00f3 aqu\u00ed hace casi 20 a\u00f1os ya estaba este tiradero de basura.<\/p>\n<p style=\"text-align: justify;\">Reitera que desde hace aproximadamente dos \u00f3 tres a\u00f1os esta monta\u00f1a de desechos sigui\u00f3 creciendo incluso llegando a una altura por encima de sus casas, por lo que reitera su llamado para que las autoridades tomen cartas en el asunto al decir que la salud de quienes viven a los alrededores se est\u00e1 viendo seriamente afectada.<\/p>\n<p>Por: Claudio Ibarra<\/p>\n","protected":false},"excerpt":{"rendered":"<p>La monta\u00f1a de desechos ya super\u00f3 la altura de las casas en la zona. SGS.- Con car\u00e1cter de urgente los vecinos de la colonia \u201cLuis Donaldo Colosio\u201d piden al ayuntamiento de Soledad pero tambi\u00e9n a las autoridades ecol\u00f3gicas intervenir ante el foco de contaminaci\u00f3n que representa para ellos, el tiradero municipal de basura de \u201cEl Zapote\u201d, que se ubica pr\u00e1cticamente frente a sus casas. Por ejemplo, la se\u00f1ora Mar\u00eda afirma que por lo menos desde hace dos a\u00f1os que el nivel de basura subi\u00f3 y que desde entonces, no se ha hecho nada para que los desechos no est\u00e9n a [&hellip;]<\/p>\n","protected":false},"author":2,"featured_media":75253,"comment_status":"closed","ping_status":"closed","sticky":false,"template":"","format":"video","meta":{"footnotes":""},"categories":[512,5,45],"tags":[],"class_list":["post-75247","post","type-post","status-publish","format-video","has-post-thumbnail","hentry","category-ayosgs","category-destacadas","category-localesyregionales","post_format-post-format-video","post--single"],"yoast_head":"<!-- This site is optimized with the Yoast SEO plugin v27.4 - https:\/\/yoast.com\/product\/yoast-seo-wordpress\/ -->\n<title>Tiradero de &quot;El Zapote&quot;, un verdadero foco de infecci\u00f3n para los soledenses. - Canal 7 SLP - 2022<\/title>\n<meta name=\"robots\" content=\"index, follow, max-snippet:-1, max-image-preview:large, max-video-preview:-1\" \/>\n<link rel=\"canonical\" href=\"https:\/\/canal7slp.tv\/2022\/tiradero-de-el-zapote-un-verdadero-foco-de-infeccion-para-los-soledenses\/\" \/>\n<meta property=\"og:locale\" content=\"es_ES\" \/>\n<meta property=\"og:type\" content=\"article\" \/>\n<meta property=\"og:title\" content=\"Tiradero de &quot;El Zapote&quot;, un verdadero foco de infecci\u00f3n para los soledenses. - Canal 7 SLP - 2022\" \/>\n<meta property=\"og:description\" content=\"La monta\u00f1a de desechos ya super\u00f3 la altura de las casas en la zona. SGS.- Con car\u00e1cter de urgente los vecinos de la colonia \u201cLuis Donaldo Colosio\u201d piden al ayuntamiento de Soledad pero tambi\u00e9n a las autoridades ecol\u00f3gicas intervenir ante el foco de contaminaci\u00f3n que representa para ellos, el tiradero municipal de basura de \u201cEl Zapote\u201d, que se ubica pr\u00e1cticamente frente a sus casas. Por ejemplo, la se\u00f1ora Mar\u00eda afirma que por lo menos desde hace dos a\u00f1os que el nivel de basura subi\u00f3 y que desde entonces, no se ha hecho nada para que los desechos no est\u00e9n a [&hellip;]\" \/>\n<meta property=\"og:url\" content=\"https:\/\/canal7slp.tv\/2022\/tiradero-de-el-zapote-un-verdadero-foco-de-infeccion-para-los-soledenses\/\" \/>\n<meta property=\"og:site_name\" content=\"Canal 7 SLP - 2022\" \/>\n<meta property=\"article:publisher\" content=\"https:\/\/www.facebook.com\/noticieroscanalsiete\" \/>\n<meta property=\"article:published_time\" content=\"2022-10-10T22:29:28+00:00\" \/>\n<meta property=\"article:modified_time\" content=\"2022-10-10T22:30:22+00:00\" \/>\n<meta property=\"og:image\" content=\"https:\/\/canal7slp.tv\/2022\/wp-content\/uploads\/2022\/10\/Claudio03Sanitario.jpg\" \/>\n\t<meta property=\"og:image:width\" content=\"888\" \/>\n\t<meta property=\"og:image:height\" content=\"500\" \/>\n\t<meta property=\"og:image:type\" content=\"image\/jpeg\" \/>\n<meta name=\"author\" content=\"Edici\u00f3n Web\" \/>\n<meta name=\"twitter:card\" content=\"summary_large_image\" \/>\n<meta name=\"twitter:creator\" content=\"@NOTICIEROS7\" \/>\n<meta name=\"twitter:site\" content=\"@NOTICIEROS7\" \/>\n<meta name=\"twitter:label1\" content=\"Escrito por\" \/>\n\t<meta name=\"twitter:data1\" content=\"Edici\u00f3n Web\" \/>\n\t<meta name=\"twitter:label2\" content=\"Tiempo de lectura\" \/>\n\t<meta name=\"twitter:data2\" content=\"2 minutos\" \/>\n<script type=\"application\/ld+json\" class=\"yoast-schema-graph\">{\"@context\":\"https:\\\/\\\/schema.org\",\"@graph\":[{\"@type\":\"Article\",\"@id\":\"https:\\\/\\\/canal7slp.tv\\\/2022\\\/tiradero-de-el-zapote-un-verdadero-foco-de-infeccion-para-los-soledenses\\\/#article\",\"isPartOf\":{\"@id\":\"https:\\\/\\\/canal7slp.tv\\\/2022\\\/tiradero-de-el-zapote-un-verdadero-foco-de-infeccion-para-los-soledenses\\\/\"},\"author\":{\"name\":\"Edici\u00f3n Web\",\"@id\":\"https:\\\/\\\/canal7slp.tv\\\/2022\\\/#\\\/schema\\\/person\\\/429704152a21f5f856ce29aa69a238da\"},\"headline\":\"Tiradero de \u00abEl Zapote\u00bb, un verdadero foco de infecci\u00f3n para los soledenses.\",\"datePublished\":\"2022-10-10T22:29:28+00:00\",\"dateModified\":\"2022-10-10T22:30:22+00:00\",\"mainEntityOfPage\":{\"@id\":\"https:\\\/\\\/canal7slp.tv\\\/2022\\\/tiradero-de-el-zapote-un-verdadero-foco-de-infeccion-para-los-soledenses\\\/\"},\"wordCount\":287,\"publisher\":{\"@id\":\"https:\\\/\\\/canal7slp.tv\\\/2022\\\/#organization\"},\"image\":{\"@id\":\"https:\\\/\\\/canal7slp.tv\\\/2022\\\/tiradero-de-el-zapote-un-verdadero-foco-de-infeccion-para-los-soledenses\\\/#primaryimage\"},\"thumbnailUrl\":\"https:\\\/\\\/canal7slp.tv\\\/2022\\\/wp-content\\\/uploads\\\/2022\\\/10\\\/Claudio03Sanitario.jpg\",\"articleSection\":[\"AYOSGS\",\"DESTACADAS\",\"LOCALES Y REGIONALES\"],\"inLanguage\":\"es\"},{\"@type\":\"WebPage\",\"@id\":\"https:\\\/\\\/canal7slp.tv\\\/2022\\\/tiradero-de-el-zapote-un-verdadero-foco-de-infeccion-para-los-soledenses\\\/\",\"url\":\"https:\\\/\\\/canal7slp.tv\\\/2022\\\/tiradero-de-el-zapote-un-verdadero-foco-de-infeccion-para-los-soledenses\\\/\",\"name\":\"Tiradero de \\\"El Zapote\\\", un verdadero foco de infecci\u00f3n para los soledenses. - Canal 7 SLP - 2022\",\"isPartOf\":{\"@id\":\"https:\\\/\\\/canal7slp.tv\\\/2022\\\/#website\"},\"primaryImageOfPage\":{\"@id\":\"https:\\\/\\\/canal7slp.tv\\\/2022\\\/tiradero-de-el-zapote-un-verdadero-foco-de-infeccion-para-los-soledenses\\\/#primaryimage\"},\"image\":{\"@id\":\"https:\\\/\\\/canal7slp.tv\\\/2022\\\/tiradero-de-el-zapote-un-verdadero-foco-de-infeccion-para-los-soledenses\\\/#primaryimage\"},\"thumbnailUrl\":\"https:\\\/\\\/canal7slp.tv\\\/2022\\\/wp-content\\\/uploads\\\/2022\\\/10\\\/Claudio03Sanitario.jpg\",\"datePublished\":\"2022-10-10T22:29:28+00:00\",\"dateModified\":\"2022-10-10T22:30:22+00:00\",\"breadcrumb\":{\"@id\":\"https:\\\/\\\/canal7slp.tv\\\/2022\\\/tiradero-de-el-zapote-un-verdadero-foco-de-infeccion-para-los-soledenses\\\/#breadcrumb\"},\"inLanguage\":\"es\",\"potentialAction\":[{\"@type\":\"ReadAction\",\"target\":[\"https:\\\/\\\/canal7slp.tv\\\/2022\\\/tiradero-de-el-zapote-un-verdadero-foco-de-infeccion-para-los-soledenses\\\/\"]}]},{\"@type\":\"ImageObject\",\"inLanguage\":\"es\",\"@id\":\"https:\\\/\\\/canal7slp.tv\\\/2022\\\/tiradero-de-el-zapote-un-verdadero-foco-de-infeccion-para-los-soledenses\\\/#primaryimage\",\"url\":\"https:\\\/\\\/canal7slp.tv\\\/2022\\\/wp-content\\\/uploads\\\/2022\\\/10\\\/Claudio03Sanitario.jpg\",\"contentUrl\":\"https:\\\/\\\/canal7slp.tv\\\/2022\\\/wp-content\\\/uploads\\\/2022\\\/10\\\/Claudio03Sanitario.jpg\",\"width\":888,\"height\":500},{\"@type\":\"BreadcrumbList\",\"@id\":\"https:\\\/\\\/canal7slp.tv\\\/2022\\\/tiradero-de-el-zapote-un-verdadero-foco-de-infeccion-para-los-soledenses\\\/#breadcrumb\",\"itemListElement\":[{\"@type\":\"ListItem\",\"position\":1,\"name\":\"Portada\",\"item\":\"https:\\\/\\\/canal7slp.tv\\\/2022\\\/\"},{\"@type\":\"ListItem\",\"position\":2,\"name\":\"Tiradero de &#8220;El Zapote&#8221;, un verdadero foco de infecci\u00f3n para los soledenses.\"}]},{\"@type\":\"WebSite\",\"@id\":\"https:\\\/\\\/canal7slp.tv\\\/2022\\\/#website\",\"url\":\"https:\\\/\\\/canal7slp.tv\\\/2022\\\/\",\"name\":\"N7 - Noticieros Canal 7\",\"description\":\"Somos Televisi\u00f3n\",\"publisher\":{\"@id\":\"https:\\\/\\\/canal7slp.tv\\\/2022\\\/#organization\"},\"potentialAction\":[{\"@type\":\"SearchAction\",\"target\":{\"@type\":\"EntryPoint\",\"urlTemplate\":\"https:\\\/\\\/canal7slp.tv\\\/2022\\\/?s={search_term_string}\"},\"query-input\":{\"@type\":\"PropertyValueSpecification\",\"valueRequired\":true,\"valueName\":\"search_term_string\"}}],\"inLanguage\":\"es\"},{\"@type\":\"Organization\",\"@id\":\"https:\\\/\\\/canal7slp.tv\\\/2022\\\/#organization\",\"name\":\"Noticieros Canal 7\",\"url\":\"https:\\\/\\\/canal7slp.tv\\\/2022\\\/\",\"logo\":{\"@type\":\"ImageObject\",\"inLanguage\":\"es\",\"@id\":\"https:\\\/\\\/canal7slp.tv\\\/2022\\\/#\\\/schema\\\/logo\\\/image\\\/\",\"url\":\"https:\\\/\\\/canal7slp.tv\\\/2022\\\/wp-content\\\/uploads\\\/2021\\\/01\\\/logo-noticieros@2x.png\",\"contentUrl\":\"https:\\\/\\\/canal7slp.tv\\\/2022\\\/wp-content\\\/uploads\\\/2021\\\/01\\\/logo-noticieros@2x.png\",\"width\":1017,\"height\":268,\"caption\":\"Noticieros Canal 7\"},\"image\":{\"@id\":\"https:\\\/\\\/canal7slp.tv\\\/2022\\\/#\\\/schema\\\/logo\\\/image\\\/\"},\"sameAs\":[\"https:\\\/\\\/www.facebook.com\\\/noticieroscanalsiete\",\"https:\\\/\\\/x.com\\\/NOTICIEROS7\",\"https:\\\/\\\/www.instagram.com\\\/canal7_slp\",\"https:\\\/\\\/www.youtube.com\\\/channel\\\/UCliiYs-gP3JfJeqdPrNdd5A\"]},{\"@type\":\"Person\",\"@id\":\"https:\\\/\\\/canal7slp.tv\\\/2022\\\/#\\\/schema\\\/person\\\/429704152a21f5f856ce29aa69a238da\",\"name\":\"Edici\u00f3n Web\",\"image\":{\"@type\":\"ImageObject\",\"inLanguage\":\"es\",\"@id\":\"https:\\\/\\\/secure.gravatar.com\\\/avatar\\\/eee448fc3f7164808013b816ba91ac7e43bbe82a70bebac296f8bc6f0addaa1a?s=96&d=mm&r=g\",\"url\":\"https:\\\/\\\/secure.gravatar.com\\\/avatar\\\/eee448fc3f7164808013b816ba91ac7e43bbe82a70bebac296f8bc6f0addaa1a?s=96&d=mm&r=g\",\"contentUrl\":\"https:\\\/\\\/secure.gravatar.com\\\/avatar\\\/eee448fc3f7164808013b816ba91ac7e43bbe82a70bebac296f8bc6f0addaa1a?s=96&d=mm&r=g\",\"caption\":\"Edici\u00f3n Web\"},\"url\":\"https:\\\/\\\/canal7slp.tv\\\/2022\\\/author\\\/edicionweb\\\/\"}]}<\/script>\n<!-- \/ Yoast SEO plugin. -->","yoast_head_json":{"title":"Tiradero de \"El Zapote\", un verdadero foco de infecci\u00f3n para los soledenses. - Canal 7 SLP - 2022","robots":{"index":"index","follow":"follow","max-snippet":"max-snippet:-1","max-image-preview":"max-image-preview:large","max-video-preview":"max-video-preview:-1"},"canonical":"https:\/\/canal7slp.tv\/2022\/tiradero-de-el-zapote-un-verdadero-foco-de-infeccion-para-los-soledenses\/","og_locale":"es_ES","og_type":"article","og_title":"Tiradero de \"El Zapote\", un verdadero foco de infecci\u00f3n para los soledenses. - Canal 7 SLP - 2022","og_description":"La monta\u00f1a de desechos ya super\u00f3 la altura de las casas en la zona. SGS.- Con car\u00e1cter de urgente los vecinos de la colonia \u201cLuis Donaldo Colosio\u201d piden al ayuntamiento de Soledad pero tambi\u00e9n a las autoridades ecol\u00f3gicas intervenir ante el foco de contaminaci\u00f3n que representa para ellos, el tiradero municipal de basura de \u201cEl Zapote\u201d, que se ubica pr\u00e1cticamente frente a sus casas. Por ejemplo, la se\u00f1ora Mar\u00eda afirma que por lo menos desde hace dos a\u00f1os que el nivel de basura subi\u00f3 y que desde entonces, no se ha hecho nada para que los desechos no est\u00e9n a [&hellip;]","og_url":"https:\/\/canal7slp.tv\/2022\/tiradero-de-el-zapote-un-verdadero-foco-de-infeccion-para-los-soledenses\/","og_site_name":"Canal 7 SLP - 2022","article_publisher":"https:\/\/www.facebook.com\/noticieroscanalsiete","article_published_time":"2022-10-10T22:29:28+00:00","article_modified_time":"2022-10-10T22:30:22+00:00","og_image":[{"width":888,"height":500,"url":"https:\/\/canal7slp.tv\/2022\/wp-content\/uploads\/2022\/10\/Claudio03Sanitario.jpg","type":"image\/jpeg"}],"author":"Edici\u00f3n Web","twitter_card":"summary_large_image","twitter_creator":"@NOTICIEROS7","twitter_site":"@NOTICIEROS7","twitter_misc":{"Escrito por":"Edici\u00f3n Web","Tiempo de lectura":"2 minutos"},"schema":{"@context":"https:\/\/schema.org","@graph":[{"@type":"Article","@id":"https:\/\/canal7slp.tv\/2022\/tiradero-de-el-zapote-un-verdadero-foco-de-infeccion-para-los-soledenses\/#article","isPartOf":{"@id":"https:\/\/canal7slp.tv\/2022\/tiradero-de-el-zapote-un-verdadero-foco-de-infeccion-para-los-soledenses\/"},"author":{"name":"Edici\u00f3n Web","@id":"https:\/\/canal7slp.tv\/2022\/#\/schema\/person\/429704152a21f5f856ce29aa69a238da"},"headline":"Tiradero de \u00abEl Zapote\u00bb, un verdadero foco de infecci\u00f3n para los soledenses.","datePublished":"2022-10-10T22:29:28+00:00","dateModified":"2022-10-10T22:30:22+00:00","mainEntityOfPage":{"@id":"https:\/\/canal7slp.tv\/2022\/tiradero-de-el-zapote-un-verdadero-foco-de-infeccion-para-los-soledenses\/"},"wordCount":287,"publisher":{"@id":"https:\/\/canal7slp.tv\/2022\/#organization"},"image":{"@id":"https:\/\/canal7slp.tv\/2022\/tiradero-de-el-zapote-un-verdadero-foco-de-infeccion-para-los-soledenses\/#primaryimage"},"thumbnailUrl":"https:\/\/canal7slp.tv\/2022\/wp-content\/uploads\/2022\/10\/Claudio03Sanitario.jpg","articleSection":["AYOSGS","DESTACADAS","LOCALES Y REGIONALES"],"inLanguage":"es"},{"@type":"WebPage","@id":"https:\/\/canal7slp.tv\/2022\/tiradero-de-el-zapote-un-verdadero-foco-de-infeccion-para-los-soledenses\/","url":"https:\/\/canal7slp.tv\/2022\/tiradero-de-el-zapote-un-verdadero-foco-de-infeccion-para-los-soledenses\/","name":"Tiradero de \"El Zapote\", un verdadero foco de infecci\u00f3n para los soledenses. - Canal 7 SLP - 2022","isPartOf":{"@id":"https:\/\/canal7slp.tv\/2022\/#website"},"primaryImageOfPage":{"@id":"https:\/\/canal7slp.tv\/2022\/tiradero-de-el-zapote-un-verdadero-foco-de-infeccion-para-los-soledenses\/#primaryimage"},"image":{"@id":"https:\/\/canal7slp.tv\/2022\/tiradero-de-el-zapote-un-verdadero-foco-de-infeccion-para-los-soledenses\/#primaryimage"},"thumbnailUrl":"https:\/\/canal7slp.tv\/2022\/wp-content\/uploads\/2022\/10\/Claudio03Sanitario.jpg","datePublished":"2022-10-10T22:29:28+00:00","dateModified":"2022-10-10T22:30:22+00:00","breadcrumb":{"@id":"https:\/\/canal7slp.tv\/2022\/tiradero-de-el-zapote-un-verdadero-foco-de-infeccion-para-los-soledenses\/#breadcrumb"},"inLanguage":"es","potentialAction":[{"@type":"ReadAction","target":["https:\/\/canal7slp.tv\/2022\/tiradero-de-el-zapote-un-verdadero-foco-de-infeccion-para-los-soledenses\/"]}]},{"@type":"ImageObject","inLanguage":"es","@id":"https:\/\/canal7slp.tv\/2022\/tiradero-de-el-zapote-un-verdadero-foco-de-infeccion-para-los-soledenses\/#primaryimage","url":"https:\/\/canal7slp.tv\/2022\/wp-content\/uploads\/2022\/10\/Claudio03Sanitario.jpg","contentUrl":"https:\/\/canal7slp.tv\/2022\/wp-content\/uploads\/2022\/10\/Claudio03Sanitario.jpg","width":888,"height":500},{"@type":"BreadcrumbList","@id":"https:\/\/canal7slp.tv\/2022\/tiradero-de-el-zapote-un-verdadero-foco-de-infeccion-para-los-soledenses\/#breadcrumb","itemListElement":[{"@type":"ListItem","position":1,"name":"Portada","item":"https:\/\/canal7slp.tv\/2022\/"},{"@type":"ListItem","position":2,"name":"Tiradero de &#8220;El Zapote&#8221;, un verdadero foco de infecci\u00f3n para los soledenses."}]},{"@type":"WebSite","@id":"https:\/\/canal7slp.tv\/2022\/#website","url":"https:\/\/canal7slp.tv\/2022\/","name":"N7 - Noticieros Canal 7","description":"Somos Televisi\u00f3n","publisher":{"@id":"https:\/\/canal7slp.tv\/2022\/#organization"},"potentialAction":[{"@type":"SearchAction","target":{"@type":"EntryPoint","urlTemplate":"https:\/\/canal7slp.tv\/2022\/?s={search_term_string}"},"query-input":{"@type":"PropertyValueSpecification","valueRequired":true,"valueName":"search_term_string"}}],"inLanguage":"es"},{"@type":"Organization","@id":"https:\/\/canal7slp.tv\/2022\/#organization","name":"Noticieros Canal 7","url":"https:\/\/canal7slp.tv\/2022\/","logo":{"@type":"ImageObject","inLanguage":"es","@id":"https:\/\/canal7slp.tv\/2022\/#\/schema\/logo\/image\/","url":"https:\/\/canal7slp.tv\/2022\/wp-content\/uploads\/2021\/01\/logo-noticieros@2x.png","contentUrl":"https:\/\/canal7slp.tv\/2022\/wp-content\/uploads\/2021\/01\/logo-noticieros@2x.png","width":1017,"height":268,"caption":"Noticieros Canal 7"},"image":{"@id":"https:\/\/canal7slp.tv\/2022\/#\/schema\/logo\/image\/"},"sameAs":["https:\/\/www.facebook.com\/noticieroscanalsiete","https:\/\/x.com\/NOTICIEROS7","https:\/\/www.instagram.com\/canal7_slp","https:\/\/www.youtube.com\/channel\/UCliiYs-gP3JfJeqdPrNdd5A"]},{"@type":"Person","@id":"https:\/\/canal7slp.tv\/2022\/#\/schema\/person\/429704152a21f5f856ce29aa69a238da","name":"Edici\u00f3n Web","image":{"@type":"ImageObject","inLanguage":"es","@id":"https:\/\/secure.gravatar.com\/avatar\/eee448fc3f7164808013b816ba91ac7e43bbe82a70bebac296f8bc6f0addaa1a?s=96&d=mm&r=g","url":"https:\/\/secure.gravatar.com\/avatar\/eee448fc3f7164808013b816ba91ac7e43bbe82a70bebac296f8bc6f0addaa1a?s=96&d=mm&r=g","contentUrl":"https:\/\/secure.gravatar.com\/avatar\/eee448fc3f7164808013b816ba91ac7e43bbe82a70bebac296f8bc6f0addaa1a?s=96&d=mm&r=g","caption":"Edici\u00f3n Web"},"url":"https:\/\/canal7slp.tv\/2022\/author\/edicionweb\/"}]}},"amp_enabled":true,"_links":{"self":[{"href":"https:\/\/canal7slp.tv\/2022\/wp-json\/wp\/v2\/posts\/75247","targetHints":{"allow":["GET"]}}],"collection":[{"href":"https:\/\/canal7slp.tv\/2022\/wp-json\/wp\/v2\/posts"}],"about":[{"href":"https:\/\/canal7slp.tv\/2022\/wp-json\/wp\/v2\/types\/post"}],"author":[{"embeddable":true,"href":"https:\/\/canal7slp.tv\/2022\/wp-json\/wp\/v2\/users\/2"}],"replies":[{"embeddable":true,"href":"https:\/\/canal7slp.tv\/2022\/wp-json\/wp\/v2\/comments?post=75247"}],"version-history":[{"count":2,"href":"https:\/\/canal7slp.tv\/2022\/wp-json\/wp\/v2\/posts\/75247\/revisions"}],"predecessor-version":[{"id":75254,"href":"https:\/\/canal7slp.tv\/2022\/wp-json\/wp\/v2\/posts\/75247\/revisions\/75254"}],"wp:featuredmedia":[{"embeddable":true,"href":"https:\/\/canal7slp.tv\/2022\/wp-json\/wp\/v2\/media\/75253"}],"wp:attachment":[{"href":"https:\/\/canal7slp.tv\/2022\/wp-json\/wp\/v2\/media?parent=75247"}],"wp:term":[{"taxonomy":"category","embeddable":true,"href":"https:\/\/canal7slp.tv\/2022\/wp-json\/wp\/v2\/categories?post=75247"},{"taxonomy":"post_tag","embeddable":true,"href":"https:\/\/canal7slp.tv\/2022\/wp-json\/wp\/v2\/tags?post=75247"}],"curies":[{"name":"wp","href":"https:\/\/api.w.org\/{rel}","templated":true}]}}