{"id":75246,"date":"2022-10-10T16:39:46","date_gmt":"2022-10-10T22:39:46","guid":{"rendered":"https:\/\/canal7slp.tv\/2022\/?p=75246"},"modified":"2022-10-10T16:39:46","modified_gmt":"2022-10-10T22:39:46","slug":"reestructura-y-no-pausa-atraviesa-coalicion-va-por-mexico-asevera-dirigente-del-prd-en-slp","status":"publish","type":"post","link":"https:\/\/canal7slp.tv\/2022\/reestructura-y-no-pausa-atraviesa-coalicion-va-por-mexico-asevera-dirigente-del-prd-en-slp\/","title":{"rendered":"Reestructura y no pausa atraviesa coalici\u00f3n \u00abVa por M\u00e9xico\u00bb, asevera dirigente del PRD en SLP."},"content":{"rendered":"<p style=\"text-align: justify;\">SLP.- Jorge Zavala L\u00f3pez, presidente del Comit\u00e9 Directivo Estatal del Partido de la Revoluci\u00f3n Democr\u00e1tica afirm\u00f3 que sigue firme en San Luis Potos\u00ed la alianza \u201cVa Por M\u00e9xico\u201d integrada por el PRI-PAN-PRD.<\/p>\n<p style=\"text-align: justify;\">El dirigente perredista desestim\u00f3 las declaraciones que en este sentido hiciera el dirigente nacional de MORENA Mario Delgado Carrillo, al decir que esta alianza va hacia la ruptura.<\/p>\n<p style=\"text-align: justify;\">Dijo adem\u00e1s que el Partido de la Revoluci\u00f3n Democr\u00e1tica actualmente realiza una campa\u00f1a de adhesi\u00f3n para que m\u00e1s militantes, se sumen al partido del sol azteca.<\/p>\n<p style=\"text-align: justify;\">Se\u00f1al\u00f3 que todo caso, en esta coalici\u00f3n PRI-PAN-PRD se estar\u00eda haciendo una reestructuraci\u00f3n y no una pausa para hacer un frente mas s\u00f3lido, en contra de la Cuarta Transformaci\u00f3n.<\/p>\n<p style=\"text-align: justify;\">Al reiterar que los partidos integrantes de esta alianza est\u00e1n en buenos t\u00e9rminos el perredista opin\u00f3 que lo declarado por el dirigente nacional Jes\u00fas Zambrano en d\u00edas pasados, en el sentido de que mantendr\u00e1n distancia del dirigente nacional del PRI Alejandro Moreno C\u00e1rdenas, se refiri\u00f3 a su persona y no a los partidos pol\u00edticos que integran esta alianza.<\/p>\n<p>Por: Claudio Ibarra<\/p>\n","protected":false},"excerpt":{"rendered":"<p>SLP.- Jorge Zavala L\u00f3pez, presidente del Comit\u00e9 Directivo Estatal del Partido de la Revoluci\u00f3n Democr\u00e1tica afirm\u00f3 que sigue firme en San Luis Potos\u00ed la alianza \u201cVa Por M\u00e9xico\u201d integrada por el PRI-PAN-PRD. El dirigente perredista desestim\u00f3 las declaraciones que en este sentido hiciera el dirigente nacional de MORENA Mario Delgado Carrillo, al decir que esta alianza va hacia la ruptura. Dijo adem\u00e1s que el Partido de la Revoluci\u00f3n Democr\u00e1tica actualmente realiza una campa\u00f1a de adhesi\u00f3n para que m\u00e1s militantes, se sumen al partido del sol azteca. Se\u00f1al\u00f3 que todo caso, en esta coalici\u00f3n PRI-PAN-PRD se estar\u00eda haciendo una reestructuraci\u00f3n y [&hellip;]<\/p>\n","protected":false},"author":2,"featured_media":75258,"comment_status":"closed","ping_status":"closed","sticky":false,"template":"","format":"video","meta":{"footnotes":""},"categories":[5,45],"tags":[],"class_list":["post-75246","post","type-post","status-publish","format-video","has-post-thumbnail","hentry","category-destacadas","category-localesyregionales","post_format-post-format-video","post--single"],"yoast_head":"<!-- This site is optimized with the Yoast SEO plugin v27.4 - https:\/\/yoast.com\/product\/yoast-seo-wordpress\/ -->\n<title>Reestructura y no pausa atraviesa coalici\u00f3n &quot;Va por M\u00e9xico&quot;, asevera dirigente del PRD en SLP. - Canal 7 SLP - 2022<\/title>\n<meta name=\"robots\" content=\"index, follow, max-snippet:-1, max-image-preview:large, max-video-preview:-1\" \/>\n<link rel=\"canonical\" href=\"https:\/\/canal7slp.tv\/2022\/reestructura-y-no-pausa-atraviesa-coalicion-va-por-mexico-asevera-dirigente-del-prd-en-slp\/\" \/>\n<meta property=\"og:locale\" content=\"es_ES\" \/>\n<meta property=\"og:type\" content=\"article\" \/>\n<meta property=\"og:title\" content=\"Reestructura y no pausa atraviesa coalici\u00f3n &quot;Va por M\u00e9xico&quot;, asevera dirigente del PRD en SLP. - Canal 7 SLP - 2022\" \/>\n<meta property=\"og:description\" content=\"SLP.- Jorge Zavala L\u00f3pez, presidente del Comit\u00e9 Directivo Estatal del Partido de la Revoluci\u00f3n Democr\u00e1tica afirm\u00f3 que sigue firme en San Luis Potos\u00ed la alianza \u201cVa Por M\u00e9xico\u201d integrada por el PRI-PAN-PRD. El dirigente perredista desestim\u00f3 las declaraciones que en este sentido hiciera el dirigente nacional de MORENA Mario Delgado Carrillo, al decir que esta alianza va hacia la ruptura. Dijo adem\u00e1s que el Partido de la Revoluci\u00f3n Democr\u00e1tica actualmente realiza una campa\u00f1a de adhesi\u00f3n para que m\u00e1s militantes, se sumen al partido del sol azteca. Se\u00f1al\u00f3 que todo caso, en esta coalici\u00f3n PRI-PAN-PRD se estar\u00eda haciendo una reestructuraci\u00f3n y [&hellip;]\" \/>\n<meta property=\"og:url\" content=\"https:\/\/canal7slp.tv\/2022\/reestructura-y-no-pausa-atraviesa-coalicion-va-por-mexico-asevera-dirigente-del-prd-en-slp\/\" \/>\n<meta property=\"og:site_name\" content=\"Canal 7 SLP - 2022\" \/>\n<meta property=\"article:publisher\" content=\"https:\/\/www.facebook.com\/noticieroscanalsiete\" \/>\n<meta property=\"article:published_time\" content=\"2022-10-10T22:39:46+00:00\" \/>\n<meta property=\"og:image\" content=\"https:\/\/canal7slp.tv\/2022\/wp-content\/uploads\/2022\/10\/Claudio02Perrede.jpg\" \/>\n\t<meta property=\"og:image:width\" content=\"888\" \/>\n\t<meta property=\"og:image:height\" content=\"500\" \/>\n\t<meta property=\"og:image:type\" content=\"image\/jpeg\" \/>\n<meta name=\"author\" content=\"Edici\u00f3n Web\" \/>\n<meta name=\"twitter:card\" content=\"summary_large_image\" \/>\n<meta name=\"twitter:creator\" content=\"@NOTICIEROS7\" \/>\n<meta name=\"twitter:site\" content=\"@NOTICIEROS7\" \/>\n<meta name=\"twitter:label1\" content=\"Escrito por\" \/>\n\t<meta name=\"twitter:data1\" content=\"Edici\u00f3n Web\" \/>\n\t<meta name=\"twitter:label2\" content=\"Tiempo de lectura\" \/>\n\t<meta name=\"twitter:data2\" content=\"1 minuto\" \/>\n<script type=\"application\/ld+json\" class=\"yoast-schema-graph\">{\"@context\":\"https:\\\/\\\/schema.org\",\"@graph\":[{\"@type\":\"Article\",\"@id\":\"https:\\\/\\\/canal7slp.tv\\\/2022\\\/reestructura-y-no-pausa-atraviesa-coalicion-va-por-mexico-asevera-dirigente-del-prd-en-slp\\\/#article\",\"isPartOf\":{\"@id\":\"https:\\\/\\\/canal7slp.tv\\\/2022\\\/reestructura-y-no-pausa-atraviesa-coalicion-va-por-mexico-asevera-dirigente-del-prd-en-slp\\\/\"},\"author\":{\"name\":\"Edici\u00f3n Web\",\"@id\":\"https:\\\/\\\/canal7slp.tv\\\/2022\\\/#\\\/schema\\\/person\\\/429704152a21f5f856ce29aa69a238da\"},\"headline\":\"Reestructura y no pausa atraviesa coalici\u00f3n \u00abVa por M\u00e9xico\u00bb, asevera dirigente del PRD en SLP.\",\"datePublished\":\"2022-10-10T22:39:46+00:00\",\"mainEntityOfPage\":{\"@id\":\"https:\\\/\\\/canal7slp.tv\\\/2022\\\/reestructura-y-no-pausa-atraviesa-coalicion-va-por-mexico-asevera-dirigente-del-prd-en-slp\\\/\"},\"wordCount\":217,\"publisher\":{\"@id\":\"https:\\\/\\\/canal7slp.tv\\\/2022\\\/#organization\"},\"image\":{\"@id\":\"https:\\\/\\\/canal7slp.tv\\\/2022\\\/reestructura-y-no-pausa-atraviesa-coalicion-va-por-mexico-asevera-dirigente-del-prd-en-slp\\\/#primaryimage\"},\"thumbnailUrl\":\"https:\\\/\\\/canal7slp.tv\\\/2022\\\/wp-content\\\/uploads\\\/2022\\\/10\\\/Claudio02Perrede.jpg\",\"articleSection\":[\"DESTACADAS\",\"LOCALES Y REGIONALES\"],\"inLanguage\":\"es\"},{\"@type\":\"WebPage\",\"@id\":\"https:\\\/\\\/canal7slp.tv\\\/2022\\\/reestructura-y-no-pausa-atraviesa-coalicion-va-por-mexico-asevera-dirigente-del-prd-en-slp\\\/\",\"url\":\"https:\\\/\\\/canal7slp.tv\\\/2022\\\/reestructura-y-no-pausa-atraviesa-coalicion-va-por-mexico-asevera-dirigente-del-prd-en-slp\\\/\",\"name\":\"Reestructura y no pausa atraviesa coalici\u00f3n \\\"Va por M\u00e9xico\\\", asevera dirigente del PRD en SLP. - Canal 7 SLP - 2022\",\"isPartOf\":{\"@id\":\"https:\\\/\\\/canal7slp.tv\\\/2022\\\/#website\"},\"primaryImageOfPage\":{\"@id\":\"https:\\\/\\\/canal7slp.tv\\\/2022\\\/reestructura-y-no-pausa-atraviesa-coalicion-va-por-mexico-asevera-dirigente-del-prd-en-slp\\\/#primaryimage\"},\"image\":{\"@id\":\"https:\\\/\\\/canal7slp.tv\\\/2022\\\/reestructura-y-no-pausa-atraviesa-coalicion-va-por-mexico-asevera-dirigente-del-prd-en-slp\\\/#primaryimage\"},\"thumbnailUrl\":\"https:\\\/\\\/canal7slp.tv\\\/2022\\\/wp-content\\\/uploads\\\/2022\\\/10\\\/Claudio02Perrede.jpg\",\"datePublished\":\"2022-10-10T22:39:46+00:00\",\"breadcrumb\":{\"@id\":\"https:\\\/\\\/canal7slp.tv\\\/2022\\\/reestructura-y-no-pausa-atraviesa-coalicion-va-por-mexico-asevera-dirigente-del-prd-en-slp\\\/#breadcrumb\"},\"inLanguage\":\"es\",\"potentialAction\":[{\"@type\":\"ReadAction\",\"target\":[\"https:\\\/\\\/canal7slp.tv\\\/2022\\\/reestructura-y-no-pausa-atraviesa-coalicion-va-por-mexico-asevera-dirigente-del-prd-en-slp\\\/\"]}]},{\"@type\":\"ImageObject\",\"inLanguage\":\"es\",\"@id\":\"https:\\\/\\\/canal7slp.tv\\\/2022\\\/reestructura-y-no-pausa-atraviesa-coalicion-va-por-mexico-asevera-dirigente-del-prd-en-slp\\\/#primaryimage\",\"url\":\"https:\\\/\\\/canal7slp.tv\\\/2022\\\/wp-content\\\/uploads\\\/2022\\\/10\\\/Claudio02Perrede.jpg\",\"contentUrl\":\"https:\\\/\\\/canal7slp.tv\\\/2022\\\/wp-content\\\/uploads\\\/2022\\\/10\\\/Claudio02Perrede.jpg\",\"width\":888,\"height\":500},{\"@type\":\"BreadcrumbList\",\"@id\":\"https:\\\/\\\/canal7slp.tv\\\/2022\\\/reestructura-y-no-pausa-atraviesa-coalicion-va-por-mexico-asevera-dirigente-del-prd-en-slp\\\/#breadcrumb\",\"itemListElement\":[{\"@type\":\"ListItem\",\"position\":1,\"name\":\"Portada\",\"item\":\"https:\\\/\\\/canal7slp.tv\\\/2022\\\/\"},{\"@type\":\"ListItem\",\"position\":2,\"name\":\"Reestructura y no pausa atraviesa coalici\u00f3n &#8220;Va por M\u00e9xico&#8221;, asevera dirigente del PRD en SLP.\"}]},{\"@type\":\"WebSite\",\"@id\":\"https:\\\/\\\/canal7slp.tv\\\/2022\\\/#website\",\"url\":\"https:\\\/\\\/canal7slp.tv\\\/2022\\\/\",\"name\":\"N7 - Noticieros Canal 7\",\"description\":\"Somos Televisi\u00f3n\",\"publisher\":{\"@id\":\"https:\\\/\\\/canal7slp.tv\\\/2022\\\/#organization\"},\"potentialAction\":[{\"@type\":\"SearchAction\",\"target\":{\"@type\":\"EntryPoint\",\"urlTemplate\":\"https:\\\/\\\/canal7slp.tv\\\/2022\\\/?s={search_term_string}\"},\"query-input\":{\"@type\":\"PropertyValueSpecification\",\"valueRequired\":true,\"valueName\":\"search_term_string\"}}],\"inLanguage\":\"es\"},{\"@type\":\"Organization\",\"@id\":\"https:\\\/\\\/canal7slp.tv\\\/2022\\\/#organization\",\"name\":\"Noticieros Canal 7\",\"url\":\"https:\\\/\\\/canal7slp.tv\\\/2022\\\/\",\"logo\":{\"@type\":\"ImageObject\",\"inLanguage\":\"es\",\"@id\":\"https:\\\/\\\/canal7slp.tv\\\/2022\\\/#\\\/schema\\\/logo\\\/image\\\/\",\"url\":\"https:\\\/\\\/canal7slp.tv\\\/2022\\\/wp-content\\\/uploads\\\/2021\\\/01\\\/logo-noticieros@2x.png\",\"contentUrl\":\"https:\\\/\\\/canal7slp.tv\\\/2022\\\/wp-content\\\/uploads\\\/2021\\\/01\\\/logo-noticieros@2x.png\",\"width\":1017,\"height\":268,\"caption\":\"Noticieros Canal 7\"},\"image\":{\"@id\":\"https:\\\/\\\/canal7slp.tv\\\/2022\\\/#\\\/schema\\\/logo\\\/image\\\/\"},\"sameAs\":[\"https:\\\/\\\/www.facebook.com\\\/noticieroscanalsiete\",\"https:\\\/\\\/x.com\\\/NOTICIEROS7\",\"https:\\\/\\\/www.instagram.com\\\/canal7_slp\",\"https:\\\/\\\/www.youtube.com\\\/channel\\\/UCliiYs-gP3JfJeqdPrNdd5A\"]},{\"@type\":\"Person\",\"@id\":\"https:\\\/\\\/canal7slp.tv\\\/2022\\\/#\\\/schema\\\/person\\\/429704152a21f5f856ce29aa69a238da\",\"name\":\"Edici\u00f3n Web\",\"image\":{\"@type\":\"ImageObject\",\"inLanguage\":\"es\",\"@id\":\"https:\\\/\\\/secure.gravatar.com\\\/avatar\\\/eee448fc3f7164808013b816ba91ac7e43bbe82a70bebac296f8bc6f0addaa1a?s=96&d=mm&r=g\",\"url\":\"https:\\\/\\\/secure.gravatar.com\\\/avatar\\\/eee448fc3f7164808013b816ba91ac7e43bbe82a70bebac296f8bc6f0addaa1a?s=96&d=mm&r=g\",\"contentUrl\":\"https:\\\/\\\/secure.gravatar.com\\\/avatar\\\/eee448fc3f7164808013b816ba91ac7e43bbe82a70bebac296f8bc6f0addaa1a?s=96&d=mm&r=g\",\"caption\":\"Edici\u00f3n Web\"},\"url\":\"https:\\\/\\\/canal7slp.tv\\\/2022\\\/author\\\/edicionweb\\\/\"}]}<\/script>\n<!-- \/ Yoast SEO plugin. -->","yoast_head_json":{"title":"Reestructura y no pausa atraviesa coalici\u00f3n \"Va por M\u00e9xico\", asevera dirigente del PRD en SLP. - Canal 7 SLP - 2022","robots":{"index":"index","follow":"follow","max-snippet":"max-snippet:-1","max-image-preview":"max-image-preview:large","max-video-preview":"max-video-preview:-1"},"canonical":"https:\/\/canal7slp.tv\/2022\/reestructura-y-no-pausa-atraviesa-coalicion-va-por-mexico-asevera-dirigente-del-prd-en-slp\/","og_locale":"es_ES","og_type":"article","og_title":"Reestructura y no pausa atraviesa coalici\u00f3n \"Va por M\u00e9xico\", asevera dirigente del PRD en SLP. - Canal 7 SLP - 2022","og_description":"SLP.- Jorge Zavala L\u00f3pez, presidente del Comit\u00e9 Directivo Estatal del Partido de la Revoluci\u00f3n Democr\u00e1tica afirm\u00f3 que sigue firme en San Luis Potos\u00ed la alianza \u201cVa Por M\u00e9xico\u201d integrada por el PRI-PAN-PRD. El dirigente perredista desestim\u00f3 las declaraciones que en este sentido hiciera el dirigente nacional de MORENA Mario Delgado Carrillo, al decir que esta alianza va hacia la ruptura. Dijo adem\u00e1s que el Partido de la Revoluci\u00f3n Democr\u00e1tica actualmente realiza una campa\u00f1a de adhesi\u00f3n para que m\u00e1s militantes, se sumen al partido del sol azteca. Se\u00f1al\u00f3 que todo caso, en esta coalici\u00f3n PRI-PAN-PRD se estar\u00eda haciendo una reestructuraci\u00f3n y [&hellip;]","og_url":"https:\/\/canal7slp.tv\/2022\/reestructura-y-no-pausa-atraviesa-coalicion-va-por-mexico-asevera-dirigente-del-prd-en-slp\/","og_site_name":"Canal 7 SLP - 2022","article_publisher":"https:\/\/www.facebook.com\/noticieroscanalsiete","article_published_time":"2022-10-10T22:39:46+00:00","og_image":[{"width":888,"height":500,"url":"https:\/\/canal7slp.tv\/2022\/wp-content\/uploads\/2022\/10\/Claudio02Perrede.jpg","type":"image\/jpeg"}],"author":"Edici\u00f3n Web","twitter_card":"summary_large_image","twitter_creator":"@NOTICIEROS7","twitter_site":"@NOTICIEROS7","twitter_misc":{"Escrito por":"Edici\u00f3n Web","Tiempo de lectura":"1 minuto"},"schema":{"@context":"https:\/\/schema.org","@graph":[{"@type":"Article","@id":"https:\/\/canal7slp.tv\/2022\/reestructura-y-no-pausa-atraviesa-coalicion-va-por-mexico-asevera-dirigente-del-prd-en-slp\/#article","isPartOf":{"@id":"https:\/\/canal7slp.tv\/2022\/reestructura-y-no-pausa-atraviesa-coalicion-va-por-mexico-asevera-dirigente-del-prd-en-slp\/"},"author":{"name":"Edici\u00f3n Web","@id":"https:\/\/canal7slp.tv\/2022\/#\/schema\/person\/429704152a21f5f856ce29aa69a238da"},"headline":"Reestructura y no pausa atraviesa coalici\u00f3n \u00abVa por M\u00e9xico\u00bb, asevera dirigente del PRD en SLP.","datePublished":"2022-10-10T22:39:46+00:00","mainEntityOfPage":{"@id":"https:\/\/canal7slp.tv\/2022\/reestructura-y-no-pausa-atraviesa-coalicion-va-por-mexico-asevera-dirigente-del-prd-en-slp\/"},"wordCount":217,"publisher":{"@id":"https:\/\/canal7slp.tv\/2022\/#organization"},"image":{"@id":"https:\/\/canal7slp.tv\/2022\/reestructura-y-no-pausa-atraviesa-coalicion-va-por-mexico-asevera-dirigente-del-prd-en-slp\/#primaryimage"},"thumbnailUrl":"https:\/\/canal7slp.tv\/2022\/wp-content\/uploads\/2022\/10\/Claudio02Perrede.jpg","articleSection":["DESTACADAS","LOCALES Y REGIONALES"],"inLanguage":"es"},{"@type":"WebPage","@id":"https:\/\/canal7slp.tv\/2022\/reestructura-y-no-pausa-atraviesa-coalicion-va-por-mexico-asevera-dirigente-del-prd-en-slp\/","url":"https:\/\/canal7slp.tv\/2022\/reestructura-y-no-pausa-atraviesa-coalicion-va-por-mexico-asevera-dirigente-del-prd-en-slp\/","name":"Reestructura y no pausa atraviesa coalici\u00f3n \"Va por M\u00e9xico\", asevera dirigente del PRD en SLP. - Canal 7 SLP - 2022","isPartOf":{"@id":"https:\/\/canal7slp.tv\/2022\/#website"},"primaryImageOfPage":{"@id":"https:\/\/canal7slp.tv\/2022\/reestructura-y-no-pausa-atraviesa-coalicion-va-por-mexico-asevera-dirigente-del-prd-en-slp\/#primaryimage"},"image":{"@id":"https:\/\/canal7slp.tv\/2022\/reestructura-y-no-pausa-atraviesa-coalicion-va-por-mexico-asevera-dirigente-del-prd-en-slp\/#primaryimage"},"thumbnailUrl":"https:\/\/canal7slp.tv\/2022\/wp-content\/uploads\/2022\/10\/Claudio02Perrede.jpg","datePublished":"2022-10-10T22:39:46+00:00","breadcrumb":{"@id":"https:\/\/canal7slp.tv\/2022\/reestructura-y-no-pausa-atraviesa-coalicion-va-por-mexico-asevera-dirigente-del-prd-en-slp\/#breadcrumb"},"inLanguage":"es","potentialAction":[{"@type":"ReadAction","target":["https:\/\/canal7slp.tv\/2022\/reestructura-y-no-pausa-atraviesa-coalicion-va-por-mexico-asevera-dirigente-del-prd-en-slp\/"]}]},{"@type":"ImageObject","inLanguage":"es","@id":"https:\/\/canal7slp.tv\/2022\/reestructura-y-no-pausa-atraviesa-coalicion-va-por-mexico-asevera-dirigente-del-prd-en-slp\/#primaryimage","url":"https:\/\/canal7slp.tv\/2022\/wp-content\/uploads\/2022\/10\/Claudio02Perrede.jpg","contentUrl":"https:\/\/canal7slp.tv\/2022\/wp-content\/uploads\/2022\/10\/Claudio02Perrede.jpg","width":888,"height":500},{"@type":"BreadcrumbList","@id":"https:\/\/canal7slp.tv\/2022\/reestructura-y-no-pausa-atraviesa-coalicion-va-por-mexico-asevera-dirigente-del-prd-en-slp\/#breadcrumb","itemListElement":[{"@type":"ListItem","position":1,"name":"Portada","item":"https:\/\/canal7slp.tv\/2022\/"},{"@type":"ListItem","position":2,"name":"Reestructura y no pausa atraviesa coalici\u00f3n &#8220;Va por M\u00e9xico&#8221;, asevera dirigente del PRD en SLP."}]},{"@type":"WebSite","@id":"https:\/\/canal7slp.tv\/2022\/#website","url":"https:\/\/canal7slp.tv\/2022\/","name":"N7 - Noticieros Canal 7","description":"Somos Televisi\u00f3n","publisher":{"@id":"https:\/\/canal7slp.tv\/2022\/#organization"},"potentialAction":[{"@type":"SearchAction","target":{"@type":"EntryPoint","urlTemplate":"https:\/\/canal7slp.tv\/2022\/?s={search_term_string}"},"query-input":{"@type":"PropertyValueSpecification","valueRequired":true,"valueName":"search_term_string"}}],"inLanguage":"es"},{"@type":"Organization","@id":"https:\/\/canal7slp.tv\/2022\/#organization","name":"Noticieros Canal 7","url":"https:\/\/canal7slp.tv\/2022\/","logo":{"@type":"ImageObject","inLanguage":"es","@id":"https:\/\/canal7slp.tv\/2022\/#\/schema\/logo\/image\/","url":"https:\/\/canal7slp.tv\/2022\/wp-content\/uploads\/2021\/01\/logo-noticieros@2x.png","contentUrl":"https:\/\/canal7slp.tv\/2022\/wp-content\/uploads\/2021\/01\/logo-noticieros@2x.png","width":1017,"height":268,"caption":"Noticieros Canal 7"},"image":{"@id":"https:\/\/canal7slp.tv\/2022\/#\/schema\/logo\/image\/"},"sameAs":["https:\/\/www.facebook.com\/noticieroscanalsiete","https:\/\/x.com\/NOTICIEROS7","https:\/\/www.instagram.com\/canal7_slp","https:\/\/www.youtube.com\/channel\/UCliiYs-gP3JfJeqdPrNdd5A"]},{"@type":"Person","@id":"https:\/\/canal7slp.tv\/2022\/#\/schema\/person\/429704152a21f5f856ce29aa69a238da","name":"Edici\u00f3n Web","image":{"@type":"ImageObject","inLanguage":"es","@id":"https:\/\/secure.gravatar.com\/avatar\/eee448fc3f7164808013b816ba91ac7e43bbe82a70bebac296f8bc6f0addaa1a?s=96&d=mm&r=g","url":"https:\/\/secure.gravatar.com\/avatar\/eee448fc3f7164808013b816ba91ac7e43bbe82a70bebac296f8bc6f0addaa1a?s=96&d=mm&r=g","contentUrl":"https:\/\/secure.gravatar.com\/avatar\/eee448fc3f7164808013b816ba91ac7e43bbe82a70bebac296f8bc6f0addaa1a?s=96&d=mm&r=g","caption":"Edici\u00f3n Web"},"url":"https:\/\/canal7slp.tv\/2022\/author\/edicionweb\/"}]}},"amp_enabled":true,"_links":{"self":[{"href":"https:\/\/canal7slp.tv\/2022\/wp-json\/wp\/v2\/posts\/75246","targetHints":{"allow":["GET"]}}],"collection":[{"href":"https:\/\/canal7slp.tv\/2022\/wp-json\/wp\/v2\/posts"}],"about":[{"href":"https:\/\/canal7slp.tv\/2022\/wp-json\/wp\/v2\/types\/post"}],"author":[{"embeddable":true,"href":"https:\/\/canal7slp.tv\/2022\/wp-json\/wp\/v2\/users\/2"}],"replies":[{"embeddable":true,"href":"https:\/\/canal7slp.tv\/2022\/wp-json\/wp\/v2\/comments?post=75246"}],"version-history":[{"count":3,"href":"https:\/\/canal7slp.tv\/2022\/wp-json\/wp\/v2\/posts\/75246\/revisions"}],"predecessor-version":[{"id":75259,"href":"https:\/\/canal7slp.tv\/2022\/wp-json\/wp\/v2\/posts\/75246\/revisions\/75259"}],"wp:featuredmedia":[{"embeddable":true,"href":"https:\/\/canal7slp.tv\/2022\/wp-json\/wp\/v2\/media\/75258"}],"wp:attachment":[{"href":"https:\/\/canal7slp.tv\/2022\/wp-json\/wp\/v2\/media?parent=75246"}],"wp:term":[{"taxonomy":"category","embeddable":true,"href":"https:\/\/canal7slp.tv\/2022\/wp-json\/wp\/v2\/categories?post=75246"},{"taxonomy":"post_tag","embeddable":true,"href":"https:\/\/canal7slp.tv\/2022\/wp-json\/wp\/v2\/tags?post=75246"}],"curies":[{"name":"wp","href":"https:\/\/api.w.org\/{rel}","templated":true}]}}