{"id":75245,"date":"2022-10-10T16:36:53","date_gmt":"2022-10-10T22:36:53","guid":{"rendered":"https:\/\/canal7slp.tv\/2022\/?p=75245"},"modified":"2022-10-10T16:36:53","modified_gmt":"2022-10-10T22:36:53","slug":"rechaza-pan-ruptura-definitiva-de-la-coalicion-va-por-mexico","status":"publish","type":"post","link":"https:\/\/canal7slp.tv\/2022\/rechaza-pan-ruptura-definitiva-de-la-coalicion-va-por-mexico\/","title":{"rendered":"Rechaza PAN, ruptura definitiva de la coalici\u00f3n \u00abVa por M\u00e9xico\u00bb."},"content":{"rendered":"<ul>\n<li>L\u00edder estatal del albiazul descarta declaraciones del dirigente nacional morenista.<\/li>\n<\/ul>\n<p style=\"text-align: justify;\">SLP.- En relaci\u00f3n a las declaraciones del dirigente nacional de MORENA Mario Delgado Carrillo en el sentido de que la ruptura de la coalici\u00f3n \u201cVa Por M\u00e9xico\u201d integrada por el PRI-PAN-PRD es inminente, la dirigente estatal del blanquiazul Ver\u00f3nica Rodr\u00edguez Hern\u00e1ndez, rechaz\u00f3 tajante estas declaraciones .<\/p>\n<p style=\"text-align: justify;\">Afirm\u00f3 que solo unida la oposici\u00f3n puede \u201cacabar\u201d al partido en el poder como lo es el Movimiento de Regeneraci\u00f3n Nacional al tiempo de asegurar que Acci\u00f3n Nacional, mantiene buena comunicaci\u00f3n con los partidos coaligados en esta alianza.<\/p>\n<p style=\"text-align: justify;\">Incluso, la presidenta estatal del PAN asegur\u00f3 que su partido est\u00e1 firme para defender al PRI al reiterar su postura de invitar a los militantes de esta alianza a estar m\u00e1s unidos.<\/p>\n<p style=\"text-align: justify;\">Asimismo, Rodr\u00edguez Hern\u00e1ndez dijo que en San Luis Potos\u00ed la coalici\u00f3n \u201cS\u00ed Por San Luis\u201d sigue en pie al afirmar tambi\u00e9n que el Partido Revolucionario Institucional, est\u00e1 siendo objeto de una persecuci\u00f3n pol\u00edtica desde las esferas del gobierno federal.<\/p>\n<p>Por: Claudio Ibarra<\/p>\n","protected":false},"excerpt":{"rendered":"<p>L\u00edder estatal del albiazul descarta declaraciones del dirigente nacional morenista. SLP.- En relaci\u00f3n a las declaraciones del dirigente nacional de MORENA Mario Delgado Carrillo en el sentido de que la ruptura de la coalici\u00f3n \u201cVa Por M\u00e9xico\u201d integrada por el PRI-PAN-PRD es inminente, la dirigente estatal del blanquiazul Ver\u00f3nica Rodr\u00edguez Hern\u00e1ndez, rechaz\u00f3 tajante estas declaraciones . Afirm\u00f3 que solo unida la oposici\u00f3n puede \u201cacabar\u201d al partido en el poder como lo es el Movimiento de Regeneraci\u00f3n Nacional al tiempo de asegurar que Acci\u00f3n Nacional, mantiene buena comunicaci\u00f3n con los partidos coaligados en esta alianza. Incluso, la presidenta estatal del PAN [&hellip;]<\/p>\n","protected":false},"author":2,"featured_media":75256,"comment_status":"closed","ping_status":"closed","sticky":false,"template":"","format":"video","meta":{"footnotes":""},"categories":[5,45],"tags":[],"class_list":["post-75245","post","type-post","status-publish","format-video","has-post-thumbnail","hentry","category-destacadas","category-localesyregionales","post_format-post-format-video","post--single"],"yoast_head":"<!-- This site is optimized with the Yoast SEO plugin v27.4 - https:\/\/yoast.com\/product\/yoast-seo-wordpress\/ -->\n<title>Rechaza PAN, ruptura definitiva de la coalici\u00f3n &quot;Va por M\u00e9xico&quot;. - Canal 7 SLP - 2022<\/title>\n<meta name=\"robots\" content=\"index, follow, max-snippet:-1, max-image-preview:large, max-video-preview:-1\" \/>\n<link rel=\"canonical\" href=\"https:\/\/canal7slp.tv\/2022\/rechaza-pan-ruptura-definitiva-de-la-coalicion-va-por-mexico\/\" \/>\n<meta property=\"og:locale\" content=\"es_ES\" \/>\n<meta property=\"og:type\" content=\"article\" \/>\n<meta property=\"og:title\" content=\"Rechaza PAN, ruptura definitiva de la coalici\u00f3n &quot;Va por M\u00e9xico&quot;. - Canal 7 SLP - 2022\" \/>\n<meta property=\"og:description\" content=\"L\u00edder estatal del albiazul descarta declaraciones del dirigente nacional morenista. SLP.- En relaci\u00f3n a las declaraciones del dirigente nacional de MORENA Mario Delgado Carrillo en el sentido de que la ruptura de la coalici\u00f3n \u201cVa Por M\u00e9xico\u201d integrada por el PRI-PAN-PRD es inminente, la dirigente estatal del blanquiazul Ver\u00f3nica Rodr\u00edguez Hern\u00e1ndez, rechaz\u00f3 tajante estas declaraciones . Afirm\u00f3 que solo unida la oposici\u00f3n puede \u201cacabar\u201d al partido en el poder como lo es el Movimiento de Regeneraci\u00f3n Nacional al tiempo de asegurar que Acci\u00f3n Nacional, mantiene buena comunicaci\u00f3n con los partidos coaligados en esta alianza. Incluso, la presidenta estatal del PAN [&hellip;]\" \/>\n<meta property=\"og:url\" content=\"https:\/\/canal7slp.tv\/2022\/rechaza-pan-ruptura-definitiva-de-la-coalicion-va-por-mexico\/\" \/>\n<meta property=\"og:site_name\" content=\"Canal 7 SLP - 2022\" \/>\n<meta property=\"article:publisher\" content=\"https:\/\/www.facebook.com\/noticieroscanalsiete\" \/>\n<meta property=\"article:published_time\" content=\"2022-10-10T22:36:53+00:00\" \/>\n<meta property=\"og:image\" content=\"https:\/\/canal7slp.tv\/2022\/wp-content\/uploads\/2022\/10\/Claudio01Oposicion.jpg\" \/>\n\t<meta property=\"og:image:width\" content=\"888\" \/>\n\t<meta property=\"og:image:height\" content=\"500\" \/>\n\t<meta property=\"og:image:type\" content=\"image\/jpeg\" \/>\n<meta name=\"author\" content=\"Edici\u00f3n Web\" \/>\n<meta name=\"twitter:card\" content=\"summary_large_image\" \/>\n<meta name=\"twitter:creator\" content=\"@NOTICIEROS7\" \/>\n<meta name=\"twitter:site\" content=\"@NOTICIEROS7\" \/>\n<meta name=\"twitter:label1\" content=\"Escrito por\" \/>\n\t<meta name=\"twitter:data1\" content=\"Edici\u00f3n Web\" \/>\n\t<meta name=\"twitter:label2\" content=\"Tiempo de lectura\" \/>\n\t<meta name=\"twitter:data2\" content=\"1 minuto\" \/>\n<script type=\"application\/ld+json\" class=\"yoast-schema-graph\">{\"@context\":\"https:\\\/\\\/schema.org\",\"@graph\":[{\"@type\":\"Article\",\"@id\":\"https:\\\/\\\/canal7slp.tv\\\/2022\\\/rechaza-pan-ruptura-definitiva-de-la-coalicion-va-por-mexico\\\/#article\",\"isPartOf\":{\"@id\":\"https:\\\/\\\/canal7slp.tv\\\/2022\\\/rechaza-pan-ruptura-definitiva-de-la-coalicion-va-por-mexico\\\/\"},\"author\":{\"name\":\"Edici\u00f3n Web\",\"@id\":\"https:\\\/\\\/canal7slp.tv\\\/2022\\\/#\\\/schema\\\/person\\\/429704152a21f5f856ce29aa69a238da\"},\"headline\":\"Rechaza PAN, ruptura definitiva de la coalici\u00f3n \u00abVa por M\u00e9xico\u00bb.\",\"datePublished\":\"2022-10-10T22:36:53+00:00\",\"mainEntityOfPage\":{\"@id\":\"https:\\\/\\\/canal7slp.tv\\\/2022\\\/rechaza-pan-ruptura-definitiva-de-la-coalicion-va-por-mexico\\\/\"},\"wordCount\":198,\"publisher\":{\"@id\":\"https:\\\/\\\/canal7slp.tv\\\/2022\\\/#organization\"},\"image\":{\"@id\":\"https:\\\/\\\/canal7slp.tv\\\/2022\\\/rechaza-pan-ruptura-definitiva-de-la-coalicion-va-por-mexico\\\/#primaryimage\"},\"thumbnailUrl\":\"https:\\\/\\\/canal7slp.tv\\\/2022\\\/wp-content\\\/uploads\\\/2022\\\/10\\\/Claudio01Oposicion.jpg\",\"articleSection\":[\"DESTACADAS\",\"LOCALES Y REGIONALES\"],\"inLanguage\":\"es\"},{\"@type\":\"WebPage\",\"@id\":\"https:\\\/\\\/canal7slp.tv\\\/2022\\\/rechaza-pan-ruptura-definitiva-de-la-coalicion-va-por-mexico\\\/\",\"url\":\"https:\\\/\\\/canal7slp.tv\\\/2022\\\/rechaza-pan-ruptura-definitiva-de-la-coalicion-va-por-mexico\\\/\",\"name\":\"Rechaza PAN, ruptura definitiva de la coalici\u00f3n \\\"Va por M\u00e9xico\\\". - Canal 7 SLP - 2022\",\"isPartOf\":{\"@id\":\"https:\\\/\\\/canal7slp.tv\\\/2022\\\/#website\"},\"primaryImageOfPage\":{\"@id\":\"https:\\\/\\\/canal7slp.tv\\\/2022\\\/rechaza-pan-ruptura-definitiva-de-la-coalicion-va-por-mexico\\\/#primaryimage\"},\"image\":{\"@id\":\"https:\\\/\\\/canal7slp.tv\\\/2022\\\/rechaza-pan-ruptura-definitiva-de-la-coalicion-va-por-mexico\\\/#primaryimage\"},\"thumbnailUrl\":\"https:\\\/\\\/canal7slp.tv\\\/2022\\\/wp-content\\\/uploads\\\/2022\\\/10\\\/Claudio01Oposicion.jpg\",\"datePublished\":\"2022-10-10T22:36:53+00:00\",\"breadcrumb\":{\"@id\":\"https:\\\/\\\/canal7slp.tv\\\/2022\\\/rechaza-pan-ruptura-definitiva-de-la-coalicion-va-por-mexico\\\/#breadcrumb\"},\"inLanguage\":\"es\",\"potentialAction\":[{\"@type\":\"ReadAction\",\"target\":[\"https:\\\/\\\/canal7slp.tv\\\/2022\\\/rechaza-pan-ruptura-definitiva-de-la-coalicion-va-por-mexico\\\/\"]}]},{\"@type\":\"ImageObject\",\"inLanguage\":\"es\",\"@id\":\"https:\\\/\\\/canal7slp.tv\\\/2022\\\/rechaza-pan-ruptura-definitiva-de-la-coalicion-va-por-mexico\\\/#primaryimage\",\"url\":\"https:\\\/\\\/canal7slp.tv\\\/2022\\\/wp-content\\\/uploads\\\/2022\\\/10\\\/Claudio01Oposicion.jpg\",\"contentUrl\":\"https:\\\/\\\/canal7slp.tv\\\/2022\\\/wp-content\\\/uploads\\\/2022\\\/10\\\/Claudio01Oposicion.jpg\",\"width\":888,\"height\":500},{\"@type\":\"BreadcrumbList\",\"@id\":\"https:\\\/\\\/canal7slp.tv\\\/2022\\\/rechaza-pan-ruptura-definitiva-de-la-coalicion-va-por-mexico\\\/#breadcrumb\",\"itemListElement\":[{\"@type\":\"ListItem\",\"position\":1,\"name\":\"Portada\",\"item\":\"https:\\\/\\\/canal7slp.tv\\\/2022\\\/\"},{\"@type\":\"ListItem\",\"position\":2,\"name\":\"Rechaza PAN, ruptura definitiva de la coalici\u00f3n &#8220;Va por M\u00e9xico&#8221;.\"}]},{\"@type\":\"WebSite\",\"@id\":\"https:\\\/\\\/canal7slp.tv\\\/2022\\\/#website\",\"url\":\"https:\\\/\\\/canal7slp.tv\\\/2022\\\/\",\"name\":\"N7 - Noticieros Canal 7\",\"description\":\"Somos Televisi\u00f3n\",\"publisher\":{\"@id\":\"https:\\\/\\\/canal7slp.tv\\\/2022\\\/#organization\"},\"potentialAction\":[{\"@type\":\"SearchAction\",\"target\":{\"@type\":\"EntryPoint\",\"urlTemplate\":\"https:\\\/\\\/canal7slp.tv\\\/2022\\\/?s={search_term_string}\"},\"query-input\":{\"@type\":\"PropertyValueSpecification\",\"valueRequired\":true,\"valueName\":\"search_term_string\"}}],\"inLanguage\":\"es\"},{\"@type\":\"Organization\",\"@id\":\"https:\\\/\\\/canal7slp.tv\\\/2022\\\/#organization\",\"name\":\"Noticieros Canal 7\",\"url\":\"https:\\\/\\\/canal7slp.tv\\\/2022\\\/\",\"logo\":{\"@type\":\"ImageObject\",\"inLanguage\":\"es\",\"@id\":\"https:\\\/\\\/canal7slp.tv\\\/2022\\\/#\\\/schema\\\/logo\\\/image\\\/\",\"url\":\"https:\\\/\\\/canal7slp.tv\\\/2022\\\/wp-content\\\/uploads\\\/2021\\\/01\\\/logo-noticieros@2x.png\",\"contentUrl\":\"https:\\\/\\\/canal7slp.tv\\\/2022\\\/wp-content\\\/uploads\\\/2021\\\/01\\\/logo-noticieros@2x.png\",\"width\":1017,\"height\":268,\"caption\":\"Noticieros Canal 7\"},\"image\":{\"@id\":\"https:\\\/\\\/canal7slp.tv\\\/2022\\\/#\\\/schema\\\/logo\\\/image\\\/\"},\"sameAs\":[\"https:\\\/\\\/www.facebook.com\\\/noticieroscanalsiete\",\"https:\\\/\\\/x.com\\\/NOTICIEROS7\",\"https:\\\/\\\/www.instagram.com\\\/canal7_slp\",\"https:\\\/\\\/www.youtube.com\\\/channel\\\/UCliiYs-gP3JfJeqdPrNdd5A\"]},{\"@type\":\"Person\",\"@id\":\"https:\\\/\\\/canal7slp.tv\\\/2022\\\/#\\\/schema\\\/person\\\/429704152a21f5f856ce29aa69a238da\",\"name\":\"Edici\u00f3n Web\",\"image\":{\"@type\":\"ImageObject\",\"inLanguage\":\"es\",\"@id\":\"https:\\\/\\\/secure.gravatar.com\\\/avatar\\\/eee448fc3f7164808013b816ba91ac7e43bbe82a70bebac296f8bc6f0addaa1a?s=96&d=mm&r=g\",\"url\":\"https:\\\/\\\/secure.gravatar.com\\\/avatar\\\/eee448fc3f7164808013b816ba91ac7e43bbe82a70bebac296f8bc6f0addaa1a?s=96&d=mm&r=g\",\"contentUrl\":\"https:\\\/\\\/secure.gravatar.com\\\/avatar\\\/eee448fc3f7164808013b816ba91ac7e43bbe82a70bebac296f8bc6f0addaa1a?s=96&d=mm&r=g\",\"caption\":\"Edici\u00f3n Web\"},\"url\":\"https:\\\/\\\/canal7slp.tv\\\/2022\\\/author\\\/edicionweb\\\/\"}]}<\/script>\n<!-- \/ Yoast SEO plugin. -->","yoast_head_json":{"title":"Rechaza PAN, ruptura definitiva de la coalici\u00f3n \"Va por M\u00e9xico\". - Canal 7 SLP - 2022","robots":{"index":"index","follow":"follow","max-snippet":"max-snippet:-1","max-image-preview":"max-image-preview:large","max-video-preview":"max-video-preview:-1"},"canonical":"https:\/\/canal7slp.tv\/2022\/rechaza-pan-ruptura-definitiva-de-la-coalicion-va-por-mexico\/","og_locale":"es_ES","og_type":"article","og_title":"Rechaza PAN, ruptura definitiva de la coalici\u00f3n \"Va por M\u00e9xico\". - Canal 7 SLP - 2022","og_description":"L\u00edder estatal del albiazul descarta declaraciones del dirigente nacional morenista. SLP.- En relaci\u00f3n a las declaraciones del dirigente nacional de MORENA Mario Delgado Carrillo en el sentido de que la ruptura de la coalici\u00f3n \u201cVa Por M\u00e9xico\u201d integrada por el PRI-PAN-PRD es inminente, la dirigente estatal del blanquiazul Ver\u00f3nica Rodr\u00edguez Hern\u00e1ndez, rechaz\u00f3 tajante estas declaraciones . Afirm\u00f3 que solo unida la oposici\u00f3n puede \u201cacabar\u201d al partido en el poder como lo es el Movimiento de Regeneraci\u00f3n Nacional al tiempo de asegurar que Acci\u00f3n Nacional, mantiene buena comunicaci\u00f3n con los partidos coaligados en esta alianza. Incluso, la presidenta estatal del PAN [&hellip;]","og_url":"https:\/\/canal7slp.tv\/2022\/rechaza-pan-ruptura-definitiva-de-la-coalicion-va-por-mexico\/","og_site_name":"Canal 7 SLP - 2022","article_publisher":"https:\/\/www.facebook.com\/noticieroscanalsiete","article_published_time":"2022-10-10T22:36:53+00:00","og_image":[{"width":888,"height":500,"url":"https:\/\/canal7slp.tv\/2022\/wp-content\/uploads\/2022\/10\/Claudio01Oposicion.jpg","type":"image\/jpeg"}],"author":"Edici\u00f3n Web","twitter_card":"summary_large_image","twitter_creator":"@NOTICIEROS7","twitter_site":"@NOTICIEROS7","twitter_misc":{"Escrito por":"Edici\u00f3n Web","Tiempo de lectura":"1 minuto"},"schema":{"@context":"https:\/\/schema.org","@graph":[{"@type":"Article","@id":"https:\/\/canal7slp.tv\/2022\/rechaza-pan-ruptura-definitiva-de-la-coalicion-va-por-mexico\/#article","isPartOf":{"@id":"https:\/\/canal7slp.tv\/2022\/rechaza-pan-ruptura-definitiva-de-la-coalicion-va-por-mexico\/"},"author":{"name":"Edici\u00f3n Web","@id":"https:\/\/canal7slp.tv\/2022\/#\/schema\/person\/429704152a21f5f856ce29aa69a238da"},"headline":"Rechaza PAN, ruptura definitiva de la coalici\u00f3n \u00abVa por M\u00e9xico\u00bb.","datePublished":"2022-10-10T22:36:53+00:00","mainEntityOfPage":{"@id":"https:\/\/canal7slp.tv\/2022\/rechaza-pan-ruptura-definitiva-de-la-coalicion-va-por-mexico\/"},"wordCount":198,"publisher":{"@id":"https:\/\/canal7slp.tv\/2022\/#organization"},"image":{"@id":"https:\/\/canal7slp.tv\/2022\/rechaza-pan-ruptura-definitiva-de-la-coalicion-va-por-mexico\/#primaryimage"},"thumbnailUrl":"https:\/\/canal7slp.tv\/2022\/wp-content\/uploads\/2022\/10\/Claudio01Oposicion.jpg","articleSection":["DESTACADAS","LOCALES Y REGIONALES"],"inLanguage":"es"},{"@type":"WebPage","@id":"https:\/\/canal7slp.tv\/2022\/rechaza-pan-ruptura-definitiva-de-la-coalicion-va-por-mexico\/","url":"https:\/\/canal7slp.tv\/2022\/rechaza-pan-ruptura-definitiva-de-la-coalicion-va-por-mexico\/","name":"Rechaza PAN, ruptura definitiva de la coalici\u00f3n \"Va por M\u00e9xico\". - Canal 7 SLP - 2022","isPartOf":{"@id":"https:\/\/canal7slp.tv\/2022\/#website"},"primaryImageOfPage":{"@id":"https:\/\/canal7slp.tv\/2022\/rechaza-pan-ruptura-definitiva-de-la-coalicion-va-por-mexico\/#primaryimage"},"image":{"@id":"https:\/\/canal7slp.tv\/2022\/rechaza-pan-ruptura-definitiva-de-la-coalicion-va-por-mexico\/#primaryimage"},"thumbnailUrl":"https:\/\/canal7slp.tv\/2022\/wp-content\/uploads\/2022\/10\/Claudio01Oposicion.jpg","datePublished":"2022-10-10T22:36:53+00:00","breadcrumb":{"@id":"https:\/\/canal7slp.tv\/2022\/rechaza-pan-ruptura-definitiva-de-la-coalicion-va-por-mexico\/#breadcrumb"},"inLanguage":"es","potentialAction":[{"@type":"ReadAction","target":["https:\/\/canal7slp.tv\/2022\/rechaza-pan-ruptura-definitiva-de-la-coalicion-va-por-mexico\/"]}]},{"@type":"ImageObject","inLanguage":"es","@id":"https:\/\/canal7slp.tv\/2022\/rechaza-pan-ruptura-definitiva-de-la-coalicion-va-por-mexico\/#primaryimage","url":"https:\/\/canal7slp.tv\/2022\/wp-content\/uploads\/2022\/10\/Claudio01Oposicion.jpg","contentUrl":"https:\/\/canal7slp.tv\/2022\/wp-content\/uploads\/2022\/10\/Claudio01Oposicion.jpg","width":888,"height":500},{"@type":"BreadcrumbList","@id":"https:\/\/canal7slp.tv\/2022\/rechaza-pan-ruptura-definitiva-de-la-coalicion-va-por-mexico\/#breadcrumb","itemListElement":[{"@type":"ListItem","position":1,"name":"Portada","item":"https:\/\/canal7slp.tv\/2022\/"},{"@type":"ListItem","position":2,"name":"Rechaza PAN, ruptura definitiva de la coalici\u00f3n &#8220;Va por M\u00e9xico&#8221;."}]},{"@type":"WebSite","@id":"https:\/\/canal7slp.tv\/2022\/#website","url":"https:\/\/canal7slp.tv\/2022\/","name":"N7 - Noticieros Canal 7","description":"Somos Televisi\u00f3n","publisher":{"@id":"https:\/\/canal7slp.tv\/2022\/#organization"},"potentialAction":[{"@type":"SearchAction","target":{"@type":"EntryPoint","urlTemplate":"https:\/\/canal7slp.tv\/2022\/?s={search_term_string}"},"query-input":{"@type":"PropertyValueSpecification","valueRequired":true,"valueName":"search_term_string"}}],"inLanguage":"es"},{"@type":"Organization","@id":"https:\/\/canal7slp.tv\/2022\/#organization","name":"Noticieros Canal 7","url":"https:\/\/canal7slp.tv\/2022\/","logo":{"@type":"ImageObject","inLanguage":"es","@id":"https:\/\/canal7slp.tv\/2022\/#\/schema\/logo\/image\/","url":"https:\/\/canal7slp.tv\/2022\/wp-content\/uploads\/2021\/01\/logo-noticieros@2x.png","contentUrl":"https:\/\/canal7slp.tv\/2022\/wp-content\/uploads\/2021\/01\/logo-noticieros@2x.png","width":1017,"height":268,"caption":"Noticieros Canal 7"},"image":{"@id":"https:\/\/canal7slp.tv\/2022\/#\/schema\/logo\/image\/"},"sameAs":["https:\/\/www.facebook.com\/noticieroscanalsiete","https:\/\/x.com\/NOTICIEROS7","https:\/\/www.instagram.com\/canal7_slp","https:\/\/www.youtube.com\/channel\/UCliiYs-gP3JfJeqdPrNdd5A"]},{"@type":"Person","@id":"https:\/\/canal7slp.tv\/2022\/#\/schema\/person\/429704152a21f5f856ce29aa69a238da","name":"Edici\u00f3n Web","image":{"@type":"ImageObject","inLanguage":"es","@id":"https:\/\/secure.gravatar.com\/avatar\/eee448fc3f7164808013b816ba91ac7e43bbe82a70bebac296f8bc6f0addaa1a?s=96&d=mm&r=g","url":"https:\/\/secure.gravatar.com\/avatar\/eee448fc3f7164808013b816ba91ac7e43bbe82a70bebac296f8bc6f0addaa1a?s=96&d=mm&r=g","contentUrl":"https:\/\/secure.gravatar.com\/avatar\/eee448fc3f7164808013b816ba91ac7e43bbe82a70bebac296f8bc6f0addaa1a?s=96&d=mm&r=g","caption":"Edici\u00f3n Web"},"url":"https:\/\/canal7slp.tv\/2022\/author\/edicionweb\/"}]}},"amp_enabled":true,"_links":{"self":[{"href":"https:\/\/canal7slp.tv\/2022\/wp-json\/wp\/v2\/posts\/75245","targetHints":{"allow":["GET"]}}],"collection":[{"href":"https:\/\/canal7slp.tv\/2022\/wp-json\/wp\/v2\/posts"}],"about":[{"href":"https:\/\/canal7slp.tv\/2022\/wp-json\/wp\/v2\/types\/post"}],"author":[{"embeddable":true,"href":"https:\/\/canal7slp.tv\/2022\/wp-json\/wp\/v2\/users\/2"}],"replies":[{"embeddable":true,"href":"https:\/\/canal7slp.tv\/2022\/wp-json\/wp\/v2\/comments?post=75245"}],"version-history":[{"count":2,"href":"https:\/\/canal7slp.tv\/2022\/wp-json\/wp\/v2\/posts\/75245\/revisions"}],"predecessor-version":[{"id":75257,"href":"https:\/\/canal7slp.tv\/2022\/wp-json\/wp\/v2\/posts\/75245\/revisions\/75257"}],"wp:featuredmedia":[{"embeddable":true,"href":"https:\/\/canal7slp.tv\/2022\/wp-json\/wp\/v2\/media\/75256"}],"wp:attachment":[{"href":"https:\/\/canal7slp.tv\/2022\/wp-json\/wp\/v2\/media?parent=75245"}],"wp:term":[{"taxonomy":"category","embeddable":true,"href":"https:\/\/canal7slp.tv\/2022\/wp-json\/wp\/v2\/categories?post=75245"},{"taxonomy":"post_tag","embeddable":true,"href":"https:\/\/canal7slp.tv\/2022\/wp-json\/wp\/v2\/tags?post=75245"}],"curies":[{"name":"wp","href":"https:\/\/api.w.org\/{rel}","templated":true}]}}