{"id":75235,"date":"2022-10-10T18:04:45","date_gmt":"2022-10-11T00:04:45","guid":{"rendered":"https:\/\/canal7slp.tv\/2022\/?p=75235"},"modified":"2022-10-10T18:04:45","modified_gmt":"2022-10-11T00:04:45","slug":"inicia-gobierno-del-estado-reconstruccion-de-avenida-industrias","status":"publish","type":"post","link":"https:\/\/canal7slp.tv\/2022\/inicia-gobierno-del-estado-reconstruccion-de-avenida-industrias\/","title":{"rendered":"Inicia Gobierno del Estado reconstrucci\u00f3n de avenida Industrias."},"content":{"rendered":"<ul>\n<li>Con la obra, SEDECO reporta impacto favorable en 617 empresas manufactureras que generan m\u00e1s de 117 mil empleos.<\/li>\n<\/ul>\n<p style=\"text-align: justify;\">SLP.- El Gobierno del Estado de San Luis Potos\u00ed a trav\u00e9s de la Secretar\u00eda de Desarrollo Urbano, Vivienda y Obras P\u00fablicas (Seduvop), inici\u00f3 la reconstrucci\u00f3n de la Avenida Industrias en la Zona Industrial con una inversi\u00f3n superior a los 100 millones de pesos.<\/p>\n<p style=\"text-align: justify;\">As\u00ed lo detall\u00f3 la titular de la dependencia, Leticia Vargas Tinajero, quien mencion\u00f3 que con dicha rehabilitaci\u00f3n se garantizar\u00e1 el impulso que requiere el estado en materia econ\u00f3mica.<\/p>\n<p style=\"text-align: justify;\">\u00abEn este punto de desarrollo econ\u00f3mico, miles de potosinos se desenvuelven laboralmente siendo urgente su atenci\u00f3n y rescate para garantizar la movilidad y mejores condiciones que le cambian el rostro a la Zona Industrial de San Luis Potos\u00ed\u00bb, justific\u00f3.<\/p>\n<p style=\"text-align: justify;\">Ser\u00e1n m\u00e1s de 4.5 km los intervenidos en dos carriles en donde se reconstruir\u00e1n terracer\u00edas, pavimentos, se\u00f1alamientos y semaforizaci\u00f3n; tambi\u00e9n se entregar\u00e1 una obra segura, incluyente y funcional; adem\u00e1s se renovar\u00e1n y demoler\u00e1n pavimentos y guarniciones.<\/p>\n<p style=\"text-align: justify;\">\u00abSabemos de las afectaciones que a diario padecen, por eso se va a entregar una v\u00eda construida con una estructura que soporte el paso de los camiones pesados que por aqu\u00ed transitan, vamos a devolver la movilidad a esta ciudad\u00bb, agreg\u00f3.<\/p>\n<p style=\"text-align: justify;\">Por otra parte, el secretario de desarrollo econ\u00f3mico, Juan Carlos Valladares, habl\u00f3 sobre la importancia y la necesidad de invertir en las v\u00edas de la Zona Industrial de San Luis Potos\u00ed.<\/p>\n<p style=\"text-align: justify;\">\u00abEsta obra no solamente es estrat\u00e9gica para esta zona sino para todo el complejo industrial que hemos desarrollado, tambi\u00e9n significar\u00e1 un beneficio para los dem\u00e1s sectores productivos y con ello para nuestra \u00e1rea metropolitana de San Luis Potos\u00ed, esta obra tiene un impacto favorable para 617 empresas manufactureras que dan de empleo a m\u00e1s de 117 mil 000 personas\u00bb, se\u00f1al\u00f3.<\/p>\n<p>Por: Jos\u00e9 Luis V\u00e1zquez<\/p>\n","protected":false},"excerpt":{"rendered":"<p>Con la obra, SEDECO reporta impacto favorable en 617 empresas manufactureras que generan m\u00e1s de 117 mil empleos. SLP.- El Gobierno del Estado de San Luis Potos\u00ed a trav\u00e9s de la Secretar\u00eda de Desarrollo Urbano, Vivienda y Obras P\u00fablicas (Seduvop), inici\u00f3 la reconstrucci\u00f3n de la Avenida Industrias en la Zona Industrial con una inversi\u00f3n superior a los 100 millones de pesos. As\u00ed lo detall\u00f3 la titular de la dependencia, Leticia Vargas Tinajero, quien mencion\u00f3 que con dicha rehabilitaci\u00f3n se garantizar\u00e1 el impulso que requiere el estado en materia econ\u00f3mica. \u00abEn este punto de desarrollo econ\u00f3mico, miles de potosinos se desenvuelven [&hellip;]<\/p>\n","protected":false},"author":2,"featured_media":75266,"comment_status":"closed","ping_status":"closed","sticky":false,"template":"","format":"video","meta":{"footnotes":""},"categories":[5,45],"tags":[],"class_list":["post-75235","post","type-post","status-publish","format-video","has-post-thumbnail","hentry","category-destacadas","category-localesyregionales","post_format-post-format-video","post--single"],"yoast_head":"<!-- This site is optimized with the Yoast SEO plugin v27.4 - https:\/\/yoast.com\/product\/yoast-seo-wordpress\/ -->\n<title>Inicia Gobierno del Estado reconstrucci\u00f3n de avenida Industrias. - Canal 7 SLP - 2022<\/title>\n<meta name=\"robots\" content=\"index, follow, max-snippet:-1, max-image-preview:large, max-video-preview:-1\" \/>\n<link rel=\"canonical\" href=\"https:\/\/canal7slp.tv\/2022\/inicia-gobierno-del-estado-reconstruccion-de-avenida-industrias\/\" \/>\n<meta property=\"og:locale\" content=\"es_ES\" \/>\n<meta property=\"og:type\" content=\"article\" \/>\n<meta property=\"og:title\" content=\"Inicia Gobierno del Estado reconstrucci\u00f3n de avenida Industrias. - Canal 7 SLP - 2022\" \/>\n<meta property=\"og:description\" content=\"Con la obra, SEDECO reporta impacto favorable en 617 empresas manufactureras que generan m\u00e1s de 117 mil empleos. SLP.- El Gobierno del Estado de San Luis Potos\u00ed a trav\u00e9s de la Secretar\u00eda de Desarrollo Urbano, Vivienda y Obras P\u00fablicas (Seduvop), inici\u00f3 la reconstrucci\u00f3n de la Avenida Industrias en la Zona Industrial con una inversi\u00f3n superior a los 100 millones de pesos. As\u00ed lo detall\u00f3 la titular de la dependencia, Leticia Vargas Tinajero, quien mencion\u00f3 que con dicha rehabilitaci\u00f3n se garantizar\u00e1 el impulso que requiere el estado en materia econ\u00f3mica. \u00abEn este punto de desarrollo econ\u00f3mico, miles de potosinos se desenvuelven [&hellip;]\" \/>\n<meta property=\"og:url\" content=\"https:\/\/canal7slp.tv\/2022\/inicia-gobierno-del-estado-reconstruccion-de-avenida-industrias\/\" \/>\n<meta property=\"og:site_name\" content=\"Canal 7 SLP - 2022\" \/>\n<meta property=\"article:publisher\" content=\"https:\/\/www.facebook.com\/noticieroscanalsiete\" \/>\n<meta property=\"article:published_time\" content=\"2022-10-11T00:04:45+00:00\" \/>\n<meta property=\"og:image\" content=\"https:\/\/canal7slp.tv\/2022\/wp-content\/uploads\/2022\/10\/Vazquez03Industrias.jpg\" \/>\n\t<meta property=\"og:image:width\" content=\"888\" \/>\n\t<meta property=\"og:image:height\" content=\"500\" \/>\n\t<meta property=\"og:image:type\" content=\"image\/jpeg\" \/>\n<meta name=\"author\" content=\"Edici\u00f3n Web\" \/>\n<meta name=\"twitter:card\" content=\"summary_large_image\" \/>\n<meta name=\"twitter:creator\" content=\"@NOTICIEROS7\" \/>\n<meta name=\"twitter:site\" content=\"@NOTICIEROS7\" \/>\n<meta name=\"twitter:label1\" content=\"Escrito por\" \/>\n\t<meta name=\"twitter:data1\" content=\"Edici\u00f3n Web\" \/>\n\t<meta name=\"twitter:label2\" content=\"Tiempo de lectura\" \/>\n\t<meta name=\"twitter:data2\" content=\"2 minutos\" \/>\n<script type=\"application\/ld+json\" class=\"yoast-schema-graph\">{\"@context\":\"https:\\\/\\\/schema.org\",\"@graph\":[{\"@type\":\"Article\",\"@id\":\"https:\\\/\\\/canal7slp.tv\\\/2022\\\/inicia-gobierno-del-estado-reconstruccion-de-avenida-industrias\\\/#article\",\"isPartOf\":{\"@id\":\"https:\\\/\\\/canal7slp.tv\\\/2022\\\/inicia-gobierno-del-estado-reconstruccion-de-avenida-industrias\\\/\"},\"author\":{\"name\":\"Edici\u00f3n Web\",\"@id\":\"https:\\\/\\\/canal7slp.tv\\\/2022\\\/#\\\/schema\\\/person\\\/429704152a21f5f856ce29aa69a238da\"},\"headline\":\"Inicia Gobierno del Estado reconstrucci\u00f3n de avenida Industrias.\",\"datePublished\":\"2022-10-11T00:04:45+00:00\",\"mainEntityOfPage\":{\"@id\":\"https:\\\/\\\/canal7slp.tv\\\/2022\\\/inicia-gobierno-del-estado-reconstruccion-de-avenida-industrias\\\/\"},\"wordCount\":332,\"publisher\":{\"@id\":\"https:\\\/\\\/canal7slp.tv\\\/2022\\\/#organization\"},\"image\":{\"@id\":\"https:\\\/\\\/canal7slp.tv\\\/2022\\\/inicia-gobierno-del-estado-reconstruccion-de-avenida-industrias\\\/#primaryimage\"},\"thumbnailUrl\":\"https:\\\/\\\/canal7slp.tv\\\/2022\\\/wp-content\\\/uploads\\\/2022\\\/10\\\/Vazquez03Industrias.jpg\",\"articleSection\":[\"DESTACADAS\",\"LOCALES Y REGIONALES\"],\"inLanguage\":\"es\"},{\"@type\":\"WebPage\",\"@id\":\"https:\\\/\\\/canal7slp.tv\\\/2022\\\/inicia-gobierno-del-estado-reconstruccion-de-avenida-industrias\\\/\",\"url\":\"https:\\\/\\\/canal7slp.tv\\\/2022\\\/inicia-gobierno-del-estado-reconstruccion-de-avenida-industrias\\\/\",\"name\":\"Inicia Gobierno del Estado reconstrucci\u00f3n de avenida Industrias. - Canal 7 SLP - 2022\",\"isPartOf\":{\"@id\":\"https:\\\/\\\/canal7slp.tv\\\/2022\\\/#website\"},\"primaryImageOfPage\":{\"@id\":\"https:\\\/\\\/canal7slp.tv\\\/2022\\\/inicia-gobierno-del-estado-reconstruccion-de-avenida-industrias\\\/#primaryimage\"},\"image\":{\"@id\":\"https:\\\/\\\/canal7slp.tv\\\/2022\\\/inicia-gobierno-del-estado-reconstruccion-de-avenida-industrias\\\/#primaryimage\"},\"thumbnailUrl\":\"https:\\\/\\\/canal7slp.tv\\\/2022\\\/wp-content\\\/uploads\\\/2022\\\/10\\\/Vazquez03Industrias.jpg\",\"datePublished\":\"2022-10-11T00:04:45+00:00\",\"breadcrumb\":{\"@id\":\"https:\\\/\\\/canal7slp.tv\\\/2022\\\/inicia-gobierno-del-estado-reconstruccion-de-avenida-industrias\\\/#breadcrumb\"},\"inLanguage\":\"es\",\"potentialAction\":[{\"@type\":\"ReadAction\",\"target\":[\"https:\\\/\\\/canal7slp.tv\\\/2022\\\/inicia-gobierno-del-estado-reconstruccion-de-avenida-industrias\\\/\"]}]},{\"@type\":\"ImageObject\",\"inLanguage\":\"es\",\"@id\":\"https:\\\/\\\/canal7slp.tv\\\/2022\\\/inicia-gobierno-del-estado-reconstruccion-de-avenida-industrias\\\/#primaryimage\",\"url\":\"https:\\\/\\\/canal7slp.tv\\\/2022\\\/wp-content\\\/uploads\\\/2022\\\/10\\\/Vazquez03Industrias.jpg\",\"contentUrl\":\"https:\\\/\\\/canal7slp.tv\\\/2022\\\/wp-content\\\/uploads\\\/2022\\\/10\\\/Vazquez03Industrias.jpg\",\"width\":888,\"height\":500},{\"@type\":\"BreadcrumbList\",\"@id\":\"https:\\\/\\\/canal7slp.tv\\\/2022\\\/inicia-gobierno-del-estado-reconstruccion-de-avenida-industrias\\\/#breadcrumb\",\"itemListElement\":[{\"@type\":\"ListItem\",\"position\":1,\"name\":\"Portada\",\"item\":\"https:\\\/\\\/canal7slp.tv\\\/2022\\\/\"},{\"@type\":\"ListItem\",\"position\":2,\"name\":\"Inicia Gobierno del Estado reconstrucci\u00f3n de avenida Industrias.\"}]},{\"@type\":\"WebSite\",\"@id\":\"https:\\\/\\\/canal7slp.tv\\\/2022\\\/#website\",\"url\":\"https:\\\/\\\/canal7slp.tv\\\/2022\\\/\",\"name\":\"N7 - Noticieros Canal 7\",\"description\":\"Somos Televisi\u00f3n\",\"publisher\":{\"@id\":\"https:\\\/\\\/canal7slp.tv\\\/2022\\\/#organization\"},\"potentialAction\":[{\"@type\":\"SearchAction\",\"target\":{\"@type\":\"EntryPoint\",\"urlTemplate\":\"https:\\\/\\\/canal7slp.tv\\\/2022\\\/?s={search_term_string}\"},\"query-input\":{\"@type\":\"PropertyValueSpecification\",\"valueRequired\":true,\"valueName\":\"search_term_string\"}}],\"inLanguage\":\"es\"},{\"@type\":\"Organization\",\"@id\":\"https:\\\/\\\/canal7slp.tv\\\/2022\\\/#organization\",\"name\":\"Noticieros Canal 7\",\"url\":\"https:\\\/\\\/canal7slp.tv\\\/2022\\\/\",\"logo\":{\"@type\":\"ImageObject\",\"inLanguage\":\"es\",\"@id\":\"https:\\\/\\\/canal7slp.tv\\\/2022\\\/#\\\/schema\\\/logo\\\/image\\\/\",\"url\":\"https:\\\/\\\/canal7slp.tv\\\/2022\\\/wp-content\\\/uploads\\\/2021\\\/01\\\/logo-noticieros@2x.png\",\"contentUrl\":\"https:\\\/\\\/canal7slp.tv\\\/2022\\\/wp-content\\\/uploads\\\/2021\\\/01\\\/logo-noticieros@2x.png\",\"width\":1017,\"height\":268,\"caption\":\"Noticieros Canal 7\"},\"image\":{\"@id\":\"https:\\\/\\\/canal7slp.tv\\\/2022\\\/#\\\/schema\\\/logo\\\/image\\\/\"},\"sameAs\":[\"https:\\\/\\\/www.facebook.com\\\/noticieroscanalsiete\",\"https:\\\/\\\/x.com\\\/NOTICIEROS7\",\"https:\\\/\\\/www.instagram.com\\\/canal7_slp\",\"https:\\\/\\\/www.youtube.com\\\/channel\\\/UCliiYs-gP3JfJeqdPrNdd5A\"]},{\"@type\":\"Person\",\"@id\":\"https:\\\/\\\/canal7slp.tv\\\/2022\\\/#\\\/schema\\\/person\\\/429704152a21f5f856ce29aa69a238da\",\"name\":\"Edici\u00f3n Web\",\"image\":{\"@type\":\"ImageObject\",\"inLanguage\":\"es\",\"@id\":\"https:\\\/\\\/secure.gravatar.com\\\/avatar\\\/eee448fc3f7164808013b816ba91ac7e43bbe82a70bebac296f8bc6f0addaa1a?s=96&d=mm&r=g\",\"url\":\"https:\\\/\\\/secure.gravatar.com\\\/avatar\\\/eee448fc3f7164808013b816ba91ac7e43bbe82a70bebac296f8bc6f0addaa1a?s=96&d=mm&r=g\",\"contentUrl\":\"https:\\\/\\\/secure.gravatar.com\\\/avatar\\\/eee448fc3f7164808013b816ba91ac7e43bbe82a70bebac296f8bc6f0addaa1a?s=96&d=mm&r=g\",\"caption\":\"Edici\u00f3n Web\"},\"url\":\"https:\\\/\\\/canal7slp.tv\\\/2022\\\/author\\\/edicionweb\\\/\"}]}<\/script>\n<!-- \/ Yoast SEO plugin. -->","yoast_head_json":{"title":"Inicia Gobierno del Estado reconstrucci\u00f3n de avenida Industrias. - Canal 7 SLP - 2022","robots":{"index":"index","follow":"follow","max-snippet":"max-snippet:-1","max-image-preview":"max-image-preview:large","max-video-preview":"max-video-preview:-1"},"canonical":"https:\/\/canal7slp.tv\/2022\/inicia-gobierno-del-estado-reconstruccion-de-avenida-industrias\/","og_locale":"es_ES","og_type":"article","og_title":"Inicia Gobierno del Estado reconstrucci\u00f3n de avenida Industrias. - Canal 7 SLP - 2022","og_description":"Con la obra, SEDECO reporta impacto favorable en 617 empresas manufactureras que generan m\u00e1s de 117 mil empleos. SLP.- El Gobierno del Estado de San Luis Potos\u00ed a trav\u00e9s de la Secretar\u00eda de Desarrollo Urbano, Vivienda y Obras P\u00fablicas (Seduvop), inici\u00f3 la reconstrucci\u00f3n de la Avenida Industrias en la Zona Industrial con una inversi\u00f3n superior a los 100 millones de pesos. As\u00ed lo detall\u00f3 la titular de la dependencia, Leticia Vargas Tinajero, quien mencion\u00f3 que con dicha rehabilitaci\u00f3n se garantizar\u00e1 el impulso que requiere el estado en materia econ\u00f3mica. \u00abEn este punto de desarrollo econ\u00f3mico, miles de potosinos se desenvuelven [&hellip;]","og_url":"https:\/\/canal7slp.tv\/2022\/inicia-gobierno-del-estado-reconstruccion-de-avenida-industrias\/","og_site_name":"Canal 7 SLP - 2022","article_publisher":"https:\/\/www.facebook.com\/noticieroscanalsiete","article_published_time":"2022-10-11T00:04:45+00:00","og_image":[{"width":888,"height":500,"url":"https:\/\/canal7slp.tv\/2022\/wp-content\/uploads\/2022\/10\/Vazquez03Industrias.jpg","type":"image\/jpeg"}],"author":"Edici\u00f3n Web","twitter_card":"summary_large_image","twitter_creator":"@NOTICIEROS7","twitter_site":"@NOTICIEROS7","twitter_misc":{"Escrito por":"Edici\u00f3n Web","Tiempo de lectura":"2 minutos"},"schema":{"@context":"https:\/\/schema.org","@graph":[{"@type":"Article","@id":"https:\/\/canal7slp.tv\/2022\/inicia-gobierno-del-estado-reconstruccion-de-avenida-industrias\/#article","isPartOf":{"@id":"https:\/\/canal7slp.tv\/2022\/inicia-gobierno-del-estado-reconstruccion-de-avenida-industrias\/"},"author":{"name":"Edici\u00f3n Web","@id":"https:\/\/canal7slp.tv\/2022\/#\/schema\/person\/429704152a21f5f856ce29aa69a238da"},"headline":"Inicia Gobierno del Estado reconstrucci\u00f3n de avenida Industrias.","datePublished":"2022-10-11T00:04:45+00:00","mainEntityOfPage":{"@id":"https:\/\/canal7slp.tv\/2022\/inicia-gobierno-del-estado-reconstruccion-de-avenida-industrias\/"},"wordCount":332,"publisher":{"@id":"https:\/\/canal7slp.tv\/2022\/#organization"},"image":{"@id":"https:\/\/canal7slp.tv\/2022\/inicia-gobierno-del-estado-reconstruccion-de-avenida-industrias\/#primaryimage"},"thumbnailUrl":"https:\/\/canal7slp.tv\/2022\/wp-content\/uploads\/2022\/10\/Vazquez03Industrias.jpg","articleSection":["DESTACADAS","LOCALES Y REGIONALES"],"inLanguage":"es"},{"@type":"WebPage","@id":"https:\/\/canal7slp.tv\/2022\/inicia-gobierno-del-estado-reconstruccion-de-avenida-industrias\/","url":"https:\/\/canal7slp.tv\/2022\/inicia-gobierno-del-estado-reconstruccion-de-avenida-industrias\/","name":"Inicia Gobierno del Estado reconstrucci\u00f3n de avenida Industrias. - Canal 7 SLP - 2022","isPartOf":{"@id":"https:\/\/canal7slp.tv\/2022\/#website"},"primaryImageOfPage":{"@id":"https:\/\/canal7slp.tv\/2022\/inicia-gobierno-del-estado-reconstruccion-de-avenida-industrias\/#primaryimage"},"image":{"@id":"https:\/\/canal7slp.tv\/2022\/inicia-gobierno-del-estado-reconstruccion-de-avenida-industrias\/#primaryimage"},"thumbnailUrl":"https:\/\/canal7slp.tv\/2022\/wp-content\/uploads\/2022\/10\/Vazquez03Industrias.jpg","datePublished":"2022-10-11T00:04:45+00:00","breadcrumb":{"@id":"https:\/\/canal7slp.tv\/2022\/inicia-gobierno-del-estado-reconstruccion-de-avenida-industrias\/#breadcrumb"},"inLanguage":"es","potentialAction":[{"@type":"ReadAction","target":["https:\/\/canal7slp.tv\/2022\/inicia-gobierno-del-estado-reconstruccion-de-avenida-industrias\/"]}]},{"@type":"ImageObject","inLanguage":"es","@id":"https:\/\/canal7slp.tv\/2022\/inicia-gobierno-del-estado-reconstruccion-de-avenida-industrias\/#primaryimage","url":"https:\/\/canal7slp.tv\/2022\/wp-content\/uploads\/2022\/10\/Vazquez03Industrias.jpg","contentUrl":"https:\/\/canal7slp.tv\/2022\/wp-content\/uploads\/2022\/10\/Vazquez03Industrias.jpg","width":888,"height":500},{"@type":"BreadcrumbList","@id":"https:\/\/canal7slp.tv\/2022\/inicia-gobierno-del-estado-reconstruccion-de-avenida-industrias\/#breadcrumb","itemListElement":[{"@type":"ListItem","position":1,"name":"Portada","item":"https:\/\/canal7slp.tv\/2022\/"},{"@type":"ListItem","position":2,"name":"Inicia Gobierno del Estado reconstrucci\u00f3n de avenida Industrias."}]},{"@type":"WebSite","@id":"https:\/\/canal7slp.tv\/2022\/#website","url":"https:\/\/canal7slp.tv\/2022\/","name":"N7 - Noticieros Canal 7","description":"Somos Televisi\u00f3n","publisher":{"@id":"https:\/\/canal7slp.tv\/2022\/#organization"},"potentialAction":[{"@type":"SearchAction","target":{"@type":"EntryPoint","urlTemplate":"https:\/\/canal7slp.tv\/2022\/?s={search_term_string}"},"query-input":{"@type":"PropertyValueSpecification","valueRequired":true,"valueName":"search_term_string"}}],"inLanguage":"es"},{"@type":"Organization","@id":"https:\/\/canal7slp.tv\/2022\/#organization","name":"Noticieros Canal 7","url":"https:\/\/canal7slp.tv\/2022\/","logo":{"@type":"ImageObject","inLanguage":"es","@id":"https:\/\/canal7slp.tv\/2022\/#\/schema\/logo\/image\/","url":"https:\/\/canal7slp.tv\/2022\/wp-content\/uploads\/2021\/01\/logo-noticieros@2x.png","contentUrl":"https:\/\/canal7slp.tv\/2022\/wp-content\/uploads\/2021\/01\/logo-noticieros@2x.png","width":1017,"height":268,"caption":"Noticieros Canal 7"},"image":{"@id":"https:\/\/canal7slp.tv\/2022\/#\/schema\/logo\/image\/"},"sameAs":["https:\/\/www.facebook.com\/noticieroscanalsiete","https:\/\/x.com\/NOTICIEROS7","https:\/\/www.instagram.com\/canal7_slp","https:\/\/www.youtube.com\/channel\/UCliiYs-gP3JfJeqdPrNdd5A"]},{"@type":"Person","@id":"https:\/\/canal7slp.tv\/2022\/#\/schema\/person\/429704152a21f5f856ce29aa69a238da","name":"Edici\u00f3n Web","image":{"@type":"ImageObject","inLanguage":"es","@id":"https:\/\/secure.gravatar.com\/avatar\/eee448fc3f7164808013b816ba91ac7e43bbe82a70bebac296f8bc6f0addaa1a?s=96&d=mm&r=g","url":"https:\/\/secure.gravatar.com\/avatar\/eee448fc3f7164808013b816ba91ac7e43bbe82a70bebac296f8bc6f0addaa1a?s=96&d=mm&r=g","contentUrl":"https:\/\/secure.gravatar.com\/avatar\/eee448fc3f7164808013b816ba91ac7e43bbe82a70bebac296f8bc6f0addaa1a?s=96&d=mm&r=g","caption":"Edici\u00f3n Web"},"url":"https:\/\/canal7slp.tv\/2022\/author\/edicionweb\/"}]}},"amp_enabled":true,"_links":{"self":[{"href":"https:\/\/canal7slp.tv\/2022\/wp-json\/wp\/v2\/posts\/75235","targetHints":{"allow":["GET"]}}],"collection":[{"href":"https:\/\/canal7slp.tv\/2022\/wp-json\/wp\/v2\/posts"}],"about":[{"href":"https:\/\/canal7slp.tv\/2022\/wp-json\/wp\/v2\/types\/post"}],"author":[{"embeddable":true,"href":"https:\/\/canal7slp.tv\/2022\/wp-json\/wp\/v2\/users\/2"}],"replies":[{"embeddable":true,"href":"https:\/\/canal7slp.tv\/2022\/wp-json\/wp\/v2\/comments?post=75235"}],"version-history":[{"count":3,"href":"https:\/\/canal7slp.tv\/2022\/wp-json\/wp\/v2\/posts\/75235\/revisions"}],"predecessor-version":[{"id":75267,"href":"https:\/\/canal7slp.tv\/2022\/wp-json\/wp\/v2\/posts\/75235\/revisions\/75267"}],"wp:featuredmedia":[{"embeddable":true,"href":"https:\/\/canal7slp.tv\/2022\/wp-json\/wp\/v2\/media\/75266"}],"wp:attachment":[{"href":"https:\/\/canal7slp.tv\/2022\/wp-json\/wp\/v2\/media?parent=75235"}],"wp:term":[{"taxonomy":"category","embeddable":true,"href":"https:\/\/canal7slp.tv\/2022\/wp-json\/wp\/v2\/categories?post=75235"},{"taxonomy":"post_tag","embeddable":true,"href":"https:\/\/canal7slp.tv\/2022\/wp-json\/wp\/v2\/tags?post=75235"}],"curies":[{"name":"wp","href":"https:\/\/api.w.org\/{rel}","templated":true}]}}