{"id":75234,"date":"2022-10-10T17:38:21","date_gmt":"2022-10-10T23:38:21","guid":{"rendered":"https:\/\/canal7slp.tv\/2022\/?p=75234"},"modified":"2022-10-10T17:38:21","modified_gmt":"2022-10-10T23:38:21","slug":"este-mes-seran-adquiridas-primeras-unidades-para-el-metrobus","status":"publish","type":"post","link":"https:\/\/canal7slp.tv\/2022\/este-mes-seran-adquiridas-primeras-unidades-para-el-metrobus\/","title":{"rendered":"Este mes ser\u00e1n adquiridas primeras unidades para el Metrob\u00fas."},"content":{"rendered":"<ul>\n<li>En lugar de partir de la Alameda, se prev\u00e9 que circule desde el perif\u00e9rico y el Saucito.<\/li>\n<\/ul>\n<p style=\"text-align: justify;\">SLP.- El gobernador del estado de San Luis Potos\u00ed, Jos\u00e9 Ricardo Gallardo Cardona, declar\u00f3 que el servicio de Metrob\u00fas, antes Red Metro, podr\u00eda iniciar a operaciones a principios del pr\u00f3ximo a\u00f1o 2023 con una inversi\u00f3n estimada a los 380 millones de pesos.<\/p>\n<p style=\"text-align: justify;\">En ese sentido, aclar\u00f3 que se analiza si el carril correspondiente a este transporte se extender\u00e1 por Avenida Industrias o por las lateras de la Carretera 57; tambi\u00e9n adelant\u00f3 que las primeras unidades que circular\u00e1n por estas v\u00edas ser\u00e1n adquiridas este mismo mes<\/p>\n<p style=\"text-align: justify;\">\u00abEn enero o febrero arrancamos ya el metrob\u00fas en San Luis Potos\u00ed, esa es una realidad, estamos pidiendo los camiones dobles porque se tardan 5 meses en hacerlos, ya los estamos pagando este mes para que est\u00e9n listos y que ustedes tengan un transporte de primera\u00bb, dijo.<\/p>\n<p style=\"text-align: justify;\">El funcionario resalt\u00f3 que la ruta planeada ya se considera no solamente desde la Alameda, sino desde la parte norte de la ciudad.<\/p>\n<p style=\"text-align: justify;\">\u00abAhora no nada m\u00e1s viene de la Alameda como estaba contemplado; ahora viene desde el Perif\u00e9rico, desde El Saucito hasta la Zona Industrial para traer a todos los trabajadores de la zona norte, traerlos hasta la zona industrial, eso va aligerar una carga financiera tremenda\u00bb, explic\u00f3.<\/p>\n<p style=\"text-align: justify;\">Gallardo Cardona adelant\u00f3 que en la cifra de inversi\u00f3n se contempla un subsidio del estado para el aligerar el costo de traslado a la clase trabajadora hasta en un 50 por ciento.<\/p>\n<p style=\"text-align: justify;\">\u00abAh\u00ed tambi\u00e9n vamos a partir para un subsidio al trabajador porque le va a costar menos de la mitad de lo que le cuesta transportarse en camiones, y ese subsidio lo va a pagar el gobierno del estado para que al trabajador casi le salga gratis venir a trabajar a la zona industrial, y con eso vamos a incentivar a todas las empresas a que sigan con mano potosina\u00bb, termin\u00f3.<\/p>\n<p>Por: Jos\u00e9 Luis V\u00e1zquez<\/p>\n","protected":false},"excerpt":{"rendered":"<p>En lugar de partir de la Alameda, se prev\u00e9 que circule desde el perif\u00e9rico y el Saucito. SLP.- El gobernador del estado de San Luis Potos\u00ed, Jos\u00e9 Ricardo Gallardo Cardona, declar\u00f3 que el servicio de Metrob\u00fas, antes Red Metro, podr\u00eda iniciar a operaciones a principios del pr\u00f3ximo a\u00f1o 2023 con una inversi\u00f3n estimada a los 380 millones de pesos. En ese sentido, aclar\u00f3 que se analiza si el carril correspondiente a este transporte se extender\u00e1 por Avenida Industrias o por las lateras de la Carretera 57; tambi\u00e9n adelant\u00f3 que las primeras unidades que circular\u00e1n por estas v\u00edas ser\u00e1n adquiridas este [&hellip;]<\/p>\n","protected":false},"author":2,"featured_media":75262,"comment_status":"closed","ping_status":"closed","sticky":false,"template":"","format":"video","meta":{"footnotes":""},"categories":[5,510,45],"tags":[],"class_list":["post-75234","post","type-post","status-publish","format-video","has-post-thumbnail","hentry","category-destacadas","category-gobedoslp","category-localesyregionales","post_format-post-format-video","post--single"],"yoast_head":"<!-- This site is optimized with the Yoast SEO plugin v27.4 - https:\/\/yoast.com\/product\/yoast-seo-wordpress\/ -->\n<title>Este mes ser\u00e1n adquiridas primeras unidades para el Metrob\u00fas. - Canal 7 SLP - 2022<\/title>\n<meta name=\"robots\" content=\"index, follow, max-snippet:-1, max-image-preview:large, max-video-preview:-1\" \/>\n<link rel=\"canonical\" href=\"https:\/\/canal7slp.tv\/2022\/este-mes-seran-adquiridas-primeras-unidades-para-el-metrobus\/\" \/>\n<meta property=\"og:locale\" content=\"es_ES\" \/>\n<meta property=\"og:type\" content=\"article\" \/>\n<meta property=\"og:title\" content=\"Este mes ser\u00e1n adquiridas primeras unidades para el Metrob\u00fas. - Canal 7 SLP - 2022\" \/>\n<meta property=\"og:description\" content=\"En lugar de partir de la Alameda, se prev\u00e9 que circule desde el perif\u00e9rico y el Saucito. SLP.- El gobernador del estado de San Luis Potos\u00ed, Jos\u00e9 Ricardo Gallardo Cardona, declar\u00f3 que el servicio de Metrob\u00fas, antes Red Metro, podr\u00eda iniciar a operaciones a principios del pr\u00f3ximo a\u00f1o 2023 con una inversi\u00f3n estimada a los 380 millones de pesos. En ese sentido, aclar\u00f3 que se analiza si el carril correspondiente a este transporte se extender\u00e1 por Avenida Industrias o por las lateras de la Carretera 57; tambi\u00e9n adelant\u00f3 que las primeras unidades que circular\u00e1n por estas v\u00edas ser\u00e1n adquiridas este [&hellip;]\" \/>\n<meta property=\"og:url\" content=\"https:\/\/canal7slp.tv\/2022\/este-mes-seran-adquiridas-primeras-unidades-para-el-metrobus\/\" \/>\n<meta property=\"og:site_name\" content=\"Canal 7 SLP - 2022\" \/>\n<meta property=\"article:publisher\" content=\"https:\/\/www.facebook.com\/noticieroscanalsiete\" \/>\n<meta property=\"article:published_time\" content=\"2022-10-10T23:38:21+00:00\" \/>\n<meta property=\"og:image\" content=\"https:\/\/canal7slp.tv\/2022\/wp-content\/uploads\/2022\/10\/Vazquez02Metrobus.jpg\" \/>\n\t<meta property=\"og:image:width\" content=\"888\" \/>\n\t<meta property=\"og:image:height\" content=\"500\" \/>\n\t<meta property=\"og:image:type\" content=\"image\/jpeg\" \/>\n<meta name=\"author\" content=\"Edici\u00f3n Web\" \/>\n<meta name=\"twitter:card\" content=\"summary_large_image\" \/>\n<meta name=\"twitter:creator\" content=\"@NOTICIEROS7\" \/>\n<meta name=\"twitter:site\" content=\"@NOTICIEROS7\" \/>\n<meta name=\"twitter:label1\" content=\"Escrito por\" \/>\n\t<meta name=\"twitter:data1\" content=\"Edici\u00f3n Web\" \/>\n\t<meta name=\"twitter:label2\" content=\"Tiempo de lectura\" \/>\n\t<meta name=\"twitter:data2\" content=\"2 minutos\" \/>\n<script type=\"application\/ld+json\" class=\"yoast-schema-graph\">{\"@context\":\"https:\\\/\\\/schema.org\",\"@graph\":[{\"@type\":\"Article\",\"@id\":\"https:\\\/\\\/canal7slp.tv\\\/2022\\\/este-mes-seran-adquiridas-primeras-unidades-para-el-metrobus\\\/#article\",\"isPartOf\":{\"@id\":\"https:\\\/\\\/canal7slp.tv\\\/2022\\\/este-mes-seran-adquiridas-primeras-unidades-para-el-metrobus\\\/\"},\"author\":{\"name\":\"Edici\u00f3n Web\",\"@id\":\"https:\\\/\\\/canal7slp.tv\\\/2022\\\/#\\\/schema\\\/person\\\/429704152a21f5f856ce29aa69a238da\"},\"headline\":\"Este mes ser\u00e1n adquiridas primeras unidades para el Metrob\u00fas.\",\"datePublished\":\"2022-10-10T23:38:21+00:00\",\"mainEntityOfPage\":{\"@id\":\"https:\\\/\\\/canal7slp.tv\\\/2022\\\/este-mes-seran-adquiridas-primeras-unidades-para-el-metrobus\\\/\"},\"wordCount\":348,\"publisher\":{\"@id\":\"https:\\\/\\\/canal7slp.tv\\\/2022\\\/#organization\"},\"image\":{\"@id\":\"https:\\\/\\\/canal7slp.tv\\\/2022\\\/este-mes-seran-adquiridas-primeras-unidades-para-el-metrobus\\\/#primaryimage\"},\"thumbnailUrl\":\"https:\\\/\\\/canal7slp.tv\\\/2022\\\/wp-content\\\/uploads\\\/2022\\\/10\\\/Vazquez02Metrobus.jpg\",\"articleSection\":[\"DESTACADAS\",\"GOBEDOSLP\",\"LOCALES Y REGIONALES\"],\"inLanguage\":\"es\"},{\"@type\":\"WebPage\",\"@id\":\"https:\\\/\\\/canal7slp.tv\\\/2022\\\/este-mes-seran-adquiridas-primeras-unidades-para-el-metrobus\\\/\",\"url\":\"https:\\\/\\\/canal7slp.tv\\\/2022\\\/este-mes-seran-adquiridas-primeras-unidades-para-el-metrobus\\\/\",\"name\":\"Este mes ser\u00e1n adquiridas primeras unidades para el Metrob\u00fas. - Canal 7 SLP - 2022\",\"isPartOf\":{\"@id\":\"https:\\\/\\\/canal7slp.tv\\\/2022\\\/#website\"},\"primaryImageOfPage\":{\"@id\":\"https:\\\/\\\/canal7slp.tv\\\/2022\\\/este-mes-seran-adquiridas-primeras-unidades-para-el-metrobus\\\/#primaryimage\"},\"image\":{\"@id\":\"https:\\\/\\\/canal7slp.tv\\\/2022\\\/este-mes-seran-adquiridas-primeras-unidades-para-el-metrobus\\\/#primaryimage\"},\"thumbnailUrl\":\"https:\\\/\\\/canal7slp.tv\\\/2022\\\/wp-content\\\/uploads\\\/2022\\\/10\\\/Vazquez02Metrobus.jpg\",\"datePublished\":\"2022-10-10T23:38:21+00:00\",\"breadcrumb\":{\"@id\":\"https:\\\/\\\/canal7slp.tv\\\/2022\\\/este-mes-seran-adquiridas-primeras-unidades-para-el-metrobus\\\/#breadcrumb\"},\"inLanguage\":\"es\",\"potentialAction\":[{\"@type\":\"ReadAction\",\"target\":[\"https:\\\/\\\/canal7slp.tv\\\/2022\\\/este-mes-seran-adquiridas-primeras-unidades-para-el-metrobus\\\/\"]}]},{\"@type\":\"ImageObject\",\"inLanguage\":\"es\",\"@id\":\"https:\\\/\\\/canal7slp.tv\\\/2022\\\/este-mes-seran-adquiridas-primeras-unidades-para-el-metrobus\\\/#primaryimage\",\"url\":\"https:\\\/\\\/canal7slp.tv\\\/2022\\\/wp-content\\\/uploads\\\/2022\\\/10\\\/Vazquez02Metrobus.jpg\",\"contentUrl\":\"https:\\\/\\\/canal7slp.tv\\\/2022\\\/wp-content\\\/uploads\\\/2022\\\/10\\\/Vazquez02Metrobus.jpg\",\"width\":888,\"height\":500},{\"@type\":\"BreadcrumbList\",\"@id\":\"https:\\\/\\\/canal7slp.tv\\\/2022\\\/este-mes-seran-adquiridas-primeras-unidades-para-el-metrobus\\\/#breadcrumb\",\"itemListElement\":[{\"@type\":\"ListItem\",\"position\":1,\"name\":\"Portada\",\"item\":\"https:\\\/\\\/canal7slp.tv\\\/2022\\\/\"},{\"@type\":\"ListItem\",\"position\":2,\"name\":\"Este mes ser\u00e1n adquiridas primeras unidades para el Metrob\u00fas.\"}]},{\"@type\":\"WebSite\",\"@id\":\"https:\\\/\\\/canal7slp.tv\\\/2022\\\/#website\",\"url\":\"https:\\\/\\\/canal7slp.tv\\\/2022\\\/\",\"name\":\"N7 - Noticieros Canal 7\",\"description\":\"Somos Televisi\u00f3n\",\"publisher\":{\"@id\":\"https:\\\/\\\/canal7slp.tv\\\/2022\\\/#organization\"},\"potentialAction\":[{\"@type\":\"SearchAction\",\"target\":{\"@type\":\"EntryPoint\",\"urlTemplate\":\"https:\\\/\\\/canal7slp.tv\\\/2022\\\/?s={search_term_string}\"},\"query-input\":{\"@type\":\"PropertyValueSpecification\",\"valueRequired\":true,\"valueName\":\"search_term_string\"}}],\"inLanguage\":\"es\"},{\"@type\":\"Organization\",\"@id\":\"https:\\\/\\\/canal7slp.tv\\\/2022\\\/#organization\",\"name\":\"Noticieros Canal 7\",\"url\":\"https:\\\/\\\/canal7slp.tv\\\/2022\\\/\",\"logo\":{\"@type\":\"ImageObject\",\"inLanguage\":\"es\",\"@id\":\"https:\\\/\\\/canal7slp.tv\\\/2022\\\/#\\\/schema\\\/logo\\\/image\\\/\",\"url\":\"https:\\\/\\\/canal7slp.tv\\\/2022\\\/wp-content\\\/uploads\\\/2021\\\/01\\\/logo-noticieros@2x.png\",\"contentUrl\":\"https:\\\/\\\/canal7slp.tv\\\/2022\\\/wp-content\\\/uploads\\\/2021\\\/01\\\/logo-noticieros@2x.png\",\"width\":1017,\"height\":268,\"caption\":\"Noticieros Canal 7\"},\"image\":{\"@id\":\"https:\\\/\\\/canal7slp.tv\\\/2022\\\/#\\\/schema\\\/logo\\\/image\\\/\"},\"sameAs\":[\"https:\\\/\\\/www.facebook.com\\\/noticieroscanalsiete\",\"https:\\\/\\\/x.com\\\/NOTICIEROS7\",\"https:\\\/\\\/www.instagram.com\\\/canal7_slp\",\"https:\\\/\\\/www.youtube.com\\\/channel\\\/UCliiYs-gP3JfJeqdPrNdd5A\"]},{\"@type\":\"Person\",\"@id\":\"https:\\\/\\\/canal7slp.tv\\\/2022\\\/#\\\/schema\\\/person\\\/429704152a21f5f856ce29aa69a238da\",\"name\":\"Edici\u00f3n Web\",\"image\":{\"@type\":\"ImageObject\",\"inLanguage\":\"es\",\"@id\":\"https:\\\/\\\/secure.gravatar.com\\\/avatar\\\/eee448fc3f7164808013b816ba91ac7e43bbe82a70bebac296f8bc6f0addaa1a?s=96&d=mm&r=g\",\"url\":\"https:\\\/\\\/secure.gravatar.com\\\/avatar\\\/eee448fc3f7164808013b816ba91ac7e43bbe82a70bebac296f8bc6f0addaa1a?s=96&d=mm&r=g\",\"contentUrl\":\"https:\\\/\\\/secure.gravatar.com\\\/avatar\\\/eee448fc3f7164808013b816ba91ac7e43bbe82a70bebac296f8bc6f0addaa1a?s=96&d=mm&r=g\",\"caption\":\"Edici\u00f3n Web\"},\"url\":\"https:\\\/\\\/canal7slp.tv\\\/2022\\\/author\\\/edicionweb\\\/\"}]}<\/script>\n<!-- \/ Yoast SEO plugin. -->","yoast_head_json":{"title":"Este mes ser\u00e1n adquiridas primeras unidades para el Metrob\u00fas. - Canal 7 SLP - 2022","robots":{"index":"index","follow":"follow","max-snippet":"max-snippet:-1","max-image-preview":"max-image-preview:large","max-video-preview":"max-video-preview:-1"},"canonical":"https:\/\/canal7slp.tv\/2022\/este-mes-seran-adquiridas-primeras-unidades-para-el-metrobus\/","og_locale":"es_ES","og_type":"article","og_title":"Este mes ser\u00e1n adquiridas primeras unidades para el Metrob\u00fas. - Canal 7 SLP - 2022","og_description":"En lugar de partir de la Alameda, se prev\u00e9 que circule desde el perif\u00e9rico y el Saucito. SLP.- El gobernador del estado de San Luis Potos\u00ed, Jos\u00e9 Ricardo Gallardo Cardona, declar\u00f3 que el servicio de Metrob\u00fas, antes Red Metro, podr\u00eda iniciar a operaciones a principios del pr\u00f3ximo a\u00f1o 2023 con una inversi\u00f3n estimada a los 380 millones de pesos. En ese sentido, aclar\u00f3 que se analiza si el carril correspondiente a este transporte se extender\u00e1 por Avenida Industrias o por las lateras de la Carretera 57; tambi\u00e9n adelant\u00f3 que las primeras unidades que circular\u00e1n por estas v\u00edas ser\u00e1n adquiridas este [&hellip;]","og_url":"https:\/\/canal7slp.tv\/2022\/este-mes-seran-adquiridas-primeras-unidades-para-el-metrobus\/","og_site_name":"Canal 7 SLP - 2022","article_publisher":"https:\/\/www.facebook.com\/noticieroscanalsiete","article_published_time":"2022-10-10T23:38:21+00:00","og_image":[{"width":888,"height":500,"url":"https:\/\/canal7slp.tv\/2022\/wp-content\/uploads\/2022\/10\/Vazquez02Metrobus.jpg","type":"image\/jpeg"}],"author":"Edici\u00f3n Web","twitter_card":"summary_large_image","twitter_creator":"@NOTICIEROS7","twitter_site":"@NOTICIEROS7","twitter_misc":{"Escrito por":"Edici\u00f3n Web","Tiempo de lectura":"2 minutos"},"schema":{"@context":"https:\/\/schema.org","@graph":[{"@type":"Article","@id":"https:\/\/canal7slp.tv\/2022\/este-mes-seran-adquiridas-primeras-unidades-para-el-metrobus\/#article","isPartOf":{"@id":"https:\/\/canal7slp.tv\/2022\/este-mes-seran-adquiridas-primeras-unidades-para-el-metrobus\/"},"author":{"name":"Edici\u00f3n Web","@id":"https:\/\/canal7slp.tv\/2022\/#\/schema\/person\/429704152a21f5f856ce29aa69a238da"},"headline":"Este mes ser\u00e1n adquiridas primeras unidades para el Metrob\u00fas.","datePublished":"2022-10-10T23:38:21+00:00","mainEntityOfPage":{"@id":"https:\/\/canal7slp.tv\/2022\/este-mes-seran-adquiridas-primeras-unidades-para-el-metrobus\/"},"wordCount":348,"publisher":{"@id":"https:\/\/canal7slp.tv\/2022\/#organization"},"image":{"@id":"https:\/\/canal7slp.tv\/2022\/este-mes-seran-adquiridas-primeras-unidades-para-el-metrobus\/#primaryimage"},"thumbnailUrl":"https:\/\/canal7slp.tv\/2022\/wp-content\/uploads\/2022\/10\/Vazquez02Metrobus.jpg","articleSection":["DESTACADAS","GOBEDOSLP","LOCALES Y REGIONALES"],"inLanguage":"es"},{"@type":"WebPage","@id":"https:\/\/canal7slp.tv\/2022\/este-mes-seran-adquiridas-primeras-unidades-para-el-metrobus\/","url":"https:\/\/canal7slp.tv\/2022\/este-mes-seran-adquiridas-primeras-unidades-para-el-metrobus\/","name":"Este mes ser\u00e1n adquiridas primeras unidades para el Metrob\u00fas. - Canal 7 SLP - 2022","isPartOf":{"@id":"https:\/\/canal7slp.tv\/2022\/#website"},"primaryImageOfPage":{"@id":"https:\/\/canal7slp.tv\/2022\/este-mes-seran-adquiridas-primeras-unidades-para-el-metrobus\/#primaryimage"},"image":{"@id":"https:\/\/canal7slp.tv\/2022\/este-mes-seran-adquiridas-primeras-unidades-para-el-metrobus\/#primaryimage"},"thumbnailUrl":"https:\/\/canal7slp.tv\/2022\/wp-content\/uploads\/2022\/10\/Vazquez02Metrobus.jpg","datePublished":"2022-10-10T23:38:21+00:00","breadcrumb":{"@id":"https:\/\/canal7slp.tv\/2022\/este-mes-seran-adquiridas-primeras-unidades-para-el-metrobus\/#breadcrumb"},"inLanguage":"es","potentialAction":[{"@type":"ReadAction","target":["https:\/\/canal7slp.tv\/2022\/este-mes-seran-adquiridas-primeras-unidades-para-el-metrobus\/"]}]},{"@type":"ImageObject","inLanguage":"es","@id":"https:\/\/canal7slp.tv\/2022\/este-mes-seran-adquiridas-primeras-unidades-para-el-metrobus\/#primaryimage","url":"https:\/\/canal7slp.tv\/2022\/wp-content\/uploads\/2022\/10\/Vazquez02Metrobus.jpg","contentUrl":"https:\/\/canal7slp.tv\/2022\/wp-content\/uploads\/2022\/10\/Vazquez02Metrobus.jpg","width":888,"height":500},{"@type":"BreadcrumbList","@id":"https:\/\/canal7slp.tv\/2022\/este-mes-seran-adquiridas-primeras-unidades-para-el-metrobus\/#breadcrumb","itemListElement":[{"@type":"ListItem","position":1,"name":"Portada","item":"https:\/\/canal7slp.tv\/2022\/"},{"@type":"ListItem","position":2,"name":"Este mes ser\u00e1n adquiridas primeras unidades para el Metrob\u00fas."}]},{"@type":"WebSite","@id":"https:\/\/canal7slp.tv\/2022\/#website","url":"https:\/\/canal7slp.tv\/2022\/","name":"N7 - Noticieros Canal 7","description":"Somos Televisi\u00f3n","publisher":{"@id":"https:\/\/canal7slp.tv\/2022\/#organization"},"potentialAction":[{"@type":"SearchAction","target":{"@type":"EntryPoint","urlTemplate":"https:\/\/canal7slp.tv\/2022\/?s={search_term_string}"},"query-input":{"@type":"PropertyValueSpecification","valueRequired":true,"valueName":"search_term_string"}}],"inLanguage":"es"},{"@type":"Organization","@id":"https:\/\/canal7slp.tv\/2022\/#organization","name":"Noticieros Canal 7","url":"https:\/\/canal7slp.tv\/2022\/","logo":{"@type":"ImageObject","inLanguage":"es","@id":"https:\/\/canal7slp.tv\/2022\/#\/schema\/logo\/image\/","url":"https:\/\/canal7slp.tv\/2022\/wp-content\/uploads\/2021\/01\/logo-noticieros@2x.png","contentUrl":"https:\/\/canal7slp.tv\/2022\/wp-content\/uploads\/2021\/01\/logo-noticieros@2x.png","width":1017,"height":268,"caption":"Noticieros Canal 7"},"image":{"@id":"https:\/\/canal7slp.tv\/2022\/#\/schema\/logo\/image\/"},"sameAs":["https:\/\/www.facebook.com\/noticieroscanalsiete","https:\/\/x.com\/NOTICIEROS7","https:\/\/www.instagram.com\/canal7_slp","https:\/\/www.youtube.com\/channel\/UCliiYs-gP3JfJeqdPrNdd5A"]},{"@type":"Person","@id":"https:\/\/canal7slp.tv\/2022\/#\/schema\/person\/429704152a21f5f856ce29aa69a238da","name":"Edici\u00f3n Web","image":{"@type":"ImageObject","inLanguage":"es","@id":"https:\/\/secure.gravatar.com\/avatar\/eee448fc3f7164808013b816ba91ac7e43bbe82a70bebac296f8bc6f0addaa1a?s=96&d=mm&r=g","url":"https:\/\/secure.gravatar.com\/avatar\/eee448fc3f7164808013b816ba91ac7e43bbe82a70bebac296f8bc6f0addaa1a?s=96&d=mm&r=g","contentUrl":"https:\/\/secure.gravatar.com\/avatar\/eee448fc3f7164808013b816ba91ac7e43bbe82a70bebac296f8bc6f0addaa1a?s=96&d=mm&r=g","caption":"Edici\u00f3n Web"},"url":"https:\/\/canal7slp.tv\/2022\/author\/edicionweb\/"}]}},"amp_enabled":true,"_links":{"self":[{"href":"https:\/\/canal7slp.tv\/2022\/wp-json\/wp\/v2\/posts\/75234","targetHints":{"allow":["GET"]}}],"collection":[{"href":"https:\/\/canal7slp.tv\/2022\/wp-json\/wp\/v2\/posts"}],"about":[{"href":"https:\/\/canal7slp.tv\/2022\/wp-json\/wp\/v2\/types\/post"}],"author":[{"embeddable":true,"href":"https:\/\/canal7slp.tv\/2022\/wp-json\/wp\/v2\/users\/2"}],"replies":[{"embeddable":true,"href":"https:\/\/canal7slp.tv\/2022\/wp-json\/wp\/v2\/comments?post=75234"}],"version-history":[{"count":3,"href":"https:\/\/canal7slp.tv\/2022\/wp-json\/wp\/v2\/posts\/75234\/revisions"}],"predecessor-version":[{"id":75263,"href":"https:\/\/canal7slp.tv\/2022\/wp-json\/wp\/v2\/posts\/75234\/revisions\/75263"}],"wp:featuredmedia":[{"embeddable":true,"href":"https:\/\/canal7slp.tv\/2022\/wp-json\/wp\/v2\/media\/75262"}],"wp:attachment":[{"href":"https:\/\/canal7slp.tv\/2022\/wp-json\/wp\/v2\/media?parent=75234"}],"wp:term":[{"taxonomy":"category","embeddable":true,"href":"https:\/\/canal7slp.tv\/2022\/wp-json\/wp\/v2\/categories?post=75234"},{"taxonomy":"post_tag","embeddable":true,"href":"https:\/\/canal7slp.tv\/2022\/wp-json\/wp\/v2\/tags?post=75234"}],"curies":[{"name":"wp","href":"https:\/\/api.w.org\/{rel}","templated":true}]}}