{"id":75230,"date":"2022-10-10T15:02:37","date_gmt":"2022-10-10T21:02:37","guid":{"rendered":"https:\/\/canal7slp.tv\/2022\/?p=75230"},"modified":"2022-10-10T15:02:37","modified_gmt":"2022-10-10T21:02:37","slug":"fiscalia-investiga-hallazgo-en-cerro-de-san-pedro","status":"publish","type":"post","link":"https:\/\/canal7slp.tv\/2022\/fiscalia-investiga-hallazgo-en-cerro-de-san-pedro\/","title":{"rendered":"Fiscal\u00eda investiga hallazgo en Cerro de San Pedro"},"content":{"rendered":"<p style=\"text-align: justify;\">Cerro de San Pedro.-\u00a0Luego de haber encontrado restos humanos en Cerro de San Pedro, la Fiscal\u00eda General del Estado (FGE) inici\u00f3 investigaciones para esclarecer lo ocurrido.<\/p>\n<p style=\"text-align: justify;\">Dichos restos devorados por la fauna del lugar, fueron localizados en el camino de Sendero del Capit\u00e1n y el Mirador -en Monte Caldera- hasta donde se dirigieron agentes de la Polic\u00eda de Investigaci\u00f3n (PDI).<\/p>\n<p style=\"text-align: justify;\">Personal del \u00e1rea de Servicios Periciales de la Vicefiscal\u00eda Cient\u00edfica recaba indicios para la debida integraci\u00f3n a la carpeta de investigaci\u00f3n.<\/p>\n<p style=\"text-align: justify;\">Los restos fueron trasladados al Servicio M\u00e9dico Legal (SEMELE) para practicarle la necropsia de ley; as\u00ed como efectuar los actos necesarios para su identificaci\u00f3n.<\/p>\n","protected":false},"excerpt":{"rendered":"<p>Cerro de San Pedro.-\u00a0Luego de haber encontrado restos humanos en Cerro de San Pedro, la Fiscal\u00eda General del Estado (FGE) inici\u00f3 investigaciones para esclarecer lo ocurrido. Dichos restos devorados por la fauna del lugar, fueron localizados en el camino de Sendero del Capit\u00e1n y el Mirador -en Monte Caldera- hasta donde se dirigieron agentes de la Polic\u00eda de Investigaci\u00f3n (PDI). Personal del \u00e1rea de Servicios Periciales de la Vicefiscal\u00eda Cient\u00edfica recaba indicios para la debida integraci\u00f3n a la carpeta de investigaci\u00f3n. Los restos fueron trasladados al Servicio M\u00e9dico Legal (SEMELE) para practicarle la necropsia de ley; as\u00ed como efectuar los [&hellip;]<\/p>\n","protected":false},"author":2,"featured_media":75231,"comment_status":"closed","ping_status":"closed","sticky":false,"template":"","format":"standard","meta":{"footnotes":""},"categories":[48],"tags":[],"class_list":["post-75230","post","type-post","status-publish","format-standard","has-post-thumbnail","hentry","category-reporte7","post--single"],"yoast_head":"<!-- This site is optimized with the Yoast SEO plugin v27.4 - https:\/\/yoast.com\/product\/yoast-seo-wordpress\/ -->\n<title>Fiscal\u00eda investiga hallazgo en Cerro de San Pedro - Canal 7 SLP - 2022<\/title>\n<meta name=\"robots\" content=\"index, follow, max-snippet:-1, max-image-preview:large, max-video-preview:-1\" \/>\n<link rel=\"canonical\" href=\"https:\/\/canal7slp.tv\/2022\/fiscalia-investiga-hallazgo-en-cerro-de-san-pedro\/\" \/>\n<meta property=\"og:locale\" content=\"es_ES\" \/>\n<meta property=\"og:type\" content=\"article\" \/>\n<meta property=\"og:title\" content=\"Fiscal\u00eda investiga hallazgo en Cerro de San Pedro - Canal 7 SLP - 2022\" \/>\n<meta property=\"og:description\" content=\"Cerro de San Pedro.-\u00a0Luego de haber encontrado restos humanos en Cerro de San Pedro, la Fiscal\u00eda General del Estado (FGE) inici\u00f3 investigaciones para esclarecer lo ocurrido. Dichos restos devorados por la fauna del lugar, fueron localizados en el camino de Sendero del Capit\u00e1n y el Mirador -en Monte Caldera- hasta donde se dirigieron agentes de la Polic\u00eda de Investigaci\u00f3n (PDI). Personal del \u00e1rea de Servicios Periciales de la Vicefiscal\u00eda Cient\u00edfica recaba indicios para la debida integraci\u00f3n a la carpeta de investigaci\u00f3n. Los restos fueron trasladados al Servicio M\u00e9dico Legal (SEMELE) para practicarle la necropsia de ley; as\u00ed como efectuar los [&hellip;]\" \/>\n<meta property=\"og:url\" content=\"https:\/\/canal7slp.tv\/2022\/fiscalia-investiga-hallazgo-en-cerro-de-san-pedro\/\" \/>\n<meta property=\"og:site_name\" content=\"Canal 7 SLP - 2022\" \/>\n<meta property=\"article:publisher\" content=\"https:\/\/www.facebook.com\/noticieroscanalsiete\" \/>\n<meta property=\"article:published_time\" content=\"2022-10-10T21:02:37+00:00\" \/>\n<meta property=\"og:image\" content=\"https:\/\/canal7slp.tv\/2022\/wp-content\/uploads\/2022\/10\/zz1.jpg\" \/>\n\t<meta property=\"og:image:width\" content=\"867\" \/>\n\t<meta property=\"og:image:height\" content=\"275\" \/>\n\t<meta property=\"og:image:type\" content=\"image\/jpeg\" \/>\n<meta name=\"author\" content=\"Edici\u00f3n Web\" \/>\n<meta name=\"twitter:card\" content=\"summary_large_image\" \/>\n<meta name=\"twitter:creator\" content=\"@NOTICIEROS7\" \/>\n<meta name=\"twitter:site\" content=\"@NOTICIEROS7\" \/>\n<meta name=\"twitter:label1\" content=\"Escrito por\" \/>\n\t<meta name=\"twitter:data1\" content=\"Edici\u00f3n Web\" \/>\n\t<meta name=\"twitter:label2\" content=\"Tiempo de lectura\" \/>\n\t<meta name=\"twitter:data2\" content=\"1 minuto\" \/>\n<script type=\"application\/ld+json\" class=\"yoast-schema-graph\">{\"@context\":\"https:\\\/\\\/schema.org\",\"@graph\":[{\"@type\":\"Article\",\"@id\":\"https:\\\/\\\/canal7slp.tv\\\/2022\\\/fiscalia-investiga-hallazgo-en-cerro-de-san-pedro\\\/#article\",\"isPartOf\":{\"@id\":\"https:\\\/\\\/canal7slp.tv\\\/2022\\\/fiscalia-investiga-hallazgo-en-cerro-de-san-pedro\\\/\"},\"author\":{\"name\":\"Edici\u00f3n Web\",\"@id\":\"https:\\\/\\\/canal7slp.tv\\\/2022\\\/#\\\/schema\\\/person\\\/429704152a21f5f856ce29aa69a238da\"},\"headline\":\"Fiscal\u00eda investiga hallazgo en Cerro de San Pedro\",\"datePublished\":\"2022-10-10T21:02:37+00:00\",\"mainEntityOfPage\":{\"@id\":\"https:\\\/\\\/canal7slp.tv\\\/2022\\\/fiscalia-investiga-hallazgo-en-cerro-de-san-pedro\\\/\"},\"wordCount\":126,\"publisher\":{\"@id\":\"https:\\\/\\\/canal7slp.tv\\\/2022\\\/#organization\"},\"image\":{\"@id\":\"https:\\\/\\\/canal7slp.tv\\\/2022\\\/fiscalia-investiga-hallazgo-en-cerro-de-san-pedro\\\/#primaryimage\"},\"thumbnailUrl\":\"https:\\\/\\\/canal7slp.tv\\\/2022\\\/wp-content\\\/uploads\\\/2022\\\/10\\\/zz1.jpg\",\"articleSection\":[\"REPORTE 7\"],\"inLanguage\":\"es\"},{\"@type\":\"WebPage\",\"@id\":\"https:\\\/\\\/canal7slp.tv\\\/2022\\\/fiscalia-investiga-hallazgo-en-cerro-de-san-pedro\\\/\",\"url\":\"https:\\\/\\\/canal7slp.tv\\\/2022\\\/fiscalia-investiga-hallazgo-en-cerro-de-san-pedro\\\/\",\"name\":\"Fiscal\u00eda investiga hallazgo en Cerro de San Pedro - Canal 7 SLP - 2022\",\"isPartOf\":{\"@id\":\"https:\\\/\\\/canal7slp.tv\\\/2022\\\/#website\"},\"primaryImageOfPage\":{\"@id\":\"https:\\\/\\\/canal7slp.tv\\\/2022\\\/fiscalia-investiga-hallazgo-en-cerro-de-san-pedro\\\/#primaryimage\"},\"image\":{\"@id\":\"https:\\\/\\\/canal7slp.tv\\\/2022\\\/fiscalia-investiga-hallazgo-en-cerro-de-san-pedro\\\/#primaryimage\"},\"thumbnailUrl\":\"https:\\\/\\\/canal7slp.tv\\\/2022\\\/wp-content\\\/uploads\\\/2022\\\/10\\\/zz1.jpg\",\"datePublished\":\"2022-10-10T21:02:37+00:00\",\"breadcrumb\":{\"@id\":\"https:\\\/\\\/canal7slp.tv\\\/2022\\\/fiscalia-investiga-hallazgo-en-cerro-de-san-pedro\\\/#breadcrumb\"},\"inLanguage\":\"es\",\"potentialAction\":[{\"@type\":\"ReadAction\",\"target\":[\"https:\\\/\\\/canal7slp.tv\\\/2022\\\/fiscalia-investiga-hallazgo-en-cerro-de-san-pedro\\\/\"]}]},{\"@type\":\"ImageObject\",\"inLanguage\":\"es\",\"@id\":\"https:\\\/\\\/canal7slp.tv\\\/2022\\\/fiscalia-investiga-hallazgo-en-cerro-de-san-pedro\\\/#primaryimage\",\"url\":\"https:\\\/\\\/canal7slp.tv\\\/2022\\\/wp-content\\\/uploads\\\/2022\\\/10\\\/zz1.jpg\",\"contentUrl\":\"https:\\\/\\\/canal7slp.tv\\\/2022\\\/wp-content\\\/uploads\\\/2022\\\/10\\\/zz1.jpg\",\"width\":867,\"height\":275},{\"@type\":\"BreadcrumbList\",\"@id\":\"https:\\\/\\\/canal7slp.tv\\\/2022\\\/fiscalia-investiga-hallazgo-en-cerro-de-san-pedro\\\/#breadcrumb\",\"itemListElement\":[{\"@type\":\"ListItem\",\"position\":1,\"name\":\"Portada\",\"item\":\"https:\\\/\\\/canal7slp.tv\\\/2022\\\/\"},{\"@type\":\"ListItem\",\"position\":2,\"name\":\"Fiscal\u00eda investiga hallazgo en Cerro de San Pedro\"}]},{\"@type\":\"WebSite\",\"@id\":\"https:\\\/\\\/canal7slp.tv\\\/2022\\\/#website\",\"url\":\"https:\\\/\\\/canal7slp.tv\\\/2022\\\/\",\"name\":\"N7 - Noticieros Canal 7\",\"description\":\"Somos Televisi\u00f3n\",\"publisher\":{\"@id\":\"https:\\\/\\\/canal7slp.tv\\\/2022\\\/#organization\"},\"potentialAction\":[{\"@type\":\"SearchAction\",\"target\":{\"@type\":\"EntryPoint\",\"urlTemplate\":\"https:\\\/\\\/canal7slp.tv\\\/2022\\\/?s={search_term_string}\"},\"query-input\":{\"@type\":\"PropertyValueSpecification\",\"valueRequired\":true,\"valueName\":\"search_term_string\"}}],\"inLanguage\":\"es\"},{\"@type\":\"Organization\",\"@id\":\"https:\\\/\\\/canal7slp.tv\\\/2022\\\/#organization\",\"name\":\"Noticieros Canal 7\",\"url\":\"https:\\\/\\\/canal7slp.tv\\\/2022\\\/\",\"logo\":{\"@type\":\"ImageObject\",\"inLanguage\":\"es\",\"@id\":\"https:\\\/\\\/canal7slp.tv\\\/2022\\\/#\\\/schema\\\/logo\\\/image\\\/\",\"url\":\"https:\\\/\\\/canal7slp.tv\\\/2022\\\/wp-content\\\/uploads\\\/2021\\\/01\\\/logo-noticieros@2x.png\",\"contentUrl\":\"https:\\\/\\\/canal7slp.tv\\\/2022\\\/wp-content\\\/uploads\\\/2021\\\/01\\\/logo-noticieros@2x.png\",\"width\":1017,\"height\":268,\"caption\":\"Noticieros Canal 7\"},\"image\":{\"@id\":\"https:\\\/\\\/canal7slp.tv\\\/2022\\\/#\\\/schema\\\/logo\\\/image\\\/\"},\"sameAs\":[\"https:\\\/\\\/www.facebook.com\\\/noticieroscanalsiete\",\"https:\\\/\\\/x.com\\\/NOTICIEROS7\",\"https:\\\/\\\/www.instagram.com\\\/canal7_slp\",\"https:\\\/\\\/www.youtube.com\\\/channel\\\/UCliiYs-gP3JfJeqdPrNdd5A\"]},{\"@type\":\"Person\",\"@id\":\"https:\\\/\\\/canal7slp.tv\\\/2022\\\/#\\\/schema\\\/person\\\/429704152a21f5f856ce29aa69a238da\",\"name\":\"Edici\u00f3n Web\",\"image\":{\"@type\":\"ImageObject\",\"inLanguage\":\"es\",\"@id\":\"https:\\\/\\\/secure.gravatar.com\\\/avatar\\\/eee448fc3f7164808013b816ba91ac7e43bbe82a70bebac296f8bc6f0addaa1a?s=96&d=mm&r=g\",\"url\":\"https:\\\/\\\/secure.gravatar.com\\\/avatar\\\/eee448fc3f7164808013b816ba91ac7e43bbe82a70bebac296f8bc6f0addaa1a?s=96&d=mm&r=g\",\"contentUrl\":\"https:\\\/\\\/secure.gravatar.com\\\/avatar\\\/eee448fc3f7164808013b816ba91ac7e43bbe82a70bebac296f8bc6f0addaa1a?s=96&d=mm&r=g\",\"caption\":\"Edici\u00f3n Web\"},\"url\":\"https:\\\/\\\/canal7slp.tv\\\/2022\\\/author\\\/edicionweb\\\/\"}]}<\/script>\n<!-- \/ Yoast SEO plugin. -->","yoast_head_json":{"title":"Fiscal\u00eda investiga hallazgo en Cerro de San Pedro - Canal 7 SLP - 2022","robots":{"index":"index","follow":"follow","max-snippet":"max-snippet:-1","max-image-preview":"max-image-preview:large","max-video-preview":"max-video-preview:-1"},"canonical":"https:\/\/canal7slp.tv\/2022\/fiscalia-investiga-hallazgo-en-cerro-de-san-pedro\/","og_locale":"es_ES","og_type":"article","og_title":"Fiscal\u00eda investiga hallazgo en Cerro de San Pedro - Canal 7 SLP - 2022","og_description":"Cerro de San Pedro.-\u00a0Luego de haber encontrado restos humanos en Cerro de San Pedro, la Fiscal\u00eda General del Estado (FGE) inici\u00f3 investigaciones para esclarecer lo ocurrido. Dichos restos devorados por la fauna del lugar, fueron localizados en el camino de Sendero del Capit\u00e1n y el Mirador -en Monte Caldera- hasta donde se dirigieron agentes de la Polic\u00eda de Investigaci\u00f3n (PDI). Personal del \u00e1rea de Servicios Periciales de la Vicefiscal\u00eda Cient\u00edfica recaba indicios para la debida integraci\u00f3n a la carpeta de investigaci\u00f3n. Los restos fueron trasladados al Servicio M\u00e9dico Legal (SEMELE) para practicarle la necropsia de ley; as\u00ed como efectuar los [&hellip;]","og_url":"https:\/\/canal7slp.tv\/2022\/fiscalia-investiga-hallazgo-en-cerro-de-san-pedro\/","og_site_name":"Canal 7 SLP - 2022","article_publisher":"https:\/\/www.facebook.com\/noticieroscanalsiete","article_published_time":"2022-10-10T21:02:37+00:00","og_image":[{"width":867,"height":275,"url":"https:\/\/canal7slp.tv\/2022\/wp-content\/uploads\/2022\/10\/zz1.jpg","type":"image\/jpeg"}],"author":"Edici\u00f3n Web","twitter_card":"summary_large_image","twitter_creator":"@NOTICIEROS7","twitter_site":"@NOTICIEROS7","twitter_misc":{"Escrito por":"Edici\u00f3n Web","Tiempo de lectura":"1 minuto"},"schema":{"@context":"https:\/\/schema.org","@graph":[{"@type":"Article","@id":"https:\/\/canal7slp.tv\/2022\/fiscalia-investiga-hallazgo-en-cerro-de-san-pedro\/#article","isPartOf":{"@id":"https:\/\/canal7slp.tv\/2022\/fiscalia-investiga-hallazgo-en-cerro-de-san-pedro\/"},"author":{"name":"Edici\u00f3n Web","@id":"https:\/\/canal7slp.tv\/2022\/#\/schema\/person\/429704152a21f5f856ce29aa69a238da"},"headline":"Fiscal\u00eda investiga hallazgo en Cerro de San Pedro","datePublished":"2022-10-10T21:02:37+00:00","mainEntityOfPage":{"@id":"https:\/\/canal7slp.tv\/2022\/fiscalia-investiga-hallazgo-en-cerro-de-san-pedro\/"},"wordCount":126,"publisher":{"@id":"https:\/\/canal7slp.tv\/2022\/#organization"},"image":{"@id":"https:\/\/canal7slp.tv\/2022\/fiscalia-investiga-hallazgo-en-cerro-de-san-pedro\/#primaryimage"},"thumbnailUrl":"https:\/\/canal7slp.tv\/2022\/wp-content\/uploads\/2022\/10\/zz1.jpg","articleSection":["REPORTE 7"],"inLanguage":"es"},{"@type":"WebPage","@id":"https:\/\/canal7slp.tv\/2022\/fiscalia-investiga-hallazgo-en-cerro-de-san-pedro\/","url":"https:\/\/canal7slp.tv\/2022\/fiscalia-investiga-hallazgo-en-cerro-de-san-pedro\/","name":"Fiscal\u00eda investiga hallazgo en Cerro de San Pedro - Canal 7 SLP - 2022","isPartOf":{"@id":"https:\/\/canal7slp.tv\/2022\/#website"},"primaryImageOfPage":{"@id":"https:\/\/canal7slp.tv\/2022\/fiscalia-investiga-hallazgo-en-cerro-de-san-pedro\/#primaryimage"},"image":{"@id":"https:\/\/canal7slp.tv\/2022\/fiscalia-investiga-hallazgo-en-cerro-de-san-pedro\/#primaryimage"},"thumbnailUrl":"https:\/\/canal7slp.tv\/2022\/wp-content\/uploads\/2022\/10\/zz1.jpg","datePublished":"2022-10-10T21:02:37+00:00","breadcrumb":{"@id":"https:\/\/canal7slp.tv\/2022\/fiscalia-investiga-hallazgo-en-cerro-de-san-pedro\/#breadcrumb"},"inLanguage":"es","potentialAction":[{"@type":"ReadAction","target":["https:\/\/canal7slp.tv\/2022\/fiscalia-investiga-hallazgo-en-cerro-de-san-pedro\/"]}]},{"@type":"ImageObject","inLanguage":"es","@id":"https:\/\/canal7slp.tv\/2022\/fiscalia-investiga-hallazgo-en-cerro-de-san-pedro\/#primaryimage","url":"https:\/\/canal7slp.tv\/2022\/wp-content\/uploads\/2022\/10\/zz1.jpg","contentUrl":"https:\/\/canal7slp.tv\/2022\/wp-content\/uploads\/2022\/10\/zz1.jpg","width":867,"height":275},{"@type":"BreadcrumbList","@id":"https:\/\/canal7slp.tv\/2022\/fiscalia-investiga-hallazgo-en-cerro-de-san-pedro\/#breadcrumb","itemListElement":[{"@type":"ListItem","position":1,"name":"Portada","item":"https:\/\/canal7slp.tv\/2022\/"},{"@type":"ListItem","position":2,"name":"Fiscal\u00eda investiga hallazgo en Cerro de San Pedro"}]},{"@type":"WebSite","@id":"https:\/\/canal7slp.tv\/2022\/#website","url":"https:\/\/canal7slp.tv\/2022\/","name":"N7 - Noticieros Canal 7","description":"Somos Televisi\u00f3n","publisher":{"@id":"https:\/\/canal7slp.tv\/2022\/#organization"},"potentialAction":[{"@type":"SearchAction","target":{"@type":"EntryPoint","urlTemplate":"https:\/\/canal7slp.tv\/2022\/?s={search_term_string}"},"query-input":{"@type":"PropertyValueSpecification","valueRequired":true,"valueName":"search_term_string"}}],"inLanguage":"es"},{"@type":"Organization","@id":"https:\/\/canal7slp.tv\/2022\/#organization","name":"Noticieros Canal 7","url":"https:\/\/canal7slp.tv\/2022\/","logo":{"@type":"ImageObject","inLanguage":"es","@id":"https:\/\/canal7slp.tv\/2022\/#\/schema\/logo\/image\/","url":"https:\/\/canal7slp.tv\/2022\/wp-content\/uploads\/2021\/01\/logo-noticieros@2x.png","contentUrl":"https:\/\/canal7slp.tv\/2022\/wp-content\/uploads\/2021\/01\/logo-noticieros@2x.png","width":1017,"height":268,"caption":"Noticieros Canal 7"},"image":{"@id":"https:\/\/canal7slp.tv\/2022\/#\/schema\/logo\/image\/"},"sameAs":["https:\/\/www.facebook.com\/noticieroscanalsiete","https:\/\/x.com\/NOTICIEROS7","https:\/\/www.instagram.com\/canal7_slp","https:\/\/www.youtube.com\/channel\/UCliiYs-gP3JfJeqdPrNdd5A"]},{"@type":"Person","@id":"https:\/\/canal7slp.tv\/2022\/#\/schema\/person\/429704152a21f5f856ce29aa69a238da","name":"Edici\u00f3n Web","image":{"@type":"ImageObject","inLanguage":"es","@id":"https:\/\/secure.gravatar.com\/avatar\/eee448fc3f7164808013b816ba91ac7e43bbe82a70bebac296f8bc6f0addaa1a?s=96&d=mm&r=g","url":"https:\/\/secure.gravatar.com\/avatar\/eee448fc3f7164808013b816ba91ac7e43bbe82a70bebac296f8bc6f0addaa1a?s=96&d=mm&r=g","contentUrl":"https:\/\/secure.gravatar.com\/avatar\/eee448fc3f7164808013b816ba91ac7e43bbe82a70bebac296f8bc6f0addaa1a?s=96&d=mm&r=g","caption":"Edici\u00f3n Web"},"url":"https:\/\/canal7slp.tv\/2022\/author\/edicionweb\/"}]}},"amp_enabled":true,"_links":{"self":[{"href":"https:\/\/canal7slp.tv\/2022\/wp-json\/wp\/v2\/posts\/75230","targetHints":{"allow":["GET"]}}],"collection":[{"href":"https:\/\/canal7slp.tv\/2022\/wp-json\/wp\/v2\/posts"}],"about":[{"href":"https:\/\/canal7slp.tv\/2022\/wp-json\/wp\/v2\/types\/post"}],"author":[{"embeddable":true,"href":"https:\/\/canal7slp.tv\/2022\/wp-json\/wp\/v2\/users\/2"}],"replies":[{"embeddable":true,"href":"https:\/\/canal7slp.tv\/2022\/wp-json\/wp\/v2\/comments?post=75230"}],"version-history":[{"count":1,"href":"https:\/\/canal7slp.tv\/2022\/wp-json\/wp\/v2\/posts\/75230\/revisions"}],"predecessor-version":[{"id":75232,"href":"https:\/\/canal7slp.tv\/2022\/wp-json\/wp\/v2\/posts\/75230\/revisions\/75232"}],"wp:featuredmedia":[{"embeddable":true,"href":"https:\/\/canal7slp.tv\/2022\/wp-json\/wp\/v2\/media\/75231"}],"wp:attachment":[{"href":"https:\/\/canal7slp.tv\/2022\/wp-json\/wp\/v2\/media?parent=75230"}],"wp:term":[{"taxonomy":"category","embeddable":true,"href":"https:\/\/canal7slp.tv\/2022\/wp-json\/wp\/v2\/categories?post=75230"},{"taxonomy":"post_tag","embeddable":true,"href":"https:\/\/canal7slp.tv\/2022\/wp-json\/wp\/v2\/tags?post=75230"}],"curies":[{"name":"wp","href":"https:\/\/api.w.org\/{rel}","templated":true}]}}