{"id":74640,"date":"2022-10-03T17:17:52","date_gmt":"2022-10-03T23:17:52","guid":{"rendered":"https:\/\/canal7slp.tv\/2022\/?p=74640"},"modified":"2022-10-03T17:22:04","modified_gmt":"2022-10-03T23:22:04","slug":"abogado-que-asistio-a-alfredo-aleman-fue-secuestrado-reporta-fiscalia-2","status":"publish","type":"post","link":"https:\/\/canal7slp.tv\/2022\/abogado-que-asistio-a-alfredo-aleman-fue-secuestrado-reporta-fiscalia-2\/","title":{"rendered":"Abogado que asisti\u00f3 a Alfredo Alem\u00e1n fue secuestrado, reporta Fiscal\u00eda."},"content":{"rendered":"<ul>\n<li>La situaci\u00f3n fue relacionada con el enfrentamiento de Villa Magna.<\/li>\n<\/ul>\n<p style=\"text-align: justify;\">SLP.- El fiscal general del estado de San Luis Potos\u00ed, Jos\u00e9 Luis Ru\u00edz Contreras, inform\u00f3 que se investiga el secuestro de un abogado relacionado a la detenci\u00f3n de Alfredo Alem\u00e1n Narv\u00e1ez cometido durante la balacera que se registr\u00f3 en la colonia Villa Magna.<\/p>\n<p style=\"text-align: justify;\">\u00abYa tenemos la denuncia, afortunadamente no se logr\u00f3 privar de la libertad a su pareja con qui\u00e9n hemos estado dialogando y pues s\u00ed, es un abogado que en ejercicio de su profesi\u00f3n asisti\u00f3 al Se\u00f1or Alfredo Alem\u00e1n en la ciudad de Monterrey en la audiencia que tuvo donde finalmente se vincul\u00f3 a proceso y tambi\u00e9n se le dicta la medida cautelar de prisi\u00f3n preventiva y se le traslada al Estado de Michoac\u00e1n para su reclusi\u00f3n\u00bb, detall\u00f3<\/p>\n<p style=\"text-align: justify;\">De acuerdo con el entrevistado, este evento estar\u00eda relacionado con un video que circul\u00f3 en redes sociales donde se lanzaban amenazas por el asesinato de tres personas en La Pila, entre ellos un menor de seis a\u00f1os de edad.<\/p>\n<p style=\"text-align: justify;\">\u00abCon motivo de ello consideramos que es una l\u00ednea muy fuerte el hecho que se haya dado la privaci\u00f3n y m\u00e1s por el grupo qui\u00e9n lo realiz\u00f3, que es qui\u00e9n realiz\u00f3 un video en contra de los hechos lamentables el lunes pasado en la delegaci\u00f3n de La Pila, todo est\u00e1 ligado con ello, estamos trabajando, tambi\u00e9n se aborda la mesa de seguridad para que todas las corporaciones trabajen en conjunto con la fiscal\u00eda\u00bb, agreg\u00f3.<\/p>\n<p style=\"text-align: justify;\">Ru\u00edz Contreras reconoci\u00f3 que se present\u00f3 fin de semana rojo por los diversos hechos delictivos que resultaron en la muerte de varias personas.<\/p>\n<p style=\"text-align: justify;\">\u00abEvidentemente fue un fin de semana violento desde el d\u00eda viernes por la tarde noche en cuanto a los eventos que se suscitaron de manera simult\u00e1nea en la Colonia Industrial mexicana y en la comunidad de Jassos. Estamos avanzando en cuanto al primer evento en la industria mexicana, ya se tiene una l\u00ednea de investigaci\u00f3n muy fuerte para establecer la identidad de los probables qu\u00e9 es lo que nos ha detenido en estas horas\u00bb, dijo.<\/p>\n<p style=\"text-align: justify;\">Luego, a\u00f1adi\u00f3: \u00abEn cuanto al evento de San Nicol\u00e1s de los Jassos se lo atribuye un grupo de un cartel que tambi\u00e9n est\u00e1 relacionado con el evento en la colonia San Lorenzo en d\u00f3nde se llev\u00f3 a cabo la privaci\u00f3n de una persona y posteriormente abandonan los restos o el cuerpo ya mutilado en las inmediaciones de lo que es la Calle P\u00edpila y Quesada\u00bb.<\/p>\n<p>Por: Jos\u00e9 Luis V\u00e1zquez<\/p>\n","protected":false},"excerpt":{"rendered":"<p>La situaci\u00f3n fue relacionada con el enfrentamiento de Villa Magna. SLP.- El fiscal general del estado de San Luis Potos\u00ed, Jos\u00e9 Luis Ru\u00edz Contreras, inform\u00f3 que se investiga el secuestro de un abogado relacionado a la detenci\u00f3n de Alfredo Alem\u00e1n Narv\u00e1ez cometido durante la balacera que se registr\u00f3 en la colonia Villa Magna. \u00abYa tenemos la denuncia, afortunadamente no se logr\u00f3 privar de la libertad a su pareja con qui\u00e9n hemos estado dialogando y pues s\u00ed, es un abogado que en ejercicio de su profesi\u00f3n asisti\u00f3 al Se\u00f1or Alfredo Alem\u00e1n en la ciudad de Monterrey en la audiencia que tuvo [&hellip;]<\/p>\n","protected":false},"author":2,"featured_media":74675,"comment_status":"closed","ping_status":"closed","sticky":false,"template":"","format":"video","meta":{"footnotes":""},"categories":[5,45],"tags":[],"class_list":["post-74640","post","type-post","status-publish","format-video","has-post-thumbnail","hentry","category-destacadas","category-localesyregionales","post_format-post-format-video","post--single"],"yoast_head":"<!-- This site is optimized with the Yoast SEO plugin v27.4 - https:\/\/yoast.com\/product\/yoast-seo-wordpress\/ -->\n<title>Abogado que asisti\u00f3 a Alfredo Alem\u00e1n fue secuestrado, reporta Fiscal\u00eda. - Canal 7 SLP - 2022<\/title>\n<meta name=\"robots\" content=\"index, follow, max-snippet:-1, max-image-preview:large, max-video-preview:-1\" \/>\n<link rel=\"canonical\" href=\"https:\/\/canal7slp.tv\/2022\/abogado-que-asistio-a-alfredo-aleman-fue-secuestrado-reporta-fiscalia-2\/\" \/>\n<meta property=\"og:locale\" content=\"es_ES\" \/>\n<meta property=\"og:type\" content=\"article\" \/>\n<meta property=\"og:title\" content=\"Abogado que asisti\u00f3 a Alfredo Alem\u00e1n fue secuestrado, reporta Fiscal\u00eda. - Canal 7 SLP - 2022\" \/>\n<meta property=\"og:description\" content=\"La situaci\u00f3n fue relacionada con el enfrentamiento de Villa Magna. SLP.- El fiscal general del estado de San Luis Potos\u00ed, Jos\u00e9 Luis Ru\u00edz Contreras, inform\u00f3 que se investiga el secuestro de un abogado relacionado a la detenci\u00f3n de Alfredo Alem\u00e1n Narv\u00e1ez cometido durante la balacera que se registr\u00f3 en la colonia Villa Magna. \u00abYa tenemos la denuncia, afortunadamente no se logr\u00f3 privar de la libertad a su pareja con qui\u00e9n hemos estado dialogando y pues s\u00ed, es un abogado que en ejercicio de su profesi\u00f3n asisti\u00f3 al Se\u00f1or Alfredo Alem\u00e1n en la ciudad de Monterrey en la audiencia que tuvo [&hellip;]\" \/>\n<meta property=\"og:url\" content=\"https:\/\/canal7slp.tv\/2022\/abogado-que-asistio-a-alfredo-aleman-fue-secuestrado-reporta-fiscalia-2\/\" \/>\n<meta property=\"og:site_name\" content=\"Canal 7 SLP - 2022\" \/>\n<meta property=\"article:publisher\" content=\"https:\/\/www.facebook.com\/noticieroscanalsiete\" \/>\n<meta property=\"article:published_time\" content=\"2022-10-03T23:17:52+00:00\" \/>\n<meta property=\"article:modified_time\" content=\"2022-10-03T23:22:04+00:00\" \/>\n<meta property=\"og:image\" content=\"https:\/\/canal7slp.tv\/2022\/wp-content\/uploads\/2022\/10\/Vazquez04FiscalAbogado.jpg\" \/>\n\t<meta property=\"og:image:width\" content=\"888\" \/>\n\t<meta property=\"og:image:height\" content=\"500\" \/>\n\t<meta property=\"og:image:type\" content=\"image\/jpeg\" \/>\n<meta name=\"author\" content=\"Edici\u00f3n Web\" \/>\n<meta name=\"twitter:card\" content=\"summary_large_image\" \/>\n<meta name=\"twitter:creator\" content=\"@NOTICIEROS7\" \/>\n<meta name=\"twitter:site\" content=\"@NOTICIEROS7\" \/>\n<meta name=\"twitter:label1\" content=\"Escrito por\" \/>\n\t<meta name=\"twitter:data1\" content=\"Edici\u00f3n Web\" \/>\n\t<meta name=\"twitter:label2\" content=\"Tiempo de lectura\" \/>\n\t<meta name=\"twitter:data2\" content=\"2 minutos\" \/>\n<script type=\"application\/ld+json\" class=\"yoast-schema-graph\">{\"@context\":\"https:\\\/\\\/schema.org\",\"@graph\":[{\"@type\":\"Article\",\"@id\":\"https:\\\/\\\/canal7slp.tv\\\/2022\\\/abogado-que-asistio-a-alfredo-aleman-fue-secuestrado-reporta-fiscalia-2\\\/#article\",\"isPartOf\":{\"@id\":\"https:\\\/\\\/canal7slp.tv\\\/2022\\\/abogado-que-asistio-a-alfredo-aleman-fue-secuestrado-reporta-fiscalia-2\\\/\"},\"author\":{\"name\":\"Edici\u00f3n Web\",\"@id\":\"https:\\\/\\\/canal7slp.tv\\\/2022\\\/#\\\/schema\\\/person\\\/429704152a21f5f856ce29aa69a238da\"},\"headline\":\"Abogado que asisti\u00f3 a Alfredo Alem\u00e1n fue secuestrado, reporta Fiscal\u00eda.\",\"datePublished\":\"2022-10-03T23:17:52+00:00\",\"dateModified\":\"2022-10-03T23:22:04+00:00\",\"mainEntityOfPage\":{\"@id\":\"https:\\\/\\\/canal7slp.tv\\\/2022\\\/abogado-que-asistio-a-alfredo-aleman-fue-secuestrado-reporta-fiscalia-2\\\/\"},\"wordCount\":457,\"publisher\":{\"@id\":\"https:\\\/\\\/canal7slp.tv\\\/2022\\\/#organization\"},\"image\":{\"@id\":\"https:\\\/\\\/canal7slp.tv\\\/2022\\\/abogado-que-asistio-a-alfredo-aleman-fue-secuestrado-reporta-fiscalia-2\\\/#primaryimage\"},\"thumbnailUrl\":\"https:\\\/\\\/canal7slp.tv\\\/2022\\\/wp-content\\\/uploads\\\/2022\\\/10\\\/Vazquez04FiscalAbogado.jpg\",\"articleSection\":[\"DESTACADAS\",\"LOCALES Y REGIONALES\"],\"inLanguage\":\"es\"},{\"@type\":\"WebPage\",\"@id\":\"https:\\\/\\\/canal7slp.tv\\\/2022\\\/abogado-que-asistio-a-alfredo-aleman-fue-secuestrado-reporta-fiscalia-2\\\/\",\"url\":\"https:\\\/\\\/canal7slp.tv\\\/2022\\\/abogado-que-asistio-a-alfredo-aleman-fue-secuestrado-reporta-fiscalia-2\\\/\",\"name\":\"Abogado que asisti\u00f3 a Alfredo Alem\u00e1n fue secuestrado, reporta Fiscal\u00eda. - Canal 7 SLP - 2022\",\"isPartOf\":{\"@id\":\"https:\\\/\\\/canal7slp.tv\\\/2022\\\/#website\"},\"primaryImageOfPage\":{\"@id\":\"https:\\\/\\\/canal7slp.tv\\\/2022\\\/abogado-que-asistio-a-alfredo-aleman-fue-secuestrado-reporta-fiscalia-2\\\/#primaryimage\"},\"image\":{\"@id\":\"https:\\\/\\\/canal7slp.tv\\\/2022\\\/abogado-que-asistio-a-alfredo-aleman-fue-secuestrado-reporta-fiscalia-2\\\/#primaryimage\"},\"thumbnailUrl\":\"https:\\\/\\\/canal7slp.tv\\\/2022\\\/wp-content\\\/uploads\\\/2022\\\/10\\\/Vazquez04FiscalAbogado.jpg\",\"datePublished\":\"2022-10-03T23:17:52+00:00\",\"dateModified\":\"2022-10-03T23:22:04+00:00\",\"breadcrumb\":{\"@id\":\"https:\\\/\\\/canal7slp.tv\\\/2022\\\/abogado-que-asistio-a-alfredo-aleman-fue-secuestrado-reporta-fiscalia-2\\\/#breadcrumb\"},\"inLanguage\":\"es\",\"potentialAction\":[{\"@type\":\"ReadAction\",\"target\":[\"https:\\\/\\\/canal7slp.tv\\\/2022\\\/abogado-que-asistio-a-alfredo-aleman-fue-secuestrado-reporta-fiscalia-2\\\/\"]}]},{\"@type\":\"ImageObject\",\"inLanguage\":\"es\",\"@id\":\"https:\\\/\\\/canal7slp.tv\\\/2022\\\/abogado-que-asistio-a-alfredo-aleman-fue-secuestrado-reporta-fiscalia-2\\\/#primaryimage\",\"url\":\"https:\\\/\\\/canal7slp.tv\\\/2022\\\/wp-content\\\/uploads\\\/2022\\\/10\\\/Vazquez04FiscalAbogado.jpg\",\"contentUrl\":\"https:\\\/\\\/canal7slp.tv\\\/2022\\\/wp-content\\\/uploads\\\/2022\\\/10\\\/Vazquez04FiscalAbogado.jpg\",\"width\":888,\"height\":500},{\"@type\":\"BreadcrumbList\",\"@id\":\"https:\\\/\\\/canal7slp.tv\\\/2022\\\/abogado-que-asistio-a-alfredo-aleman-fue-secuestrado-reporta-fiscalia-2\\\/#breadcrumb\",\"itemListElement\":[{\"@type\":\"ListItem\",\"position\":1,\"name\":\"Portada\",\"item\":\"https:\\\/\\\/canal7slp.tv\\\/2022\\\/\"},{\"@type\":\"ListItem\",\"position\":2,\"name\":\"Abogado que asisti\u00f3 a Alfredo Alem\u00e1n fue secuestrado, reporta Fiscal\u00eda.\"}]},{\"@type\":\"WebSite\",\"@id\":\"https:\\\/\\\/canal7slp.tv\\\/2022\\\/#website\",\"url\":\"https:\\\/\\\/canal7slp.tv\\\/2022\\\/\",\"name\":\"N7 - Noticieros Canal 7\",\"description\":\"Somos Televisi\u00f3n\",\"publisher\":{\"@id\":\"https:\\\/\\\/canal7slp.tv\\\/2022\\\/#organization\"},\"potentialAction\":[{\"@type\":\"SearchAction\",\"target\":{\"@type\":\"EntryPoint\",\"urlTemplate\":\"https:\\\/\\\/canal7slp.tv\\\/2022\\\/?s={search_term_string}\"},\"query-input\":{\"@type\":\"PropertyValueSpecification\",\"valueRequired\":true,\"valueName\":\"search_term_string\"}}],\"inLanguage\":\"es\"},{\"@type\":\"Organization\",\"@id\":\"https:\\\/\\\/canal7slp.tv\\\/2022\\\/#organization\",\"name\":\"Noticieros Canal 7\",\"url\":\"https:\\\/\\\/canal7slp.tv\\\/2022\\\/\",\"logo\":{\"@type\":\"ImageObject\",\"inLanguage\":\"es\",\"@id\":\"https:\\\/\\\/canal7slp.tv\\\/2022\\\/#\\\/schema\\\/logo\\\/image\\\/\",\"url\":\"https:\\\/\\\/canal7slp.tv\\\/2022\\\/wp-content\\\/uploads\\\/2021\\\/01\\\/logo-noticieros@2x.png\",\"contentUrl\":\"https:\\\/\\\/canal7slp.tv\\\/2022\\\/wp-content\\\/uploads\\\/2021\\\/01\\\/logo-noticieros@2x.png\",\"width\":1017,\"height\":268,\"caption\":\"Noticieros Canal 7\"},\"image\":{\"@id\":\"https:\\\/\\\/canal7slp.tv\\\/2022\\\/#\\\/schema\\\/logo\\\/image\\\/\"},\"sameAs\":[\"https:\\\/\\\/www.facebook.com\\\/noticieroscanalsiete\",\"https:\\\/\\\/x.com\\\/NOTICIEROS7\",\"https:\\\/\\\/www.instagram.com\\\/canal7_slp\",\"https:\\\/\\\/www.youtube.com\\\/channel\\\/UCliiYs-gP3JfJeqdPrNdd5A\"]},{\"@type\":\"Person\",\"@id\":\"https:\\\/\\\/canal7slp.tv\\\/2022\\\/#\\\/schema\\\/person\\\/429704152a21f5f856ce29aa69a238da\",\"name\":\"Edici\u00f3n Web\",\"image\":{\"@type\":\"ImageObject\",\"inLanguage\":\"es\",\"@id\":\"https:\\\/\\\/secure.gravatar.com\\\/avatar\\\/eee448fc3f7164808013b816ba91ac7e43bbe82a70bebac296f8bc6f0addaa1a?s=96&d=mm&r=g\",\"url\":\"https:\\\/\\\/secure.gravatar.com\\\/avatar\\\/eee448fc3f7164808013b816ba91ac7e43bbe82a70bebac296f8bc6f0addaa1a?s=96&d=mm&r=g\",\"contentUrl\":\"https:\\\/\\\/secure.gravatar.com\\\/avatar\\\/eee448fc3f7164808013b816ba91ac7e43bbe82a70bebac296f8bc6f0addaa1a?s=96&d=mm&r=g\",\"caption\":\"Edici\u00f3n Web\"},\"url\":\"https:\\\/\\\/canal7slp.tv\\\/2022\\\/author\\\/edicionweb\\\/\"}]}<\/script>\n<!-- \/ Yoast SEO plugin. -->","yoast_head_json":{"title":"Abogado que asisti\u00f3 a Alfredo Alem\u00e1n fue secuestrado, reporta Fiscal\u00eda. - Canal 7 SLP - 2022","robots":{"index":"index","follow":"follow","max-snippet":"max-snippet:-1","max-image-preview":"max-image-preview:large","max-video-preview":"max-video-preview:-1"},"canonical":"https:\/\/canal7slp.tv\/2022\/abogado-que-asistio-a-alfredo-aleman-fue-secuestrado-reporta-fiscalia-2\/","og_locale":"es_ES","og_type":"article","og_title":"Abogado que asisti\u00f3 a Alfredo Alem\u00e1n fue secuestrado, reporta Fiscal\u00eda. - Canal 7 SLP - 2022","og_description":"La situaci\u00f3n fue relacionada con el enfrentamiento de Villa Magna. SLP.- El fiscal general del estado de San Luis Potos\u00ed, Jos\u00e9 Luis Ru\u00edz Contreras, inform\u00f3 que se investiga el secuestro de un abogado relacionado a la detenci\u00f3n de Alfredo Alem\u00e1n Narv\u00e1ez cometido durante la balacera que se registr\u00f3 en la colonia Villa Magna. \u00abYa tenemos la denuncia, afortunadamente no se logr\u00f3 privar de la libertad a su pareja con qui\u00e9n hemos estado dialogando y pues s\u00ed, es un abogado que en ejercicio de su profesi\u00f3n asisti\u00f3 al Se\u00f1or Alfredo Alem\u00e1n en la ciudad de Monterrey en la audiencia que tuvo [&hellip;]","og_url":"https:\/\/canal7slp.tv\/2022\/abogado-que-asistio-a-alfredo-aleman-fue-secuestrado-reporta-fiscalia-2\/","og_site_name":"Canal 7 SLP - 2022","article_publisher":"https:\/\/www.facebook.com\/noticieroscanalsiete","article_published_time":"2022-10-03T23:17:52+00:00","article_modified_time":"2022-10-03T23:22:04+00:00","og_image":[{"width":888,"height":500,"url":"https:\/\/canal7slp.tv\/2022\/wp-content\/uploads\/2022\/10\/Vazquez04FiscalAbogado.jpg","type":"image\/jpeg"}],"author":"Edici\u00f3n Web","twitter_card":"summary_large_image","twitter_creator":"@NOTICIEROS7","twitter_site":"@NOTICIEROS7","twitter_misc":{"Escrito por":"Edici\u00f3n Web","Tiempo de lectura":"2 minutos"},"schema":{"@context":"https:\/\/schema.org","@graph":[{"@type":"Article","@id":"https:\/\/canal7slp.tv\/2022\/abogado-que-asistio-a-alfredo-aleman-fue-secuestrado-reporta-fiscalia-2\/#article","isPartOf":{"@id":"https:\/\/canal7slp.tv\/2022\/abogado-que-asistio-a-alfredo-aleman-fue-secuestrado-reporta-fiscalia-2\/"},"author":{"name":"Edici\u00f3n Web","@id":"https:\/\/canal7slp.tv\/2022\/#\/schema\/person\/429704152a21f5f856ce29aa69a238da"},"headline":"Abogado que asisti\u00f3 a Alfredo Alem\u00e1n fue secuestrado, reporta Fiscal\u00eda.","datePublished":"2022-10-03T23:17:52+00:00","dateModified":"2022-10-03T23:22:04+00:00","mainEntityOfPage":{"@id":"https:\/\/canal7slp.tv\/2022\/abogado-que-asistio-a-alfredo-aleman-fue-secuestrado-reporta-fiscalia-2\/"},"wordCount":457,"publisher":{"@id":"https:\/\/canal7slp.tv\/2022\/#organization"},"image":{"@id":"https:\/\/canal7slp.tv\/2022\/abogado-que-asistio-a-alfredo-aleman-fue-secuestrado-reporta-fiscalia-2\/#primaryimage"},"thumbnailUrl":"https:\/\/canal7slp.tv\/2022\/wp-content\/uploads\/2022\/10\/Vazquez04FiscalAbogado.jpg","articleSection":["DESTACADAS","LOCALES Y REGIONALES"],"inLanguage":"es"},{"@type":"WebPage","@id":"https:\/\/canal7slp.tv\/2022\/abogado-que-asistio-a-alfredo-aleman-fue-secuestrado-reporta-fiscalia-2\/","url":"https:\/\/canal7slp.tv\/2022\/abogado-que-asistio-a-alfredo-aleman-fue-secuestrado-reporta-fiscalia-2\/","name":"Abogado que asisti\u00f3 a Alfredo Alem\u00e1n fue secuestrado, reporta Fiscal\u00eda. - Canal 7 SLP - 2022","isPartOf":{"@id":"https:\/\/canal7slp.tv\/2022\/#website"},"primaryImageOfPage":{"@id":"https:\/\/canal7slp.tv\/2022\/abogado-que-asistio-a-alfredo-aleman-fue-secuestrado-reporta-fiscalia-2\/#primaryimage"},"image":{"@id":"https:\/\/canal7slp.tv\/2022\/abogado-que-asistio-a-alfredo-aleman-fue-secuestrado-reporta-fiscalia-2\/#primaryimage"},"thumbnailUrl":"https:\/\/canal7slp.tv\/2022\/wp-content\/uploads\/2022\/10\/Vazquez04FiscalAbogado.jpg","datePublished":"2022-10-03T23:17:52+00:00","dateModified":"2022-10-03T23:22:04+00:00","breadcrumb":{"@id":"https:\/\/canal7slp.tv\/2022\/abogado-que-asistio-a-alfredo-aleman-fue-secuestrado-reporta-fiscalia-2\/#breadcrumb"},"inLanguage":"es","potentialAction":[{"@type":"ReadAction","target":["https:\/\/canal7slp.tv\/2022\/abogado-que-asistio-a-alfredo-aleman-fue-secuestrado-reporta-fiscalia-2\/"]}]},{"@type":"ImageObject","inLanguage":"es","@id":"https:\/\/canal7slp.tv\/2022\/abogado-que-asistio-a-alfredo-aleman-fue-secuestrado-reporta-fiscalia-2\/#primaryimage","url":"https:\/\/canal7slp.tv\/2022\/wp-content\/uploads\/2022\/10\/Vazquez04FiscalAbogado.jpg","contentUrl":"https:\/\/canal7slp.tv\/2022\/wp-content\/uploads\/2022\/10\/Vazquez04FiscalAbogado.jpg","width":888,"height":500},{"@type":"BreadcrumbList","@id":"https:\/\/canal7slp.tv\/2022\/abogado-que-asistio-a-alfredo-aleman-fue-secuestrado-reporta-fiscalia-2\/#breadcrumb","itemListElement":[{"@type":"ListItem","position":1,"name":"Portada","item":"https:\/\/canal7slp.tv\/2022\/"},{"@type":"ListItem","position":2,"name":"Abogado que asisti\u00f3 a Alfredo Alem\u00e1n fue secuestrado, reporta Fiscal\u00eda."}]},{"@type":"WebSite","@id":"https:\/\/canal7slp.tv\/2022\/#website","url":"https:\/\/canal7slp.tv\/2022\/","name":"N7 - Noticieros Canal 7","description":"Somos Televisi\u00f3n","publisher":{"@id":"https:\/\/canal7slp.tv\/2022\/#organization"},"potentialAction":[{"@type":"SearchAction","target":{"@type":"EntryPoint","urlTemplate":"https:\/\/canal7slp.tv\/2022\/?s={search_term_string}"},"query-input":{"@type":"PropertyValueSpecification","valueRequired":true,"valueName":"search_term_string"}}],"inLanguage":"es"},{"@type":"Organization","@id":"https:\/\/canal7slp.tv\/2022\/#organization","name":"Noticieros Canal 7","url":"https:\/\/canal7slp.tv\/2022\/","logo":{"@type":"ImageObject","inLanguage":"es","@id":"https:\/\/canal7slp.tv\/2022\/#\/schema\/logo\/image\/","url":"https:\/\/canal7slp.tv\/2022\/wp-content\/uploads\/2021\/01\/logo-noticieros@2x.png","contentUrl":"https:\/\/canal7slp.tv\/2022\/wp-content\/uploads\/2021\/01\/logo-noticieros@2x.png","width":1017,"height":268,"caption":"Noticieros Canal 7"},"image":{"@id":"https:\/\/canal7slp.tv\/2022\/#\/schema\/logo\/image\/"},"sameAs":["https:\/\/www.facebook.com\/noticieroscanalsiete","https:\/\/x.com\/NOTICIEROS7","https:\/\/www.instagram.com\/canal7_slp","https:\/\/www.youtube.com\/channel\/UCliiYs-gP3JfJeqdPrNdd5A"]},{"@type":"Person","@id":"https:\/\/canal7slp.tv\/2022\/#\/schema\/person\/429704152a21f5f856ce29aa69a238da","name":"Edici\u00f3n Web","image":{"@type":"ImageObject","inLanguage":"es","@id":"https:\/\/secure.gravatar.com\/avatar\/eee448fc3f7164808013b816ba91ac7e43bbe82a70bebac296f8bc6f0addaa1a?s=96&d=mm&r=g","url":"https:\/\/secure.gravatar.com\/avatar\/eee448fc3f7164808013b816ba91ac7e43bbe82a70bebac296f8bc6f0addaa1a?s=96&d=mm&r=g","contentUrl":"https:\/\/secure.gravatar.com\/avatar\/eee448fc3f7164808013b816ba91ac7e43bbe82a70bebac296f8bc6f0addaa1a?s=96&d=mm&r=g","caption":"Edici\u00f3n Web"},"url":"https:\/\/canal7slp.tv\/2022\/author\/edicionweb\/"}]}},"amp_enabled":true,"_links":{"self":[{"href":"https:\/\/canal7slp.tv\/2022\/wp-json\/wp\/v2\/posts\/74640","targetHints":{"allow":["GET"]}}],"collection":[{"href":"https:\/\/canal7slp.tv\/2022\/wp-json\/wp\/v2\/posts"}],"about":[{"href":"https:\/\/canal7slp.tv\/2022\/wp-json\/wp\/v2\/types\/post"}],"author":[{"embeddable":true,"href":"https:\/\/canal7slp.tv\/2022\/wp-json\/wp\/v2\/users\/2"}],"replies":[{"embeddable":true,"href":"https:\/\/canal7slp.tv\/2022\/wp-json\/wp\/v2\/comments?post=74640"}],"version-history":[{"count":3,"href":"https:\/\/canal7slp.tv\/2022\/wp-json\/wp\/v2\/posts\/74640\/revisions"}],"predecessor-version":[{"id":74676,"href":"https:\/\/canal7slp.tv\/2022\/wp-json\/wp\/v2\/posts\/74640\/revisions\/74676"}],"wp:featuredmedia":[{"embeddable":true,"href":"https:\/\/canal7slp.tv\/2022\/wp-json\/wp\/v2\/media\/74675"}],"wp:attachment":[{"href":"https:\/\/canal7slp.tv\/2022\/wp-json\/wp\/v2\/media?parent=74640"}],"wp:term":[{"taxonomy":"category","embeddable":true,"href":"https:\/\/canal7slp.tv\/2022\/wp-json\/wp\/v2\/categories?post=74640"},{"taxonomy":"post_tag","embeddable":true,"href":"https:\/\/canal7slp.tv\/2022\/wp-json\/wp\/v2\/tags?post=74640"}],"curies":[{"name":"wp","href":"https:\/\/api.w.org\/{rel}","templated":true}]}}